{"id":1438,"date":"2020-09-19T18:02:43","date_gmt":"2020-09-19T18:02:43","guid":{"rendered":"https:\/\/www.museumswelt.de\/blog\/?p=1438"},"modified":"2022-07-28T09:40:17","modified_gmt":"2022-07-28T09:40:17","slug":"europaeische-tage-des-kulturerbes-2020","status":"publish","type":"post","link":"https:\/\/www.museum.de\/blog\/europaeische-tage-des-kulturerbes-2020\/","title":{"rendered":"Europ\u00e4ische Tage des Kulturerbes 2020"},"content":{"rendered":"\n<p>Am 19.\u201320. September 2020 finden in Frankreich die <a href=\"https:\/\/journeesdupatrimoine.culture.gouv.fr\/\">Journ\u00e9es europ\u00e9ennes du patrimoine<\/a> (Europ\u00e4ische Tage des Kulturerbes) unter dem Motto <strong>Kulturerbe und Bildung: Lernen f\u00fcr das Leben! <\/strong>statt.<\/p>\n\n\n\n<figure class=\"wp-block-image size-large\"><img decoding=\"async\" width=\"603\" height=\"338\" loading=\"lazy\" src=\"https:\/\/www.museumswelt.de\/blog\/wp-content\/uploads\/2020\/09\/European_Heritage_Days.jpg\" alt=\"\" class=\"wp-image-1439\" srcset=\"https:\/\/www.museum.de\/blog\/wp-content\/uploads\/2020\/09\/European_Heritage_Days.jpg 603w, https:\/\/www.museum.de\/blog\/wp-content\/uploads\/2020\/09\/European_Heritage_Days-300x168.jpg 300w\" sizes=\"auto, (max-width: 603px) 100vw, 603px\" \/><\/figure>\n\n\n\n<!--more-->\n\n\n\n<p>In vielen St\u00e4dten und Regionen haben verschiedene Kultureinrichtungen seit 36 Jahren jedes dritte Wochenende im September Ihre Pforten ge\u00f6ffnet.<\/p>\n\n\n\n<figure class=\"wp-block-pullquote\"><blockquote><p>Ich will die Kultur entflechten, damit sie uns allen geh\u00f6rt.<\/p><cite>Roselyne Bachelot-Narquin<br>Ministerin f\u00fcr Kultur<\/cite><\/blockquote><\/figure>\n\n\n\n<p>Das Programm der <strong>Europ\u00e4ischen Tage des kulturellen Erbes<\/strong> ist auch als Augmented Reality Angebot direkt \u00fcber den Bildschirm verf\u00fcgbar, ohne dass eine neue Anwendung installiert werden muss. Nutzen sie auch das neue Medium, um durch tausende von Kulturst\u00e4tten virtuell zu navigieren.<\/p>\n\n\n\n<p><a href=\"http:\/\/traduction.culture.gouv.fr\/\">http:\/\/traduction.culture.gouv.fr\/url\/Result.aspx?to=de&amp;url=https%3A%2F%2Fjourneesdupatrimoine.culture.gouv.fr%2F<\/a><\/p>\n","protected":false},"excerpt":{"rendered":"<p>Am 19.\u201320. September 2020 finden in Frankreich die Journ\u00e9es europ\u00e9ennes du patrimoine (Europ\u00e4ische Tage des Kulturerbes) unter dem Motto Kulturerbe und Bildung: Lernen f\u00fcr das Leben! statt.<\/p>\n","protected":false},"author":1,"featured_media":0,"comment_status":"closed","ping_status":"closed","sticky":false,"template":"","format":"standard","meta":{"site-sidebar-layout":"default","site-content-layout":"","ast-site-content-layout":"default","site-content-style":"default","site-sidebar-style":"default","ast-global-header-display":"","ast-banner-title-visibility":"","ast-main-header-display":"","ast-hfb-above-header-display":"","ast-hfb-below-header-display":"","ast-hfb-mobile-header-display":"","site-post-title":"","ast-breadcrumbs-content":"","ast-featured-img":"","footer-sml-layout":"","ast-disable-related-posts":"","theme-transparent-header-meta":"","adv-header-id-meta":"","stick-header-meta":"","header-above-stick-meta":"","header-main-stick-meta":"","header-below-stick-meta":"","astra-migrate-meta-layouts":"default","ast-page-background-enabled":"default","ast-page-background-meta":{"desktop":{"background-color":"var(--ast-global-color-4)","background-image":"","background-repeat":"repeat","background-position":"center center","background-size":"auto","background-attachment":"scroll","background-type":"","background-media":"","overlay-type":"","overlay-color":"","overlay-opacity":"","overlay-gradient":""},"tablet":{"background-color":"","background-image":"","background-repeat":"repeat","background-position":"center center","background-size":"auto","background-attachment":"scroll","background-type":"","background-media":"","overlay-type":"","overlay-color":"","overlay-opacity":"","overlay-gradient":""},"mobile":{"background-color":"","background-image":"","background-repeat":"repeat","background-position":"center center","background-size":"auto","background-attachment":"scroll","background-type":"","background-media":"","overlay-type":"","overlay-color":"","overlay-opacity":"","overlay-gradient":""}},"ast-content-background-meta":{"desktop":{"background-color":"var(--ast-global-color-5)","background-image":"","background-repeat":"repeat","background-position":"center center","background-size":"auto","background-attachment":"scroll","background-type":"","background-media":"","overlay-type":"","overlay-color":"","overlay-opacity":"","overlay-gradient":""},"tablet":{"background-color":"var(--ast-global-color-5)","background-image":"","background-repeat":"repeat","background-position":"center center","background-size":"auto","background-attachment":"scroll","background-type":"","background-media":"","overlay-type":"","overlay-color":"","overlay-opacity":"","overlay-gradient":""},"mobile":{"background-color":"var(--ast-global-color-5)","background-image":"","background-repeat":"repeat","background-position":"center center","background-size":"auto","background-attachment":"scroll","background-type":"","background-media":"","overlay-type":"","overlay-color":"","overlay-opacity":"","overlay-gradient":""}},"episode_type":"","audio_file":"","podmotor_file_id":"","podmotor_episode_id":"","cover_image":"","cover_image_id":"","duration":"","filesize":"","filesize_raw":"","date_recorded":"","explicit":"","block":"","itunes_episode_number":"","itunes_title":"","itunes_season_number":"","itunes_episode_type":"","footnotes":""},"categories":[1],"tags":[],"class_list":["post-1438","post","type-post","status-publish","format-standard","hentry","category-redaktion"],"yoast_head":"<!-- This site is optimized with the Yoast SEO plugin v27.5 - https:\/\/yoast.com\/product\/yoast-seo-wordpress\/ -->\n<title>Europ\u00e4ische Tage des Kulturerbes 2020 - Der Museumsblog<\/title>\n<meta name=\"robots\" content=\"index, follow, max-snippet:-1, max-image-preview:large, max-video-preview:-1\" \/>\n<link rel=\"canonical\" href=\"https:\/\/www.museum.de\/blog\/europaeische-tage-des-kulturerbes-2020\/\" \/>\n<meta property=\"og:locale\" content=\"de_DE\" \/>\n<meta property=\"og:type\" content=\"article\" \/>\n<meta property=\"og:title\" content=\"Europ\u00e4ische Tage des Kulturerbes 2020 - Der Museumsblog\" \/>\n<meta property=\"og:description\" content=\"Am 19.\u201320. September 2020 finden in Frankreich die Journ\u00e9es europ\u00e9ennes du patrimoine (Europ\u00e4ische Tage des Kulturerbes) unter dem Motto Kulturerbe und Bildung: Lernen f\u00fcr das Leben! statt.\" \/>\n<meta property=\"og:url\" content=\"https:\/\/www.museum.de\/blog\/europaeische-tage-des-kulturerbes-2020\/\" \/>\n<meta property=\"og:site_name\" content=\"Der Museumsblog\" \/>\n<meta property=\"article:published_time\" content=\"2020-09-19T18:02:43+00:00\" \/>\n<meta property=\"article:modified_time\" content=\"2022-07-28T09:40:17+00:00\" \/>\n<meta property=\"og:image\" content=\"https:\/\/www.museumswelt.de\/blog\/wp-content\/uploads\/2020\/09\/European_Heritage_Days.jpg\" \/>\n<meta name=\"author\" content=\"Redaktion\" \/>\n<meta name=\"twitter:card\" content=\"summary_large_image\" \/>\n<script type=\"application\/ld+json\" class=\"yoast-schema-graph\">{\"@context\":\"https:\\\/\\\/schema.org\",\"@graph\":[{\"@type\":\"Article\",\"@id\":\"https:\\\/\\\/www.museum.de\\\/blog\\\/europaeische-tage-des-kulturerbes-2020\\\/#article\",\"isPartOf\":{\"@id\":\"https:\\\/\\\/www.museum.de\\\/blog\\\/europaeische-tage-des-kulturerbes-2020\\\/\"},\"author\":{\"name\":\"Redaktion\",\"@id\":\"https:\\\/\\\/www.museum.de\\\/blog\\\/#\\\/schema\\\/person\\\/c09a0aea9ac127965257ff6115957332\"},\"headline\":\"Europ\u00e4ische Tage des Kulturerbes 2020\",\"datePublished\":\"2020-09-19T18:02:43+00:00\",\"dateModified\":\"2022-07-28T09:40:17+00:00\",\"mainEntityOfPage\":{\"@id\":\"https:\\\/\\\/www.museum.de\\\/blog\\\/europaeische-tage-des-kulturerbes-2020\\\/\"},\"wordCount\":134,\"publisher\":{\"@id\":\"https:\\\/\\\/www.museum.de\\\/blog\\\/#organization\"},\"image\":{\"@id\":\"https:\\\/\\\/www.museum.de\\\/blog\\\/europaeische-tage-des-kulturerbes-2020\\\/#primaryimage\"},\"thumbnailUrl\":\"https:\\\/\\\/www.museumswelt.de\\\/blog\\\/wp-content\\\/uploads\\\/2020\\\/09\\\/European_Heritage_Days.jpg\",\"articleSection\":[\"Redaktion\"],\"inLanguage\":\"de\"},{\"@type\":\"WebPage\",\"@id\":\"https:\\\/\\\/www.museum.de\\\/blog\\\/europaeische-tage-des-kulturerbes-2020\\\/\",\"url\":\"https:\\\/\\\/www.museum.de\\\/blog\\\/europaeische-tage-des-kulturerbes-2020\\\/\",\"name\":\"Europ\u00e4ische Tage des Kulturerbes 2020 - Der Museumsblog\",\"isPartOf\":{\"@id\":\"https:\\\/\\\/www.museum.de\\\/blog\\\/#website\"},\"primaryImageOfPage\":{\"@id\":\"https:\\\/\\\/www.museum.de\\\/blog\\\/europaeische-tage-des-kulturerbes-2020\\\/#primaryimage\"},\"image\":{\"@id\":\"https:\\\/\\\/www.museum.de\\\/blog\\\/europaeische-tage-des-kulturerbes-2020\\\/#primaryimage\"},\"thumbnailUrl\":\"https:\\\/\\\/www.museumswelt.de\\\/blog\\\/wp-content\\\/uploads\\\/2020\\\/09\\\/European_Heritage_Days.jpg\",\"datePublished\":\"2020-09-19T18:02:43+00:00\",\"dateModified\":\"2022-07-28T09:40:17+00:00\",\"breadcrumb\":{\"@id\":\"https:\\\/\\\/www.museum.de\\\/blog\\\/europaeische-tage-des-kulturerbes-2020\\\/#breadcrumb\"},\"inLanguage\":\"de\",\"potentialAction\":[{\"@type\":\"ReadAction\",\"target\":[\"https:\\\/\\\/www.museum.de\\\/blog\\\/europaeische-tage-des-kulturerbes-2020\\\/\"]}]},{\"@type\":\"ImageObject\",\"inLanguage\":\"de\",\"@id\":\"https:\\\/\\\/www.museum.de\\\/blog\\\/europaeische-tage-des-kulturerbes-2020\\\/#primaryimage\",\"url\":\"https:\\\/\\\/www.museumswelt.de\\\/blog\\\/wp-content\\\/uploads\\\/2020\\\/09\\\/European_Heritage_Days.jpg\",\"contentUrl\":\"https:\\\/\\\/www.museumswelt.de\\\/blog\\\/wp-content\\\/uploads\\\/2020\\\/09\\\/European_Heritage_Days.jpg\"},{\"@type\":\"BreadcrumbList\",\"@id\":\"https:\\\/\\\/www.museum.de\\\/blog\\\/europaeische-tage-des-kulturerbes-2020\\\/#breadcrumb\",\"itemListElement\":[{\"@type\":\"ListItem\",\"position\":1,\"name\":\"Startseite\",\"item\":\"https:\\\/\\\/www.museum.de\\\/blog\\\/\"},{\"@type\":\"ListItem\",\"position\":2,\"name\":\"Europ\u00e4ische Tage des Kulturerbes 2020\"}]},{\"@type\":\"WebSite\",\"@id\":\"https:\\\/\\\/www.museum.de\\\/blog\\\/#website\",\"url\":\"https:\\\/\\\/www.museum.de\\\/blog\\\/\",\"name\":\"Der Museumsblog\",\"description\":\"Der Blog\",\"publisher\":{\"@id\":\"https:\\\/\\\/www.museum.de\\\/blog\\\/#organization\"},\"alternateName\":\"museum.de - Der Museumsblog\",\"potentialAction\":[{\"@type\":\"SearchAction\",\"target\":{\"@type\":\"EntryPoint\",\"urlTemplate\":\"https:\\\/\\\/www.museum.de\\\/blog\\\/?s={search_term_string}\"},\"query-input\":{\"@type\":\"PropertyValueSpecification\",\"valueRequired\":true,\"valueName\":\"search_term_string\"}}],\"inLanguage\":\"de\"},{\"@type\":\"Organization\",\"@id\":\"https:\\\/\\\/www.museum.de\\\/blog\\\/#organization\",\"name\":\"Der Museumsblog\",\"url\":\"https:\\\/\\\/www.museum.de\\\/blog\\\/\",\"logo\":{\"@type\":\"ImageObject\",\"inLanguage\":\"de\",\"@id\":\"https:\\\/\\\/www.museum.de\\\/blog\\\/#\\\/schema\\\/logo\\\/image\\\/\",\"url\":\"https:\\\/\\\/www.museum.de\\\/blog\\\/wp-content\\\/uploads\\\/2019\\\/03\\\/cropped-Audioguide_Titelseite-1.jpg\",\"contentUrl\":\"https:\\\/\\\/www.museum.de\\\/blog\\\/wp-content\\\/uploads\\\/2019\\\/03\\\/cropped-Audioguide_Titelseite-1.jpg\",\"width\":512,\"height\":512,\"caption\":\"Der Museumsblog\"},\"image\":{\"@id\":\"https:\\\/\\\/www.museum.de\\\/blog\\\/#\\\/schema\\\/logo\\\/image\\\/\"}},{\"@type\":\"Person\",\"@id\":\"https:\\\/\\\/www.museum.de\\\/blog\\\/#\\\/schema\\\/person\\\/c09a0aea9ac127965257ff6115957332\",\"name\":\"Redaktion\",\"description\":\"Das Redaktionsteam von museum.de\",\"url\":\"https:\\\/\\\/www.museum.de\\\/blog\\\/author\\\/msupervisor\\\/\"}]}<\/script>\n<!-- \/ Yoast SEO plugin. -->","yoast_head_json":{"title":"Europ\u00e4ische Tage des Kulturerbes 2020 - Der Museumsblog","robots":{"index":"index","follow":"follow","max-snippet":"max-snippet:-1","max-image-preview":"max-image-preview:large","max-video-preview":"max-video-preview:-1"},"canonical":"https:\/\/www.museum.de\/blog\/europaeische-tage-des-kulturerbes-2020\/","og_locale":"de_DE","og_type":"article","og_title":"Europ\u00e4ische Tage des Kulturerbes 2020 - Der Museumsblog","og_description":"Am 19.\u201320. September 2020 finden in Frankreich die Journ\u00e9es europ\u00e9ennes du patrimoine (Europ\u00e4ische Tage des Kulturerbes) unter dem Motto Kulturerbe und Bildung: Lernen f\u00fcr das Leben! statt.","og_url":"https:\/\/www.museum.de\/blog\/europaeische-tage-des-kulturerbes-2020\/","og_site_name":"Der Museumsblog","article_published_time":"2020-09-19T18:02:43+00:00","article_modified_time":"2022-07-28T09:40:17+00:00","og_image":[{"url":"https:\/\/www.museumswelt.de\/blog\/wp-content\/uploads\/2020\/09\/European_Heritage_Days.jpg","type":"","width":"","height":""}],"author":"Redaktion","twitter_card":"summary_large_image","schema":{"@context":"https:\/\/schema.org","@graph":[{"@type":"Article","@id":"https:\/\/www.museum.de\/blog\/europaeische-tage-des-kulturerbes-2020\/#article","isPartOf":{"@id":"https:\/\/www.museum.de\/blog\/europaeische-tage-des-kulturerbes-2020\/"},"author":{"name":"Redaktion","@id":"https:\/\/www.museum.de\/blog\/#\/schema\/person\/c09a0aea9ac127965257ff6115957332"},"headline":"Europ\u00e4ische Tage des Kulturerbes 2020","datePublished":"2020-09-19T18:02:43+00:00","dateModified":"2022-07-28T09:40:17+00:00","mainEntityOfPage":{"@id":"https:\/\/www.museum.de\/blog\/europaeische-tage-des-kulturerbes-2020\/"},"wordCount":134,"publisher":{"@id":"https:\/\/www.museum.de\/blog\/#organization"},"image":{"@id":"https:\/\/www.museum.de\/blog\/europaeische-tage-des-kulturerbes-2020\/#primaryimage"},"thumbnailUrl":"https:\/\/www.museumswelt.de\/blog\/wp-content\/uploads\/2020\/09\/European_Heritage_Days.jpg","articleSection":["Redaktion"],"inLanguage":"de"},{"@type":"WebPage","@id":"https:\/\/www.museum.de\/blog\/europaeische-tage-des-kulturerbes-2020\/","url":"https:\/\/www.museum.de\/blog\/europaeische-tage-des-kulturerbes-2020\/","name":"Europ\u00e4ische Tage des Kulturerbes 2020 - Der Museumsblog","isPartOf":{"@id":"https:\/\/www.museum.de\/blog\/#website"},"primaryImageOfPage":{"@id":"https:\/\/www.museum.de\/blog\/europaeische-tage-des-kulturerbes-2020\/#primaryimage"},"image":{"@id":"https:\/\/www.museum.de\/blog\/europaeische-tage-des-kulturerbes-2020\/#primaryimage"},"thumbnailUrl":"https:\/\/www.museumswelt.de\/blog\/wp-content\/uploads\/2020\/09\/European_Heritage_Days.jpg","datePublished":"2020-09-19T18:02:43+00:00","dateModified":"2022-07-28T09:40:17+00:00","breadcrumb":{"@id":"https:\/\/www.museum.de\/blog\/europaeische-tage-des-kulturerbes-2020\/#breadcrumb"},"inLanguage":"de","potentialAction":[{"@type":"ReadAction","target":["https:\/\/www.museum.de\/blog\/europaeische-tage-des-kulturerbes-2020\/"]}]},{"@type":"ImageObject","inLanguage":"de","@id":"https:\/\/www.museum.de\/blog\/europaeische-tage-des-kulturerbes-2020\/#primaryimage","url":"https:\/\/www.museumswelt.de\/blog\/wp-content\/uploads\/2020\/09\/European_Heritage_Days.jpg","contentUrl":"https:\/\/www.museumswelt.de\/blog\/wp-content\/uploads\/2020\/09\/European_Heritage_Days.jpg"},{"@type":"BreadcrumbList","@id":"https:\/\/www.museum.de\/blog\/europaeische-tage-des-kulturerbes-2020\/#breadcrumb","itemListElement":[{"@type":"ListItem","position":1,"name":"Startseite","item":"https:\/\/www.museum.de\/blog\/"},{"@type":"ListItem","position":2,"name":"Europ\u00e4ische Tage des Kulturerbes 2020"}]},{"@type":"WebSite","@id":"https:\/\/www.museum.de\/blog\/#website","url":"https:\/\/www.museum.de\/blog\/","name":"Der Museumsblog","description":"Der Blog","publisher":{"@id":"https:\/\/www.museum.de\/blog\/#organization"},"alternateName":"museum.de - Der Museumsblog","potentialAction":[{"@type":"SearchAction","target":{"@type":"EntryPoint","urlTemplate":"https:\/\/www.museum.de\/blog\/?s={search_term_string}"},"query-input":{"@type":"PropertyValueSpecification","valueRequired":true,"valueName":"search_term_string"}}],"inLanguage":"de"},{"@type":"Organization","@id":"https:\/\/www.museum.de\/blog\/#organization","name":"Der Museumsblog","url":"https:\/\/www.museum.de\/blog\/","logo":{"@type":"ImageObject","inLanguage":"de","@id":"https:\/\/www.museum.de\/blog\/#\/schema\/logo\/image\/","url":"https:\/\/www.museum.de\/blog\/wp-content\/uploads\/2019\/03\/cropped-Audioguide_Titelseite-1.jpg","contentUrl":"https:\/\/www.museum.de\/blog\/wp-content\/uploads\/2019\/03\/cropped-Audioguide_Titelseite-1.jpg","width":512,"height":512,"caption":"Der Museumsblog"},"image":{"@id":"https:\/\/www.museum.de\/blog\/#\/schema\/logo\/image\/"}},{"@type":"Person","@id":"https:\/\/www.museum.de\/blog\/#\/schema\/person\/c09a0aea9ac127965257ff6115957332","name":"Redaktion","description":"Das Redaktionsteam von museum.de","url":"https:\/\/www.museum.de\/blog\/author\/msupervisor\/"}]}},"_links":{"self":[{"href":"https:\/\/www.museum.de\/blog\/wp-json\/wp\/v2\/posts\/1438","targetHints":{"allow":["GET"]}}],"collection":[{"href":"https:\/\/www.museum.de\/blog\/wp-json\/wp\/v2\/posts"}],"about":[{"href":"https:\/\/www.museum.de\/blog\/wp-json\/wp\/v2\/types\/post"}],"author":[{"embeddable":true,"href":"https:\/\/www.museum.de\/blog\/wp-json\/wp\/v2\/users\/1"}],"replies":[{"embeddable":true,"href":"https:\/\/www.museum.de\/blog\/wp-json\/wp\/v2\/comments?post=1438"}],"version-history":[{"count":2,"href":"https:\/\/www.museum.de\/blog\/wp-json\/wp\/v2\/posts\/1438\/revisions"}],"predecessor-version":[{"id":1662,"href":"https:\/\/www.museum.de\/blog\/wp-json\/wp\/v2\/posts\/1438\/revisions\/1662"}],"wp:attachment":[{"href":"https:\/\/www.museum.de\/blog\/wp-json\/wp\/v2\/media?parent=1438"}],"wp:term":[{"taxonomy":"category","embeddable":true,"href":"https:\/\/www.museum.de\/blog\/wp-json\/wp\/v2\/categories?post=1438"},{"taxonomy":"post_tag","embeddable":true,"href":"https:\/\/www.museum.de\/blog\/wp-json\/wp\/v2\/tags?post=1438"}],"curies":[{"name":"wp","href":"https:\/\/api.w.org\/{rel}","templated":true}]}}