{"id":1581,"date":"2021-07-08T10:00:47","date_gmt":"2021-07-08T10:00:47","guid":{"rendered":"https:\/\/www.museum.de\/blog\/?p=1581"},"modified":"2023-12-19T12:02:50","modified_gmt":"2023-12-19T12:02:50","slug":"europaeische-tage-des-kulturerbes-2021-in-frankreich","status":"publish","type":"post","link":"https:\/\/www.museum.de\/blog\/europaeische-tage-des-kulturerbes-2021-in-frankreich\/","title":{"rendered":"Europ\u00e4ische Tage des Kulturerbes 2021 in Frankreich"},"content":{"rendered":"\n<p>Am 18. und 19. September ist wieder europ\u00e4ischer Tag des Kulturerbes in Frankreich. Ein besonderer Schwerpunkt wird auf dem Eisenbahnerbe liegen, einem Beispiel f\u00fcr die Geschichte der Eisenbahn in Europa.<\/p>\n\n\n\n<!--more-->\n\n\n\n<figure class=\"wp-block-image size-large\"><img decoding=\"async\" width=\"926\" height=\"740\" loading=\"lazy\" src=\"https:\/\/www.museum.de\/blog\/wp-content\/uploads\/2021\/07\/photo-1552823477-7d95b3b3f480.png\" alt=\"\" class=\"wp-image-1587\" srcset=\"https:\/\/www.museum.de\/blog\/wp-content\/uploads\/2021\/07\/photo-1552823477-7d95b3b3f480.png 926w, https:\/\/www.museum.de\/blog\/wp-content\/uploads\/2021\/07\/photo-1552823477-7d95b3b3f480-300x240.png 300w, https:\/\/www.museum.de\/blog\/wp-content\/uploads\/2021\/07\/photo-1552823477-7d95b3b3f480-768x614.png 768w\" sizes=\"auto, (max-width: 926px) 100vw, 926px\" \/><figcaption class=\"wp-element-caption\"><a href=\"https:\/\/unsplash.com\/photos\/p--_DXv_ewE\" target=\"_blank\" rel=\"noreferrer noopener\">(c) <a href=\"https:\/\/unsplash.com\/de\/@ancientwanderer\">Terence Burke<\/a><\/a><a href=\"https:\/\/unsplash.com\/photos\/p--_DXv_ewE\" target=\"_blank\" rel=\"noreferrer noopener\"> unsplash<\/a> &#8211; Restored Steam Engine 7828 \u201cNorton Manor\u201d Ex Great Western Railway \u201cOdney Manor\u201d Built in December 1950. At Bishops Lydeard, Start of the 20 mile railway to MInehead. Taken September 2013<\/figcaption><\/figure>\n\n\n\n<p>Der <strong>UNESCO<\/strong> zufolge umfasst das Kulturerbe sowohl das materielle Erbe (bewegliche Kulturg\u00fcter wie Gem\u00e4lde, unbewegliche Kulturg\u00fcter wie Denkm\u00e4ler oder Unterwasser-Kulturg\u00fcter wie Schiffswracks) als auch das immaterielle Erbe (wie Rituale oder Traditionen). In diesem Jahr richtet sich der Blick auf die Eisenbahn mit all seinen Facetten.<\/p>\n\n\n\n<p><a href=\"https:\/\/www.museum.de\/museen?query=eisenbahn&amp;searchtype=2&amp;country=de\">Eisenbahnmuseen in Deutschland<\/a><\/p>\n\n\n\n<p>Quelle:<\/p>\n\n\n\n<p><a href=\"https:\/\/journeesdupatrimoine.culture.gouv.fr\/\">https:\/\/journeesdupatrimoine.culture.gouv.fr\/<\/a><\/p>\n","protected":false},"excerpt":{"rendered":"<p>Am 18. und 19. September ist wieder europ\u00e4ischer Tag des Kulturerbes in Frankreich. Ein besonderer Schwerpunkt wird auf dem Eisenbahnerbe liegen, einem Beispiel f\u00fcr die Geschichte der Eisenbahn in Europa.<\/p>\n","protected":false},"author":1,"featured_media":0,"comment_status":"closed","ping_status":"closed","sticky":false,"template":"","format":"standard","meta":{"site-sidebar-layout":"default","site-content-layout":"","ast-site-content-layout":"default","site-content-style":"default","site-sidebar-style":"default","ast-global-header-display":"","ast-banner-title-visibility":"","ast-main-header-display":"","ast-hfb-above-header-display":"","ast-hfb-below-header-display":"","ast-hfb-mobile-header-display":"","site-post-title":"","ast-breadcrumbs-content":"","ast-featured-img":"","footer-sml-layout":"","ast-disable-related-posts":"","theme-transparent-header-meta":"","adv-header-id-meta":"","stick-header-meta":"","header-above-stick-meta":"","header-main-stick-meta":"","header-below-stick-meta":"","astra-migrate-meta-layouts":"set","ast-page-background-enabled":"default","ast-page-background-meta":{"desktop":{"background-color":"var(--ast-global-color-4)","background-image":"","background-repeat":"repeat","background-position":"center center","background-size":"auto","background-attachment":"scroll","background-type":"","background-media":"","overlay-type":"","overlay-color":"","overlay-opacity":"","overlay-gradient":""},"tablet":{"background-color":"","background-image":"","background-repeat":"repeat","background-position":"center center","background-size":"auto","background-attachment":"scroll","background-type":"","background-media":"","overlay-type":"","overlay-color":"","overlay-opacity":"","overlay-gradient":""},"mobile":{"background-color":"","background-image":"","background-repeat":"repeat","background-position":"center center","background-size":"auto","background-attachment":"scroll","background-type":"","background-media":"","overlay-type":"","overlay-color":"","overlay-opacity":"","overlay-gradient":""}},"ast-content-background-meta":{"desktop":{"background-color":"var(--ast-global-color-5)","background-image":"","background-repeat":"repeat","background-position":"center center","background-size":"auto","background-attachment":"scroll","background-type":"","background-media":"","overlay-type":"","overlay-color":"","overlay-opacity":"","overlay-gradient":""},"tablet":{"background-color":"var(--ast-global-color-5)","background-image":"","background-repeat":"repeat","background-position":"center center","background-size":"auto","background-attachment":"scroll","background-type":"","background-media":"","overlay-type":"","overlay-color":"","overlay-opacity":"","overlay-gradient":""},"mobile":{"background-color":"var(--ast-global-color-5)","background-image":"","background-repeat":"repeat","background-position":"center center","background-size":"auto","background-attachment":"scroll","background-type":"","background-media":"","overlay-type":"","overlay-color":"","overlay-opacity":"","overlay-gradient":""}},"episode_type":"","audio_file":"","podmotor_file_id":"","podmotor_episode_id":"","cover_image":"","cover_image_id":"","duration":"","filesize":"","filesize_raw":"","date_recorded":"","explicit":"","block":"","itunes_episode_number":"","itunes_title":"","itunes_season_number":"","itunes_episode_type":"","footnotes":""},"categories":[160,159],"tags":[],"class_list":["post-1581","post","type-post","status-publish","format-standard","hentry","category-european-heritage-days","category-tag-des-offenen-denkmals"],"yoast_head":"<!-- This site is optimized with the Yoast SEO plugin v27.5 - https:\/\/yoast.com\/product\/yoast-seo-wordpress\/ -->\n<title>Europ\u00e4ische Tage des Kulturerbes 2021 in Frankreich - Der Museumsblog<\/title>\n<meta name=\"robots\" content=\"index, follow, max-snippet:-1, max-image-preview:large, max-video-preview:-1\" \/>\n<link rel=\"canonical\" href=\"https:\/\/www.museum.de\/blog\/europaeische-tage-des-kulturerbes-2021-in-frankreich\/\" \/>\n<meta property=\"og:locale\" content=\"de_DE\" \/>\n<meta property=\"og:type\" content=\"article\" \/>\n<meta property=\"og:title\" content=\"Europ\u00e4ische Tage des Kulturerbes 2021 in Frankreich - Der Museumsblog\" \/>\n<meta property=\"og:description\" content=\"Am 18. und 19. September ist wieder europ\u00e4ischer Tag des Kulturerbes in Frankreich. Ein besonderer Schwerpunkt wird auf dem Eisenbahnerbe liegen, einem Beispiel f\u00fcr die Geschichte der Eisenbahn in Europa.\" \/>\n<meta property=\"og:url\" content=\"https:\/\/www.museum.de\/blog\/europaeische-tage-des-kulturerbes-2021-in-frankreich\/\" \/>\n<meta property=\"og:site_name\" content=\"Der Museumsblog\" \/>\n<meta property=\"article:published_time\" content=\"2021-07-08T10:00:47+00:00\" \/>\n<meta property=\"article:modified_time\" content=\"2023-12-19T12:02:50+00:00\" \/>\n<meta property=\"og:image\" content=\"https:\/\/www.museum.de\/blog\/wp-content\/uploads\/2021\/07\/photo-1552823477-7d95b3b3f480.png\" \/>\n<meta name=\"author\" content=\"Redaktion\" \/>\n<meta name=\"twitter:card\" content=\"summary_large_image\" \/>\n<script type=\"application\/ld+json\" class=\"yoast-schema-graph\">{\"@context\":\"https:\\\/\\\/schema.org\",\"@graph\":[{\"@type\":\"Article\",\"@id\":\"https:\\\/\\\/www.museum.de\\\/blog\\\/europaeische-tage-des-kulturerbes-2021-in-frankreich\\\/#article\",\"isPartOf\":{\"@id\":\"https:\\\/\\\/www.museum.de\\\/blog\\\/europaeische-tage-des-kulturerbes-2021-in-frankreich\\\/\"},\"author\":{\"name\":\"Redaktion\",\"@id\":\"https:\\\/\\\/www.museum.de\\\/blog\\\/#\\\/schema\\\/person\\\/c09a0aea9ac127965257ff6115957332\"},\"headline\":\"Europ\u00e4ische Tage des Kulturerbes 2021 in Frankreich\",\"datePublished\":\"2021-07-08T10:00:47+00:00\",\"dateModified\":\"2023-12-19T12:02:50+00:00\",\"mainEntityOfPage\":{\"@id\":\"https:\\\/\\\/www.museum.de\\\/blog\\\/europaeische-tage-des-kulturerbes-2021-in-frankreich\\\/\"},\"wordCount\":127,\"publisher\":{\"@id\":\"https:\\\/\\\/www.museum.de\\\/blog\\\/#organization\"},\"image\":{\"@id\":\"https:\\\/\\\/www.museum.de\\\/blog\\\/europaeische-tage-des-kulturerbes-2021-in-frankreich\\\/#primaryimage\"},\"thumbnailUrl\":\"https:\\\/\\\/www.museum.de\\\/blog\\\/wp-content\\\/uploads\\\/2021\\\/07\\\/photo-1552823477-7d95b3b3f480.png\",\"articleSection\":[\"European Heritage Days\",\"Tag des offenen Denkmals\"],\"inLanguage\":\"de\"},{\"@type\":\"WebPage\",\"@id\":\"https:\\\/\\\/www.museum.de\\\/blog\\\/europaeische-tage-des-kulturerbes-2021-in-frankreich\\\/\",\"url\":\"https:\\\/\\\/www.museum.de\\\/blog\\\/europaeische-tage-des-kulturerbes-2021-in-frankreich\\\/\",\"name\":\"Europ\u00e4ische Tage des Kulturerbes 2021 in Frankreich - Der Museumsblog\",\"isPartOf\":{\"@id\":\"https:\\\/\\\/www.museum.de\\\/blog\\\/#website\"},\"primaryImageOfPage\":{\"@id\":\"https:\\\/\\\/www.museum.de\\\/blog\\\/europaeische-tage-des-kulturerbes-2021-in-frankreich\\\/#primaryimage\"},\"image\":{\"@id\":\"https:\\\/\\\/www.museum.de\\\/blog\\\/europaeische-tage-des-kulturerbes-2021-in-frankreich\\\/#primaryimage\"},\"thumbnailUrl\":\"https:\\\/\\\/www.museum.de\\\/blog\\\/wp-content\\\/uploads\\\/2021\\\/07\\\/photo-1552823477-7d95b3b3f480.png\",\"datePublished\":\"2021-07-08T10:00:47+00:00\",\"dateModified\":\"2023-12-19T12:02:50+00:00\",\"breadcrumb\":{\"@id\":\"https:\\\/\\\/www.museum.de\\\/blog\\\/europaeische-tage-des-kulturerbes-2021-in-frankreich\\\/#breadcrumb\"},\"inLanguage\":\"de\",\"potentialAction\":[{\"@type\":\"ReadAction\",\"target\":[\"https:\\\/\\\/www.museum.de\\\/blog\\\/europaeische-tage-des-kulturerbes-2021-in-frankreich\\\/\"]}]},{\"@type\":\"ImageObject\",\"inLanguage\":\"de\",\"@id\":\"https:\\\/\\\/www.museum.de\\\/blog\\\/europaeische-tage-des-kulturerbes-2021-in-frankreich\\\/#primaryimage\",\"url\":\"https:\\\/\\\/www.museum.de\\\/blog\\\/wp-content\\\/uploads\\\/2021\\\/07\\\/photo-1552823477-7d95b3b3f480.png\",\"contentUrl\":\"https:\\\/\\\/www.museum.de\\\/blog\\\/wp-content\\\/uploads\\\/2021\\\/07\\\/photo-1552823477-7d95b3b3f480.png\",\"width\":926,\"height\":740},{\"@type\":\"BreadcrumbList\",\"@id\":\"https:\\\/\\\/www.museum.de\\\/blog\\\/europaeische-tage-des-kulturerbes-2021-in-frankreich\\\/#breadcrumb\",\"itemListElement\":[{\"@type\":\"ListItem\",\"position\":1,\"name\":\"Startseite\",\"item\":\"https:\\\/\\\/www.museum.de\\\/blog\\\/\"},{\"@type\":\"ListItem\",\"position\":2,\"name\":\"Europ\u00e4ische Tage des Kulturerbes 2021 in Frankreich\"}]},{\"@type\":\"WebSite\",\"@id\":\"https:\\\/\\\/www.museum.de\\\/blog\\\/#website\",\"url\":\"https:\\\/\\\/www.museum.de\\\/blog\\\/\",\"name\":\"Der Museumsblog\",\"description\":\"Der Blog\",\"publisher\":{\"@id\":\"https:\\\/\\\/www.museum.de\\\/blog\\\/#organization\"},\"alternateName\":\"museum.de - Der Museumsblog\",\"potentialAction\":[{\"@type\":\"SearchAction\",\"target\":{\"@type\":\"EntryPoint\",\"urlTemplate\":\"https:\\\/\\\/www.museum.de\\\/blog\\\/?s={search_term_string}\"},\"query-input\":{\"@type\":\"PropertyValueSpecification\",\"valueRequired\":true,\"valueName\":\"search_term_string\"}}],\"inLanguage\":\"de\"},{\"@type\":\"Organization\",\"@id\":\"https:\\\/\\\/www.museum.de\\\/blog\\\/#organization\",\"name\":\"Der Museumsblog\",\"url\":\"https:\\\/\\\/www.museum.de\\\/blog\\\/\",\"logo\":{\"@type\":\"ImageObject\",\"inLanguage\":\"de\",\"@id\":\"https:\\\/\\\/www.museum.de\\\/blog\\\/#\\\/schema\\\/logo\\\/image\\\/\",\"url\":\"https:\\\/\\\/www.museum.de\\\/blog\\\/wp-content\\\/uploads\\\/2019\\\/03\\\/cropped-Audioguide_Titelseite-1.jpg\",\"contentUrl\":\"https:\\\/\\\/www.museum.de\\\/blog\\\/wp-content\\\/uploads\\\/2019\\\/03\\\/cropped-Audioguide_Titelseite-1.jpg\",\"width\":512,\"height\":512,\"caption\":\"Der Museumsblog\"},\"image\":{\"@id\":\"https:\\\/\\\/www.museum.de\\\/blog\\\/#\\\/schema\\\/logo\\\/image\\\/\"}},{\"@type\":\"Person\",\"@id\":\"https:\\\/\\\/www.museum.de\\\/blog\\\/#\\\/schema\\\/person\\\/c09a0aea9ac127965257ff6115957332\",\"name\":\"Redaktion\",\"description\":\"Das Redaktionsteam von museum.de\",\"url\":\"https:\\\/\\\/www.museum.de\\\/blog\\\/author\\\/msupervisor\\\/\"}]}<\/script>\n<!-- \/ Yoast SEO plugin. -->","yoast_head_json":{"title":"Europ\u00e4ische Tage des Kulturerbes 2021 in Frankreich - Der Museumsblog","robots":{"index":"index","follow":"follow","max-snippet":"max-snippet:-1","max-image-preview":"max-image-preview:large","max-video-preview":"max-video-preview:-1"},"canonical":"https:\/\/www.museum.de\/blog\/europaeische-tage-des-kulturerbes-2021-in-frankreich\/","og_locale":"de_DE","og_type":"article","og_title":"Europ\u00e4ische Tage des Kulturerbes 2021 in Frankreich - Der Museumsblog","og_description":"Am 18. und 19. September ist wieder europ\u00e4ischer Tag des Kulturerbes in Frankreich. Ein besonderer Schwerpunkt wird auf dem Eisenbahnerbe liegen, einem Beispiel f\u00fcr die Geschichte der Eisenbahn in Europa.","og_url":"https:\/\/www.museum.de\/blog\/europaeische-tage-des-kulturerbes-2021-in-frankreich\/","og_site_name":"Der Museumsblog","article_published_time":"2021-07-08T10:00:47+00:00","article_modified_time":"2023-12-19T12:02:50+00:00","og_image":[{"url":"https:\/\/www.museum.de\/blog\/wp-content\/uploads\/2021\/07\/photo-1552823477-7d95b3b3f480.png","type":"","width":"","height":""}],"author":"Redaktion","twitter_card":"summary_large_image","schema":{"@context":"https:\/\/schema.org","@graph":[{"@type":"Article","@id":"https:\/\/www.museum.de\/blog\/europaeische-tage-des-kulturerbes-2021-in-frankreich\/#article","isPartOf":{"@id":"https:\/\/www.museum.de\/blog\/europaeische-tage-des-kulturerbes-2021-in-frankreich\/"},"author":{"name":"Redaktion","@id":"https:\/\/www.museum.de\/blog\/#\/schema\/person\/c09a0aea9ac127965257ff6115957332"},"headline":"Europ\u00e4ische Tage des Kulturerbes 2021 in Frankreich","datePublished":"2021-07-08T10:00:47+00:00","dateModified":"2023-12-19T12:02:50+00:00","mainEntityOfPage":{"@id":"https:\/\/www.museum.de\/blog\/europaeische-tage-des-kulturerbes-2021-in-frankreich\/"},"wordCount":127,"publisher":{"@id":"https:\/\/www.museum.de\/blog\/#organization"},"image":{"@id":"https:\/\/www.museum.de\/blog\/europaeische-tage-des-kulturerbes-2021-in-frankreich\/#primaryimage"},"thumbnailUrl":"https:\/\/www.museum.de\/blog\/wp-content\/uploads\/2021\/07\/photo-1552823477-7d95b3b3f480.png","articleSection":["European Heritage Days","Tag des offenen Denkmals"],"inLanguage":"de"},{"@type":"WebPage","@id":"https:\/\/www.museum.de\/blog\/europaeische-tage-des-kulturerbes-2021-in-frankreich\/","url":"https:\/\/www.museum.de\/blog\/europaeische-tage-des-kulturerbes-2021-in-frankreich\/","name":"Europ\u00e4ische Tage des Kulturerbes 2021 in Frankreich - Der Museumsblog","isPartOf":{"@id":"https:\/\/www.museum.de\/blog\/#website"},"primaryImageOfPage":{"@id":"https:\/\/www.museum.de\/blog\/europaeische-tage-des-kulturerbes-2021-in-frankreich\/#primaryimage"},"image":{"@id":"https:\/\/www.museum.de\/blog\/europaeische-tage-des-kulturerbes-2021-in-frankreich\/#primaryimage"},"thumbnailUrl":"https:\/\/www.museum.de\/blog\/wp-content\/uploads\/2021\/07\/photo-1552823477-7d95b3b3f480.png","datePublished":"2021-07-08T10:00:47+00:00","dateModified":"2023-12-19T12:02:50+00:00","breadcrumb":{"@id":"https:\/\/www.museum.de\/blog\/europaeische-tage-des-kulturerbes-2021-in-frankreich\/#breadcrumb"},"inLanguage":"de","potentialAction":[{"@type":"ReadAction","target":["https:\/\/www.museum.de\/blog\/europaeische-tage-des-kulturerbes-2021-in-frankreich\/"]}]},{"@type":"ImageObject","inLanguage":"de","@id":"https:\/\/www.museum.de\/blog\/europaeische-tage-des-kulturerbes-2021-in-frankreich\/#primaryimage","url":"https:\/\/www.museum.de\/blog\/wp-content\/uploads\/2021\/07\/photo-1552823477-7d95b3b3f480.png","contentUrl":"https:\/\/www.museum.de\/blog\/wp-content\/uploads\/2021\/07\/photo-1552823477-7d95b3b3f480.png","width":926,"height":740},{"@type":"BreadcrumbList","@id":"https:\/\/www.museum.de\/blog\/europaeische-tage-des-kulturerbes-2021-in-frankreich\/#breadcrumb","itemListElement":[{"@type":"ListItem","position":1,"name":"Startseite","item":"https:\/\/www.museum.de\/blog\/"},{"@type":"ListItem","position":2,"name":"Europ\u00e4ische Tage des Kulturerbes 2021 in Frankreich"}]},{"@type":"WebSite","@id":"https:\/\/www.museum.de\/blog\/#website","url":"https:\/\/www.museum.de\/blog\/","name":"Der Museumsblog","description":"Der Blog","publisher":{"@id":"https:\/\/www.museum.de\/blog\/#organization"},"alternateName":"museum.de - Der Museumsblog","potentialAction":[{"@type":"SearchAction","target":{"@type":"EntryPoint","urlTemplate":"https:\/\/www.museum.de\/blog\/?s={search_term_string}"},"query-input":{"@type":"PropertyValueSpecification","valueRequired":true,"valueName":"search_term_string"}}],"inLanguage":"de"},{"@type":"Organization","@id":"https:\/\/www.museum.de\/blog\/#organization","name":"Der Museumsblog","url":"https:\/\/www.museum.de\/blog\/","logo":{"@type":"ImageObject","inLanguage":"de","@id":"https:\/\/www.museum.de\/blog\/#\/schema\/logo\/image\/","url":"https:\/\/www.museum.de\/blog\/wp-content\/uploads\/2019\/03\/cropped-Audioguide_Titelseite-1.jpg","contentUrl":"https:\/\/www.museum.de\/blog\/wp-content\/uploads\/2019\/03\/cropped-Audioguide_Titelseite-1.jpg","width":512,"height":512,"caption":"Der Museumsblog"},"image":{"@id":"https:\/\/www.museum.de\/blog\/#\/schema\/logo\/image\/"}},{"@type":"Person","@id":"https:\/\/www.museum.de\/blog\/#\/schema\/person\/c09a0aea9ac127965257ff6115957332","name":"Redaktion","description":"Das Redaktionsteam von museum.de","url":"https:\/\/www.museum.de\/blog\/author\/msupervisor\/"}]}},"_links":{"self":[{"href":"https:\/\/www.museum.de\/blog\/wp-json\/wp\/v2\/posts\/1581","targetHints":{"allow":["GET"]}}],"collection":[{"href":"https:\/\/www.museum.de\/blog\/wp-json\/wp\/v2\/posts"}],"about":[{"href":"https:\/\/www.museum.de\/blog\/wp-json\/wp\/v2\/types\/post"}],"author":[{"embeddable":true,"href":"https:\/\/www.museum.de\/blog\/wp-json\/wp\/v2\/users\/1"}],"replies":[{"embeddable":true,"href":"https:\/\/www.museum.de\/blog\/wp-json\/wp\/v2\/comments?post=1581"}],"version-history":[{"count":7,"href":"https:\/\/www.museum.de\/blog\/wp-json\/wp\/v2\/posts\/1581\/revisions"}],"predecessor-version":[{"id":2446,"href":"https:\/\/www.museum.de\/blog\/wp-json\/wp\/v2\/posts\/1581\/revisions\/2446"}],"wp:attachment":[{"href":"https:\/\/www.museum.de\/blog\/wp-json\/wp\/v2\/media?parent=1581"}],"wp:term":[{"taxonomy":"category","embeddable":true,"href":"https:\/\/www.museum.de\/blog\/wp-json\/wp\/v2\/categories?post=1581"},{"taxonomy":"post_tag","embeddable":true,"href":"https:\/\/www.museum.de\/blog\/wp-json\/wp\/v2\/tags?post=1581"}],"curies":[{"name":"wp","href":"https:\/\/api.w.org\/{rel}","templated":true}]}}