{"id":1683,"date":"2022-03-08T19:16:00","date_gmt":"2022-03-08T19:16:00","guid":{"rendered":"https:\/\/www.museum.de\/blog\/?p=1683"},"modified":"2022-08-08T19:18:50","modified_gmt":"2022-08-08T19:18:50","slug":"magazin-museum-de-nr-46-winter-fruehjahr-2022","status":"publish","type":"post","link":"https:\/\/www.museum.de\/blog\/magazin-museum-de-nr-46-winter-fruehjahr-2022\/","title":{"rendered":"Magazin Museum.de Nr. 46, Winter, Fr\u00fchjahr 2022"},"content":{"rendered":"\n<p>Aus dem Inhalt<\/p>\n\n\n\n<ul class=\"wp-block-list\"><li><a href=\"https:\/\/www.museum.de\/museen\/faust-museum\">Faust-Museum<\/a><\/li><li><a href=\"https:\/\/www.museum.de\/museen\/mercedes-benz-museum\">Mercedes-Benz Museum: 33 Extras<\/a><\/li><li><a href=\"https:\/\/www.museum.de\/museen\/schloss-braunfels\">Schloss Braunfels<\/a><\/li><li><a href=\"https:\/\/www.museum.de\/museen\/naturhistorisches-museum\">Naturhistorisches Museum N\u00fcrnberg<\/a><\/li><li><a href=\"https:\/\/www.museum.de\/museen\/klostermuseum-jerichow\">Kloster Jerichow<\/a><\/li><li><a href=\"https:\/\/www.museum.de\/museen\/xxx\">Stiftung Schloss Friedenstein Gotha: Human Remains<\/a><\/li><li><a href=\"https:\/\/www.museum.de\/museen\/heimatmuseum-neuried\">Heimatmuseum Neuried<\/a><\/li><li><a href=\"https:\/\/www.museum.de\/museen\/hanf-museum-berlin\">Hanf Museum Berlin<\/a><\/li><li><a href=\"https:\/\/www.museum.de\/museen\/kaffeem%C3%BChlenmuseum\">Kaffeem\u00fchlenmuseum Wiernsheim<\/a><\/li><li><a href=\"https:\/\/www.museum.de\/museen\/museum-th%C3%A9o-kerg\">Museum Th\u00e9o Kerg<\/a><\/li><li><a href=\"https:\/\/www.museum.de\/museen\/kloster-stift-zum-heiligengrabe\">Kloster Stift zum Heiligengrabe<\/a><\/li><li><a href=\"https:\/\/www.museum.de\/museen\/institut-mathildenh%C3%B6he\">Institut Mathildenh\u00f6he Darmstadt<\/a><\/li><\/ul>\n","protected":false},"excerpt":{"rendered":"<p>Aus dem Inhalt Faust-Museum Mercedes-Benz Museum: 33 Extras Schloss Braunfels Naturhistorisches Museum N\u00fcrnberg Kloster Jerichow Stiftung Schloss Friedenstein Gotha: Human Remains Heimatmuseum Neuried Hanf Museum Berlin Kaffeem\u00fchlenmuseum Wiernsheim Museum Th\u00e9o Kerg Kloster Stift zum Heiligengrabe Institut Mathildenh\u00f6he Darmstadt<\/p>\n","protected":false},"author":1,"featured_media":1684,"comment_status":"closed","ping_status":"closed","sticky":false,"template":"","format":"standard","meta":{"site-sidebar-layout":"default","site-content-layout":"","ast-site-content-layout":"default","site-content-style":"default","site-sidebar-style":"default","ast-global-header-display":"","ast-banner-title-visibility":"","ast-main-header-display":"","ast-hfb-above-header-display":"","ast-hfb-below-header-display":"","ast-hfb-mobile-header-display":"","site-post-title":"","ast-breadcrumbs-content":"","ast-featured-img":"","footer-sml-layout":"","ast-disable-related-posts":"","theme-transparent-header-meta":"","adv-header-id-meta":"","stick-header-meta":"","header-above-stick-meta":"","header-main-stick-meta":"","header-below-stick-meta":"","astra-migrate-meta-layouts":"default","ast-page-background-enabled":"default","ast-page-background-meta":{"desktop":{"background-color":"var(--ast-global-color-4)","background-image":"","background-repeat":"repeat","background-position":"center center","background-size":"auto","background-attachment":"scroll","background-type":"","background-media":"","overlay-type":"","overlay-color":"","overlay-opacity":"","overlay-gradient":""},"tablet":{"background-color":"","background-image":"","background-repeat":"repeat","background-position":"center center","background-size":"auto","background-attachment":"scroll","background-type":"","background-media":"","overlay-type":"","overlay-color":"","overlay-opacity":"","overlay-gradient":""},"mobile":{"background-color":"","background-image":"","background-repeat":"repeat","background-position":"center center","background-size":"auto","background-attachment":"scroll","background-type":"","background-media":"","overlay-type":"","overlay-color":"","overlay-opacity":"","overlay-gradient":""}},"ast-content-background-meta":{"desktop":{"background-color":"var(--ast-global-color-5)","background-image":"","background-repeat":"repeat","background-position":"center center","background-size":"auto","background-attachment":"scroll","background-type":"","background-media":"","overlay-type":"","overlay-color":"","overlay-opacity":"","overlay-gradient":""},"tablet":{"background-color":"var(--ast-global-color-5)","background-image":"","background-repeat":"repeat","background-position":"center center","background-size":"auto","background-attachment":"scroll","background-type":"","background-media":"","overlay-type":"","overlay-color":"","overlay-opacity":"","overlay-gradient":""},"mobile":{"background-color":"var(--ast-global-color-5)","background-image":"","background-repeat":"repeat","background-position":"center center","background-size":"auto","background-attachment":"scroll","background-type":"","background-media":"","overlay-type":"","overlay-color":"","overlay-opacity":"","overlay-gradient":""}},"episode_type":"","audio_file":"","podmotor_file_id":"","podmotor_episode_id":"","cover_image":"","cover_image_id":"","duration":"","filesize":"","filesize_raw":"","date_recorded":"","explicit":"","block":"","itunes_episode_number":"","itunes_title":"","itunes_season_number":"","itunes_episode_type":"","footnotes":""},"categories":[1],"tags":[],"class_list":["post-1683","post","type-post","status-publish","format-standard","has-post-thumbnail","hentry","category-redaktion"],"yoast_head":"<!-- This site is optimized with the Yoast SEO plugin v27.5 - https:\/\/yoast.com\/product\/yoast-seo-wordpress\/ -->\n<title>Magazin Museum.de Nr. 46, Winter, Fr\u00fchjahr 2022 - Der Museumsblog<\/title>\n<meta name=\"robots\" content=\"index, follow, max-snippet:-1, max-image-preview:large, max-video-preview:-1\" \/>\n<link rel=\"canonical\" href=\"https:\/\/www.museum.de\/blog\/magazin-museum-de-nr-46-winter-fruehjahr-2022\/\" \/>\n<meta property=\"og:locale\" content=\"de_DE\" \/>\n<meta property=\"og:type\" content=\"article\" \/>\n<meta property=\"og:title\" content=\"Magazin Museum.de Nr. 46, Winter, Fr\u00fchjahr 2022 - Der Museumsblog\" \/>\n<meta property=\"og:description\" content=\"Aus dem Inhalt Faust-Museum Mercedes-Benz Museum: 33 Extras Schloss Braunfels Naturhistorisches Museum N\u00fcrnberg Kloster Jerichow Stiftung Schloss Friedenstein Gotha: Human Remains Heimatmuseum Neuried Hanf Museum Berlin Kaffeem\u00fchlenmuseum Wiernsheim Museum Th\u00e9o Kerg Kloster Stift zum Heiligengrabe Institut Mathildenh\u00f6he Darmstadt\" \/>\n<meta property=\"og:url\" content=\"https:\/\/www.museum.de\/blog\/magazin-museum-de-nr-46-winter-fruehjahr-2022\/\" \/>\n<meta property=\"og:site_name\" content=\"Der Museumsblog\" \/>\n<meta property=\"article:published_time\" content=\"2022-03-08T19:16:00+00:00\" \/>\n<meta property=\"article:modified_time\" content=\"2022-08-08T19:18:50+00:00\" \/>\n<meta property=\"og:image\" content=\"https:\/\/www.museum.de\/blog\/wp-content\/uploads\/2022\/08\/magazin-46-724x1024.png\" \/>\n\t<meta property=\"og:image:width\" content=\"724\" \/>\n\t<meta property=\"og:image:height\" content=\"1024\" \/>\n\t<meta property=\"og:image:type\" content=\"image\/png\" \/>\n<meta name=\"author\" content=\"Redaktion\" \/>\n<meta name=\"twitter:card\" content=\"summary_large_image\" \/>\n<script type=\"application\/ld+json\" class=\"yoast-schema-graph\">{\"@context\":\"https:\\\/\\\/schema.org\",\"@graph\":[{\"@type\":\"Article\",\"@id\":\"https:\\\/\\\/www.museum.de\\\/blog\\\/magazin-museum-de-nr-46-winter-fruehjahr-2022\\\/#article\",\"isPartOf\":{\"@id\":\"https:\\\/\\\/www.museum.de\\\/blog\\\/magazin-museum-de-nr-46-winter-fruehjahr-2022\\\/\"},\"author\":{\"name\":\"Redaktion\",\"@id\":\"https:\\\/\\\/www.museum.de\\\/blog\\\/#\\\/schema\\\/person\\\/c09a0aea9ac127965257ff6115957332\"},\"headline\":\"Magazin Museum.de Nr. 46, Winter, Fr\u00fchjahr 2022\",\"datePublished\":\"2022-03-08T19:16:00+00:00\",\"dateModified\":\"2022-08-08T19:18:50+00:00\",\"mainEntityOfPage\":{\"@id\":\"https:\\\/\\\/www.museum.de\\\/blog\\\/magazin-museum-de-nr-46-winter-fruehjahr-2022\\\/\"},\"wordCount\":48,\"publisher\":{\"@id\":\"https:\\\/\\\/www.museum.de\\\/blog\\\/#organization\"},\"image\":{\"@id\":\"https:\\\/\\\/www.museum.de\\\/blog\\\/magazin-museum-de-nr-46-winter-fruehjahr-2022\\\/#primaryimage\"},\"thumbnailUrl\":\"https:\\\/\\\/www.museum.de\\\/blog\\\/wp-content\\\/uploads\\\/2022\\\/08\\\/magazin-46.png\",\"articleSection\":[\"Redaktion\"],\"inLanguage\":\"de\"},{\"@type\":\"WebPage\",\"@id\":\"https:\\\/\\\/www.museum.de\\\/blog\\\/magazin-museum-de-nr-46-winter-fruehjahr-2022\\\/\",\"url\":\"https:\\\/\\\/www.museum.de\\\/blog\\\/magazin-museum-de-nr-46-winter-fruehjahr-2022\\\/\",\"name\":\"Magazin Museum.de Nr. 46, Winter, Fr\u00fchjahr 2022 - Der Museumsblog\",\"isPartOf\":{\"@id\":\"https:\\\/\\\/www.museum.de\\\/blog\\\/#website\"},\"primaryImageOfPage\":{\"@id\":\"https:\\\/\\\/www.museum.de\\\/blog\\\/magazin-museum-de-nr-46-winter-fruehjahr-2022\\\/#primaryimage\"},\"image\":{\"@id\":\"https:\\\/\\\/www.museum.de\\\/blog\\\/magazin-museum-de-nr-46-winter-fruehjahr-2022\\\/#primaryimage\"},\"thumbnailUrl\":\"https:\\\/\\\/www.museum.de\\\/blog\\\/wp-content\\\/uploads\\\/2022\\\/08\\\/magazin-46.png\",\"datePublished\":\"2022-03-08T19:16:00+00:00\",\"dateModified\":\"2022-08-08T19:18:50+00:00\",\"breadcrumb\":{\"@id\":\"https:\\\/\\\/www.museum.de\\\/blog\\\/magazin-museum-de-nr-46-winter-fruehjahr-2022\\\/#breadcrumb\"},\"inLanguage\":\"de\",\"potentialAction\":[{\"@type\":\"ReadAction\",\"target\":[\"https:\\\/\\\/www.museum.de\\\/blog\\\/magazin-museum-de-nr-46-winter-fruehjahr-2022\\\/\"]}]},{\"@type\":\"ImageObject\",\"inLanguage\":\"de\",\"@id\":\"https:\\\/\\\/www.museum.de\\\/blog\\\/magazin-museum-de-nr-46-winter-fruehjahr-2022\\\/#primaryimage\",\"url\":\"https:\\\/\\\/www.museum.de\\\/blog\\\/wp-content\\\/uploads\\\/2022\\\/08\\\/magazin-46.png\",\"contentUrl\":\"https:\\\/\\\/www.museum.de\\\/blog\\\/wp-content\\\/uploads\\\/2022\\\/08\\\/magazin-46.png\",\"width\":724,\"height\":1024},{\"@type\":\"BreadcrumbList\",\"@id\":\"https:\\\/\\\/www.museum.de\\\/blog\\\/magazin-museum-de-nr-46-winter-fruehjahr-2022\\\/#breadcrumb\",\"itemListElement\":[{\"@type\":\"ListItem\",\"position\":1,\"name\":\"Startseite\",\"item\":\"https:\\\/\\\/www.museum.de\\\/blog\\\/\"},{\"@type\":\"ListItem\",\"position\":2,\"name\":\"Magazin Museum.de Nr. 46, Winter, Fr\u00fchjahr 2022\"}]},{\"@type\":\"WebSite\",\"@id\":\"https:\\\/\\\/www.museum.de\\\/blog\\\/#website\",\"url\":\"https:\\\/\\\/www.museum.de\\\/blog\\\/\",\"name\":\"Der Museumsblog\",\"description\":\"Der Blog\",\"publisher\":{\"@id\":\"https:\\\/\\\/www.museum.de\\\/blog\\\/#organization\"},\"alternateName\":\"museum.de - Der Museumsblog\",\"potentialAction\":[{\"@type\":\"SearchAction\",\"target\":{\"@type\":\"EntryPoint\",\"urlTemplate\":\"https:\\\/\\\/www.museum.de\\\/blog\\\/?s={search_term_string}\"},\"query-input\":{\"@type\":\"PropertyValueSpecification\",\"valueRequired\":true,\"valueName\":\"search_term_string\"}}],\"inLanguage\":\"de\"},{\"@type\":\"Organization\",\"@id\":\"https:\\\/\\\/www.museum.de\\\/blog\\\/#organization\",\"name\":\"Der Museumsblog\",\"url\":\"https:\\\/\\\/www.museum.de\\\/blog\\\/\",\"logo\":{\"@type\":\"ImageObject\",\"inLanguage\":\"de\",\"@id\":\"https:\\\/\\\/www.museum.de\\\/blog\\\/#\\\/schema\\\/logo\\\/image\\\/\",\"url\":\"https:\\\/\\\/www.museum.de\\\/blog\\\/wp-content\\\/uploads\\\/2019\\\/03\\\/cropped-Audioguide_Titelseite-1.jpg\",\"contentUrl\":\"https:\\\/\\\/www.museum.de\\\/blog\\\/wp-content\\\/uploads\\\/2019\\\/03\\\/cropped-Audioguide_Titelseite-1.jpg\",\"width\":512,\"height\":512,\"caption\":\"Der Museumsblog\"},\"image\":{\"@id\":\"https:\\\/\\\/www.museum.de\\\/blog\\\/#\\\/schema\\\/logo\\\/image\\\/\"}},{\"@type\":\"Person\",\"@id\":\"https:\\\/\\\/www.museum.de\\\/blog\\\/#\\\/schema\\\/person\\\/c09a0aea9ac127965257ff6115957332\",\"name\":\"Redaktion\",\"description\":\"Das Redaktionsteam von museum.de\",\"url\":\"https:\\\/\\\/www.museum.de\\\/blog\\\/author\\\/msupervisor\\\/\"}]}<\/script>\n<!-- \/ Yoast SEO plugin. -->","yoast_head_json":{"title":"Magazin Museum.de Nr. 46, Winter, Fr\u00fchjahr 2022 - Der Museumsblog","robots":{"index":"index","follow":"follow","max-snippet":"max-snippet:-1","max-image-preview":"max-image-preview:large","max-video-preview":"max-video-preview:-1"},"canonical":"https:\/\/www.museum.de\/blog\/magazin-museum-de-nr-46-winter-fruehjahr-2022\/","og_locale":"de_DE","og_type":"article","og_title":"Magazin Museum.de Nr. 46, Winter, Fr\u00fchjahr 2022 - Der Museumsblog","og_description":"Aus dem Inhalt Faust-Museum Mercedes-Benz Museum: 33 Extras Schloss Braunfels Naturhistorisches Museum N\u00fcrnberg Kloster Jerichow Stiftung Schloss Friedenstein Gotha: Human Remains Heimatmuseum Neuried Hanf Museum Berlin Kaffeem\u00fchlenmuseum Wiernsheim Museum Th\u00e9o Kerg Kloster Stift zum Heiligengrabe Institut Mathildenh\u00f6he Darmstadt","og_url":"https:\/\/www.museum.de\/blog\/magazin-museum-de-nr-46-winter-fruehjahr-2022\/","og_site_name":"Der Museumsblog","article_published_time":"2022-03-08T19:16:00+00:00","article_modified_time":"2022-08-08T19:18:50+00:00","og_image":[{"width":724,"height":1024,"url":"https:\/\/www.museum.de\/blog\/wp-content\/uploads\/2022\/08\/magazin-46-724x1024.png","type":"image\/png"}],"author":"Redaktion","twitter_card":"summary_large_image","schema":{"@context":"https:\/\/schema.org","@graph":[{"@type":"Article","@id":"https:\/\/www.museum.de\/blog\/magazin-museum-de-nr-46-winter-fruehjahr-2022\/#article","isPartOf":{"@id":"https:\/\/www.museum.de\/blog\/magazin-museum-de-nr-46-winter-fruehjahr-2022\/"},"author":{"name":"Redaktion","@id":"https:\/\/www.museum.de\/blog\/#\/schema\/person\/c09a0aea9ac127965257ff6115957332"},"headline":"Magazin Museum.de Nr. 46, Winter, Fr\u00fchjahr 2022","datePublished":"2022-03-08T19:16:00+00:00","dateModified":"2022-08-08T19:18:50+00:00","mainEntityOfPage":{"@id":"https:\/\/www.museum.de\/blog\/magazin-museum-de-nr-46-winter-fruehjahr-2022\/"},"wordCount":48,"publisher":{"@id":"https:\/\/www.museum.de\/blog\/#organization"},"image":{"@id":"https:\/\/www.museum.de\/blog\/magazin-museum-de-nr-46-winter-fruehjahr-2022\/#primaryimage"},"thumbnailUrl":"https:\/\/www.museum.de\/blog\/wp-content\/uploads\/2022\/08\/magazin-46.png","articleSection":["Redaktion"],"inLanguage":"de"},{"@type":"WebPage","@id":"https:\/\/www.museum.de\/blog\/magazin-museum-de-nr-46-winter-fruehjahr-2022\/","url":"https:\/\/www.museum.de\/blog\/magazin-museum-de-nr-46-winter-fruehjahr-2022\/","name":"Magazin Museum.de Nr. 46, Winter, Fr\u00fchjahr 2022 - Der Museumsblog","isPartOf":{"@id":"https:\/\/www.museum.de\/blog\/#website"},"primaryImageOfPage":{"@id":"https:\/\/www.museum.de\/blog\/magazin-museum-de-nr-46-winter-fruehjahr-2022\/#primaryimage"},"image":{"@id":"https:\/\/www.museum.de\/blog\/magazin-museum-de-nr-46-winter-fruehjahr-2022\/#primaryimage"},"thumbnailUrl":"https:\/\/www.museum.de\/blog\/wp-content\/uploads\/2022\/08\/magazin-46.png","datePublished":"2022-03-08T19:16:00+00:00","dateModified":"2022-08-08T19:18:50+00:00","breadcrumb":{"@id":"https:\/\/www.museum.de\/blog\/magazin-museum-de-nr-46-winter-fruehjahr-2022\/#breadcrumb"},"inLanguage":"de","potentialAction":[{"@type":"ReadAction","target":["https:\/\/www.museum.de\/blog\/magazin-museum-de-nr-46-winter-fruehjahr-2022\/"]}]},{"@type":"ImageObject","inLanguage":"de","@id":"https:\/\/www.museum.de\/blog\/magazin-museum-de-nr-46-winter-fruehjahr-2022\/#primaryimage","url":"https:\/\/www.museum.de\/blog\/wp-content\/uploads\/2022\/08\/magazin-46.png","contentUrl":"https:\/\/www.museum.de\/blog\/wp-content\/uploads\/2022\/08\/magazin-46.png","width":724,"height":1024},{"@type":"BreadcrumbList","@id":"https:\/\/www.museum.de\/blog\/magazin-museum-de-nr-46-winter-fruehjahr-2022\/#breadcrumb","itemListElement":[{"@type":"ListItem","position":1,"name":"Startseite","item":"https:\/\/www.museum.de\/blog\/"},{"@type":"ListItem","position":2,"name":"Magazin Museum.de Nr. 46, Winter, Fr\u00fchjahr 2022"}]},{"@type":"WebSite","@id":"https:\/\/www.museum.de\/blog\/#website","url":"https:\/\/www.museum.de\/blog\/","name":"Der Museumsblog","description":"Der Blog","publisher":{"@id":"https:\/\/www.museum.de\/blog\/#organization"},"alternateName":"museum.de - Der Museumsblog","potentialAction":[{"@type":"SearchAction","target":{"@type":"EntryPoint","urlTemplate":"https:\/\/www.museum.de\/blog\/?s={search_term_string}"},"query-input":{"@type":"PropertyValueSpecification","valueRequired":true,"valueName":"search_term_string"}}],"inLanguage":"de"},{"@type":"Organization","@id":"https:\/\/www.museum.de\/blog\/#organization","name":"Der Museumsblog","url":"https:\/\/www.museum.de\/blog\/","logo":{"@type":"ImageObject","inLanguage":"de","@id":"https:\/\/www.museum.de\/blog\/#\/schema\/logo\/image\/","url":"https:\/\/www.museum.de\/blog\/wp-content\/uploads\/2019\/03\/cropped-Audioguide_Titelseite-1.jpg","contentUrl":"https:\/\/www.museum.de\/blog\/wp-content\/uploads\/2019\/03\/cropped-Audioguide_Titelseite-1.jpg","width":512,"height":512,"caption":"Der Museumsblog"},"image":{"@id":"https:\/\/www.museum.de\/blog\/#\/schema\/logo\/image\/"}},{"@type":"Person","@id":"https:\/\/www.museum.de\/blog\/#\/schema\/person\/c09a0aea9ac127965257ff6115957332","name":"Redaktion","description":"Das Redaktionsteam von museum.de","url":"https:\/\/www.museum.de\/blog\/author\/msupervisor\/"}]}},"_links":{"self":[{"href":"https:\/\/www.museum.de\/blog\/wp-json\/wp\/v2\/posts\/1683","targetHints":{"allow":["GET"]}}],"collection":[{"href":"https:\/\/www.museum.de\/blog\/wp-json\/wp\/v2\/posts"}],"about":[{"href":"https:\/\/www.museum.de\/blog\/wp-json\/wp\/v2\/types\/post"}],"author":[{"embeddable":true,"href":"https:\/\/www.museum.de\/blog\/wp-json\/wp\/v2\/users\/1"}],"replies":[{"embeddable":true,"href":"https:\/\/www.museum.de\/blog\/wp-json\/wp\/v2\/comments?post=1683"}],"version-history":[{"count":1,"href":"https:\/\/www.museum.de\/blog\/wp-json\/wp\/v2\/posts\/1683\/revisions"}],"predecessor-version":[{"id":1685,"href":"https:\/\/www.museum.de\/blog\/wp-json\/wp\/v2\/posts\/1683\/revisions\/1685"}],"wp:featuredmedia":[{"embeddable":true,"href":"https:\/\/www.museum.de\/blog\/wp-json\/wp\/v2\/media\/1684"}],"wp:attachment":[{"href":"https:\/\/www.museum.de\/blog\/wp-json\/wp\/v2\/media?parent=1683"}],"wp:term":[{"taxonomy":"category","embeddable":true,"href":"https:\/\/www.museum.de\/blog\/wp-json\/wp\/v2\/categories?post=1683"},{"taxonomy":"post_tag","embeddable":true,"href":"https:\/\/www.museum.de\/blog\/wp-json\/wp\/v2\/tags?post=1683"}],"curies":[{"name":"wp","href":"https:\/\/api.w.org\/{rel}","templated":true}]}}