{"id":1905,"date":"2020-08-31T12:07:19","date_gmt":"2020-08-31T12:07:19","guid":{"rendered":"https:\/\/www.museum.de\/blog\/?p=1905"},"modified":"2024-02-20T08:01:15","modified_gmt":"2024-02-20T08:01:15","slug":"neue-plattform-fuer-audioguide-im-museum-und-park-kalkriese","status":"publish","type":"post","link":"https:\/\/www.museum.de\/blog\/neue-plattform-fuer-audioguide-im-museum-und-park-kalkriese\/","title":{"rendered":"Neue Plattform f\u00fcr Audioguide im <a href=\"https:\/\/www.museum.de\/museen\/museum-und-park-kalkriese\">Museum und Park Kalkriese<\/a>"},"content":{"rendered":"\n<blockquote class=\"wp-block-quote is-layout-flow wp-block-quote-is-layout-flow\">\n<p>Die Anwendung von museum.de war f\u00fcr uns in vielerlei Hinsicht optimal &#8211; angefangen von den angemessenen Hostingkosten bis hin zur schnellen Umsetzung. So konnten wir in wenigen Tagen unsere Tonspuren in das System \u00fcbertragen. Dank einer nutzerfreundlichen Bedienungsoberfl\u00e4che, die mit g\u00e4ngigen Content-Management-Systemen vergleichbar ist, konnten wir Mitte Mai unseren Besuchern unsere H\u00f6rrundg\u00e4nge wieder anbieten &#8211; als Angebot auf dem eigenen Handy.<\/p>\n\n\n\n<p>Die Corona-Pandemie hat den Museumsalltag geh\u00f6rig durcheinandergebracht. Zuerst die schmerzhafte Erfahrung, das Museum schlie\u00dfen zu m\u00fcssen, dann die vielen Herausforderungen, das Museum mit vielen Einschr\u00e4nkungen wieder \u00f6ffnen zu d\u00fcrfen. Auch Museum und Park Kalkriese standen Anfang Mai vor der gro\u00dfen Aufgabe, das Museum unter Einhaltung strenger Hygiene- und Abstandsvorschriften f\u00fcr Besucherinnen zug\u00e4nglich zu machen. Personenobergrenzen in den Ausstellungen, vorerst keine F\u00fchrungen, und, und, und.<\/p>\n\n\n\n<p>Trotzdem wollten wir unsere Audioguide-Touren, die wir mehrsprachig f\u00fcr die Dauerausstellung, den Park und f\u00fcr Kinder entwickelt haben, weiter anbieten. Eine L\u00f6sung musste her. Die browserbasierte Audioguidel\u00f6sung \u00fcber die Plattform museum.de war hier in Kalkriese schon bekannt. Bislang bestand aber kein Bedarf, weil &#8211; und das muss man hier auch erw\u00e4hnen &#8211; wir mit unseren Audioguide-Ger\u00e4ten zufrieden waren. Die Ausgabe \u00fcber die Plattform war f\u00fcr unsere Besucherinnen jedoch eine sehr einfache und zug\u00e4ngliche M\u00f6glichkeit, um sich unsere Audioguide-Touren anzuh\u00f6ren.<\/p>\n\n\n\n<p>Dazu muss keine App heruntergeladen werden. Alle Angebote finden sich auf der Webseite von museum.de in einem eigenen Bereich f\u00fcr das jeweilige Museum. Durch die M\u00f6glichkeit, eine Vielzahl von H\u00f6rtexten zu verschiedenen Themen anbieten zu k\u00f6nnen, planen wir jetzt schon die Entwicklung eines Audioguides f\u00fcr unsere Sonderausstellung &#8222;Spot an &#8211; Szenen einer r\u00f6mischen Stadt&#8220;, die wir 2021 zeigen.<\/p>\n\n\n\n<p>Das Feedback und der Zuspruch sind gut. Die Erreichbarkeit und Handhabung sind leicht. Die Besucherinnen scannen einmalig einen QR-Code und k\u00f6nnen sich die gew\u00fcnschte Audioguide-Tour aufrufen.<\/p>\n<cite>Von Caroline Fl\u00f6ring, Leiterin Kommunikation.<\/cite><\/blockquote>\n\n\n\n<p>Auszug aus Magazin museum.de vom August 2020<\/p>\n","protected":false},"excerpt":{"rendered":"<p>Die Anwendung von museum.de war f\u00fcr uns in vielerlei Hinsicht optimal &#8211; angefangen von den angemessenen Hostingkosten bis hin zur schnellen Umsetzung. So konnten wir in wenigen Tagen unsere Tonspuren in das System \u00fcbertragen. Dank einer nutzerfreundlichen Bedienungsoberfl\u00e4che, die mit g\u00e4ngigen Content-Management-Systemen vergleichbar ist, konnten wir Mitte Mai unseren Besuchern unsere H\u00f6rrundg\u00e4nge wieder anbieten &#8211; [&hellip;]<\/p>\n","protected":false},"author":1,"featured_media":2523,"comment_status":"closed","ping_status":"closed","sticky":false,"template":"","format":"standard","meta":{"site-sidebar-layout":"default","site-content-layout":"","ast-site-content-layout":"default","site-content-style":"default","site-sidebar-style":"default","ast-global-header-display":"","ast-banner-title-visibility":"","ast-main-header-display":"","ast-hfb-above-header-display":"","ast-hfb-below-header-display":"","ast-hfb-mobile-header-display":"","site-post-title":"","ast-breadcrumbs-content":"","ast-featured-img":"","footer-sml-layout":"","ast-disable-related-posts":"","theme-transparent-header-meta":"","adv-header-id-meta":"","stick-header-meta":"","header-above-stick-meta":"","header-main-stick-meta":"","header-below-stick-meta":"","astra-migrate-meta-layouts":"set","ast-page-background-enabled":"default","ast-page-background-meta":{"desktop":{"background-color":"var(--ast-global-color-4)","background-image":"","background-repeat":"repeat","background-position":"center center","background-size":"auto","background-attachment":"scroll","background-type":"","background-media":"","overlay-type":"","overlay-color":"","overlay-opacity":"","overlay-gradient":""},"tablet":{"background-color":"","background-image":"","background-repeat":"repeat","background-position":"center center","background-size":"auto","background-attachment":"scroll","background-type":"","background-media":"","overlay-type":"","overlay-color":"","overlay-opacity":"","overlay-gradient":""},"mobile":{"background-color":"","background-image":"","background-repeat":"repeat","background-position":"center center","background-size":"auto","background-attachment":"scroll","background-type":"","background-media":"","overlay-type":"","overlay-color":"","overlay-opacity":"","overlay-gradient":""}},"ast-content-background-meta":{"desktop":{"background-color":"var(--ast-global-color-5)","background-image":"","background-repeat":"repeat","background-position":"center center","background-size":"auto","background-attachment":"scroll","background-type":"","background-media":"","overlay-type":"","overlay-color":"","overlay-opacity":"","overlay-gradient":""},"tablet":{"background-color":"var(--ast-global-color-5)","background-image":"","background-repeat":"repeat","background-position":"center center","background-size":"auto","background-attachment":"scroll","background-type":"","background-media":"","overlay-type":"","overlay-color":"","overlay-opacity":"","overlay-gradient":""},"mobile":{"background-color":"var(--ast-global-color-5)","background-image":"","background-repeat":"repeat","background-position":"center center","background-size":"auto","background-attachment":"scroll","background-type":"","background-media":"","overlay-type":"","overlay-color":"","overlay-opacity":"","overlay-gradient":""}},"episode_type":"","audio_file":"","podmotor_file_id":"","podmotor_episode_id":"","cover_image":"","cover_image_id":"","duration":"","filesize":"","filesize_raw":"","date_recorded":"","explicit":"","block":"","itunes_episode_number":"","itunes_title":"","itunes_season_number":"","itunes_episode_type":"","footnotes":""},"categories":[8],"tags":[16,17],"class_list":["post-1905","post","type-post","status-publish","format-standard","has-post-thumbnail","hentry","category-audioguides","tag-magazin","tag-museen"],"yoast_head":"<!-- This site is optimized with the Yoast SEO plugin v27.5 - https:\/\/yoast.com\/product\/yoast-seo-wordpress\/ -->\n<title>Neue Plattform f\u00fcr Audioguide im Museum und Park Kalkriese - Der Museumsblog<\/title>\n<meta name=\"robots\" content=\"index, follow, max-snippet:-1, max-image-preview:large, max-video-preview:-1\" \/>\n<link rel=\"canonical\" href=\"https:\/\/www.museum.de\/blog\/neue-plattform-fuer-audioguide-im-museum-und-park-kalkriese\/\" \/>\n<meta property=\"og:locale\" content=\"de_DE\" \/>\n<meta property=\"og:type\" content=\"article\" \/>\n<meta property=\"og:title\" content=\"Neue Plattform f\u00fcr Audioguide im Museum und Park Kalkriese - Der Museumsblog\" \/>\n<meta property=\"og:description\" content=\"Die Anwendung von museum.de war f\u00fcr uns in vielerlei Hinsicht optimal &#8211; angefangen von den angemessenen Hostingkosten bis hin zur schnellen Umsetzung. So konnten wir in wenigen Tagen unsere Tonspuren in das System \u00fcbertragen. Dank einer nutzerfreundlichen Bedienungsoberfl\u00e4che, die mit g\u00e4ngigen Content-Management-Systemen vergleichbar ist, konnten wir Mitte Mai unseren Besuchern unsere H\u00f6rrundg\u00e4nge wieder anbieten &#8211; [&hellip;]\" \/>\n<meta property=\"og:url\" content=\"https:\/\/www.museum.de\/blog\/neue-plattform-fuer-audioguide-im-museum-und-park-kalkriese\/\" \/>\n<meta property=\"og:site_name\" content=\"Der Museumsblog\" \/>\n<meta property=\"article:published_time\" content=\"2020-08-31T12:07:19+00:00\" \/>\n<meta property=\"article:modified_time\" content=\"2024-02-20T08:01:15+00:00\" \/>\n<meta name=\"author\" content=\"Redaktion\" \/>\n<meta name=\"twitter:card\" content=\"summary_large_image\" \/>\n<script type=\"application\/ld+json\" class=\"yoast-schema-graph\">{\"@context\":\"https:\\\/\\\/schema.org\",\"@graph\":[{\"@type\":\"Article\",\"@id\":\"https:\\\/\\\/www.museum.de\\\/blog\\\/neue-plattform-fuer-audioguide-im-museum-und-park-kalkriese\\\/#article\",\"isPartOf\":{\"@id\":\"https:\\\/\\\/www.museum.de\\\/blog\\\/neue-plattform-fuer-audioguide-im-museum-und-park-kalkriese\\\/\"},\"author\":{\"name\":\"Redaktion\",\"@id\":\"https:\\\/\\\/www.museum.de\\\/blog\\\/#\\\/schema\\\/person\\\/c09a0aea9ac127965257ff6115957332\"},\"headline\":\"Neue Plattform f\u00fcr Audioguide im Museum und Park Kalkriese\",\"datePublished\":\"2020-08-31T12:07:19+00:00\",\"dateModified\":\"2024-02-20T08:01:15+00:00\",\"mainEntityOfPage\":{\"@id\":\"https:\\\/\\\/www.museum.de\\\/blog\\\/neue-plattform-fuer-audioguide-im-museum-und-park-kalkriese\\\/\"},\"wordCount\":345,\"publisher\":{\"@id\":\"https:\\\/\\\/www.museum.de\\\/blog\\\/#organization\"},\"image\":{\"@id\":\"https:\\\/\\\/www.museum.de\\\/blog\\\/neue-plattform-fuer-audioguide-im-museum-und-park-kalkriese\\\/#primaryimage\"},\"thumbnailUrl\":\"https:\\\/\\\/www.museum.de\\\/blog\\\/wp-content\\\/uploads\\\/2024\\\/01\\\/230a99f12af4b67a29cfdb3fb323cd40.png\",\"keywords\":[\"Magazin\",\"Museen\"],\"articleSection\":[\"Audioguides\"],\"inLanguage\":\"de\"},{\"@type\":\"WebPage\",\"@id\":\"https:\\\/\\\/www.museum.de\\\/blog\\\/neue-plattform-fuer-audioguide-im-museum-und-park-kalkriese\\\/\",\"url\":\"https:\\\/\\\/www.museum.de\\\/blog\\\/neue-plattform-fuer-audioguide-im-museum-und-park-kalkriese\\\/\",\"name\":\"Neue Plattform f\u00fcr Audioguide im Museum und Park Kalkriese - Der Museumsblog\",\"isPartOf\":{\"@id\":\"https:\\\/\\\/www.museum.de\\\/blog\\\/#website\"},\"primaryImageOfPage\":{\"@id\":\"https:\\\/\\\/www.museum.de\\\/blog\\\/neue-plattform-fuer-audioguide-im-museum-und-park-kalkriese\\\/#primaryimage\"},\"image\":{\"@id\":\"https:\\\/\\\/www.museum.de\\\/blog\\\/neue-plattform-fuer-audioguide-im-museum-und-park-kalkriese\\\/#primaryimage\"},\"thumbnailUrl\":\"https:\\\/\\\/www.museum.de\\\/blog\\\/wp-content\\\/uploads\\\/2024\\\/01\\\/230a99f12af4b67a29cfdb3fb323cd40.png\",\"datePublished\":\"2020-08-31T12:07:19+00:00\",\"dateModified\":\"2024-02-20T08:01:15+00:00\",\"breadcrumb\":{\"@id\":\"https:\\\/\\\/www.museum.de\\\/blog\\\/neue-plattform-fuer-audioguide-im-museum-und-park-kalkriese\\\/#breadcrumb\"},\"inLanguage\":\"de\",\"potentialAction\":[{\"@type\":\"ReadAction\",\"target\":[\"https:\\\/\\\/www.museum.de\\\/blog\\\/neue-plattform-fuer-audioguide-im-museum-und-park-kalkriese\\\/\"]}]},{\"@type\":\"ImageObject\",\"inLanguage\":\"de\",\"@id\":\"https:\\\/\\\/www.museum.de\\\/blog\\\/neue-plattform-fuer-audioguide-im-museum-und-park-kalkriese\\\/#primaryimage\",\"url\":\"https:\\\/\\\/www.museum.de\\\/blog\\\/wp-content\\\/uploads\\\/2024\\\/01\\\/230a99f12af4b67a29cfdb3fb323cd40.png\",\"contentUrl\":\"https:\\\/\\\/www.museum.de\\\/blog\\\/wp-content\\\/uploads\\\/2024\\\/01\\\/230a99f12af4b67a29cfdb3fb323cd40.png\",\"width\":1600,\"height\":914,\"caption\":\"Erzeuge ein Foto mit einem hellgrauen kopfh\u00f6rer auf einem gl\u00e4nzenden glastisch\"},{\"@type\":\"BreadcrumbList\",\"@id\":\"https:\\\/\\\/www.museum.de\\\/blog\\\/neue-plattform-fuer-audioguide-im-museum-und-park-kalkriese\\\/#breadcrumb\",\"itemListElement\":[{\"@type\":\"ListItem\",\"position\":1,\"name\":\"Startseite\",\"item\":\"https:\\\/\\\/www.museum.de\\\/blog\\\/\"},{\"@type\":\"ListItem\",\"position\":2,\"name\":\"Neue Plattform f\u00fcr Audioguide im Museum und Park Kalkriese\"}]},{\"@type\":\"WebSite\",\"@id\":\"https:\\\/\\\/www.museum.de\\\/blog\\\/#website\",\"url\":\"https:\\\/\\\/www.museum.de\\\/blog\\\/\",\"name\":\"Der Museumsblog\",\"description\":\"Der Blog\",\"publisher\":{\"@id\":\"https:\\\/\\\/www.museum.de\\\/blog\\\/#organization\"},\"alternateName\":\"museum.de - Der Museumsblog\",\"potentialAction\":[{\"@type\":\"SearchAction\",\"target\":{\"@type\":\"EntryPoint\",\"urlTemplate\":\"https:\\\/\\\/www.museum.de\\\/blog\\\/?s={search_term_string}\"},\"query-input\":{\"@type\":\"PropertyValueSpecification\",\"valueRequired\":true,\"valueName\":\"search_term_string\"}}],\"inLanguage\":\"de\"},{\"@type\":\"Organization\",\"@id\":\"https:\\\/\\\/www.museum.de\\\/blog\\\/#organization\",\"name\":\"Der Museumsblog\",\"url\":\"https:\\\/\\\/www.museum.de\\\/blog\\\/\",\"logo\":{\"@type\":\"ImageObject\",\"inLanguage\":\"de\",\"@id\":\"https:\\\/\\\/www.museum.de\\\/blog\\\/#\\\/schema\\\/logo\\\/image\\\/\",\"url\":\"https:\\\/\\\/www.museum.de\\\/blog\\\/wp-content\\\/uploads\\\/2019\\\/03\\\/cropped-Audioguide_Titelseite-1.jpg\",\"contentUrl\":\"https:\\\/\\\/www.museum.de\\\/blog\\\/wp-content\\\/uploads\\\/2019\\\/03\\\/cropped-Audioguide_Titelseite-1.jpg\",\"width\":512,\"height\":512,\"caption\":\"Der Museumsblog\"},\"image\":{\"@id\":\"https:\\\/\\\/www.museum.de\\\/blog\\\/#\\\/schema\\\/logo\\\/image\\\/\"}},{\"@type\":\"Person\",\"@id\":\"https:\\\/\\\/www.museum.de\\\/blog\\\/#\\\/schema\\\/person\\\/c09a0aea9ac127965257ff6115957332\",\"name\":\"Redaktion\",\"description\":\"Das Redaktionsteam von museum.de\",\"url\":\"https:\\\/\\\/www.museum.de\\\/blog\\\/author\\\/msupervisor\\\/\"}]}<\/script>\n<!-- \/ Yoast SEO plugin. -->","yoast_head_json":{"title":"Neue Plattform f\u00fcr Audioguide im Museum und Park Kalkriese - Der Museumsblog","robots":{"index":"index","follow":"follow","max-snippet":"max-snippet:-1","max-image-preview":"max-image-preview:large","max-video-preview":"max-video-preview:-1"},"canonical":"https:\/\/www.museum.de\/blog\/neue-plattform-fuer-audioguide-im-museum-und-park-kalkriese\/","og_locale":"de_DE","og_type":"article","og_title":"Neue Plattform f\u00fcr Audioguide im Museum und Park Kalkriese - Der Museumsblog","og_description":"Die Anwendung von museum.de war f\u00fcr uns in vielerlei Hinsicht optimal &#8211; angefangen von den angemessenen Hostingkosten bis hin zur schnellen Umsetzung. So konnten wir in wenigen Tagen unsere Tonspuren in das System \u00fcbertragen. Dank einer nutzerfreundlichen Bedienungsoberfl\u00e4che, die mit g\u00e4ngigen Content-Management-Systemen vergleichbar ist, konnten wir Mitte Mai unseren Besuchern unsere H\u00f6rrundg\u00e4nge wieder anbieten &#8211; [&hellip;]","og_url":"https:\/\/www.museum.de\/blog\/neue-plattform-fuer-audioguide-im-museum-und-park-kalkriese\/","og_site_name":"Der Museumsblog","article_published_time":"2020-08-31T12:07:19+00:00","article_modified_time":"2024-02-20T08:01:15+00:00","author":"Redaktion","twitter_card":"summary_large_image","schema":{"@context":"https:\/\/schema.org","@graph":[{"@type":"Article","@id":"https:\/\/www.museum.de\/blog\/neue-plattform-fuer-audioguide-im-museum-und-park-kalkriese\/#article","isPartOf":{"@id":"https:\/\/www.museum.de\/blog\/neue-plattform-fuer-audioguide-im-museum-und-park-kalkriese\/"},"author":{"name":"Redaktion","@id":"https:\/\/www.museum.de\/blog\/#\/schema\/person\/c09a0aea9ac127965257ff6115957332"},"headline":"Neue Plattform f\u00fcr Audioguide im Museum und Park Kalkriese","datePublished":"2020-08-31T12:07:19+00:00","dateModified":"2024-02-20T08:01:15+00:00","mainEntityOfPage":{"@id":"https:\/\/www.museum.de\/blog\/neue-plattform-fuer-audioguide-im-museum-und-park-kalkriese\/"},"wordCount":345,"publisher":{"@id":"https:\/\/www.museum.de\/blog\/#organization"},"image":{"@id":"https:\/\/www.museum.de\/blog\/neue-plattform-fuer-audioguide-im-museum-und-park-kalkriese\/#primaryimage"},"thumbnailUrl":"https:\/\/www.museum.de\/blog\/wp-content\/uploads\/2024\/01\/230a99f12af4b67a29cfdb3fb323cd40.png","keywords":["Magazin","Museen"],"articleSection":["Audioguides"],"inLanguage":"de"},{"@type":"WebPage","@id":"https:\/\/www.museum.de\/blog\/neue-plattform-fuer-audioguide-im-museum-und-park-kalkriese\/","url":"https:\/\/www.museum.de\/blog\/neue-plattform-fuer-audioguide-im-museum-und-park-kalkriese\/","name":"Neue Plattform f\u00fcr Audioguide im Museum und Park Kalkriese - Der Museumsblog","isPartOf":{"@id":"https:\/\/www.museum.de\/blog\/#website"},"primaryImageOfPage":{"@id":"https:\/\/www.museum.de\/blog\/neue-plattform-fuer-audioguide-im-museum-und-park-kalkriese\/#primaryimage"},"image":{"@id":"https:\/\/www.museum.de\/blog\/neue-plattform-fuer-audioguide-im-museum-und-park-kalkriese\/#primaryimage"},"thumbnailUrl":"https:\/\/www.museum.de\/blog\/wp-content\/uploads\/2024\/01\/230a99f12af4b67a29cfdb3fb323cd40.png","datePublished":"2020-08-31T12:07:19+00:00","dateModified":"2024-02-20T08:01:15+00:00","breadcrumb":{"@id":"https:\/\/www.museum.de\/blog\/neue-plattform-fuer-audioguide-im-museum-und-park-kalkriese\/#breadcrumb"},"inLanguage":"de","potentialAction":[{"@type":"ReadAction","target":["https:\/\/www.museum.de\/blog\/neue-plattform-fuer-audioguide-im-museum-und-park-kalkriese\/"]}]},{"@type":"ImageObject","inLanguage":"de","@id":"https:\/\/www.museum.de\/blog\/neue-plattform-fuer-audioguide-im-museum-und-park-kalkriese\/#primaryimage","url":"https:\/\/www.museum.de\/blog\/wp-content\/uploads\/2024\/01\/230a99f12af4b67a29cfdb3fb323cd40.png","contentUrl":"https:\/\/www.museum.de\/blog\/wp-content\/uploads\/2024\/01\/230a99f12af4b67a29cfdb3fb323cd40.png","width":1600,"height":914,"caption":"Erzeuge ein Foto mit einem hellgrauen kopfh\u00f6rer auf einem gl\u00e4nzenden glastisch"},{"@type":"BreadcrumbList","@id":"https:\/\/www.museum.de\/blog\/neue-plattform-fuer-audioguide-im-museum-und-park-kalkriese\/#breadcrumb","itemListElement":[{"@type":"ListItem","position":1,"name":"Startseite","item":"https:\/\/www.museum.de\/blog\/"},{"@type":"ListItem","position":2,"name":"Neue Plattform f\u00fcr Audioguide im Museum und Park Kalkriese"}]},{"@type":"WebSite","@id":"https:\/\/www.museum.de\/blog\/#website","url":"https:\/\/www.museum.de\/blog\/","name":"Der Museumsblog","description":"Der Blog","publisher":{"@id":"https:\/\/www.museum.de\/blog\/#organization"},"alternateName":"museum.de - Der Museumsblog","potentialAction":[{"@type":"SearchAction","target":{"@type":"EntryPoint","urlTemplate":"https:\/\/www.museum.de\/blog\/?s={search_term_string}"},"query-input":{"@type":"PropertyValueSpecification","valueRequired":true,"valueName":"search_term_string"}}],"inLanguage":"de"},{"@type":"Organization","@id":"https:\/\/www.museum.de\/blog\/#organization","name":"Der Museumsblog","url":"https:\/\/www.museum.de\/blog\/","logo":{"@type":"ImageObject","inLanguage":"de","@id":"https:\/\/www.museum.de\/blog\/#\/schema\/logo\/image\/","url":"https:\/\/www.museum.de\/blog\/wp-content\/uploads\/2019\/03\/cropped-Audioguide_Titelseite-1.jpg","contentUrl":"https:\/\/www.museum.de\/blog\/wp-content\/uploads\/2019\/03\/cropped-Audioguide_Titelseite-1.jpg","width":512,"height":512,"caption":"Der Museumsblog"},"image":{"@id":"https:\/\/www.museum.de\/blog\/#\/schema\/logo\/image\/"}},{"@type":"Person","@id":"https:\/\/www.museum.de\/blog\/#\/schema\/person\/c09a0aea9ac127965257ff6115957332","name":"Redaktion","description":"Das Redaktionsteam von museum.de","url":"https:\/\/www.museum.de\/blog\/author\/msupervisor\/"}]}},"_links":{"self":[{"href":"https:\/\/www.museum.de\/blog\/wp-json\/wp\/v2\/posts\/1905","targetHints":{"allow":["GET"]}}],"collection":[{"href":"https:\/\/www.museum.de\/blog\/wp-json\/wp\/v2\/posts"}],"about":[{"href":"https:\/\/www.museum.de\/blog\/wp-json\/wp\/v2\/types\/post"}],"author":[{"embeddable":true,"href":"https:\/\/www.museum.de\/blog\/wp-json\/wp\/v2\/users\/1"}],"replies":[{"embeddable":true,"href":"https:\/\/www.museum.de\/blog\/wp-json\/wp\/v2\/comments?post=1905"}],"version-history":[{"count":2,"href":"https:\/\/www.museum.de\/blog\/wp-json\/wp\/v2\/posts\/1905\/revisions"}],"predecessor-version":[{"id":2571,"href":"https:\/\/www.museum.de\/blog\/wp-json\/wp\/v2\/posts\/1905\/revisions\/2571"}],"wp:featuredmedia":[{"embeddable":true,"href":"https:\/\/www.museum.de\/blog\/wp-json\/wp\/v2\/media\/2523"}],"wp:attachment":[{"href":"https:\/\/www.museum.de\/blog\/wp-json\/wp\/v2\/media?parent=1905"}],"wp:term":[{"taxonomy":"category","embeddable":true,"href":"https:\/\/www.museum.de\/blog\/wp-json\/wp\/v2\/categories?post=1905"},{"taxonomy":"post_tag","embeddable":true,"href":"https:\/\/www.museum.de\/blog\/wp-json\/wp\/v2\/tags?post=1905"}],"curies":[{"name":"wp","href":"https:\/\/api.w.org\/{rel}","templated":true}]}}