{"id":1949,"date":"2023-03-31T12:30:28","date_gmt":"2023-03-31T12:30:28","guid":{"rendered":"https:\/\/www.museum.de\/blog\/?p=1949"},"modified":"2023-04-18T14:19:31","modified_gmt":"2023-04-18T14:19:31","slug":"lange-nacht-und-kurze-nacht-der-museen-im-april-2023","status":"publish","type":"post","link":"https:\/\/www.museum.de\/blog\/lange-nacht-und-kurze-nacht-der-museen-im-april-2023\/","title":{"rendered":"Lange Nacht und Kurze Nacht der Museen im April 2023"},"content":{"rendered":"\n<p>Nachdem Stuttgart den Auftakt zur Saison der Langen Nacht begonnen hat, folgen nun Hamburg, D\u00fcsseldorf und Wiesbaden.<\/p>\n\n\n\n<h3 class=\"wp-block-heading\"><strong>1. April 2023 von 19 &#8211; 24 Uhr<\/strong> in Wiesbaden <\/h3>\n\n\n\n<p><a href=\"http:\/\/www.kurze-nacht.de\/\" target=\"_blank\" rel=\"noreferrer noopener\">http:\/\/www.kurze-nacht.de\/<\/a><\/p>\n\n\n\n<p><strong>Teilnehmende Museen und Kultureinrichtungen: <\/strong>AIDS Hilfe Wiesbaden, art room wiesbaden, BBK SCHAUstelle, Bellevue-Saal&nbsp;, Atelier Dreimann, frauen museum wiesbaden, Hafemann, Hermsen, Hospizverein Wiesbaden Auxilium e.V., HS Galerie, Kirche und Kultur, Theater im Palast: madebykuenstlerhaus43, Kunsthaus, KunstKontor, Kunstraum der IG, Loftwerk Wiesbaden, Museum Wiesbaden, Nassauischer Kunstverein, Neongolden, Atelier Andreas Orosz u. Katharina Reschke, Photogalerie Wiesbaden, Pokusa Kunstsalon e.V., projektraumKUNST, Queeres Zentrum e.V., Rother, IncubARTor, Galerie RubrechtContemorary, sam \u2013 Stadtmuseum am Markt, Kunst-Schaefer, Schlo\u00df Freudenberg, SV AtriumGalerie der SVSparkassenVersicherung, K\u00fcnstlerverein Walkm\u00fchle, Kunsthaus Weinstock, Westend Galerie, Freiluftgalerie, Das rollende Museum<\/p>\n\n\n\n<h3 class=\"wp-block-heading\">22. April von 18 &#8211; 1 Uhr in Hamburg <\/h3>\n\n\n\n<p><a href=\"https:\/\/www.langenachtdermuseen-hamburg.de\/\">https:\/\/www.langenachtdermuseen-hamburg.de\/<\/a><\/p>\n\n\n\n<p><strong>Teilnehmende Museen und Kultureinrichtungen: <\/strong>Altonaer Museum, Arch\u00e4ologisches Museum Hamburg und Stadtmuseum Harburg, Astronomiepark Hamburger Sternwarte, BallinStadt, Bergedorfer M\u00fchle, Bucerius Kunst Forum, Cap San Diego, Deichtorhallen Hamburg, denk.mal Hannoverscher Bahnhof, Deutsches Hafenmuseum (im Aufbau) &#8211; Standort Schuppen 50A, Deutsches Maler- und Lackierer-Museum, Deutsches Zollmuseum, Deutsches Zusatzstoffmuseum, electrum &#8211; Das Museum der Elektrizit\u00e4t, FC St. Pauli Museum, Freie Akademie der K\u00fcnste in Hamburg, Freilichtmuseum Rieck Haus, Gedenkst\u00e4tte Bullenhuser Damm, HafenCity InfoCenter OSAKA 9, Hamburger Genossenschafts-Museum, Hamburger Kunsthalle, Helmut-Schmidt-Forum, Informationszentrum Energieberg Georgswerder, Internationales Maritimes Museum Hamburg, Jenisch Haus, Kaffeemuseum Burg, KL!CK Kindermuseum Hamburg, KomponistenQuartier Hamburg, Kunsthaus Hamburg, Kunstverein Harburger Bahnhof, Kunstverein in Hamburg, KZ-Gedenkst\u00e4tte Neuengamme, Medizinhistorisches Museum Hamburg, Museum am Rothenbaum. Kulturen und K\u00fcnste der Welt (MARKK), Museum der Arbeit, Museum der Natur &#8211; Geologie, Museum der Natur &#8211; Mineralogie, Museum der Natur &#8211; Zoologie, Museum f\u00fcr Hamburgische Geschichtchen, Museum f\u00fcr Hamburgische Geschichte, Museum f\u00fcr Kunst und Gewerbe Hamburg, Museum Mahnmal St. Nikolai, Museumsschiff RICKMER RICKMERS, Polizeimuseum Hamburg, Speicherstadtmuseum, Stiftung Hamburg Maritim, Universit\u00e4tsmuseum Hamburg, vor\u2014g\u00e4nge museum f\u00fcr alternative stadt, Wasserkunst Elbinsel Kaltehofe, Zaubermuseum Bellachini<\/p>\n\n\n\n<p><strong>Was enth\u00e4lt das Ticket?<\/strong><\/p>\n\n\n\n<ul class=\"wp-block-list\">\n<li>Eintritt in alle teilnehmenden Museen am Samstag, den 22. April 2023 von 18 bis 1 Uhr<\/li>\n\n\n\n<li>Nutzung des LANGE-NACHT-Busshuttles, der von<\/li>\n\n\n\n<li>zentralen S- und U-Bahn-Stationen aus jene Museen und Gedenkst\u00e4tten anf\u00e4hrt, die mit \u00f6ffentlichen Verkehrsmitteln schwer erreichbar sind<\/li>\n\n\n\n<li>Nutzung des hvv (Ringe A-F) f\u00fcr beliebig viele Fahrten am Veranstaltungstag ab 16 Uhr bis 6 Uhr des Folgetags<\/li>\n\n\n\n<li>Nutzung der Historischen S-Bahn zwischen Altona und Barmbek<\/li>\n\n\n\n<li>Nutzung des Barkassenshuttles vom Anleger Sandtorh\u00f6ft zum Anleger Bremer Kai, Hansahafen<\/li>\n<\/ul>\n\n\n\n<h3 class=\"wp-block-heading\">22. April von 19 &#8211; 2 Uhr in D\u00fcsseldorf <\/h3>\n\n\n\n<p><a href=\"https:\/\/www.nacht-der-museen.de\/\">https:\/\/www.nacht-der-museen.de\/<\/a><\/p>\n\n\n\n<p>Erstmals ist auch die Kunstakademie mit von der Partie, die in diesem Jahr ihr 250-j\u00e4hriges Jubil\u00e4um feiert.<\/p>\n\n\n\n<p><strong>Teilnehmende Museen und Kultureinrichtungen: <\/strong> Akademie Galerie \u2022 Aquazoo L\u00f6bbecke Museum \u2022 Basilika St. Lambertus \u2022 Filmmuseum D\u00fcsseldorf \u2022 Goethe-Museum D\u00fcsseldorf \u2022 Haus der Geschichte Nordrhein-Westfalen mit Villa Horion \u2022 Haus des Karnevals \u2022 Heinrich-Heine-Institut \u2022 Hetjens \u2013 Deutsches Keramikmuseum \u2022 Institut fran\u00e7ais D\u00fcsseldorf \u2022 KAI 10 | Arthena Foundation \u2022 KIT \u2013 Kunst im Tunnel \u2022 Kunstakademie \u2022 Kunsthalle D\u00fcsseldorf \u2022 Kunstpalast \u2022 Kunstsammlung NRW \u2013 K20 Grabbeplatz \u2013 K21 St\u00e4ndehaus \u2022 Kunstverein f\u00fcr die Rheinlande und Westfalen, D\u00fcsseldorf \u2022 Mahn- und Gedenkst\u00e4tte D\u00fcsseldorf \u2022 Maxhaus \u2013 Katholisches Stadthaus in D\u00fcsseldorf \u2022 NRW-Forum D\u00fcsseldorf \u2022 Polnisches Institut D\u00fcsseldorf \u2022 SchifffahrtMuseum im Schlossturm \u2022 Stadtmuseum D\u00fcsseldorf \u2022 Stiftung Schloss und Park Benrath: Corps de Logis, Museum f\u00fcr Gartenkunst, Naturkundemuseum \u2022 Theatermuseum D\u00fcsseldorf \u2022 Zero Foundation<br>SONDERLOCATIONS Cubic Studios \u2022 D\u00fcsseldorfer Marionettentheater \u2022 Haus der Universit\u00e4t\u2022 Historischer Stra\u00dfenbahnbetriebshof am Steinberg \u2022 hotel friends D\u00fcsseldorf \u2022 Landtag NRW \u2022 Rheinturm D\u00fcsseldorf \u2022 sipgate \u2022 Tanzhaus NRW \u2022 Jacques Tillys Atelier \u2022 UCI Kinowelt D\u00fcsseldorf \u2022 Wacom Experience Center D\u00fcsseldorf<br>SPECIAL Hafen-Architekturspazierg\u00e4nge \u2022 Rollendes Museum<br>GALERIEN Cebra \u2022 Kunst+Tonic \u2022 Kunstraum Brunnen 10 \u2022 Neonreal \u2013 The Gallery \u2022 pretty portal \u2022 Weidenspace<\/p>\n\n\n\n<p>Was enth\u00e4lt das Ticket?<\/p>\n\n\n\n<p>Einmal Eintritt zahlen \u2013 alles erleben! Jeder Besucher zahlt nur einmal Eintritt (15,- Euro) und besucht alle \u00d6rtlichkeiten in beliebiger Reihenfolge und Ausf\u00fchrlichkeit. Alle teilnehmenden H\u00e4user werden durch kostenfreie Shuttle-Busse, historische Stra\u00dfenbahnen (\u201eDas Rollende Museum\u201c) miteinander verbunden (ca. 10-15 Minutentakt). Bus-Knotenpunkt und zentrale Info-Station ist der Grabbeplatz in der D\u00fcsseldorfer Altstadt.<\/p>\n","protected":false},"excerpt":{"rendered":"<p>Nachdem Stuttgart den Auftakt zur Saison der Langen Nacht begonnen hat, folgen nun Hamburg, D\u00fcsseldorf und Wiesbaden. 1. April 2023 von 19 &#8211; 24 Uhr in Wiesbaden http:\/\/www.kurze-nacht.de\/ Teilnehmende Museen und Kultureinrichtungen: AIDS Hilfe Wiesbaden, art room wiesbaden, BBK SCHAUstelle, Bellevue-Saal&nbsp;, Atelier Dreimann, frauen museum wiesbaden, Hafemann, Hermsen, Hospizverein Wiesbaden Auxilium e.V., HS Galerie, Kirche [&hellip;]<\/p>\n","protected":false},"author":1,"featured_media":1710,"comment_status":"closed","ping_status":"closed","sticky":false,"template":"","format":"standard","meta":{"site-sidebar-layout":"default","site-content-layout":"","ast-site-content-layout":"default","site-content-style":"default","site-sidebar-style":"default","ast-global-header-display":"","ast-banner-title-visibility":"","ast-main-header-display":"","ast-hfb-above-header-display":"","ast-hfb-below-header-display":"","ast-hfb-mobile-header-display":"","site-post-title":"","ast-breadcrumbs-content":"","ast-featured-img":"","footer-sml-layout":"","ast-disable-related-posts":"","theme-transparent-header-meta":"","adv-header-id-meta":"","stick-header-meta":"","header-above-stick-meta":"","header-main-stick-meta":"","header-below-stick-meta":"","astra-migrate-meta-layouts":"default","ast-page-background-enabled":"default","ast-page-background-meta":{"desktop":{"background-color":"var(--ast-global-color-4)","background-image":"","background-repeat":"repeat","background-position":"center center","background-size":"auto","background-attachment":"scroll","background-type":"","background-media":"","overlay-type":"","overlay-color":"","overlay-opacity":"","overlay-gradient":""},"tablet":{"background-color":"","background-image":"","background-repeat":"repeat","background-position":"center center","background-size":"auto","background-attachment":"scroll","background-type":"","background-media":"","overlay-type":"","overlay-color":"","overlay-opacity":"","overlay-gradient":""},"mobile":{"background-color":"","background-image":"","background-repeat":"repeat","background-position":"center center","background-size":"auto","background-attachment":"scroll","background-type":"","background-media":"","overlay-type":"","overlay-color":"","overlay-opacity":"","overlay-gradient":""}},"ast-content-background-meta":{"desktop":{"background-color":"var(--ast-global-color-5)","background-image":"","background-repeat":"repeat","background-position":"center center","background-size":"auto","background-attachment":"scroll","background-type":"","background-media":"","overlay-type":"","overlay-color":"","overlay-opacity":"","overlay-gradient":""},"tablet":{"background-color":"var(--ast-global-color-5)","background-image":"","background-repeat":"repeat","background-position":"center center","background-size":"auto","background-attachment":"scroll","background-type":"","background-media":"","overlay-type":"","overlay-color":"","overlay-opacity":"","overlay-gradient":""},"mobile":{"background-color":"var(--ast-global-color-5)","background-image":"","background-repeat":"repeat","background-position":"center center","background-size":"auto","background-attachment":"scroll","background-type":"","background-media":"","overlay-type":"","overlay-color":"","overlay-opacity":"","overlay-gradient":""}},"episode_type":"","audio_file":"","podmotor_file_id":"","podmotor_episode_id":"","cover_image":"","cover_image_id":"","duration":"","filesize":"","filesize_raw":"","date_recorded":"","explicit":"","block":"","itunes_episode_number":"","itunes_title":"","itunes_season_number":"","itunes_episode_type":"","footnotes":""},"categories":[171],"tags":[175,48,39,41,192],"class_list":["post-1949","post","type-post","status-publish","format-standard","has-post-thumbnail","hentry","category-lange-museumsnacht","tag-duesseldorf","tag-hamburg","tag-lange-nacht","tag-museumsnacht","tag-wiesbaden"],"yoast_head":"<!-- This site is optimized with the Yoast SEO plugin v27.5 - https:\/\/yoast.com\/product\/yoast-seo-wordpress\/ -->\n<title>Lange Nacht und Kurze Nacht der Museen im April 2023 - Der Museumsblog<\/title>\n<meta name=\"robots\" content=\"index, follow, max-snippet:-1, max-image-preview:large, max-video-preview:-1\" \/>\n<link rel=\"canonical\" href=\"https:\/\/www.museum.de\/blog\/lange-nacht-und-kurze-nacht-der-museen-im-april-2023\/\" \/>\n<meta property=\"og:locale\" content=\"de_DE\" \/>\n<meta property=\"og:type\" content=\"article\" \/>\n<meta property=\"og:title\" content=\"Lange Nacht und Kurze Nacht der Museen im April 2023 - Der Museumsblog\" \/>\n<meta property=\"og:description\" content=\"Nachdem Stuttgart den Auftakt zur Saison der Langen Nacht begonnen hat, folgen nun Hamburg, D\u00fcsseldorf und Wiesbaden. 1. April 2023 von 19 &#8211; 24 Uhr in Wiesbaden http:\/\/www.kurze-nacht.de\/ Teilnehmende Museen und Kultureinrichtungen: AIDS Hilfe Wiesbaden, art room wiesbaden, BBK SCHAUstelle, Bellevue-Saal&nbsp;, Atelier Dreimann, frauen museum wiesbaden, Hafemann, Hermsen, Hospizverein Wiesbaden Auxilium e.V., HS Galerie, Kirche [&hellip;]\" \/>\n<meta property=\"og:url\" content=\"https:\/\/www.museum.de\/blog\/lange-nacht-und-kurze-nacht-der-museen-im-april-2023\/\" \/>\n<meta property=\"og:site_name\" content=\"Der Museumsblog\" \/>\n<meta property=\"article:published_time\" content=\"2023-03-31T12:30:28+00:00\" \/>\n<meta property=\"article:modified_time\" content=\"2023-04-18T14:19:31+00:00\" \/>\n<meta property=\"og:image\" content=\"https:\/\/www.museum.de\/blog\/wp-content\/uploads\/2022\/08\/template.png\" \/>\n\t<meta property=\"og:image:width\" content=\"1640\" \/>\n\t<meta property=\"og:image:height\" content=\"664\" \/>\n\t<meta property=\"og:image:type\" content=\"image\/png\" \/>\n<meta name=\"author\" content=\"Redaktion\" \/>\n<meta name=\"twitter:card\" content=\"summary_large_image\" \/>\n<script type=\"application\/ld+json\" class=\"yoast-schema-graph\">{\"@context\":\"https:\\\/\\\/schema.org\",\"@graph\":[{\"@type\":\"Article\",\"@id\":\"https:\\\/\\\/www.museum.de\\\/blog\\\/lange-nacht-und-kurze-nacht-der-museen-im-april-2023\\\/#article\",\"isPartOf\":{\"@id\":\"https:\\\/\\\/www.museum.de\\\/blog\\\/lange-nacht-und-kurze-nacht-der-museen-im-april-2023\\\/\"},\"author\":{\"name\":\"Redaktion\",\"@id\":\"https:\\\/\\\/www.museum.de\\\/blog\\\/#\\\/schema\\\/person\\\/c09a0aea9ac127965257ff6115957332\"},\"headline\":\"Lange Nacht und Kurze Nacht der Museen im April 2023\",\"datePublished\":\"2023-03-31T12:30:28+00:00\",\"dateModified\":\"2023-04-18T14:19:31+00:00\",\"mainEntityOfPage\":{\"@id\":\"https:\\\/\\\/www.museum.de\\\/blog\\\/lange-nacht-und-kurze-nacht-der-museen-im-april-2023\\\/\"},\"wordCount\":654,\"publisher\":{\"@id\":\"https:\\\/\\\/www.museum.de\\\/blog\\\/#organization\"},\"image\":{\"@id\":\"https:\\\/\\\/www.museum.de\\\/blog\\\/lange-nacht-und-kurze-nacht-der-museen-im-april-2023\\\/#primaryimage\"},\"thumbnailUrl\":\"https:\\\/\\\/www.museum.de\\\/blog\\\/wp-content\\\/uploads\\\/2022\\\/08\\\/template.png\",\"keywords\":[\"D\u00fcsseldorf\",\"Hamburg\",\"Lange Nacht\",\"Museumsnacht\",\"Wiesbaden\"],\"articleSection\":[\"Lange Museumsnacht\"],\"inLanguage\":\"de\"},{\"@type\":\"WebPage\",\"@id\":\"https:\\\/\\\/www.museum.de\\\/blog\\\/lange-nacht-und-kurze-nacht-der-museen-im-april-2023\\\/\",\"url\":\"https:\\\/\\\/www.museum.de\\\/blog\\\/lange-nacht-und-kurze-nacht-der-museen-im-april-2023\\\/\",\"name\":\"Lange Nacht und Kurze Nacht der Museen im April 2023 - Der Museumsblog\",\"isPartOf\":{\"@id\":\"https:\\\/\\\/www.museum.de\\\/blog\\\/#website\"},\"primaryImageOfPage\":{\"@id\":\"https:\\\/\\\/www.museum.de\\\/blog\\\/lange-nacht-und-kurze-nacht-der-museen-im-april-2023\\\/#primaryimage\"},\"image\":{\"@id\":\"https:\\\/\\\/www.museum.de\\\/blog\\\/lange-nacht-und-kurze-nacht-der-museen-im-april-2023\\\/#primaryimage\"},\"thumbnailUrl\":\"https:\\\/\\\/www.museum.de\\\/blog\\\/wp-content\\\/uploads\\\/2022\\\/08\\\/template.png\",\"datePublished\":\"2023-03-31T12:30:28+00:00\",\"dateModified\":\"2023-04-18T14:19:31+00:00\",\"breadcrumb\":{\"@id\":\"https:\\\/\\\/www.museum.de\\\/blog\\\/lange-nacht-und-kurze-nacht-der-museen-im-april-2023\\\/#breadcrumb\"},\"inLanguage\":\"de\",\"potentialAction\":[{\"@type\":\"ReadAction\",\"target\":[\"https:\\\/\\\/www.museum.de\\\/blog\\\/lange-nacht-und-kurze-nacht-der-museen-im-april-2023\\\/\"]}]},{\"@type\":\"ImageObject\",\"inLanguage\":\"de\",\"@id\":\"https:\\\/\\\/www.museum.de\\\/blog\\\/lange-nacht-und-kurze-nacht-der-museen-im-april-2023\\\/#primaryimage\",\"url\":\"https:\\\/\\\/www.museum.de\\\/blog\\\/wp-content\\\/uploads\\\/2022\\\/08\\\/template.png\",\"contentUrl\":\"https:\\\/\\\/www.museum.de\\\/blog\\\/wp-content\\\/uploads\\\/2022\\\/08\\\/template.png\",\"width\":1640,\"height\":664},{\"@type\":\"BreadcrumbList\",\"@id\":\"https:\\\/\\\/www.museum.de\\\/blog\\\/lange-nacht-und-kurze-nacht-der-museen-im-april-2023\\\/#breadcrumb\",\"itemListElement\":[{\"@type\":\"ListItem\",\"position\":1,\"name\":\"Startseite\",\"item\":\"https:\\\/\\\/www.museum.de\\\/blog\\\/\"},{\"@type\":\"ListItem\",\"position\":2,\"name\":\"Lange Nacht und Kurze Nacht der Museen im April 2023\"}]},{\"@type\":\"WebSite\",\"@id\":\"https:\\\/\\\/www.museum.de\\\/blog\\\/#website\",\"url\":\"https:\\\/\\\/www.museum.de\\\/blog\\\/\",\"name\":\"Der Museumsblog\",\"description\":\"Der Blog\",\"publisher\":{\"@id\":\"https:\\\/\\\/www.museum.de\\\/blog\\\/#organization\"},\"alternateName\":\"museum.de - Der Museumsblog\",\"potentialAction\":[{\"@type\":\"SearchAction\",\"target\":{\"@type\":\"EntryPoint\",\"urlTemplate\":\"https:\\\/\\\/www.museum.de\\\/blog\\\/?s={search_term_string}\"},\"query-input\":{\"@type\":\"PropertyValueSpecification\",\"valueRequired\":true,\"valueName\":\"search_term_string\"}}],\"inLanguage\":\"de\"},{\"@type\":\"Organization\",\"@id\":\"https:\\\/\\\/www.museum.de\\\/blog\\\/#organization\",\"name\":\"Der Museumsblog\",\"url\":\"https:\\\/\\\/www.museum.de\\\/blog\\\/\",\"logo\":{\"@type\":\"ImageObject\",\"inLanguage\":\"de\",\"@id\":\"https:\\\/\\\/www.museum.de\\\/blog\\\/#\\\/schema\\\/logo\\\/image\\\/\",\"url\":\"https:\\\/\\\/www.museum.de\\\/blog\\\/wp-content\\\/uploads\\\/2019\\\/03\\\/cropped-Audioguide_Titelseite-1.jpg\",\"contentUrl\":\"https:\\\/\\\/www.museum.de\\\/blog\\\/wp-content\\\/uploads\\\/2019\\\/03\\\/cropped-Audioguide_Titelseite-1.jpg\",\"width\":512,\"height\":512,\"caption\":\"Der Museumsblog\"},\"image\":{\"@id\":\"https:\\\/\\\/www.museum.de\\\/blog\\\/#\\\/schema\\\/logo\\\/image\\\/\"}},{\"@type\":\"Person\",\"@id\":\"https:\\\/\\\/www.museum.de\\\/blog\\\/#\\\/schema\\\/person\\\/c09a0aea9ac127965257ff6115957332\",\"name\":\"Redaktion\",\"description\":\"Das Redaktionsteam von museum.de\",\"url\":\"https:\\\/\\\/www.museum.de\\\/blog\\\/author\\\/msupervisor\\\/\"}]}<\/script>\n<!-- \/ Yoast SEO plugin. -->","yoast_head_json":{"title":"Lange Nacht und Kurze Nacht der Museen im April 2023 - Der Museumsblog","robots":{"index":"index","follow":"follow","max-snippet":"max-snippet:-1","max-image-preview":"max-image-preview:large","max-video-preview":"max-video-preview:-1"},"canonical":"https:\/\/www.museum.de\/blog\/lange-nacht-und-kurze-nacht-der-museen-im-april-2023\/","og_locale":"de_DE","og_type":"article","og_title":"Lange Nacht und Kurze Nacht der Museen im April 2023 - Der Museumsblog","og_description":"Nachdem Stuttgart den Auftakt zur Saison der Langen Nacht begonnen hat, folgen nun Hamburg, D\u00fcsseldorf und Wiesbaden. 1. April 2023 von 19 &#8211; 24 Uhr in Wiesbaden http:\/\/www.kurze-nacht.de\/ Teilnehmende Museen und Kultureinrichtungen: AIDS Hilfe Wiesbaden, art room wiesbaden, BBK SCHAUstelle, Bellevue-Saal&nbsp;, Atelier Dreimann, frauen museum wiesbaden, Hafemann, Hermsen, Hospizverein Wiesbaden Auxilium e.V., HS Galerie, Kirche [&hellip;]","og_url":"https:\/\/www.museum.de\/blog\/lange-nacht-und-kurze-nacht-der-museen-im-april-2023\/","og_site_name":"Der Museumsblog","article_published_time":"2023-03-31T12:30:28+00:00","article_modified_time":"2023-04-18T14:19:31+00:00","og_image":[{"width":1640,"height":664,"url":"https:\/\/www.museum.de\/blog\/wp-content\/uploads\/2022\/08\/template.png","type":"image\/png"}],"author":"Redaktion","twitter_card":"summary_large_image","schema":{"@context":"https:\/\/schema.org","@graph":[{"@type":"Article","@id":"https:\/\/www.museum.de\/blog\/lange-nacht-und-kurze-nacht-der-museen-im-april-2023\/#article","isPartOf":{"@id":"https:\/\/www.museum.de\/blog\/lange-nacht-und-kurze-nacht-der-museen-im-april-2023\/"},"author":{"name":"Redaktion","@id":"https:\/\/www.museum.de\/blog\/#\/schema\/person\/c09a0aea9ac127965257ff6115957332"},"headline":"Lange Nacht und Kurze Nacht der Museen im April 2023","datePublished":"2023-03-31T12:30:28+00:00","dateModified":"2023-04-18T14:19:31+00:00","mainEntityOfPage":{"@id":"https:\/\/www.museum.de\/blog\/lange-nacht-und-kurze-nacht-der-museen-im-april-2023\/"},"wordCount":654,"publisher":{"@id":"https:\/\/www.museum.de\/blog\/#organization"},"image":{"@id":"https:\/\/www.museum.de\/blog\/lange-nacht-und-kurze-nacht-der-museen-im-april-2023\/#primaryimage"},"thumbnailUrl":"https:\/\/www.museum.de\/blog\/wp-content\/uploads\/2022\/08\/template.png","keywords":["D\u00fcsseldorf","Hamburg","Lange Nacht","Museumsnacht","Wiesbaden"],"articleSection":["Lange Museumsnacht"],"inLanguage":"de"},{"@type":"WebPage","@id":"https:\/\/www.museum.de\/blog\/lange-nacht-und-kurze-nacht-der-museen-im-april-2023\/","url":"https:\/\/www.museum.de\/blog\/lange-nacht-und-kurze-nacht-der-museen-im-april-2023\/","name":"Lange Nacht und Kurze Nacht der Museen im April 2023 - Der Museumsblog","isPartOf":{"@id":"https:\/\/www.museum.de\/blog\/#website"},"primaryImageOfPage":{"@id":"https:\/\/www.museum.de\/blog\/lange-nacht-und-kurze-nacht-der-museen-im-april-2023\/#primaryimage"},"image":{"@id":"https:\/\/www.museum.de\/blog\/lange-nacht-und-kurze-nacht-der-museen-im-april-2023\/#primaryimage"},"thumbnailUrl":"https:\/\/www.museum.de\/blog\/wp-content\/uploads\/2022\/08\/template.png","datePublished":"2023-03-31T12:30:28+00:00","dateModified":"2023-04-18T14:19:31+00:00","breadcrumb":{"@id":"https:\/\/www.museum.de\/blog\/lange-nacht-und-kurze-nacht-der-museen-im-april-2023\/#breadcrumb"},"inLanguage":"de","potentialAction":[{"@type":"ReadAction","target":["https:\/\/www.museum.de\/blog\/lange-nacht-und-kurze-nacht-der-museen-im-april-2023\/"]}]},{"@type":"ImageObject","inLanguage":"de","@id":"https:\/\/www.museum.de\/blog\/lange-nacht-und-kurze-nacht-der-museen-im-april-2023\/#primaryimage","url":"https:\/\/www.museum.de\/blog\/wp-content\/uploads\/2022\/08\/template.png","contentUrl":"https:\/\/www.museum.de\/blog\/wp-content\/uploads\/2022\/08\/template.png","width":1640,"height":664},{"@type":"BreadcrumbList","@id":"https:\/\/www.museum.de\/blog\/lange-nacht-und-kurze-nacht-der-museen-im-april-2023\/#breadcrumb","itemListElement":[{"@type":"ListItem","position":1,"name":"Startseite","item":"https:\/\/www.museum.de\/blog\/"},{"@type":"ListItem","position":2,"name":"Lange Nacht und Kurze Nacht der Museen im April 2023"}]},{"@type":"WebSite","@id":"https:\/\/www.museum.de\/blog\/#website","url":"https:\/\/www.museum.de\/blog\/","name":"Der Museumsblog","description":"Der Blog","publisher":{"@id":"https:\/\/www.museum.de\/blog\/#organization"},"alternateName":"museum.de - Der Museumsblog","potentialAction":[{"@type":"SearchAction","target":{"@type":"EntryPoint","urlTemplate":"https:\/\/www.museum.de\/blog\/?s={search_term_string}"},"query-input":{"@type":"PropertyValueSpecification","valueRequired":true,"valueName":"search_term_string"}}],"inLanguage":"de"},{"@type":"Organization","@id":"https:\/\/www.museum.de\/blog\/#organization","name":"Der Museumsblog","url":"https:\/\/www.museum.de\/blog\/","logo":{"@type":"ImageObject","inLanguage":"de","@id":"https:\/\/www.museum.de\/blog\/#\/schema\/logo\/image\/","url":"https:\/\/www.museum.de\/blog\/wp-content\/uploads\/2019\/03\/cropped-Audioguide_Titelseite-1.jpg","contentUrl":"https:\/\/www.museum.de\/blog\/wp-content\/uploads\/2019\/03\/cropped-Audioguide_Titelseite-1.jpg","width":512,"height":512,"caption":"Der Museumsblog"},"image":{"@id":"https:\/\/www.museum.de\/blog\/#\/schema\/logo\/image\/"}},{"@type":"Person","@id":"https:\/\/www.museum.de\/blog\/#\/schema\/person\/c09a0aea9ac127965257ff6115957332","name":"Redaktion","description":"Das Redaktionsteam von museum.de","url":"https:\/\/www.museum.de\/blog\/author\/msupervisor\/"}]}},"_links":{"self":[{"href":"https:\/\/www.museum.de\/blog\/wp-json\/wp\/v2\/posts\/1949","targetHints":{"allow":["GET"]}}],"collection":[{"href":"https:\/\/www.museum.de\/blog\/wp-json\/wp\/v2\/posts"}],"about":[{"href":"https:\/\/www.museum.de\/blog\/wp-json\/wp\/v2\/types\/post"}],"author":[{"embeddable":true,"href":"https:\/\/www.museum.de\/blog\/wp-json\/wp\/v2\/users\/1"}],"replies":[{"embeddable":true,"href":"https:\/\/www.museum.de\/blog\/wp-json\/wp\/v2\/comments?post=1949"}],"version-history":[{"count":4,"href":"https:\/\/www.museum.de\/blog\/wp-json\/wp\/v2\/posts\/1949\/revisions"}],"predecessor-version":[{"id":1997,"href":"https:\/\/www.museum.de\/blog\/wp-json\/wp\/v2\/posts\/1949\/revisions\/1997"}],"wp:featuredmedia":[{"embeddable":true,"href":"https:\/\/www.museum.de\/blog\/wp-json\/wp\/v2\/media\/1710"}],"wp:attachment":[{"href":"https:\/\/www.museum.de\/blog\/wp-json\/wp\/v2\/media?parent=1949"}],"wp:term":[{"taxonomy":"category","embeddable":true,"href":"https:\/\/www.museum.de\/blog\/wp-json\/wp\/v2\/categories?post=1949"},{"taxonomy":"post_tag","embeddable":true,"href":"https:\/\/www.museum.de\/blog\/wp-json\/wp\/v2\/tags?post=1949"}],"curies":[{"name":"wp","href":"https:\/\/api.w.org\/{rel}","templated":true}]}}