{"id":2011,"date":"2023-05-04T11:52:40","date_gmt":"2023-05-04T11:52:40","guid":{"rendered":"https:\/\/www.museum.de\/blog\/?p=2011"},"modified":"2023-11-07T12:03:50","modified_gmt":"2023-11-07T12:03:50","slug":"internationale-museumstag-am-21-mai-2023","status":"publish","type":"post","link":"https:\/\/www.museum.de\/blog\/internationale-museumstag-am-21-mai-2023\/","title":{"rendered":"Internationale Museumstag am 21. Mai 2023"},"content":{"rendered":"\n<p>Der Internationale Museumstag ist eine j\u00e4hrliche Veranstaltung, die seit 46 Jahren gefeiert wird, seit er 1977 zum ersten Mal vom Internationalen Museumsrat (ICOM) ausgerufen wurde. In Deutschland wird er an einem Sonntag gefeiert und das Ziel des Tages ist es, das Bewusstsein f\u00fcr Museen in Deutschland und auf der ganzen Welt zu sch\u00e4rfen und Besucher einzuladen, die Vielfalt der Museen zu entdecken. Museen k\u00f6nnen an der Veranstaltung teilnehmen, indem sie geplante analoge Aktivit\u00e4ten anbieten oder ihre digitalen Angebote auf der nationalen Plattform pr\u00e4sentieren. Das diesj\u00e4hrige Thema ist #DiscoverMuseums und die Veranstaltung wird vom Deutschen Museumsbund in Zusammenarbeit mit den Museumsverb\u00e4nden und -\u00e4mtern der verschiedenen Bundesl\u00e4nder und Museen auf lokaler Ebene koordiniert. ICOM Deutschland unterst\u00fctzt die Veranstaltung ebenfalls und der diesj\u00e4hrige Museumstag steht unter der Schirmherrschaft des Pr\u00e4sidenten des Bundesrats, Dr. Peter Tschentscher. Der Museumstag bietet Besuchern eine einzigartige Gelegenheit, die Vielzahl der Museen in Deutschland zu erkunden und ihre Bedeutung bei der Bewahrung des kulturellen Erbes des Landes zu sch\u00e4tzen. Die Museen selbst k\u00f6nnen die Veranstaltung nutzen, um ihre Sammlungen, Ausstellungen und Aktivit\u00e4ten zu pr\u00e4sentieren, um neue Zielgruppen anzusprechen und ihre Arbeit zu f\u00f6rdern. Beachtenswert ist, dass Museen auch digitale Plattformen nutzen, um ihre Sammlungen zu pr\u00e4sentieren und mit dem Publikum remote zu interagieren, da digitale Technologien weiter voranschreiten. Sie haben virtuelle Touren, interaktive Ausstellungen und Online-Sammlungen entwickelt, die es den Besuchern erm\u00f6glichen, die Exponate von \u00fcberall auf der Welt aus zu erkunden und zu lernen. Zusammenfassend ist der Internationale Museumstag eine aufregende Veranstaltung, die Museen, Besucher und Kulturbegeisterte aus der ganzen Welt zusammenbringt. Es bietet die M\u00f6glichkeit, die Bedeutung von Museen bei der Bewahrung des kulturellen Erbes der Menschheit zu sch\u00e4tzen und betont die Rolle, die sie bei der Bildung und Inspiration zuk\u00fcnftiger Generationen spielen.<\/p>\n\n\n\n<p>Quelle:<br><a href=\"https:\/\/www.museumstag.de\" target=\"_blank\" rel=\"noreferrer noopener\">https:\/\/www.museumstag.de<\/a><\/p>\n","protected":false},"excerpt":{"rendered":"<p>Der Internationale Museumstag ist eine j\u00e4hrliche Veranstaltung, die seit 46 Jahren gefeiert wird, seit er 1977 zum ersten Mal vom Internationalen Museumsrat (ICOM) ausgerufen wurde. In Deutschland wird er an einem Sonntag gefeiert und das Ziel des Tages ist es, das Bewusstsein f\u00fcr Museen in Deutschland und auf der ganzen Welt zu sch\u00e4rfen und Besucher [&hellip;]<\/p>\n","protected":false},"author":1,"featured_media":2187,"comment_status":"closed","ping_status":"closed","sticky":false,"template":"","format":"standard","meta":{"site-sidebar-layout":"default","site-content-layout":"","ast-site-content-layout":"default","site-content-style":"default","site-sidebar-style":"default","ast-global-header-display":"","ast-banner-title-visibility":"","ast-main-header-display":"","ast-hfb-above-header-display":"","ast-hfb-below-header-display":"","ast-hfb-mobile-header-display":"","site-post-title":"","ast-breadcrumbs-content":"","ast-featured-img":"","footer-sml-layout":"","ast-disable-related-posts":"","theme-transparent-header-meta":"","adv-header-id-meta":"","stick-header-meta":"","header-above-stick-meta":"","header-main-stick-meta":"","header-below-stick-meta":"","astra-migrate-meta-layouts":"set","ast-page-background-enabled":"default","ast-page-background-meta":{"desktop":{"background-color":"var(--ast-global-color-4)","background-image":"","background-repeat":"repeat","background-position":"center center","background-size":"auto","background-attachment":"scroll","background-type":"","background-media":"","overlay-type":"","overlay-color":"","overlay-opacity":"","overlay-gradient":""},"tablet":{"background-color":"","background-image":"","background-repeat":"repeat","background-position":"center center","background-size":"auto","background-attachment":"scroll","background-type":"","background-media":"","overlay-type":"","overlay-color":"","overlay-opacity":"","overlay-gradient":""},"mobile":{"background-color":"","background-image":"","background-repeat":"repeat","background-position":"center center","background-size":"auto","background-attachment":"scroll","background-type":"","background-media":"","overlay-type":"","overlay-color":"","overlay-opacity":"","overlay-gradient":""}},"ast-content-background-meta":{"desktop":{"background-color":"var(--ast-global-color-5)","background-image":"","background-repeat":"repeat","background-position":"center center","background-size":"auto","background-attachment":"scroll","background-type":"","background-media":"","overlay-type":"","overlay-color":"","overlay-opacity":"","overlay-gradient":""},"tablet":{"background-color":"var(--ast-global-color-5)","background-image":"","background-repeat":"repeat","background-position":"center center","background-size":"auto","background-attachment":"scroll","background-type":"","background-media":"","overlay-type":"","overlay-color":"","overlay-opacity":"","overlay-gradient":""},"mobile":{"background-color":"var(--ast-global-color-5)","background-image":"","background-repeat":"repeat","background-position":"center center","background-size":"auto","background-attachment":"scroll","background-type":"","background-media":"","overlay-type":"","overlay-color":"","overlay-opacity":"","overlay-gradient":""}},"episode_type":"","audio_file":"","podmotor_file_id":"","podmotor_episode_id":"","cover_image":"","cover_image_id":"","duration":"","filesize":"","filesize_raw":"","date_recorded":"","explicit":"","block":"","itunes_episode_number":"","itunes_title":"","itunes_season_number":"","itunes_episode_type":"","footnotes":""},"categories":[29],"tags":[148,17,90],"class_list":["post-2011","post","type-post","status-publish","format-standard","has-post-thumbnail","hentry","category-internationaler-museumstag","tag-eintritt-frei","tag-museen","tag-museumstag"],"yoast_head":"<!-- This site is optimized with the Yoast SEO plugin v27.4 - https:\/\/yoast.com\/product\/yoast-seo-wordpress\/ -->\n<title>Internationale Museumstag am 21. Mai 2023 - Der Museumsblog<\/title>\n<meta name=\"robots\" content=\"index, follow, max-snippet:-1, max-image-preview:large, max-video-preview:-1\" \/>\n<link rel=\"canonical\" href=\"https:\/\/www.museum.de\/blog\/internationale-museumstag-am-21-mai-2023\/\" \/>\n<meta property=\"og:locale\" content=\"de_DE\" \/>\n<meta property=\"og:type\" content=\"article\" \/>\n<meta property=\"og:title\" content=\"Internationale Museumstag am 21. Mai 2023 - Der Museumsblog\" \/>\n<meta property=\"og:description\" content=\"Der Internationale Museumstag ist eine j\u00e4hrliche Veranstaltung, die seit 46 Jahren gefeiert wird, seit er 1977 zum ersten Mal vom Internationalen Museumsrat (ICOM) ausgerufen wurde. In Deutschland wird er an einem Sonntag gefeiert und das Ziel des Tages ist es, das Bewusstsein f\u00fcr Museen in Deutschland und auf der ganzen Welt zu sch\u00e4rfen und Besucher [&hellip;]\" \/>\n<meta property=\"og:url\" content=\"https:\/\/www.museum.de\/blog\/internationale-museumstag-am-21-mai-2023\/\" \/>\n<meta property=\"og:site_name\" content=\"Der Museumsblog\" \/>\n<meta property=\"article:published_time\" content=\"2023-05-04T11:52:40+00:00\" \/>\n<meta property=\"article:modified_time\" content=\"2023-11-07T12:03:50+00:00\" \/>\n<meta property=\"og:image\" content=\"https:\/\/www.museum.de\/blog\/wp-content\/uploads\/2023\/05\/internationaler_museumstag.png\" \/>\n\t<meta property=\"og:image:width\" content=\"1200\" \/>\n\t<meta property=\"og:image:height\" content=\"630\" \/>\n\t<meta property=\"og:image:type\" content=\"image\/png\" \/>\n<meta name=\"author\" content=\"Redaktion\" \/>\n<meta name=\"twitter:card\" content=\"summary_large_image\" \/>\n<script type=\"application\/ld+json\" class=\"yoast-schema-graph\">{\"@context\":\"https:\\\/\\\/schema.org\",\"@graph\":[{\"@type\":\"Article\",\"@id\":\"https:\\\/\\\/www.museum.de\\\/blog\\\/internationale-museumstag-am-21-mai-2023\\\/#article\",\"isPartOf\":{\"@id\":\"https:\\\/\\\/www.museum.de\\\/blog\\\/internationale-museumstag-am-21-mai-2023\\\/\"},\"author\":{\"name\":\"Redaktion\",\"@id\":\"https:\\\/\\\/www.museum.de\\\/blog\\\/#\\\/schema\\\/person\\\/c09a0aea9ac127965257ff6115957332\"},\"headline\":\"Internationale Museumstag am 21. Mai 2023\",\"datePublished\":\"2023-05-04T11:52:40+00:00\",\"dateModified\":\"2023-11-07T12:03:50+00:00\",\"mainEntityOfPage\":{\"@id\":\"https:\\\/\\\/www.museum.de\\\/blog\\\/internationale-museumstag-am-21-mai-2023\\\/\"},\"wordCount\":316,\"publisher\":{\"@id\":\"https:\\\/\\\/www.museum.de\\\/blog\\\/#organization\"},\"image\":{\"@id\":\"https:\\\/\\\/www.museum.de\\\/blog\\\/internationale-museumstag-am-21-mai-2023\\\/#primaryimage\"},\"thumbnailUrl\":\"https:\\\/\\\/www.museum.de\\\/blog\\\/wp-content\\\/uploads\\\/2023\\\/05\\\/internationaler_museumstag-1.png\",\"keywords\":[\"Eintritt frei\",\"Museen\",\"Museumstag\"],\"articleSection\":[\"Internationaler Museumstag\"],\"inLanguage\":\"de\"},{\"@type\":\"WebPage\",\"@id\":\"https:\\\/\\\/www.museum.de\\\/blog\\\/internationale-museumstag-am-21-mai-2023\\\/\",\"url\":\"https:\\\/\\\/www.museum.de\\\/blog\\\/internationale-museumstag-am-21-mai-2023\\\/\",\"name\":\"Internationale Museumstag am 21. Mai 2023 - Der Museumsblog\",\"isPartOf\":{\"@id\":\"https:\\\/\\\/www.museum.de\\\/blog\\\/#website\"},\"primaryImageOfPage\":{\"@id\":\"https:\\\/\\\/www.museum.de\\\/blog\\\/internationale-museumstag-am-21-mai-2023\\\/#primaryimage\"},\"image\":{\"@id\":\"https:\\\/\\\/www.museum.de\\\/blog\\\/internationale-museumstag-am-21-mai-2023\\\/#primaryimage\"},\"thumbnailUrl\":\"https:\\\/\\\/www.museum.de\\\/blog\\\/wp-content\\\/uploads\\\/2023\\\/05\\\/internationaler_museumstag-1.png\",\"datePublished\":\"2023-05-04T11:52:40+00:00\",\"dateModified\":\"2023-11-07T12:03:50+00:00\",\"breadcrumb\":{\"@id\":\"https:\\\/\\\/www.museum.de\\\/blog\\\/internationale-museumstag-am-21-mai-2023\\\/#breadcrumb\"},\"inLanguage\":\"de\",\"potentialAction\":[{\"@type\":\"ReadAction\",\"target\":[\"https:\\\/\\\/www.museum.de\\\/blog\\\/internationale-museumstag-am-21-mai-2023\\\/\"]}]},{\"@type\":\"ImageObject\",\"inLanguage\":\"de\",\"@id\":\"https:\\\/\\\/www.museum.de\\\/blog\\\/internationale-museumstag-am-21-mai-2023\\\/#primaryimage\",\"url\":\"https:\\\/\\\/www.museum.de\\\/blog\\\/wp-content\\\/uploads\\\/2023\\\/05\\\/internationaler_museumstag-1.png\",\"contentUrl\":\"https:\\\/\\\/www.museum.de\\\/blog\\\/wp-content\\\/uploads\\\/2023\\\/05\\\/internationaler_museumstag-1.png\",\"width\":1200,\"height\":630},{\"@type\":\"BreadcrumbList\",\"@id\":\"https:\\\/\\\/www.museum.de\\\/blog\\\/internationale-museumstag-am-21-mai-2023\\\/#breadcrumb\",\"itemListElement\":[{\"@type\":\"ListItem\",\"position\":1,\"name\":\"Startseite\",\"item\":\"https:\\\/\\\/www.museum.de\\\/blog\\\/\"},{\"@type\":\"ListItem\",\"position\":2,\"name\":\"Internationale Museumstag am 21. Mai 2023\"}]},{\"@type\":\"WebSite\",\"@id\":\"https:\\\/\\\/www.museum.de\\\/blog\\\/#website\",\"url\":\"https:\\\/\\\/www.museum.de\\\/blog\\\/\",\"name\":\"Der Museumsblog\",\"description\":\"Der Blog\",\"publisher\":{\"@id\":\"https:\\\/\\\/www.museum.de\\\/blog\\\/#organization\"},\"alternateName\":\"museum.de - Der Museumsblog\",\"potentialAction\":[{\"@type\":\"SearchAction\",\"target\":{\"@type\":\"EntryPoint\",\"urlTemplate\":\"https:\\\/\\\/www.museum.de\\\/blog\\\/?s={search_term_string}\"},\"query-input\":{\"@type\":\"PropertyValueSpecification\",\"valueRequired\":true,\"valueName\":\"search_term_string\"}}],\"inLanguage\":\"de\"},{\"@type\":\"Organization\",\"@id\":\"https:\\\/\\\/www.museum.de\\\/blog\\\/#organization\",\"name\":\"Der Museumsblog\",\"url\":\"https:\\\/\\\/www.museum.de\\\/blog\\\/\",\"logo\":{\"@type\":\"ImageObject\",\"inLanguage\":\"de\",\"@id\":\"https:\\\/\\\/www.museum.de\\\/blog\\\/#\\\/schema\\\/logo\\\/image\\\/\",\"url\":\"https:\\\/\\\/www.museum.de\\\/blog\\\/wp-content\\\/uploads\\\/2019\\\/03\\\/cropped-Audioguide_Titelseite-1.jpg\",\"contentUrl\":\"https:\\\/\\\/www.museum.de\\\/blog\\\/wp-content\\\/uploads\\\/2019\\\/03\\\/cropped-Audioguide_Titelseite-1.jpg\",\"width\":512,\"height\":512,\"caption\":\"Der Museumsblog\"},\"image\":{\"@id\":\"https:\\\/\\\/www.museum.de\\\/blog\\\/#\\\/schema\\\/logo\\\/image\\\/\"}},{\"@type\":\"Person\",\"@id\":\"https:\\\/\\\/www.museum.de\\\/blog\\\/#\\\/schema\\\/person\\\/c09a0aea9ac127965257ff6115957332\",\"name\":\"Redaktion\",\"description\":\"Das Redaktionsteam von museum.de\",\"url\":\"https:\\\/\\\/www.museum.de\\\/blog\\\/author\\\/msupervisor\\\/\"}]}<\/script>\n<!-- \/ Yoast SEO plugin. -->","yoast_head_json":{"title":"Internationale Museumstag am 21. Mai 2023 - Der Museumsblog","robots":{"index":"index","follow":"follow","max-snippet":"max-snippet:-1","max-image-preview":"max-image-preview:large","max-video-preview":"max-video-preview:-1"},"canonical":"https:\/\/www.museum.de\/blog\/internationale-museumstag-am-21-mai-2023\/","og_locale":"de_DE","og_type":"article","og_title":"Internationale Museumstag am 21. Mai 2023 - Der Museumsblog","og_description":"Der Internationale Museumstag ist eine j\u00e4hrliche Veranstaltung, die seit 46 Jahren gefeiert wird, seit er 1977 zum ersten Mal vom Internationalen Museumsrat (ICOM) ausgerufen wurde. In Deutschland wird er an einem Sonntag gefeiert und das Ziel des Tages ist es, das Bewusstsein f\u00fcr Museen in Deutschland und auf der ganzen Welt zu sch\u00e4rfen und Besucher [&hellip;]","og_url":"https:\/\/www.museum.de\/blog\/internationale-museumstag-am-21-mai-2023\/","og_site_name":"Der Museumsblog","article_published_time":"2023-05-04T11:52:40+00:00","article_modified_time":"2023-11-07T12:03:50+00:00","og_image":[{"width":1200,"height":630,"url":"https:\/\/www.museum.de\/blog\/wp-content\/uploads\/2023\/05\/internationaler_museumstag.png","type":"image\/png"}],"author":"Redaktion","twitter_card":"summary_large_image","schema":{"@context":"https:\/\/schema.org","@graph":[{"@type":"Article","@id":"https:\/\/www.museum.de\/blog\/internationale-museumstag-am-21-mai-2023\/#article","isPartOf":{"@id":"https:\/\/www.museum.de\/blog\/internationale-museumstag-am-21-mai-2023\/"},"author":{"name":"Redaktion","@id":"https:\/\/www.museum.de\/blog\/#\/schema\/person\/c09a0aea9ac127965257ff6115957332"},"headline":"Internationale Museumstag am 21. Mai 2023","datePublished":"2023-05-04T11:52:40+00:00","dateModified":"2023-11-07T12:03:50+00:00","mainEntityOfPage":{"@id":"https:\/\/www.museum.de\/blog\/internationale-museumstag-am-21-mai-2023\/"},"wordCount":316,"publisher":{"@id":"https:\/\/www.museum.de\/blog\/#organization"},"image":{"@id":"https:\/\/www.museum.de\/blog\/internationale-museumstag-am-21-mai-2023\/#primaryimage"},"thumbnailUrl":"https:\/\/www.museum.de\/blog\/wp-content\/uploads\/2023\/05\/internationaler_museumstag-1.png","keywords":["Eintritt frei","Museen","Museumstag"],"articleSection":["Internationaler Museumstag"],"inLanguage":"de"},{"@type":"WebPage","@id":"https:\/\/www.museum.de\/blog\/internationale-museumstag-am-21-mai-2023\/","url":"https:\/\/www.museum.de\/blog\/internationale-museumstag-am-21-mai-2023\/","name":"Internationale Museumstag am 21. Mai 2023 - Der Museumsblog","isPartOf":{"@id":"https:\/\/www.museum.de\/blog\/#website"},"primaryImageOfPage":{"@id":"https:\/\/www.museum.de\/blog\/internationale-museumstag-am-21-mai-2023\/#primaryimage"},"image":{"@id":"https:\/\/www.museum.de\/blog\/internationale-museumstag-am-21-mai-2023\/#primaryimage"},"thumbnailUrl":"https:\/\/www.museum.de\/blog\/wp-content\/uploads\/2023\/05\/internationaler_museumstag-1.png","datePublished":"2023-05-04T11:52:40+00:00","dateModified":"2023-11-07T12:03:50+00:00","breadcrumb":{"@id":"https:\/\/www.museum.de\/blog\/internationale-museumstag-am-21-mai-2023\/#breadcrumb"},"inLanguage":"de","potentialAction":[{"@type":"ReadAction","target":["https:\/\/www.museum.de\/blog\/internationale-museumstag-am-21-mai-2023\/"]}]},{"@type":"ImageObject","inLanguage":"de","@id":"https:\/\/www.museum.de\/blog\/internationale-museumstag-am-21-mai-2023\/#primaryimage","url":"https:\/\/www.museum.de\/blog\/wp-content\/uploads\/2023\/05\/internationaler_museumstag-1.png","contentUrl":"https:\/\/www.museum.de\/blog\/wp-content\/uploads\/2023\/05\/internationaler_museumstag-1.png","width":1200,"height":630},{"@type":"BreadcrumbList","@id":"https:\/\/www.museum.de\/blog\/internationale-museumstag-am-21-mai-2023\/#breadcrumb","itemListElement":[{"@type":"ListItem","position":1,"name":"Startseite","item":"https:\/\/www.museum.de\/blog\/"},{"@type":"ListItem","position":2,"name":"Internationale Museumstag am 21. Mai 2023"}]},{"@type":"WebSite","@id":"https:\/\/www.museum.de\/blog\/#website","url":"https:\/\/www.museum.de\/blog\/","name":"Der Museumsblog","description":"Der Blog","publisher":{"@id":"https:\/\/www.museum.de\/blog\/#organization"},"alternateName":"museum.de - Der Museumsblog","potentialAction":[{"@type":"SearchAction","target":{"@type":"EntryPoint","urlTemplate":"https:\/\/www.museum.de\/blog\/?s={search_term_string}"},"query-input":{"@type":"PropertyValueSpecification","valueRequired":true,"valueName":"search_term_string"}}],"inLanguage":"de"},{"@type":"Organization","@id":"https:\/\/www.museum.de\/blog\/#organization","name":"Der Museumsblog","url":"https:\/\/www.museum.de\/blog\/","logo":{"@type":"ImageObject","inLanguage":"de","@id":"https:\/\/www.museum.de\/blog\/#\/schema\/logo\/image\/","url":"https:\/\/www.museum.de\/blog\/wp-content\/uploads\/2019\/03\/cropped-Audioguide_Titelseite-1.jpg","contentUrl":"https:\/\/www.museum.de\/blog\/wp-content\/uploads\/2019\/03\/cropped-Audioguide_Titelseite-1.jpg","width":512,"height":512,"caption":"Der Museumsblog"},"image":{"@id":"https:\/\/www.museum.de\/blog\/#\/schema\/logo\/image\/"}},{"@type":"Person","@id":"https:\/\/www.museum.de\/blog\/#\/schema\/person\/c09a0aea9ac127965257ff6115957332","name":"Redaktion","description":"Das Redaktionsteam von museum.de","url":"https:\/\/www.museum.de\/blog\/author\/msupervisor\/"}]}},"_links":{"self":[{"href":"https:\/\/www.museum.de\/blog\/wp-json\/wp\/v2\/posts\/2011","targetHints":{"allow":["GET"]}}],"collection":[{"href":"https:\/\/www.museum.de\/blog\/wp-json\/wp\/v2\/posts"}],"about":[{"href":"https:\/\/www.museum.de\/blog\/wp-json\/wp\/v2\/types\/post"}],"author":[{"embeddable":true,"href":"https:\/\/www.museum.de\/blog\/wp-json\/wp\/v2\/users\/1"}],"replies":[{"embeddable":true,"href":"https:\/\/www.museum.de\/blog\/wp-json\/wp\/v2\/comments?post=2011"}],"version-history":[{"count":1,"href":"https:\/\/www.museum.de\/blog\/wp-json\/wp\/v2\/posts\/2011\/revisions"}],"predecessor-version":[{"id":2013,"href":"https:\/\/www.museum.de\/blog\/wp-json\/wp\/v2\/posts\/2011\/revisions\/2013"}],"wp:featuredmedia":[{"embeddable":true,"href":"https:\/\/www.museum.de\/blog\/wp-json\/wp\/v2\/media\/2187"}],"wp:attachment":[{"href":"https:\/\/www.museum.de\/blog\/wp-json\/wp\/v2\/media?parent=2011"}],"wp:term":[{"taxonomy":"category","embeddable":true,"href":"https:\/\/www.museum.de\/blog\/wp-json\/wp\/v2\/categories?post=2011"},{"taxonomy":"post_tag","embeddable":true,"href":"https:\/\/www.museum.de\/blog\/wp-json\/wp\/v2\/tags?post=2011"}],"curies":[{"name":"wp","href":"https:\/\/api.w.org\/{rel}","templated":true}]}}