{"id":2022,"date":"2023-06-07T14:48:12","date_gmt":"2023-06-07T14:48:12","guid":{"rendered":"https:\/\/www.museum.de\/blog\/?p=2022"},"modified":"2023-06-07T14:54:47","modified_gmt":"2023-06-07T14:54:47","slug":"magazin-museum-de-nr-48-sommer-2023","status":"publish","type":"post","link":"https:\/\/www.museum.de\/blog\/magazin-museum-de-nr-48-sommer-2023\/","title":{"rendered":"Magazin Museum.de Nr. 48, Sommer 2023"},"content":{"rendered":"\n<p>K\u00fcnstliche Inelligenz<\/p>\n\n\n\n<p>Artificial Intelligence (K\u00fcnstliche Intelligenz) ist momentan das Thema in den Medien.<br>Eine oft unsachlich gef\u00fchrte Debatte kann allerdings auch \u00c4ngste sch\u00fcren. Wichtig w\u00e4re es m.E., dass sich jeder selbst ein Urteil \u00fcber die Vor- und Nachteile bildet, indem man das &#8222;Werkzeug Al&#8220; in einer praktischen Anwendung testet.<\/p>\n\n\n\n<p>Genau dazu m\u00f6chten wir nun s\u00e4mtliche Museen kostenlos einladen &#8211; mit einem gemeinsamen Projekt unter museum.de und dem im Aufbau befindlichen internationalen Museumsportal museum.com.<br>Lassen Sie uns mit der neuen Technologie eine digitale Kulturbr\u00fccke bauen, welche als Grundidee die m\u00fcndliche Geschichts-\u00fcberlieferung hat, wie sie die Menschheit seit Jahrtausenden praktiziert.<\/p>\n\n\n\n<p>\u00dcber &#8222;Eine akustische Reise durch die Museumswelt&#8220; werden s\u00e4mtliche teilnehmenden Museen unter <a href=\"https:\/\/www.museum.de\/akustische-reise\">museum.de\/akustische-reise<\/a> mit einem deutschen und englischen H\u00f6r-beitrag vorgestellt. Ziel ist es, eine m\u00fcndliche Besuchsempfehlung auszusprechen.<\/p>\n\n\n\n<p>Die Erstellung und Bereitstellung erfolgt in Eigenregie durch Ihren Museumskurator \u00fcber den passwortgesch\u00fctzten Datenpflegebereich (Audioreise) von museum.de.<br>Nach Angabe einiger Schl\u00fcsselw\u00f6rter schl\u00e4gt die Al einen Text vor, den der Autor zun\u00e4chst pr\u00fcft und \u00fcberarbeitet. Man kann den Text auch komplett manuell schreiben.<br>Danach erfolgt die Vertonung \u00fcber Al mit einer der zur Auswahl stehenden Sprecherstimmen. Im n\u00e4chsten Schritt \u00fcbersetzt die Al den Text ins Englische und \u00fcber eine erneute Auswahl der Sprecherstimme wird ein englischer Audiobeitrag erzeugt.<\/p>\n\n\n\n<p>Im Gegensatz zu museum.de werden unter der internationalen Museumsplattform <a href=\"https:\/\/www.museum.com\/audiotravel.html\">museum.com\/audiotravel.html <\/a>nur die englischen Audiobeitr\u00e4ge ver\u00f6ffentlicht.<\/p>\n\n\n\n<p>F\u00fcr Audioquides bleibt der von Menschenhand erschaffene PREMIUM AUDIOGUIDE von museum.de auch in Zukunft die erste Wahl. Beim Einsatz mit geringem Budget oder z.B. f\u00fcr Sonderausstellungen kann jedoch der Al-AUDIOGUIDE, den wir ab Sp\u00e4tsommer neu im Portfolio aufnehmen, eine interessante Alternative oder Erg\u00e4nzung sein. Die akustische Reise gibt einen Eindruck von dem, was da kommt..<\/p>\n\n\n\n<p>Herzliche Gr\u00fc\u00dfe, Ihr Uwe Strauch<\/p>\n\n\n\n<figure class=\"wp-block-image size-large\"><img decoding=\"async\" width=\"1024\" height=\"724\" loading=\"lazy\" src=\"https:\/\/www.museum.de\/blog\/wp-content\/uploads\/2023\/06\/Schwaebisches-Schnapsmuseum-Boennigheim-1024x724.png\" alt=\"\" class=\"wp-image-2026\" srcset=\"https:\/\/www.museum.de\/blog\/wp-content\/uploads\/2023\/06\/Schwaebisches-Schnapsmuseum-Boennigheim.png 1024w, https:\/\/www.museum.de\/blog\/wp-content\/uploads\/2023\/06\/Schwaebisches-Schnapsmuseum-Boennigheim-300x212.png 300w, https:\/\/www.museum.de\/blog\/wp-content\/uploads\/2023\/06\/Schwaebisches-Schnapsmuseum-Boennigheim-768x543.png 768w, https:\/\/www.museum.de\/blog\/wp-content\/uploads\/2023\/06\/Schwaebisches-Schnapsmuseum-Boennigheim-1536x1086.png 1536w, https:\/\/www.museum.de\/blog\/wp-content\/uploads\/2023\/06\/Schwaebisches-Schnapsmuseum-Boennigheim-2048x1449.png 2048w\" sizes=\"auto, (max-width: 1024px) 100vw, 1024px\" \/><\/figure>\n\n\n\n<p><strong>Aus dem Inhalt<\/strong><\/p>\n\n\n\n<ul class=\"wp-block-list\">\n<li><a href=\"https:\/\/www.museum.de\/museen\/stiftung-f%C3%BCrst-p%C3%BCckler-museum-park-und-schloss-branitz\">F\u00fcrst P\u00fccklers Orientr\u00e4ume<\/a><\/li>\n\n\n\n<li><a href=\"https:\/\/www.museum.de\/museen\/cranach-stiftung\">Cranachs Welt<\/a><\/li>\n\n\n\n<li><a href=\"https:\/\/www.museum.de\/museen\/schw%C3%A4bisches-schnapsmuseum\">Schw\u00e4bisches Schnapsmuseum B\u00f6nnigheim<\/a><\/li>\n\n\n\n<li><a href=\"https:\/\/www.museum.de\/museen\/k21-st%C3%A4ndehaus\">Kunstsammlung NRW: Jenny Holzer<\/a><\/li>\n\n\n\n<li><a href=\"https:\/\/www.museum.de\/museen\/klempner-und-kupferschmiede-museum\">Das Europ\u00e4ische Klempner- und Kupferschmiede-Museum in Karlstadt<\/a><\/li>\n\n\n\n<li><a href=\"https:\/\/www.museum.de\/museen\/fischereimuseum-bergheim\">Fischereimuseum Bergheim an der Sieg<\/a><\/li>\n\n\n\n<li><a href=\"https:\/\/www.museum.de\/museen\/M%C3%B6gglingen\">Heimatkundliche Sammlung Pfarrscheuer und Micheleshaus in M\u00f6gglingen<\/a><\/li>\n\n\n\n<li><a href=\"https:\/\/www.museum.de\/museen\/technik-museum\">U17-Transport ins Technik Museum Speyer<\/a><\/li>\n\n\n\n<li><a href=\"https:\/\/www.museum.de\/museen\/museum-barberini-potsdam\">Museum Barberini in Potsdam<\/a><\/li>\n<\/ul>\n","protected":false},"excerpt":{"rendered":"<p>K\u00fcnstliche Inelligenz Artificial Intelligence (K\u00fcnstliche Intelligenz) ist momentan das Thema in den Medien.Eine oft unsachlich gef\u00fchrte Debatte kann allerdings auch \u00c4ngste sch\u00fcren. Wichtig w\u00e4re es m.E., dass sich jeder selbst ein Urteil \u00fcber die Vor- und Nachteile bildet, indem man das &#8222;Werkzeug Al&#8220; in einer praktischen Anwendung testet. Genau dazu m\u00f6chten wir nun s\u00e4mtliche Museen [&hellip;]<\/p>\n","protected":false},"author":1,"featured_media":2023,"comment_status":"closed","ping_status":"closed","sticky":false,"template":"","format":"standard","meta":{"site-sidebar-layout":"default","site-content-layout":"","ast-site-content-layout":"default","site-content-style":"default","site-sidebar-style":"default","ast-global-header-display":"","ast-banner-title-visibility":"","ast-main-header-display":"","ast-hfb-above-header-display":"","ast-hfb-below-header-display":"","ast-hfb-mobile-header-display":"","site-post-title":"","ast-breadcrumbs-content":"","ast-featured-img":"","footer-sml-layout":"","ast-disable-related-posts":"","theme-transparent-header-meta":"","adv-header-id-meta":"","stick-header-meta":"","header-above-stick-meta":"","header-main-stick-meta":"","header-below-stick-meta":"","astra-migrate-meta-layouts":"default","ast-page-background-enabled":"default","ast-page-background-meta":{"desktop":{"background-color":"var(--ast-global-color-4)","background-image":"","background-repeat":"repeat","background-position":"center center","background-size":"auto","background-attachment":"scroll","background-type":"","background-media":"","overlay-type":"","overlay-color":"","overlay-opacity":"","overlay-gradient":""},"tablet":{"background-color":"","background-image":"","background-repeat":"repeat","background-position":"center center","background-size":"auto","background-attachment":"scroll","background-type":"","background-media":"","overlay-type":"","overlay-color":"","overlay-opacity":"","overlay-gradient":""},"mobile":{"background-color":"","background-image":"","background-repeat":"repeat","background-position":"center center","background-size":"auto","background-attachment":"scroll","background-type":"","background-media":"","overlay-type":"","overlay-color":"","overlay-opacity":"","overlay-gradient":""}},"ast-content-background-meta":{"desktop":{"background-color":"var(--ast-global-color-5)","background-image":"","background-repeat":"repeat","background-position":"center center","background-size":"auto","background-attachment":"scroll","background-type":"","background-media":"","overlay-type":"","overlay-color":"","overlay-opacity":"","overlay-gradient":""},"tablet":{"background-color":"var(--ast-global-color-5)","background-image":"","background-repeat":"repeat","background-position":"center center","background-size":"auto","background-attachment":"scroll","background-type":"","background-media":"","overlay-type":"","overlay-color":"","overlay-opacity":"","overlay-gradient":""},"mobile":{"background-color":"var(--ast-global-color-5)","background-image":"","background-repeat":"repeat","background-position":"center center","background-size":"auto","background-attachment":"scroll","background-type":"","background-media":"","overlay-type":"","overlay-color":"","overlay-opacity":"","overlay-gradient":""}},"episode_type":"","audio_file":"","podmotor_file_id":"","podmotor_episode_id":"","cover_image":"","cover_image_id":"","duration":"","filesize":"","filesize_raw":"","date_recorded":"","explicit":"","block":"","itunes_episode_number":"","itunes_title":"","itunes_season_number":"","itunes_episode_type":"","footnotes":""},"categories":[15],"tags":[],"class_list":["post-2022","post","type-post","status-publish","format-standard","has-post-thumbnail","hentry","category-magazin"],"yoast_head":"<!-- This site is optimized with the Yoast SEO plugin v27.5 - https:\/\/yoast.com\/product\/yoast-seo-wordpress\/ -->\n<title>Magazin Museum.de Nr. 48, Sommer 2023 - Der Museumsblog<\/title>\n<meta name=\"robots\" content=\"index, follow, max-snippet:-1, max-image-preview:large, max-video-preview:-1\" \/>\n<link rel=\"canonical\" href=\"https:\/\/www.museum.de\/blog\/magazin-museum-de-nr-48-sommer-2023\/\" \/>\n<meta property=\"og:locale\" content=\"de_DE\" \/>\n<meta property=\"og:type\" content=\"article\" \/>\n<meta property=\"og:title\" content=\"Magazin Museum.de Nr. 48, Sommer 2023 - Der Museumsblog\" \/>\n<meta property=\"og:description\" content=\"K\u00fcnstliche Inelligenz Artificial Intelligence (K\u00fcnstliche Intelligenz) ist momentan das Thema in den Medien.Eine oft unsachlich gef\u00fchrte Debatte kann allerdings auch \u00c4ngste sch\u00fcren. Wichtig w\u00e4re es m.E., dass sich jeder selbst ein Urteil \u00fcber die Vor- und Nachteile bildet, indem man das &#8222;Werkzeug Al&#8220; in einer praktischen Anwendung testet. Genau dazu m\u00f6chten wir nun s\u00e4mtliche Museen [&hellip;]\" \/>\n<meta property=\"og:url\" content=\"https:\/\/www.museum.de\/blog\/magazin-museum-de-nr-48-sommer-2023\/\" \/>\n<meta property=\"og:site_name\" content=\"Der Museumsblog\" \/>\n<meta property=\"article:published_time\" content=\"2023-06-07T14:48:12+00:00\" \/>\n<meta property=\"article:modified_time\" content=\"2023-06-07T14:54:47+00:00\" \/>\n<meta property=\"og:image\" content=\"https:\/\/www.museum.de\/blog\/wp-content\/uploads\/2023\/06\/Bildschirmfoto-2023-06-07-um-16.38.37.png\" \/>\n\t<meta property=\"og:image:width\" content=\"1024\" \/>\n\t<meta property=\"og:image:height\" content=\"746\" \/>\n\t<meta property=\"og:image:type\" content=\"image\/png\" \/>\n<meta name=\"author\" content=\"Redaktion\" \/>\n<meta name=\"twitter:card\" content=\"summary_large_image\" \/>\n<script type=\"application\/ld+json\" class=\"yoast-schema-graph\">{\"@context\":\"https:\\\/\\\/schema.org\",\"@graph\":[{\"@type\":\"Article\",\"@id\":\"https:\\\/\\\/www.museum.de\\\/blog\\\/magazin-museum-de-nr-48-sommer-2023\\\/#article\",\"isPartOf\":{\"@id\":\"https:\\\/\\\/www.museum.de\\\/blog\\\/magazin-museum-de-nr-48-sommer-2023\\\/\"},\"author\":{\"name\":\"Redaktion\",\"@id\":\"https:\\\/\\\/www.museum.de\\\/blog\\\/#\\\/schema\\\/person\\\/c09a0aea9ac127965257ff6115957332\"},\"headline\":\"Magazin Museum.de Nr. 48, Sommer 2023\",\"datePublished\":\"2023-06-07T14:48:12+00:00\",\"dateModified\":\"2023-06-07T14:54:47+00:00\",\"mainEntityOfPage\":{\"@id\":\"https:\\\/\\\/www.museum.de\\\/blog\\\/magazin-museum-de-nr-48-sommer-2023\\\/\"},\"wordCount\":372,\"publisher\":{\"@id\":\"https:\\\/\\\/www.museum.de\\\/blog\\\/#organization\"},\"image\":{\"@id\":\"https:\\\/\\\/www.museum.de\\\/blog\\\/magazin-museum-de-nr-48-sommer-2023\\\/#primaryimage\"},\"thumbnailUrl\":\"https:\\\/\\\/www.museum.de\\\/blog\\\/wp-content\\\/uploads\\\/2023\\\/06\\\/Bildschirmfoto-2023-06-07-um-16.38.37.png\",\"articleSection\":[\"Magazin\"],\"inLanguage\":\"de\"},{\"@type\":\"WebPage\",\"@id\":\"https:\\\/\\\/www.museum.de\\\/blog\\\/magazin-museum-de-nr-48-sommer-2023\\\/\",\"url\":\"https:\\\/\\\/www.museum.de\\\/blog\\\/magazin-museum-de-nr-48-sommer-2023\\\/\",\"name\":\"Magazin Museum.de Nr. 48, Sommer 2023 - Der Museumsblog\",\"isPartOf\":{\"@id\":\"https:\\\/\\\/www.museum.de\\\/blog\\\/#website\"},\"primaryImageOfPage\":{\"@id\":\"https:\\\/\\\/www.museum.de\\\/blog\\\/magazin-museum-de-nr-48-sommer-2023\\\/#primaryimage\"},\"image\":{\"@id\":\"https:\\\/\\\/www.museum.de\\\/blog\\\/magazin-museum-de-nr-48-sommer-2023\\\/#primaryimage\"},\"thumbnailUrl\":\"https:\\\/\\\/www.museum.de\\\/blog\\\/wp-content\\\/uploads\\\/2023\\\/06\\\/Bildschirmfoto-2023-06-07-um-16.38.37.png\",\"datePublished\":\"2023-06-07T14:48:12+00:00\",\"dateModified\":\"2023-06-07T14:54:47+00:00\",\"breadcrumb\":{\"@id\":\"https:\\\/\\\/www.museum.de\\\/blog\\\/magazin-museum-de-nr-48-sommer-2023\\\/#breadcrumb\"},\"inLanguage\":\"de\",\"potentialAction\":[{\"@type\":\"ReadAction\",\"target\":[\"https:\\\/\\\/www.museum.de\\\/blog\\\/magazin-museum-de-nr-48-sommer-2023\\\/\"]}]},{\"@type\":\"ImageObject\",\"inLanguage\":\"de\",\"@id\":\"https:\\\/\\\/www.museum.de\\\/blog\\\/magazin-museum-de-nr-48-sommer-2023\\\/#primaryimage\",\"url\":\"https:\\\/\\\/www.museum.de\\\/blog\\\/wp-content\\\/uploads\\\/2023\\\/06\\\/Bildschirmfoto-2023-06-07-um-16.38.37.png\",\"contentUrl\":\"https:\\\/\\\/www.museum.de\\\/blog\\\/wp-content\\\/uploads\\\/2023\\\/06\\\/Bildschirmfoto-2023-06-07-um-16.38.37.png\",\"width\":1024,\"height\":746},{\"@type\":\"BreadcrumbList\",\"@id\":\"https:\\\/\\\/www.museum.de\\\/blog\\\/magazin-museum-de-nr-48-sommer-2023\\\/#breadcrumb\",\"itemListElement\":[{\"@type\":\"ListItem\",\"position\":1,\"name\":\"Startseite\",\"item\":\"https:\\\/\\\/www.museum.de\\\/blog\\\/\"},{\"@type\":\"ListItem\",\"position\":2,\"name\":\"Magazin Museum.de Nr. 48, Sommer 2023\"}]},{\"@type\":\"WebSite\",\"@id\":\"https:\\\/\\\/www.museum.de\\\/blog\\\/#website\",\"url\":\"https:\\\/\\\/www.museum.de\\\/blog\\\/\",\"name\":\"Der Museumsblog\",\"description\":\"Der Blog\",\"publisher\":{\"@id\":\"https:\\\/\\\/www.museum.de\\\/blog\\\/#organization\"},\"alternateName\":\"museum.de - Der Museumsblog\",\"potentialAction\":[{\"@type\":\"SearchAction\",\"target\":{\"@type\":\"EntryPoint\",\"urlTemplate\":\"https:\\\/\\\/www.museum.de\\\/blog\\\/?s={search_term_string}\"},\"query-input\":{\"@type\":\"PropertyValueSpecification\",\"valueRequired\":true,\"valueName\":\"search_term_string\"}}],\"inLanguage\":\"de\"},{\"@type\":\"Organization\",\"@id\":\"https:\\\/\\\/www.museum.de\\\/blog\\\/#organization\",\"name\":\"Der Museumsblog\",\"url\":\"https:\\\/\\\/www.museum.de\\\/blog\\\/\",\"logo\":{\"@type\":\"ImageObject\",\"inLanguage\":\"de\",\"@id\":\"https:\\\/\\\/www.museum.de\\\/blog\\\/#\\\/schema\\\/logo\\\/image\\\/\",\"url\":\"https:\\\/\\\/www.museum.de\\\/blog\\\/wp-content\\\/uploads\\\/2019\\\/03\\\/cropped-Audioguide_Titelseite-1.jpg\",\"contentUrl\":\"https:\\\/\\\/www.museum.de\\\/blog\\\/wp-content\\\/uploads\\\/2019\\\/03\\\/cropped-Audioguide_Titelseite-1.jpg\",\"width\":512,\"height\":512,\"caption\":\"Der Museumsblog\"},\"image\":{\"@id\":\"https:\\\/\\\/www.museum.de\\\/blog\\\/#\\\/schema\\\/logo\\\/image\\\/\"}},{\"@type\":\"Person\",\"@id\":\"https:\\\/\\\/www.museum.de\\\/blog\\\/#\\\/schema\\\/person\\\/c09a0aea9ac127965257ff6115957332\",\"name\":\"Redaktion\",\"description\":\"Das Redaktionsteam von museum.de\",\"url\":\"https:\\\/\\\/www.museum.de\\\/blog\\\/author\\\/msupervisor\\\/\"}]}<\/script>\n<!-- \/ Yoast SEO plugin. -->","yoast_head_json":{"title":"Magazin Museum.de Nr. 48, Sommer 2023 - Der Museumsblog","robots":{"index":"index","follow":"follow","max-snippet":"max-snippet:-1","max-image-preview":"max-image-preview:large","max-video-preview":"max-video-preview:-1"},"canonical":"https:\/\/www.museum.de\/blog\/magazin-museum-de-nr-48-sommer-2023\/","og_locale":"de_DE","og_type":"article","og_title":"Magazin Museum.de Nr. 48, Sommer 2023 - Der Museumsblog","og_description":"K\u00fcnstliche Inelligenz Artificial Intelligence (K\u00fcnstliche Intelligenz) ist momentan das Thema in den Medien.Eine oft unsachlich gef\u00fchrte Debatte kann allerdings auch \u00c4ngste sch\u00fcren. Wichtig w\u00e4re es m.E., dass sich jeder selbst ein Urteil \u00fcber die Vor- und Nachteile bildet, indem man das &#8222;Werkzeug Al&#8220; in einer praktischen Anwendung testet. Genau dazu m\u00f6chten wir nun s\u00e4mtliche Museen [&hellip;]","og_url":"https:\/\/www.museum.de\/blog\/magazin-museum-de-nr-48-sommer-2023\/","og_site_name":"Der Museumsblog","article_published_time":"2023-06-07T14:48:12+00:00","article_modified_time":"2023-06-07T14:54:47+00:00","og_image":[{"width":1024,"height":746,"url":"https:\/\/www.museum.de\/blog\/wp-content\/uploads\/2023\/06\/Bildschirmfoto-2023-06-07-um-16.38.37.png","type":"image\/png"}],"author":"Redaktion","twitter_card":"summary_large_image","schema":{"@context":"https:\/\/schema.org","@graph":[{"@type":"Article","@id":"https:\/\/www.museum.de\/blog\/magazin-museum-de-nr-48-sommer-2023\/#article","isPartOf":{"@id":"https:\/\/www.museum.de\/blog\/magazin-museum-de-nr-48-sommer-2023\/"},"author":{"name":"Redaktion","@id":"https:\/\/www.museum.de\/blog\/#\/schema\/person\/c09a0aea9ac127965257ff6115957332"},"headline":"Magazin Museum.de Nr. 48, Sommer 2023","datePublished":"2023-06-07T14:48:12+00:00","dateModified":"2023-06-07T14:54:47+00:00","mainEntityOfPage":{"@id":"https:\/\/www.museum.de\/blog\/magazin-museum-de-nr-48-sommer-2023\/"},"wordCount":372,"publisher":{"@id":"https:\/\/www.museum.de\/blog\/#organization"},"image":{"@id":"https:\/\/www.museum.de\/blog\/magazin-museum-de-nr-48-sommer-2023\/#primaryimage"},"thumbnailUrl":"https:\/\/www.museum.de\/blog\/wp-content\/uploads\/2023\/06\/Bildschirmfoto-2023-06-07-um-16.38.37.png","articleSection":["Magazin"],"inLanguage":"de"},{"@type":"WebPage","@id":"https:\/\/www.museum.de\/blog\/magazin-museum-de-nr-48-sommer-2023\/","url":"https:\/\/www.museum.de\/blog\/magazin-museum-de-nr-48-sommer-2023\/","name":"Magazin Museum.de Nr. 48, Sommer 2023 - Der Museumsblog","isPartOf":{"@id":"https:\/\/www.museum.de\/blog\/#website"},"primaryImageOfPage":{"@id":"https:\/\/www.museum.de\/blog\/magazin-museum-de-nr-48-sommer-2023\/#primaryimage"},"image":{"@id":"https:\/\/www.museum.de\/blog\/magazin-museum-de-nr-48-sommer-2023\/#primaryimage"},"thumbnailUrl":"https:\/\/www.museum.de\/blog\/wp-content\/uploads\/2023\/06\/Bildschirmfoto-2023-06-07-um-16.38.37.png","datePublished":"2023-06-07T14:48:12+00:00","dateModified":"2023-06-07T14:54:47+00:00","breadcrumb":{"@id":"https:\/\/www.museum.de\/blog\/magazin-museum-de-nr-48-sommer-2023\/#breadcrumb"},"inLanguage":"de","potentialAction":[{"@type":"ReadAction","target":["https:\/\/www.museum.de\/blog\/magazin-museum-de-nr-48-sommer-2023\/"]}]},{"@type":"ImageObject","inLanguage":"de","@id":"https:\/\/www.museum.de\/blog\/magazin-museum-de-nr-48-sommer-2023\/#primaryimage","url":"https:\/\/www.museum.de\/blog\/wp-content\/uploads\/2023\/06\/Bildschirmfoto-2023-06-07-um-16.38.37.png","contentUrl":"https:\/\/www.museum.de\/blog\/wp-content\/uploads\/2023\/06\/Bildschirmfoto-2023-06-07-um-16.38.37.png","width":1024,"height":746},{"@type":"BreadcrumbList","@id":"https:\/\/www.museum.de\/blog\/magazin-museum-de-nr-48-sommer-2023\/#breadcrumb","itemListElement":[{"@type":"ListItem","position":1,"name":"Startseite","item":"https:\/\/www.museum.de\/blog\/"},{"@type":"ListItem","position":2,"name":"Magazin Museum.de Nr. 48, Sommer 2023"}]},{"@type":"WebSite","@id":"https:\/\/www.museum.de\/blog\/#website","url":"https:\/\/www.museum.de\/blog\/","name":"Der Museumsblog","description":"Der Blog","publisher":{"@id":"https:\/\/www.museum.de\/blog\/#organization"},"alternateName":"museum.de - Der Museumsblog","potentialAction":[{"@type":"SearchAction","target":{"@type":"EntryPoint","urlTemplate":"https:\/\/www.museum.de\/blog\/?s={search_term_string}"},"query-input":{"@type":"PropertyValueSpecification","valueRequired":true,"valueName":"search_term_string"}}],"inLanguage":"de"},{"@type":"Organization","@id":"https:\/\/www.museum.de\/blog\/#organization","name":"Der Museumsblog","url":"https:\/\/www.museum.de\/blog\/","logo":{"@type":"ImageObject","inLanguage":"de","@id":"https:\/\/www.museum.de\/blog\/#\/schema\/logo\/image\/","url":"https:\/\/www.museum.de\/blog\/wp-content\/uploads\/2019\/03\/cropped-Audioguide_Titelseite-1.jpg","contentUrl":"https:\/\/www.museum.de\/blog\/wp-content\/uploads\/2019\/03\/cropped-Audioguide_Titelseite-1.jpg","width":512,"height":512,"caption":"Der Museumsblog"},"image":{"@id":"https:\/\/www.museum.de\/blog\/#\/schema\/logo\/image\/"}},{"@type":"Person","@id":"https:\/\/www.museum.de\/blog\/#\/schema\/person\/c09a0aea9ac127965257ff6115957332","name":"Redaktion","description":"Das Redaktionsteam von museum.de","url":"https:\/\/www.museum.de\/blog\/author\/msupervisor\/"}]}},"_links":{"self":[{"href":"https:\/\/www.museum.de\/blog\/wp-json\/wp\/v2\/posts\/2022","targetHints":{"allow":["GET"]}}],"collection":[{"href":"https:\/\/www.museum.de\/blog\/wp-json\/wp\/v2\/posts"}],"about":[{"href":"https:\/\/www.museum.de\/blog\/wp-json\/wp\/v2\/types\/post"}],"author":[{"embeddable":true,"href":"https:\/\/www.museum.de\/blog\/wp-json\/wp\/v2\/users\/1"}],"replies":[{"embeddable":true,"href":"https:\/\/www.museum.de\/blog\/wp-json\/wp\/v2\/comments?post=2022"}],"version-history":[{"count":3,"href":"https:\/\/www.museum.de\/blog\/wp-json\/wp\/v2\/posts\/2022\/revisions"}],"predecessor-version":[{"id":2028,"href":"https:\/\/www.museum.de\/blog\/wp-json\/wp\/v2\/posts\/2022\/revisions\/2028"}],"wp:featuredmedia":[{"embeddable":true,"href":"https:\/\/www.museum.de\/blog\/wp-json\/wp\/v2\/media\/2023"}],"wp:attachment":[{"href":"https:\/\/www.museum.de\/blog\/wp-json\/wp\/v2\/media?parent=2022"}],"wp:term":[{"taxonomy":"category","embeddable":true,"href":"https:\/\/www.museum.de\/blog\/wp-json\/wp\/v2\/categories?post=2022"},{"taxonomy":"post_tag","embeddable":true,"href":"https:\/\/www.museum.de\/blog\/wp-json\/wp\/v2\/tags?post=2022"}],"curies":[{"name":"wp","href":"https:\/\/api.w.org\/{rel}","templated":true}]}}