{"id":2082,"date":"2023-07-05T08:21:14","date_gmt":"2023-07-05T08:21:14","guid":{"rendered":"https:\/\/www.museum.de\/blog\/?p=2082"},"modified":"2023-07-05T10:15:46","modified_gmt":"2023-07-05T10:15:46","slug":"120-jahre-deutsches-museum-1-jahr-neue-ausstellungen-fest-der-zukunft","status":"publish","type":"post","link":"https:\/\/www.museum.de\/blog\/120-jahre-deutsches-museum-1-jahr-neue-ausstellungen-fest-der-zukunft\/","title":{"rendered":"120 Jahre Deutsches Museum, 1 Jahr neue Ausstellungen, Fest der Zukunft"},"content":{"rendered":"\n<p><strong>Festliche Tage auf der Museumsinsel<\/strong><br>Am 8. und 9. Juli steht die Museumsinsel ganz im Zeichen des Festes: Die gesamte Uferpromenade zwischen Ludwigsbr\u00fccke und Corneliusbr\u00fccke verwandelt sich in eine Partymeile der Wissenschaftskommunikation. Im Innenhof des Forums der Zukunft gibt es B\u00fchnenauftritte und ein Slackliner zeigt sein K\u00f6nnen in schwindelerregender H\u00f6he. Entlang der Uferpromenade gibt es ein Repair-Caf\u00e9 und man kann sogar eigene Roboter bauen. Die &#8222;Transformers&#8220; werden vor Ort sein, und ein eigener Biergarten sowie verschiedene Food Trucks sorgen daf\u00fcr, dass niemandem die Energie zum Feiern ausgeht. Ein visuelles Highlight werden die gigantischen, bis zu sieben Meter hohen Planetenkugeln sein, die die Museumsinsel bei Nacht beleuchten.<br>Im Museum k\u00f6nnen Sie neben den vielf\u00e4ltigen Programmen, F\u00fchrungen und Vorf\u00fchrungen auch die aktuelle Sonderausstellung zum 100-j\u00e4hrigen Bestehen des Planetariums sowie die 20 Dauerausstellungen auf 20.000 Quadratmetern erkunden. Beim Festival der Zukunft im Forum an der Ludwigsbr\u00fccke gibt es eine interaktive Ausstellung, Workshops und B\u00fchnenauftritte f\u00fcr die ganze Familie. Wissenschaftler, Gr\u00fcnder, Science-Fiction-Autoren und K\u00fcnstler geben Einblicke in die Welt von morgen. Die Teilnahme am Outdoor-Programm und der Besuch des Festivals der Zukunft sind an beiden Tagen kostenlos.<\/p>\n\n\n\n<h3 class=\"wp-block-heading\"><strong>Festival der Zukunft<\/strong><\/h3>\n\n\n\n<p>K\u00fcnstliche Intelligenz, Quantentechnologien, Web3, Metaverse und mehr: Das Festival der Zukunft, in Kooperation mit 1E9, bietet Einblicke in aktuelle Entwicklungen. Es beginnt am 6. Juli mit einem Konferenz-Tag, der Vortr\u00e4ge, Diskussionen und Workshops in englischer Sprache umfasst. Am 7. Juli findet der Next Gen Day statt, bei dem Tech-Vordenkerinnen und Innovatoren im Fokus stehen. An den Wochenenden vom 8. bis 9. Juli \u00f6ffnet das Forum an der Ludwigsbr\u00fccke f\u00fcr alle, insbesondere f\u00fcr Familien, mit interaktiven Formaten und Workshops. Zus\u00e4tzlich gibt es beim Festival Prototypen und Modelle zum Entdecken, XR-Kunst, Livemusik und Technologie zum Anfassen.<br><a href=\"https:\/\/festivalderzukunft.com\/\" target=\"_blank\" rel=\"noreferrer noopener\">mehr erfahren&#8230;<\/a><\/p>\n\n\n\n<p><strong>Ort:<\/strong><\/p>\n\n\n\n<ul class=\"wp-block-list\">\n<li>Deutsches Museum &#8211; Museumsinsel<\/li>\n\n\n\n<li>Forum der Zukunft, Posthof, Uferstra\u00dfe, Museumsgarten<\/li>\n<\/ul>\n\n\n\n<p><strong>Wann:<\/strong><\/p>\n\n\n\n<ul class=\"wp-block-list\">\n<li>08. Juli 2023, 9 Uhr bis 23 Uhr. Das Museum ist von 9 bis 17 Uhr ge\u00f6ffnet.<\/li>\n\n\n\n<li>09. Juli 2023, 9 bis 17 Uhr Museums\u00f6ffnung und Au\u00dfenprogramm.<\/li>\n<\/ul>\n\n\n\n<p><strong>Kosten:<\/strong><\/p>\n\n\n\n<ul class=\"wp-block-list\">\n<li>Au\u00dfenbereich und Forum: Teilnahme kostenlos. Ticket f\u00fcr das Museum erforderlich.<\/li>\n<\/ul>\n\n\n\n<p><strong>Hinweise<\/strong><\/p>\n\n\n\n<ul class=\"wp-block-list\">\n<li>Barrierefrei<\/li>\n\n\n\n<li>F\u00fcr Schalen\/Essbeh\u00e4lter wird an den Essensst\u00e4nden ein Pfandsystem via App angeboten.<\/li>\n<\/ul>\n\n\n\n<p>Die Teilnahme an den Programmen im Au\u00dfenbereich und im \u201eForum der Zukunft\u201c am 8. und 9. Juli 2023 ist kostenlos, f\u00fcr einen Besuch der Ausstellungen muss eine Eintrittskarte gekauft werden. Das Museum ist an beiden Tagen wie gewohnt von 9 bis 17 Uhr ge\u00f6ffnet, das kostenlose Programm im Au\u00dfenbereich dauert am Samstag von 10 bis 22 Uhr, am Sonntag von 10 bis 17 Uhr.<\/p>\n\n\n\n<p>Quelle und Bildnachweis:<\/p>\n\n\n\n<p>Bild: (c) Alexander Goettert<br><a rel=\"noreferrer noopener\" href=\"https:\/\/www.deutsches-museum.de\/museumsinsel\/programm\/programm-a-z\/festival-der-zukunft\" target=\"_blank\">https:\/\/www.deutsches-museum.de\/museumsinsel\/programm\/programm-a-z\/festival-der-zukunft<\/a> <\/p>\n","protected":false},"excerpt":{"rendered":"<p>Festliche Tage auf der MuseumsinselAm 8. und 9. Juli steht die Museumsinsel ganz im Zeichen des Festes: Die gesamte Uferpromenade zwischen Ludwigsbr\u00fccke und Corneliusbr\u00fccke verwandelt sich in eine Partymeile der Wissenschaftskommunikation. Im Innenhof des Forums der Zukunft gibt es B\u00fchnenauftritte und ein Slackliner zeigt sein K\u00f6nnen in schwindelerregender H\u00f6he. Entlang der Uferpromenade gibt es ein [&hellip;]<\/p>\n","protected":false},"author":1,"featured_media":2083,"comment_status":"closed","ping_status":"closed","sticky":false,"template":"","format":"standard","meta":{"site-sidebar-layout":"default","site-content-layout":"","ast-site-content-layout":"default","site-content-style":"default","site-sidebar-style":"default","ast-global-header-display":"","ast-banner-title-visibility":"","ast-main-header-display":"","ast-hfb-above-header-display":"","ast-hfb-below-header-display":"","ast-hfb-mobile-header-display":"","site-post-title":"","ast-breadcrumbs-content":"","ast-featured-img":"","footer-sml-layout":"","ast-disable-related-posts":"","theme-transparent-header-meta":"","adv-header-id-meta":"","stick-header-meta":"","header-above-stick-meta":"","header-main-stick-meta":"","header-below-stick-meta":"","astra-migrate-meta-layouts":"default","ast-page-background-enabled":"default","ast-page-background-meta":{"desktop":{"background-color":"var(--ast-global-color-4)","background-image":"","background-repeat":"repeat","background-position":"center center","background-size":"auto","background-attachment":"scroll","background-type":"","background-media":"","overlay-type":"","overlay-color":"","overlay-opacity":"","overlay-gradient":""},"tablet":{"background-color":"","background-image":"","background-repeat":"repeat","background-position":"center center","background-size":"auto","background-attachment":"scroll","background-type":"","background-media":"","overlay-type":"","overlay-color":"","overlay-opacity":"","overlay-gradient":""},"mobile":{"background-color":"","background-image":"","background-repeat":"repeat","background-position":"center center","background-size":"auto","background-attachment":"scroll","background-type":"","background-media":"","overlay-type":"","overlay-color":"","overlay-opacity":"","overlay-gradient":""}},"ast-content-background-meta":{"desktop":{"background-color":"var(--ast-global-color-5)","background-image":"","background-repeat":"repeat","background-position":"center center","background-size":"auto","background-attachment":"scroll","background-type":"","background-media":"","overlay-type":"","overlay-color":"","overlay-opacity":"","overlay-gradient":""},"tablet":{"background-color":"var(--ast-global-color-5)","background-image":"","background-repeat":"repeat","background-position":"center center","background-size":"auto","background-attachment":"scroll","background-type":"","background-media":"","overlay-type":"","overlay-color":"","overlay-opacity":"","overlay-gradient":""},"mobile":{"background-color":"var(--ast-global-color-5)","background-image":"","background-repeat":"repeat","background-position":"center center","background-size":"auto","background-attachment":"scroll","background-type":"","background-media":"","overlay-type":"","overlay-color":"","overlay-opacity":"","overlay-gradient":""}},"episode_type":"","audio_file":"","podmotor_file_id":"","podmotor_episode_id":"","cover_image":"","cover_image_id":"","duration":"","filesize":"","filesize_raw":"","date_recorded":"","explicit":"","block":"","itunes_episode_number":"","itunes_title":"","itunes_season_number":"","itunes_episode_type":"","footnotes":""},"categories":[27,12],"tags":[203,17],"class_list":["post-2082","post","type-post","status-publish","format-standard","has-post-thumbnail","hentry","category-museumsticker","category-museumswelt","tag-deutsches-museum","tag-museen"],"yoast_head":"<!-- This site is optimized with the Yoast SEO plugin v27.5 - https:\/\/yoast.com\/product\/yoast-seo-wordpress\/ -->\n<title>120 Jahre Deutsches Museum, 1 Jahr neue Ausstellungen, Fest der Zukunft - Der Museumsblog<\/title>\n<meta name=\"robots\" content=\"index, follow, max-snippet:-1, max-image-preview:large, max-video-preview:-1\" \/>\n<link rel=\"canonical\" href=\"https:\/\/www.museum.de\/blog\/120-jahre-deutsches-museum-1-jahr-neue-ausstellungen-fest-der-zukunft\/\" \/>\n<meta property=\"og:locale\" content=\"de_DE\" \/>\n<meta property=\"og:type\" content=\"article\" \/>\n<meta property=\"og:title\" content=\"120 Jahre Deutsches Museum, 1 Jahr neue Ausstellungen, Fest der Zukunft - Der Museumsblog\" \/>\n<meta property=\"og:description\" content=\"Festliche Tage auf der MuseumsinselAm 8. und 9. Juli steht die Museumsinsel ganz im Zeichen des Festes: Die gesamte Uferpromenade zwischen Ludwigsbr\u00fccke und Corneliusbr\u00fccke verwandelt sich in eine Partymeile der Wissenschaftskommunikation. Im Innenhof des Forums der Zukunft gibt es B\u00fchnenauftritte und ein Slackliner zeigt sein K\u00f6nnen in schwindelerregender H\u00f6he. Entlang der Uferpromenade gibt es ein [&hellip;]\" \/>\n<meta property=\"og:url\" content=\"https:\/\/www.museum.de\/blog\/120-jahre-deutsches-museum-1-jahr-neue-ausstellungen-fest-der-zukunft\/\" \/>\n<meta property=\"og:site_name\" content=\"Der Museumsblog\" \/>\n<meta property=\"article:published_time\" content=\"2023-07-05T08:21:14+00:00\" \/>\n<meta property=\"article:modified_time\" content=\"2023-07-05T10:15:46+00:00\" \/>\n<meta property=\"og:image\" content=\"https:\/\/www.museum.de\/blog\/wp-content\/uploads\/2023\/07\/Neuer_Eingang_Deutsches_Museum_Muenchen-scaled.jpg\" \/>\n\t<meta property=\"og:image:width\" content=\"1024\" \/>\n\t<meta property=\"og:image:height\" content=\"683\" \/>\n\t<meta property=\"og:image:type\" content=\"image\/jpeg\" \/>\n<meta name=\"author\" content=\"Redaktion\" \/>\n<meta name=\"twitter:card\" content=\"summary_large_image\" \/>\n<script type=\"application\/ld+json\" class=\"yoast-schema-graph\">{\"@context\":\"https:\\\/\\\/schema.org\",\"@graph\":[{\"@type\":\"Article\",\"@id\":\"https:\\\/\\\/www.museum.de\\\/blog\\\/120-jahre-deutsches-museum-1-jahr-neue-ausstellungen-fest-der-zukunft\\\/#article\",\"isPartOf\":{\"@id\":\"https:\\\/\\\/www.museum.de\\\/blog\\\/120-jahre-deutsches-museum-1-jahr-neue-ausstellungen-fest-der-zukunft\\\/\"},\"author\":{\"name\":\"Redaktion\",\"@id\":\"https:\\\/\\\/www.museum.de\\\/blog\\\/#\\\/schema\\\/person\\\/c09a0aea9ac127965257ff6115957332\"},\"headline\":\"120 Jahre Deutsches Museum, 1 Jahr neue Ausstellungen, Fest der Zukunft\",\"datePublished\":\"2023-07-05T08:21:14+00:00\",\"dateModified\":\"2023-07-05T10:15:46+00:00\",\"mainEntityOfPage\":{\"@id\":\"https:\\\/\\\/www.museum.de\\\/blog\\\/120-jahre-deutsches-museum-1-jahr-neue-ausstellungen-fest-der-zukunft\\\/\"},\"wordCount\":442,\"publisher\":{\"@id\":\"https:\\\/\\\/www.museum.de\\\/blog\\\/#organization\"},\"image\":{\"@id\":\"https:\\\/\\\/www.museum.de\\\/blog\\\/120-jahre-deutsches-museum-1-jahr-neue-ausstellungen-fest-der-zukunft\\\/#primaryimage\"},\"thumbnailUrl\":\"https:\\\/\\\/www.museum.de\\\/blog\\\/wp-content\\\/uploads\\\/2023\\\/07\\\/Neuer_Eingang_Deutsches_Museum_Muenchen-scaled.jpg\",\"keywords\":[\"Deutsches Museum\",\"Museen\"],\"articleSection\":[\"Museumsticker\",\"Museumswelt\"],\"inLanguage\":\"de\"},{\"@type\":\"WebPage\",\"@id\":\"https:\\\/\\\/www.museum.de\\\/blog\\\/120-jahre-deutsches-museum-1-jahr-neue-ausstellungen-fest-der-zukunft\\\/\",\"url\":\"https:\\\/\\\/www.museum.de\\\/blog\\\/120-jahre-deutsches-museum-1-jahr-neue-ausstellungen-fest-der-zukunft\\\/\",\"name\":\"120 Jahre Deutsches Museum, 1 Jahr neue Ausstellungen, Fest der Zukunft - Der Museumsblog\",\"isPartOf\":{\"@id\":\"https:\\\/\\\/www.museum.de\\\/blog\\\/#website\"},\"primaryImageOfPage\":{\"@id\":\"https:\\\/\\\/www.museum.de\\\/blog\\\/120-jahre-deutsches-museum-1-jahr-neue-ausstellungen-fest-der-zukunft\\\/#primaryimage\"},\"image\":{\"@id\":\"https:\\\/\\\/www.museum.de\\\/blog\\\/120-jahre-deutsches-museum-1-jahr-neue-ausstellungen-fest-der-zukunft\\\/#primaryimage\"},\"thumbnailUrl\":\"https:\\\/\\\/www.museum.de\\\/blog\\\/wp-content\\\/uploads\\\/2023\\\/07\\\/Neuer_Eingang_Deutsches_Museum_Muenchen-scaled.jpg\",\"datePublished\":\"2023-07-05T08:21:14+00:00\",\"dateModified\":\"2023-07-05T10:15:46+00:00\",\"breadcrumb\":{\"@id\":\"https:\\\/\\\/www.museum.de\\\/blog\\\/120-jahre-deutsches-museum-1-jahr-neue-ausstellungen-fest-der-zukunft\\\/#breadcrumb\"},\"inLanguage\":\"de\",\"potentialAction\":[{\"@type\":\"ReadAction\",\"target\":[\"https:\\\/\\\/www.museum.de\\\/blog\\\/120-jahre-deutsches-museum-1-jahr-neue-ausstellungen-fest-der-zukunft\\\/\"]}]},{\"@type\":\"ImageObject\",\"inLanguage\":\"de\",\"@id\":\"https:\\\/\\\/www.museum.de\\\/blog\\\/120-jahre-deutsches-museum-1-jahr-neue-ausstellungen-fest-der-zukunft\\\/#primaryimage\",\"url\":\"https:\\\/\\\/www.museum.de\\\/blog\\\/wp-content\\\/uploads\\\/2023\\\/07\\\/Neuer_Eingang_Deutsches_Museum_Muenchen-scaled.jpg\",\"contentUrl\":\"https:\\\/\\\/www.museum.de\\\/blog\\\/wp-content\\\/uploads\\\/2023\\\/07\\\/Neuer_Eingang_Deutsches_Museum_Muenchen-scaled.jpg\",\"width\":1024,\"height\":683,\"caption\":\"Bild: (c) Alexander Goettert\"},{\"@type\":\"BreadcrumbList\",\"@id\":\"https:\\\/\\\/www.museum.de\\\/blog\\\/120-jahre-deutsches-museum-1-jahr-neue-ausstellungen-fest-der-zukunft\\\/#breadcrumb\",\"itemListElement\":[{\"@type\":\"ListItem\",\"position\":1,\"name\":\"Startseite\",\"item\":\"https:\\\/\\\/www.museum.de\\\/blog\\\/\"},{\"@type\":\"ListItem\",\"position\":2,\"name\":\"120 Jahre Deutsches Museum, 1 Jahr neue Ausstellungen, Fest der Zukunft\"}]},{\"@type\":\"WebSite\",\"@id\":\"https:\\\/\\\/www.museum.de\\\/blog\\\/#website\",\"url\":\"https:\\\/\\\/www.museum.de\\\/blog\\\/\",\"name\":\"Der Museumsblog\",\"description\":\"Der Blog\",\"publisher\":{\"@id\":\"https:\\\/\\\/www.museum.de\\\/blog\\\/#organization\"},\"alternateName\":\"museum.de - Der Museumsblog\",\"potentialAction\":[{\"@type\":\"SearchAction\",\"target\":{\"@type\":\"EntryPoint\",\"urlTemplate\":\"https:\\\/\\\/www.museum.de\\\/blog\\\/?s={search_term_string}\"},\"query-input\":{\"@type\":\"PropertyValueSpecification\",\"valueRequired\":true,\"valueName\":\"search_term_string\"}}],\"inLanguage\":\"de\"},{\"@type\":\"Organization\",\"@id\":\"https:\\\/\\\/www.museum.de\\\/blog\\\/#organization\",\"name\":\"Der Museumsblog\",\"url\":\"https:\\\/\\\/www.museum.de\\\/blog\\\/\",\"logo\":{\"@type\":\"ImageObject\",\"inLanguage\":\"de\",\"@id\":\"https:\\\/\\\/www.museum.de\\\/blog\\\/#\\\/schema\\\/logo\\\/image\\\/\",\"url\":\"https:\\\/\\\/www.museum.de\\\/blog\\\/wp-content\\\/uploads\\\/2019\\\/03\\\/cropped-Audioguide_Titelseite-1.jpg\",\"contentUrl\":\"https:\\\/\\\/www.museum.de\\\/blog\\\/wp-content\\\/uploads\\\/2019\\\/03\\\/cropped-Audioguide_Titelseite-1.jpg\",\"width\":512,\"height\":512,\"caption\":\"Der Museumsblog\"},\"image\":{\"@id\":\"https:\\\/\\\/www.museum.de\\\/blog\\\/#\\\/schema\\\/logo\\\/image\\\/\"}},{\"@type\":\"Person\",\"@id\":\"https:\\\/\\\/www.museum.de\\\/blog\\\/#\\\/schema\\\/person\\\/c09a0aea9ac127965257ff6115957332\",\"name\":\"Redaktion\",\"description\":\"Das Redaktionsteam von museum.de\",\"url\":\"https:\\\/\\\/www.museum.de\\\/blog\\\/author\\\/msupervisor\\\/\"}]}<\/script>\n<!-- \/ Yoast SEO plugin. -->","yoast_head_json":{"title":"120 Jahre Deutsches Museum, 1 Jahr neue Ausstellungen, Fest der Zukunft - Der Museumsblog","robots":{"index":"index","follow":"follow","max-snippet":"max-snippet:-1","max-image-preview":"max-image-preview:large","max-video-preview":"max-video-preview:-1"},"canonical":"https:\/\/www.museum.de\/blog\/120-jahre-deutsches-museum-1-jahr-neue-ausstellungen-fest-der-zukunft\/","og_locale":"de_DE","og_type":"article","og_title":"120 Jahre Deutsches Museum, 1 Jahr neue Ausstellungen, Fest der Zukunft - Der Museumsblog","og_description":"Festliche Tage auf der MuseumsinselAm 8. und 9. Juli steht die Museumsinsel ganz im Zeichen des Festes: Die gesamte Uferpromenade zwischen Ludwigsbr\u00fccke und Corneliusbr\u00fccke verwandelt sich in eine Partymeile der Wissenschaftskommunikation. Im Innenhof des Forums der Zukunft gibt es B\u00fchnenauftritte und ein Slackliner zeigt sein K\u00f6nnen in schwindelerregender H\u00f6he. Entlang der Uferpromenade gibt es ein [&hellip;]","og_url":"https:\/\/www.museum.de\/blog\/120-jahre-deutsches-museum-1-jahr-neue-ausstellungen-fest-der-zukunft\/","og_site_name":"Der Museumsblog","article_published_time":"2023-07-05T08:21:14+00:00","article_modified_time":"2023-07-05T10:15:46+00:00","og_image":[{"width":1024,"height":683,"url":"https:\/\/www.museum.de\/blog\/wp-content\/uploads\/2023\/07\/Neuer_Eingang_Deutsches_Museum_Muenchen-scaled.jpg","type":"image\/jpeg"}],"author":"Redaktion","twitter_card":"summary_large_image","schema":{"@context":"https:\/\/schema.org","@graph":[{"@type":"Article","@id":"https:\/\/www.museum.de\/blog\/120-jahre-deutsches-museum-1-jahr-neue-ausstellungen-fest-der-zukunft\/#article","isPartOf":{"@id":"https:\/\/www.museum.de\/blog\/120-jahre-deutsches-museum-1-jahr-neue-ausstellungen-fest-der-zukunft\/"},"author":{"name":"Redaktion","@id":"https:\/\/www.museum.de\/blog\/#\/schema\/person\/c09a0aea9ac127965257ff6115957332"},"headline":"120 Jahre Deutsches Museum, 1 Jahr neue Ausstellungen, Fest der Zukunft","datePublished":"2023-07-05T08:21:14+00:00","dateModified":"2023-07-05T10:15:46+00:00","mainEntityOfPage":{"@id":"https:\/\/www.museum.de\/blog\/120-jahre-deutsches-museum-1-jahr-neue-ausstellungen-fest-der-zukunft\/"},"wordCount":442,"publisher":{"@id":"https:\/\/www.museum.de\/blog\/#organization"},"image":{"@id":"https:\/\/www.museum.de\/blog\/120-jahre-deutsches-museum-1-jahr-neue-ausstellungen-fest-der-zukunft\/#primaryimage"},"thumbnailUrl":"https:\/\/www.museum.de\/blog\/wp-content\/uploads\/2023\/07\/Neuer_Eingang_Deutsches_Museum_Muenchen-scaled.jpg","keywords":["Deutsches Museum","Museen"],"articleSection":["Museumsticker","Museumswelt"],"inLanguage":"de"},{"@type":"WebPage","@id":"https:\/\/www.museum.de\/blog\/120-jahre-deutsches-museum-1-jahr-neue-ausstellungen-fest-der-zukunft\/","url":"https:\/\/www.museum.de\/blog\/120-jahre-deutsches-museum-1-jahr-neue-ausstellungen-fest-der-zukunft\/","name":"120 Jahre Deutsches Museum, 1 Jahr neue Ausstellungen, Fest der Zukunft - Der Museumsblog","isPartOf":{"@id":"https:\/\/www.museum.de\/blog\/#website"},"primaryImageOfPage":{"@id":"https:\/\/www.museum.de\/blog\/120-jahre-deutsches-museum-1-jahr-neue-ausstellungen-fest-der-zukunft\/#primaryimage"},"image":{"@id":"https:\/\/www.museum.de\/blog\/120-jahre-deutsches-museum-1-jahr-neue-ausstellungen-fest-der-zukunft\/#primaryimage"},"thumbnailUrl":"https:\/\/www.museum.de\/blog\/wp-content\/uploads\/2023\/07\/Neuer_Eingang_Deutsches_Museum_Muenchen-scaled.jpg","datePublished":"2023-07-05T08:21:14+00:00","dateModified":"2023-07-05T10:15:46+00:00","breadcrumb":{"@id":"https:\/\/www.museum.de\/blog\/120-jahre-deutsches-museum-1-jahr-neue-ausstellungen-fest-der-zukunft\/#breadcrumb"},"inLanguage":"de","potentialAction":[{"@type":"ReadAction","target":["https:\/\/www.museum.de\/blog\/120-jahre-deutsches-museum-1-jahr-neue-ausstellungen-fest-der-zukunft\/"]}]},{"@type":"ImageObject","inLanguage":"de","@id":"https:\/\/www.museum.de\/blog\/120-jahre-deutsches-museum-1-jahr-neue-ausstellungen-fest-der-zukunft\/#primaryimage","url":"https:\/\/www.museum.de\/blog\/wp-content\/uploads\/2023\/07\/Neuer_Eingang_Deutsches_Museum_Muenchen-scaled.jpg","contentUrl":"https:\/\/www.museum.de\/blog\/wp-content\/uploads\/2023\/07\/Neuer_Eingang_Deutsches_Museum_Muenchen-scaled.jpg","width":1024,"height":683,"caption":"Bild: (c) Alexander Goettert"},{"@type":"BreadcrumbList","@id":"https:\/\/www.museum.de\/blog\/120-jahre-deutsches-museum-1-jahr-neue-ausstellungen-fest-der-zukunft\/#breadcrumb","itemListElement":[{"@type":"ListItem","position":1,"name":"Startseite","item":"https:\/\/www.museum.de\/blog\/"},{"@type":"ListItem","position":2,"name":"120 Jahre Deutsches Museum, 1 Jahr neue Ausstellungen, Fest der Zukunft"}]},{"@type":"WebSite","@id":"https:\/\/www.museum.de\/blog\/#website","url":"https:\/\/www.museum.de\/blog\/","name":"Der Museumsblog","description":"Der Blog","publisher":{"@id":"https:\/\/www.museum.de\/blog\/#organization"},"alternateName":"museum.de - Der Museumsblog","potentialAction":[{"@type":"SearchAction","target":{"@type":"EntryPoint","urlTemplate":"https:\/\/www.museum.de\/blog\/?s={search_term_string}"},"query-input":{"@type":"PropertyValueSpecification","valueRequired":true,"valueName":"search_term_string"}}],"inLanguage":"de"},{"@type":"Organization","@id":"https:\/\/www.museum.de\/blog\/#organization","name":"Der Museumsblog","url":"https:\/\/www.museum.de\/blog\/","logo":{"@type":"ImageObject","inLanguage":"de","@id":"https:\/\/www.museum.de\/blog\/#\/schema\/logo\/image\/","url":"https:\/\/www.museum.de\/blog\/wp-content\/uploads\/2019\/03\/cropped-Audioguide_Titelseite-1.jpg","contentUrl":"https:\/\/www.museum.de\/blog\/wp-content\/uploads\/2019\/03\/cropped-Audioguide_Titelseite-1.jpg","width":512,"height":512,"caption":"Der Museumsblog"},"image":{"@id":"https:\/\/www.museum.de\/blog\/#\/schema\/logo\/image\/"}},{"@type":"Person","@id":"https:\/\/www.museum.de\/blog\/#\/schema\/person\/c09a0aea9ac127965257ff6115957332","name":"Redaktion","description":"Das Redaktionsteam von museum.de","url":"https:\/\/www.museum.de\/blog\/author\/msupervisor\/"}]}},"_links":{"self":[{"href":"https:\/\/www.museum.de\/blog\/wp-json\/wp\/v2\/posts\/2082","targetHints":{"allow":["GET"]}}],"collection":[{"href":"https:\/\/www.museum.de\/blog\/wp-json\/wp\/v2\/posts"}],"about":[{"href":"https:\/\/www.museum.de\/blog\/wp-json\/wp\/v2\/types\/post"}],"author":[{"embeddable":true,"href":"https:\/\/www.museum.de\/blog\/wp-json\/wp\/v2\/users\/1"}],"replies":[{"embeddable":true,"href":"https:\/\/www.museum.de\/blog\/wp-json\/wp\/v2\/comments?post=2082"}],"version-history":[{"count":2,"href":"https:\/\/www.museum.de\/blog\/wp-json\/wp\/v2\/posts\/2082\/revisions"}],"predecessor-version":[{"id":2089,"href":"https:\/\/www.museum.de\/blog\/wp-json\/wp\/v2\/posts\/2082\/revisions\/2089"}],"wp:featuredmedia":[{"embeddable":true,"href":"https:\/\/www.museum.de\/blog\/wp-json\/wp\/v2\/media\/2083"}],"wp:attachment":[{"href":"https:\/\/www.museum.de\/blog\/wp-json\/wp\/v2\/media?parent=2082"}],"wp:term":[{"taxonomy":"category","embeddable":true,"href":"https:\/\/www.museum.de\/blog\/wp-json\/wp\/v2\/categories?post=2082"},{"taxonomy":"post_tag","embeddable":true,"href":"https:\/\/www.museum.de\/blog\/wp-json\/wp\/v2\/tags?post=2082"}],"curies":[{"name":"wp","href":"https:\/\/api.w.org\/{rel}","templated":true}]}}