{"id":2222,"date":"2023-08-16T14:04:21","date_gmt":"2023-08-16T14:04:21","guid":{"rendered":"https:\/\/www.museum.de\/blog\/?p=2222"},"modified":"2024-05-29T07:53:37","modified_gmt":"2024-05-29T07:53:37","slug":"lange-nacht-der-museen-im-september-2023","status":"publish","type":"post","link":"https:\/\/www.museum.de\/blog\/lange-nacht-der-museen-im-september-2023\/","title":{"rendered":"Lange Nacht der Museen im September 2023"},"content":{"rendered":"\n<p>Auch im September gibt es wieder interessante Termine<\/p>\n\n\n\n<p>2. \u2013 3. September&nbsp; \u2013 Kassel, <a href=\"https:\/\/www.museumsnacht.de\/de\">Woche der <\/a><a href=\"https:\/\/www.museumsnacht.de\">Museen<\/a><\/p>\n\n\n\n<p>Die Kasseler Museumsnacht kehrt am 2. und 3. September 2023 in vollem Glanz zur\u00fcck und verspricht ein Highlight des Kasseler Kulturkalenders zu sein. Mit ihrem n\u00e4chtlichen Charme zieht sie Kunst- und Kulturbegeisterte aus nah und fern an. Doch dieses Mal gibt es eine aufregende Neuerung: die Erweiterung um den Sonntag!\n\nDie Museumsnacht bietet den Besuchern die M\u00f6glichkeit, in die faszinierende Welt der Kunst einzutauchen. Zahlreiche Ausstellungen werden in den teilnehmenden Museen pr\u00e4sentiert, die eine breite Palette an Kunstrichtungen abdecken &#8211; von klassischer Malerei \u00fcber moderne Skulpturen bis hin zu interaktiven Installationen. Jedes Museum hat sein eigenes einzigartiges Flair und verspricht ein unvergessliches Erlebnis.\n\nNicht nur die Ausstellungen sind ein Highlight, sondern auch das abwechslungsreiche B\u00fchnenprogramm, das die Museumsnacht zu bieten hat. Verschiedene K\u00fcnstler treten auf und pr\u00e4sentieren ihr Talent in Musik, Theater und Tanz. Die Besucher k\u00f6nnen sich von den mitrei\u00dfenden Darbietungen verzaubern lassen und eine ganz besondere Atmosph\u00e4re genie\u00dfen.\n\nF\u00fcr diejenigen, die sich tiefer mit den Kunstwerken auseinandersetzen m\u00f6chten, werden w\u00e4hrend der Museumsnacht auch Vermittlungs- und Veranstaltungsformate angeboten. F\u00fchrungen, Vortr\u00e4ge und Workshops erm\u00f6glichen es den Besuchern, mehr \u00fcber die verschiedenen K\u00fcnstler und ihre Werke zu erfahren. Es ist eine Gelegenheit, hinter die Kulissen zu schauen und einen Einblick in die Schaffensprozesse zu erhalten.\n\nUnd nat\u00fcrlich kommt auch die Kulinarik nicht zu kurz! An verschiedenen St\u00e4nden und Foodtrucks k\u00f6nnen sich die Besucher mit k\u00f6stlichen Speisen und erfrischenden Getr\u00e4nken st\u00e4rken. Egal ob herzhafte Leckereien, s\u00fc\u00dfe Versuchungen oder exotische Spezialit\u00e4ten &#8211; f\u00fcr jeden Geschmack ist etwas dabei. Eine kulinarische Reise rundet das Erlebnis der Museumsnacht perfekt ab.\n\nDank der Erweiterung um den Sonntag haben die Besucher nun noch mehr Zeit, die Museumsnacht in vollen Z\u00fcgen zu genie\u00dfen. An diesem Tag k\u00f6nnen sie erneut die Museen besuchen, Ausstellungen bewundern und an den verschiedenen Veranstaltungen teilnehmen. Die Museumsnacht wird somit zu einem zweit\u00e4gigen Fest der Kunst und Kultur, das die Stadt Kassel in einen wahren Hotspot f\u00fcr Kunstliebhaber verwandelt.\n\nOb man sich f\u00fcr Malerei, Skulpturen, Musik oder Theater interessiert &#8211; die Kasseler Museumsnacht bietet f\u00fcr jeden etwas und ist ein unvergessliches Erlebnis f\u00fcr die Sinne. Tauchen Sie ein in die Welt der Kunst, lassen Sie sich von den faszinierenden Ausstellungen inspirieren und genie\u00dfen Sie eine Nacht voller Magie und Kreativit\u00e4t. Die Museumsnacht ist ein absolutes Muss f\u00fcr jeden Kulturbegeisterten und verspricht ein unvergessliches Wochenende in Kassel!<\/p>\n\n\n\n<p>9. \u2013 10. September \u2013 Niederlande, <a href=\"https:\/\/www.openmonumentendag.nl\/\">Offener Monumententag<\/a><\/p>\n\n\n\n<p>Der Open Monumentendag ist ein j\u00e4hrliches Ereignis, das am zweiten Septemberwochenende in den Niederlanden stattfindet. An diesem Wochenende \u00f6ffnen Tausende von wundersch\u00f6nen Denkm\u00e4lern ihre T\u00fcren f\u00fcr die \u00d6ffentlichkeit und sind f\u00fcr alle kostenlos zug\u00e4nglich. Im Jahr 2023 findet der Open Monumentendag am Samstag, den 9. und Sonntag, den 10. September statt und steht unter dem Motto &#8222;Lebendiges Erbe&#8220;.\n\nDas Motto &#8222;Lebendiges Erbe&#8220; bezieht sich auf das immaterielle Erbe der Niederlande. Hierbei handelt es sich um die kulturellen Br\u00e4uche, Traditionen und handwerklichen Fertigkeiten, die von Generation zu Generation weitergegeben wurden. Diese kulturellen Sch\u00e4tze sind ein integraler Bestandteil der niederl\u00e4ndischen Identit\u00e4t und spielen eine wichtige Rolle in der Kultur des Landes.\n\nW\u00e4hrend des Open Monumentendags haben Besucher die M\u00f6glichkeit, diese immateriellen Erben hautnah zu erleben. Viele der offenen Denkm\u00e4ler bieten spezielle Aktivit\u00e4ten an, bei denen Besucher traditionelle Handwerksk\u00fcnste erlernen oder an kulturellen Vorf\u00fchrungen teilnehmen k\u00f6nnen. Es ist eine Gelegenheit, in die Vergangenheit einzutauchen und die reiche Geschichte und Traditionen der Niederlande zu entdecken.\n\nNeben den Aktivit\u00e4ten in den Denkm\u00e4lern finden auch Veranstaltungen im ganzen Land statt. Es gibt beispielsweise F\u00fchrungen durch historische Stadtviertel, Vortr\u00e4ge \u00fcber die Bedeutung des immateriellen Erbes und kulturelle Veranstaltungen, bei denen traditionelle Musik und T\u00e4nze pr\u00e4sentiert werden. Es ist ein Fest f\u00fcr die Sinne und eine M\u00f6glichkeit, die verschiedenen Facetten des niederl\u00e4ndischen immateriellen Erbes kennenzulernen.\n\nDer Open Monumentendag ist nicht nur eine Gelegenheit, die Kultur und Geschichte der Niederlande zu feiern, sondern auch eine M\u00f6glichkeit, die Bedeutung des immateriellen Erbes f\u00fcr die heutige Gesellschaft zu betonen. Indem wir diese Traditionen und Fertigkeiten pflegen und weitergeben, erhalten wir nicht nur unser kulturelles Erbe, sondern tragen auch zur kulturellen Vielfalt und zum Verst\u00e4ndnis zwischen den Generationen bei.\n\nEs ist eine Zeit des Zusammentreffens und des Austauschs, in der Menschen aller Altersgruppen und Hintergr\u00fcnde zusammenkommen, um das immaterielle Erbe der Niederlande zu feiern. Der Open Monumentendag ist eine Gelegenheit, die Sch\u00f6nheit und Bedeutung unserer kulturellen Traditionen zu erkunden und zu sch\u00e4tzen. Es ist ein Fest f\u00fcr alle Sinne und ein unvergessliches Erlebnis f\u00fcr jeden, der daran teilnimmt.<\/p>\n\n\n\n<p>2. September \u2013 Z\u00fcrich, <a href=\"https:\/\/www.zuerich.com\/de\/besuchen\/lange-nacht-der-museen\">Lange Nacht<\/a><\/p>\n\n\n\n<p>2. &#8211; 3. September&nbsp; \u2013 Kassel, <a href=\"https:\/\/www.museumsnacht.de\/de\">Woche der Museen<\/a><\/p>\n\n\n\n<p>9. September \u2013 <a href=\"https:\/\/museumsnachtsg.ch\/\">Museumsnacht St.Gallen<\/a><\/p>\n\n\n\n<p>9. September \u2013 <a href=\"https:\/\/ndm.ingolstadt.de\/\">Nacht der Museen Ingolstadt<\/a><\/p>\n\n\n\n<p>9. September \u2013 Baden-Baden, <a href=\"https:\/\/www.baden-baden.com\/media\/veranstaltungskalender#\/eventDate\/36a71280-3b4b-11ee-b36d-2f6676ec29f2\">Nacht &amp; Tag des offenen Denkmals<\/a> <\/p>\n\n\n\n<p>9. &#8211; 10. September \u2013 Niederlande, <a href=\"https:\/\/www.openmonumentendag.nl\/\">Offener Monumententag<\/a><\/p>\n\n\n\n<p>10. September \u2013 <a href=\"https:\/\/www.tag-des-offenen-denkmals.de\/\">Tag des offenen Denkmals<\/a><\/p>\n\n\n\n<p>15. September \u2013<a href=\"https:\/\/dachauer-galerien-museen.de\/fuehrungen-veranstaltungen\/\"> Lange Nacht der offenen T\u00fcren in Dachau<\/a><\/p>\n\n\n\n<p>16. September \u2013 <a href=\"https:\/\/www.kulturforum-schorndorf.de\/de\/home\/veranstaltungen\/kunstnacht-2022\/\">Schorndorfer Kunstnacht<\/a><\/p>\n\n\n\n<p>17. September \u2013 Hamburg, <a href=\"https:\/\/ndkh.de\/\">Nacht der Kirchen<\/a><\/p>\n\n\n\n<p>16. &#8211; 17. September \u2013 <a href=\"https:\/\/journeesdupatrimoine.culture.gouv.fr\/\">Journ\u00e9es europ\u00e9ennes du patrimoine<\/a><\/p>\n\n\n\n<p>23. September \u2013 <a href=\"https:\/\/www.dortmund.de\/de\/freizeit_und_kultur\/museen\/museumsnacht\/start_museumsnacht\/index.html\">23. DEW21-Museumsnacht<\/a><\/p>\n","protected":false},"excerpt":{"rendered":"<p>Auch im September gibt es wieder interessante Termine 2. \u2013 3. September&nbsp; \u2013 Kassel, Woche der Museen Die Kasseler Museumsnacht kehrt am 2. und 3. September 2023 in vollem Glanz zur\u00fcck und verspricht ein Highlight des Kasseler Kulturkalenders zu sein. Mit ihrem n\u00e4chtlichen Charme zieht sie Kunst- und Kulturbegeisterte aus nah und fern an. Doch [&hellip;]<\/p>\n","protected":false},"author":1,"featured_media":2371,"comment_status":"closed","ping_status":"closed","sticky":false,"template":"","format":"standard","meta":{"site-sidebar-layout":"default","site-content-layout":"","ast-site-content-layout":"default","site-content-style":"default","site-sidebar-style":"default","ast-global-header-display":"","ast-banner-title-visibility":"","ast-main-header-display":"","ast-hfb-above-header-display":"","ast-hfb-below-header-display":"","ast-hfb-mobile-header-display":"","site-post-title":"","ast-breadcrumbs-content":"","ast-featured-img":"","footer-sml-layout":"","ast-disable-related-posts":"","theme-transparent-header-meta":"","adv-header-id-meta":"","stick-header-meta":"","header-above-stick-meta":"","header-main-stick-meta":"","header-below-stick-meta":"","astra-migrate-meta-layouts":"set","ast-page-background-enabled":"default","ast-page-background-meta":{"desktop":{"background-color":"var(--ast-global-color-4)","background-image":"","background-repeat":"repeat","background-position":"center center","background-size":"auto","background-attachment":"scroll","background-type":"","background-media":"","overlay-type":"","overlay-color":"","overlay-opacity":"","overlay-gradient":""},"tablet":{"background-color":"","background-image":"","background-repeat":"repeat","background-position":"center center","background-size":"auto","background-attachment":"scroll","background-type":"","background-media":"","overlay-type":"","overlay-color":"","overlay-opacity":"","overlay-gradient":""},"mobile":{"background-color":"","background-image":"","background-repeat":"repeat","background-position":"center center","background-size":"auto","background-attachment":"scroll","background-type":"","background-media":"","overlay-type":"","overlay-color":"","overlay-opacity":"","overlay-gradient":""}},"ast-content-background-meta":{"desktop":{"background-color":"var(--ast-global-color-5)","background-image":"","background-repeat":"repeat","background-position":"center center","background-size":"auto","background-attachment":"scroll","background-type":"","background-media":"","overlay-type":"","overlay-color":"","overlay-opacity":"","overlay-gradient":""},"tablet":{"background-color":"var(--ast-global-color-5)","background-image":"","background-repeat":"repeat","background-position":"center center","background-size":"auto","background-attachment":"scroll","background-type":"","background-media":"","overlay-type":"","overlay-color":"","overlay-opacity":"","overlay-gradient":""},"mobile":{"background-color":"var(--ast-global-color-5)","background-image":"","background-repeat":"repeat","background-position":"center center","background-size":"auto","background-attachment":"scroll","background-type":"","background-media":"","overlay-type":"","overlay-color":"","overlay-opacity":"","overlay-gradient":""}},"episode_type":"","audio_file":"","podmotor_file_id":"","podmotor_episode_id":"","cover_image":"","cover_image_id":"","duration":"","filesize":"","filesize_raw":"","date_recorded":"","explicit":"","block":"","itunes_episode_number":"","itunes_title":"","itunes_season_number":"","itunes_episode_type":"","footnotes":""},"categories":[171],"tags":[65,39,215],"class_list":["post-2222","post","type-post","status-publish","format-standard","has-post-thumbnail","hentry","category-lange-museumsnacht","tag-kassel","tag-lange-nacht","tag-niederlande"],"yoast_head":"<!-- This site is optimized with the Yoast SEO plugin v27.5 - https:\/\/yoast.com\/product\/yoast-seo-wordpress\/ -->\n<title>Lange Nacht der Museen im September 2023 - Der Museumsblog<\/title>\n<meta name=\"robots\" content=\"index, follow, max-snippet:-1, max-image-preview:large, max-video-preview:-1\" \/>\n<link rel=\"canonical\" href=\"https:\/\/www.museum.de\/blog\/lange-nacht-der-museen-im-september-2023\/\" \/>\n<meta property=\"og:locale\" content=\"de_DE\" \/>\n<meta property=\"og:type\" content=\"article\" \/>\n<meta property=\"og:title\" content=\"Lange Nacht der Museen im September 2023 - Der Museumsblog\" \/>\n<meta property=\"og:description\" content=\"Auch im September gibt es wieder interessante Termine 2. \u2013 3. September&nbsp; \u2013 Kassel, Woche der Museen Die Kasseler Museumsnacht kehrt am 2. und 3. September 2023 in vollem Glanz zur\u00fcck und verspricht ein Highlight des Kasseler Kulturkalenders zu sein. Mit ihrem n\u00e4chtlichen Charme zieht sie Kunst- und Kulturbegeisterte aus nah und fern an. Doch [&hellip;]\" \/>\n<meta property=\"og:url\" content=\"https:\/\/www.museum.de\/blog\/lange-nacht-der-museen-im-september-2023\/\" \/>\n<meta property=\"og:site_name\" content=\"Der Museumsblog\" \/>\n<meta property=\"article:published_time\" content=\"2023-08-16T14:04:21+00:00\" \/>\n<meta property=\"article:modified_time\" content=\"2024-05-29T07:53:37+00:00\" \/>\n<meta property=\"og:image\" content=\"https:\/\/www.museum.de\/blog\/wp-content\/uploads\/2023\/11\/02019f2e51b1119c08af54ede447c280-1248x713.png\" \/>\n\t<meta property=\"og:image:width\" content=\"1248\" \/>\n\t<meta property=\"og:image:height\" content=\"713\" \/>\n\t<meta property=\"og:image:type\" content=\"image\/png\" \/>\n<meta name=\"author\" content=\"Redaktion\" \/>\n<meta name=\"twitter:card\" content=\"summary_large_image\" \/>\n<script type=\"application\/ld+json\" class=\"yoast-schema-graph\">{\"@context\":\"https:\\\/\\\/schema.org\",\"@graph\":[{\"@type\":\"Article\",\"@id\":\"https:\\\/\\\/www.museum.de\\\/blog\\\/lange-nacht-der-museen-im-september-2023\\\/#article\",\"isPartOf\":{\"@id\":\"https:\\\/\\\/www.museum.de\\\/blog\\\/lange-nacht-der-museen-im-september-2023\\\/\"},\"author\":{\"name\":\"Redaktion\",\"@id\":\"https:\\\/\\\/www.museum.de\\\/blog\\\/#\\\/schema\\\/person\\\/c09a0aea9ac127965257ff6115957332\"},\"headline\":\"Lange Nacht der Museen im September 2023\",\"datePublished\":\"2023-08-16T14:04:21+00:00\",\"dateModified\":\"2024-05-29T07:53:37+00:00\",\"mainEntityOfPage\":{\"@id\":\"https:\\\/\\\/www.museum.de\\\/blog\\\/lange-nacht-der-museen-im-september-2023\\\/\"},\"wordCount\":876,\"publisher\":{\"@id\":\"https:\\\/\\\/www.museum.de\\\/blog\\\/#organization\"},\"image\":{\"@id\":\"https:\\\/\\\/www.museum.de\\\/blog\\\/lange-nacht-der-museen-im-september-2023\\\/#primaryimage\"},\"thumbnailUrl\":\"https:\\\/\\\/www.museum.de\\\/blog\\\/wp-content\\\/uploads\\\/2023\\\/11\\\/02019f2e51b1119c08af54ede447c280.png\",\"keywords\":[\"Kassel\",\"Lange Nacht\",\"Niederlande\"],\"articleSection\":[\"Lange Museumsnacht\"],\"inLanguage\":\"de\"},{\"@type\":\"WebPage\",\"@id\":\"https:\\\/\\\/www.museum.de\\\/blog\\\/lange-nacht-der-museen-im-september-2023\\\/\",\"url\":\"https:\\\/\\\/www.museum.de\\\/blog\\\/lange-nacht-der-museen-im-september-2023\\\/\",\"name\":\"Lange Nacht der Museen im September 2023 - Der Museumsblog\",\"isPartOf\":{\"@id\":\"https:\\\/\\\/www.museum.de\\\/blog\\\/#website\"},\"primaryImageOfPage\":{\"@id\":\"https:\\\/\\\/www.museum.de\\\/blog\\\/lange-nacht-der-museen-im-september-2023\\\/#primaryimage\"},\"image\":{\"@id\":\"https:\\\/\\\/www.museum.de\\\/blog\\\/lange-nacht-der-museen-im-september-2023\\\/#primaryimage\"},\"thumbnailUrl\":\"https:\\\/\\\/www.museum.de\\\/blog\\\/wp-content\\\/uploads\\\/2023\\\/11\\\/02019f2e51b1119c08af54ede447c280.png\",\"datePublished\":\"2023-08-16T14:04:21+00:00\",\"dateModified\":\"2024-05-29T07:53:37+00:00\",\"breadcrumb\":{\"@id\":\"https:\\\/\\\/www.museum.de\\\/blog\\\/lange-nacht-der-museen-im-september-2023\\\/#breadcrumb\"},\"inLanguage\":\"de\",\"potentialAction\":[{\"@type\":\"ReadAction\",\"target\":[\"https:\\\/\\\/www.museum.de\\\/blog\\\/lange-nacht-der-museen-im-september-2023\\\/\"]}]},{\"@type\":\"ImageObject\",\"inLanguage\":\"de\",\"@id\":\"https:\\\/\\\/www.museum.de\\\/blog\\\/lange-nacht-der-museen-im-september-2023\\\/#primaryimage\",\"url\":\"https:\\\/\\\/www.museum.de\\\/blog\\\/wp-content\\\/uploads\\\/2023\\\/11\\\/02019f2e51b1119c08af54ede447c280.png\",\"contentUrl\":\"https:\\\/\\\/www.museum.de\\\/blog\\\/wp-content\\\/uploads\\\/2023\\\/11\\\/02019f2e51b1119c08af54ede447c280.png\",\"width\":1600,\"height\":914,\"caption\":\"a museums exhibition with scetches from leonardo da vinci in a big hall and one female vistor sitting in front on a red sofa. the room ceiling is dark with some spot lights.\"},{\"@type\":\"BreadcrumbList\",\"@id\":\"https:\\\/\\\/www.museum.de\\\/blog\\\/lange-nacht-der-museen-im-september-2023\\\/#breadcrumb\",\"itemListElement\":[{\"@type\":\"ListItem\",\"position\":1,\"name\":\"Startseite\",\"item\":\"https:\\\/\\\/www.museum.de\\\/blog\\\/\"},{\"@type\":\"ListItem\",\"position\":2,\"name\":\"Lange Nacht der Museen im September 2023\"}]},{\"@type\":\"WebSite\",\"@id\":\"https:\\\/\\\/www.museum.de\\\/blog\\\/#website\",\"url\":\"https:\\\/\\\/www.museum.de\\\/blog\\\/\",\"name\":\"Der Museumsblog\",\"description\":\"Der Blog\",\"publisher\":{\"@id\":\"https:\\\/\\\/www.museum.de\\\/blog\\\/#organization\"},\"alternateName\":\"museum.de - Der Museumsblog\",\"potentialAction\":[{\"@type\":\"SearchAction\",\"target\":{\"@type\":\"EntryPoint\",\"urlTemplate\":\"https:\\\/\\\/www.museum.de\\\/blog\\\/?s={search_term_string}\"},\"query-input\":{\"@type\":\"PropertyValueSpecification\",\"valueRequired\":true,\"valueName\":\"search_term_string\"}}],\"inLanguage\":\"de\"},{\"@type\":\"Organization\",\"@id\":\"https:\\\/\\\/www.museum.de\\\/blog\\\/#organization\",\"name\":\"Der Museumsblog\",\"url\":\"https:\\\/\\\/www.museum.de\\\/blog\\\/\",\"logo\":{\"@type\":\"ImageObject\",\"inLanguage\":\"de\",\"@id\":\"https:\\\/\\\/www.museum.de\\\/blog\\\/#\\\/schema\\\/logo\\\/image\\\/\",\"url\":\"https:\\\/\\\/www.museum.de\\\/blog\\\/wp-content\\\/uploads\\\/2019\\\/03\\\/cropped-Audioguide_Titelseite-1.jpg\",\"contentUrl\":\"https:\\\/\\\/www.museum.de\\\/blog\\\/wp-content\\\/uploads\\\/2019\\\/03\\\/cropped-Audioguide_Titelseite-1.jpg\",\"width\":512,\"height\":512,\"caption\":\"Der Museumsblog\"},\"image\":{\"@id\":\"https:\\\/\\\/www.museum.de\\\/blog\\\/#\\\/schema\\\/logo\\\/image\\\/\"}},{\"@type\":\"Person\",\"@id\":\"https:\\\/\\\/www.museum.de\\\/blog\\\/#\\\/schema\\\/person\\\/c09a0aea9ac127965257ff6115957332\",\"name\":\"Redaktion\",\"description\":\"Das Redaktionsteam von museum.de\",\"url\":\"https:\\\/\\\/www.museum.de\\\/blog\\\/author\\\/msupervisor\\\/\"}]}<\/script>\n<!-- \/ Yoast SEO plugin. -->","yoast_head_json":{"title":"Lange Nacht der Museen im September 2023 - Der Museumsblog","robots":{"index":"index","follow":"follow","max-snippet":"max-snippet:-1","max-image-preview":"max-image-preview:large","max-video-preview":"max-video-preview:-1"},"canonical":"https:\/\/www.museum.de\/blog\/lange-nacht-der-museen-im-september-2023\/","og_locale":"de_DE","og_type":"article","og_title":"Lange Nacht der Museen im September 2023 - Der Museumsblog","og_description":"Auch im September gibt es wieder interessante Termine 2. \u2013 3. September&nbsp; \u2013 Kassel, Woche der Museen Die Kasseler Museumsnacht kehrt am 2. und 3. September 2023 in vollem Glanz zur\u00fcck und verspricht ein Highlight des Kasseler Kulturkalenders zu sein. Mit ihrem n\u00e4chtlichen Charme zieht sie Kunst- und Kulturbegeisterte aus nah und fern an. Doch [&hellip;]","og_url":"https:\/\/www.museum.de\/blog\/lange-nacht-der-museen-im-september-2023\/","og_site_name":"Der Museumsblog","article_published_time":"2023-08-16T14:04:21+00:00","article_modified_time":"2024-05-29T07:53:37+00:00","og_image":[{"width":1248,"height":713,"url":"https:\/\/www.museum.de\/blog\/wp-content\/uploads\/2023\/11\/02019f2e51b1119c08af54ede447c280-1248x713.png","type":"image\/png"}],"author":"Redaktion","twitter_card":"summary_large_image","schema":{"@context":"https:\/\/schema.org","@graph":[{"@type":"Article","@id":"https:\/\/www.museum.de\/blog\/lange-nacht-der-museen-im-september-2023\/#article","isPartOf":{"@id":"https:\/\/www.museum.de\/blog\/lange-nacht-der-museen-im-september-2023\/"},"author":{"name":"Redaktion","@id":"https:\/\/www.museum.de\/blog\/#\/schema\/person\/c09a0aea9ac127965257ff6115957332"},"headline":"Lange Nacht der Museen im September 2023","datePublished":"2023-08-16T14:04:21+00:00","dateModified":"2024-05-29T07:53:37+00:00","mainEntityOfPage":{"@id":"https:\/\/www.museum.de\/blog\/lange-nacht-der-museen-im-september-2023\/"},"wordCount":876,"publisher":{"@id":"https:\/\/www.museum.de\/blog\/#organization"},"image":{"@id":"https:\/\/www.museum.de\/blog\/lange-nacht-der-museen-im-september-2023\/#primaryimage"},"thumbnailUrl":"https:\/\/www.museum.de\/blog\/wp-content\/uploads\/2023\/11\/02019f2e51b1119c08af54ede447c280.png","keywords":["Kassel","Lange Nacht","Niederlande"],"articleSection":["Lange Museumsnacht"],"inLanguage":"de"},{"@type":"WebPage","@id":"https:\/\/www.museum.de\/blog\/lange-nacht-der-museen-im-september-2023\/","url":"https:\/\/www.museum.de\/blog\/lange-nacht-der-museen-im-september-2023\/","name":"Lange Nacht der Museen im September 2023 - Der Museumsblog","isPartOf":{"@id":"https:\/\/www.museum.de\/blog\/#website"},"primaryImageOfPage":{"@id":"https:\/\/www.museum.de\/blog\/lange-nacht-der-museen-im-september-2023\/#primaryimage"},"image":{"@id":"https:\/\/www.museum.de\/blog\/lange-nacht-der-museen-im-september-2023\/#primaryimage"},"thumbnailUrl":"https:\/\/www.museum.de\/blog\/wp-content\/uploads\/2023\/11\/02019f2e51b1119c08af54ede447c280.png","datePublished":"2023-08-16T14:04:21+00:00","dateModified":"2024-05-29T07:53:37+00:00","breadcrumb":{"@id":"https:\/\/www.museum.de\/blog\/lange-nacht-der-museen-im-september-2023\/#breadcrumb"},"inLanguage":"de","potentialAction":[{"@type":"ReadAction","target":["https:\/\/www.museum.de\/blog\/lange-nacht-der-museen-im-september-2023\/"]}]},{"@type":"ImageObject","inLanguage":"de","@id":"https:\/\/www.museum.de\/blog\/lange-nacht-der-museen-im-september-2023\/#primaryimage","url":"https:\/\/www.museum.de\/blog\/wp-content\/uploads\/2023\/11\/02019f2e51b1119c08af54ede447c280.png","contentUrl":"https:\/\/www.museum.de\/blog\/wp-content\/uploads\/2023\/11\/02019f2e51b1119c08af54ede447c280.png","width":1600,"height":914,"caption":"a museums exhibition with scetches from leonardo da vinci in a big hall and one female vistor sitting in front on a red sofa. the room ceiling is dark with some spot lights."},{"@type":"BreadcrumbList","@id":"https:\/\/www.museum.de\/blog\/lange-nacht-der-museen-im-september-2023\/#breadcrumb","itemListElement":[{"@type":"ListItem","position":1,"name":"Startseite","item":"https:\/\/www.museum.de\/blog\/"},{"@type":"ListItem","position":2,"name":"Lange Nacht der Museen im September 2023"}]},{"@type":"WebSite","@id":"https:\/\/www.museum.de\/blog\/#website","url":"https:\/\/www.museum.de\/blog\/","name":"Der Museumsblog","description":"Der Blog","publisher":{"@id":"https:\/\/www.museum.de\/blog\/#organization"},"alternateName":"museum.de - Der Museumsblog","potentialAction":[{"@type":"SearchAction","target":{"@type":"EntryPoint","urlTemplate":"https:\/\/www.museum.de\/blog\/?s={search_term_string}"},"query-input":{"@type":"PropertyValueSpecification","valueRequired":true,"valueName":"search_term_string"}}],"inLanguage":"de"},{"@type":"Organization","@id":"https:\/\/www.museum.de\/blog\/#organization","name":"Der Museumsblog","url":"https:\/\/www.museum.de\/blog\/","logo":{"@type":"ImageObject","inLanguage":"de","@id":"https:\/\/www.museum.de\/blog\/#\/schema\/logo\/image\/","url":"https:\/\/www.museum.de\/blog\/wp-content\/uploads\/2019\/03\/cropped-Audioguide_Titelseite-1.jpg","contentUrl":"https:\/\/www.museum.de\/blog\/wp-content\/uploads\/2019\/03\/cropped-Audioguide_Titelseite-1.jpg","width":512,"height":512,"caption":"Der Museumsblog"},"image":{"@id":"https:\/\/www.museum.de\/blog\/#\/schema\/logo\/image\/"}},{"@type":"Person","@id":"https:\/\/www.museum.de\/blog\/#\/schema\/person\/c09a0aea9ac127965257ff6115957332","name":"Redaktion","description":"Das Redaktionsteam von museum.de","url":"https:\/\/www.museum.de\/blog\/author\/msupervisor\/"}]}},"_links":{"self":[{"href":"https:\/\/www.museum.de\/blog\/wp-json\/wp\/v2\/posts\/2222","targetHints":{"allow":["GET"]}}],"collection":[{"href":"https:\/\/www.museum.de\/blog\/wp-json\/wp\/v2\/posts"}],"about":[{"href":"https:\/\/www.museum.de\/blog\/wp-json\/wp\/v2\/types\/post"}],"author":[{"embeddable":true,"href":"https:\/\/www.museum.de\/blog\/wp-json\/wp\/v2\/users\/1"}],"replies":[{"embeddable":true,"href":"https:\/\/www.museum.de\/blog\/wp-json\/wp\/v2\/comments?post=2222"}],"version-history":[{"count":7,"href":"https:\/\/www.museum.de\/blog\/wp-json\/wp\/v2\/posts\/2222\/revisions"}],"predecessor-version":[{"id":2753,"href":"https:\/\/www.museum.de\/blog\/wp-json\/wp\/v2\/posts\/2222\/revisions\/2753"}],"wp:featuredmedia":[{"embeddable":true,"href":"https:\/\/www.museum.de\/blog\/wp-json\/wp\/v2\/media\/2371"}],"wp:attachment":[{"href":"https:\/\/www.museum.de\/blog\/wp-json\/wp\/v2\/media?parent=2222"}],"wp:term":[{"taxonomy":"category","embeddable":true,"href":"https:\/\/www.museum.de\/blog\/wp-json\/wp\/v2\/categories?post=2222"},{"taxonomy":"post_tag","embeddable":true,"href":"https:\/\/www.museum.de\/blog\/wp-json\/wp\/v2\/tags?post=2222"}],"curies":[{"name":"wp","href":"https:\/\/api.w.org\/{rel}","templated":true}]}}