{"id":2276,"date":"2023-09-13T07:10:48","date_gmt":"2023-09-13T07:10:48","guid":{"rendered":"https:\/\/www.museum.de\/blog\/?p=2276"},"modified":"2024-05-29T07:40:43","modified_gmt":"2024-05-29T07:40:43","slug":"lange-nacht-der-museen-im-oktober-2023","status":"publish","type":"post","link":"https:\/\/www.museum.de\/blog\/lange-nacht-der-museen-im-oktober-2023\/","title":{"rendered":"Lange Nacht der Museen im Oktober 2023"},"content":{"rendered":"\n<p><strong>Veranstaltungen im Oktober f\u00fcr Kunst- und Kulturbegeisterte<\/strong><\/p>\n\n\n\n<p>Der Oktober steht vor der T\u00fcr, und das bedeutet, dass es wieder Zeit ist, sich auf einige spannende kulturelle Veranstaltungen vorzubereiten. F\u00fcr Reiseliebhaber und Kulturinteressierte bietet dieser Monat eine F\u00fclle von Aktivit\u00e4ten, die es zu entdecken gilt. Wir pr\u00e4sentieren Ihnen eine Auswahl der interessantesten Veranstaltungen im Oktober 2023.<\/p>\n\n\n\n<p><strong>14. Oktober \u2013 <a href=\"https:\/\/www.muenchner.de\/museumsnacht\/\">Die Lange Nacht der M\u00fcnchner Museen<\/a><\/strong><\/p>\n\n\n\n<p>Am 14. Oktober findet in M\u00fcnchen &#8222;Die Lange Nacht der Museen&#8220; statt. Dieses aufregende j\u00e4hrliche Ereignis erm\u00f6glicht es den Besuchern, in die faszinierende Welt der M\u00fcnchner Museen einzutauchen. Von abendlicher Kunst bis hin zu speziellen F\u00fchrungen gibt es f\u00fcr Kunstliebhaber viel zu erleben.<\/p>\n\n\n\n<p><strong>15. Oktober \u2013 <a href=\"https:\/\/www.tag-der-restaurierung.de\/\">Europ\u00e4ischer Tag der Restaurierung<\/a><\/strong><\/p>\n\n\n\n<p>Der 15. Oktober markiert den Europ\u00e4ischen Tag der Restaurierung. Dieser Tag w\u00fcrdigt die Bem\u00fchungen von Restauratoren, die unser kulturelles Erbe bewahren. Es ist eine gro\u00dfartige Gelegenheit, mehr \u00fcber die Kunst der Restaurierung zu erfahren und die restaurierten Sch\u00e4tze in Museen zu bewundern.<\/p>\n\n\n\n<p><strong>16. Oktober \u2013 Coburg, Sonneberg, Kronach und Hildburghausen, <a href=\"https:\/\/regionale-museumsnacht.de\/\">Regionale Museumsnacht<\/a><\/strong><\/p>\n\n\n\n<p>In den St\u00e4dten Coburg, Sonneberg, Kronach und Hildburghausen findet am 16. Oktober die Regionale Museumsnacht statt. Besucher haben die M\u00f6glichkeit, die Museen dieser Regionen bei Nacht zu erkunden und in die lokale Geschichte einzutauchen.<\/p>\n\n\n\n<p><strong>28. Oktober 2023 \u2013 <a href=\"https:\/\/kulturnacht.org\/\">Thun, Kulturnacht<\/a><\/strong><\/p>\n\n\n\n<p>Am 28. Oktober 2023 erwartet Sie in Thun eine faszinierende Kulturnacht. Tauchen Sie ein in die Kunstszene dieser charmanten Schweizer Stadt und genie\u00dfen Sie kulturelle Veranstaltungen, Musik und vieles mehr.<\/p>\n\n\n\n<p><strong>31. Oktober \u2013 Hamburg, <a href=\"https:\/\/www.seeforfree.de\/\">See for free am Reformationstag<\/a><\/strong><\/p>\n\n\n\n<p>Zu guter Letzt gibt es am 31. Oktober in Hamburg die &#8222;See for free&#8220; Veranstaltung am Reformationstag. Nutzen Sie diese Gelegenheit, um die Hamburger Hafenstadt zu erkunden, ohne Eintritt zu zahlen. Besuchen Sie Sehensw\u00fcrdigkeiten und genie\u00dfen Sie die maritime Atmosph\u00e4re.<\/p>\n\n\n\n<p>Das sind nur einige der interessanten Veranstaltungen, die Sie im Oktober erwarten. Wenn Sie ein Kultur- und Kunstliebhaber sind, sollten Sie diese Termine in Ihrem Kalender markieren und sich auf sch\u00f6ne Erlebnisse vorbereiten. Bleiben Sie auf unserem Blog f\u00fcr weitere Updates und Tipps f\u00fcr Ihre n\u00e4chsten Reiseabenteuer!<\/p>\n","protected":false},"excerpt":{"rendered":"<p>Veranstaltungen im Oktober f\u00fcr Kunst- und Kulturbegeisterte Der Oktober steht vor der T\u00fcr, und das bedeutet, dass es wieder Zeit ist, sich auf einige spannende kulturelle Veranstaltungen vorzubereiten. F\u00fcr Reiseliebhaber und Kulturinteressierte bietet dieser Monat eine F\u00fclle von Aktivit\u00e4ten, die es zu entdecken gilt. Wir pr\u00e4sentieren Ihnen eine Auswahl der interessantesten Veranstaltungen im Oktober 2023. [&hellip;]<\/p>\n","protected":false},"author":1,"featured_media":2371,"comment_status":"closed","ping_status":"closed","sticky":false,"template":"","format":"standard","meta":{"site-sidebar-layout":"default","site-content-layout":"","ast-site-content-layout":"default","site-content-style":"default","site-sidebar-style":"default","ast-global-header-display":"","ast-banner-title-visibility":"","ast-main-header-display":"","ast-hfb-above-header-display":"","ast-hfb-below-header-display":"","ast-hfb-mobile-header-display":"","site-post-title":"","ast-breadcrumbs-content":"","ast-featured-img":"","footer-sml-layout":"","ast-disable-related-posts":"","theme-transparent-header-meta":"","adv-header-id-meta":"","stick-header-meta":"","header-above-stick-meta":"","header-main-stick-meta":"","header-below-stick-meta":"","astra-migrate-meta-layouts":"set","ast-page-background-enabled":"default","ast-page-background-meta":{"desktop":{"background-color":"var(--ast-global-color-4)","background-image":"","background-repeat":"repeat","background-position":"center center","background-size":"auto","background-attachment":"scroll","background-type":"","background-media":"","overlay-type":"","overlay-color":"","overlay-opacity":"","overlay-gradient":""},"tablet":{"background-color":"","background-image":"","background-repeat":"repeat","background-position":"center center","background-size":"auto","background-attachment":"scroll","background-type":"","background-media":"","overlay-type":"","overlay-color":"","overlay-opacity":"","overlay-gradient":""},"mobile":{"background-color":"","background-image":"","background-repeat":"repeat","background-position":"center center","background-size":"auto","background-attachment":"scroll","background-type":"","background-media":"","overlay-type":"","overlay-color":"","overlay-opacity":"","overlay-gradient":""}},"ast-content-background-meta":{"desktop":{"background-color":"var(--ast-global-color-5)","background-image":"","background-repeat":"repeat","background-position":"center center","background-size":"auto","background-attachment":"scroll","background-type":"","background-media":"","overlay-type":"","overlay-color":"","overlay-opacity":"","overlay-gradient":""},"tablet":{"background-color":"var(--ast-global-color-5)","background-image":"","background-repeat":"repeat","background-position":"center center","background-size":"auto","background-attachment":"scroll","background-type":"","background-media":"","overlay-type":"","overlay-color":"","overlay-opacity":"","overlay-gradient":""},"mobile":{"background-color":"var(--ast-global-color-5)","background-image":"","background-repeat":"repeat","background-position":"center center","background-size":"auto","background-attachment":"scroll","background-type":"","background-media":"","overlay-type":"","overlay-color":"","overlay-opacity":"","overlay-gradient":""}},"episode_type":"","audio_file":"","podmotor_file_id":"","podmotor_episode_id":"","cover_image":"","cover_image_id":"","duration":"","filesize":"","filesize_raw":"","date_recorded":"","explicit":"","block":"","itunes_episode_number":"","itunes_title":"","itunes_season_number":"","itunes_episode_type":"","footnotes":""},"categories":[171],"tags":[148,39,41],"class_list":["post-2276","post","type-post","status-publish","format-standard","has-post-thumbnail","hentry","category-lange-museumsnacht","tag-eintritt-frei","tag-lange-nacht","tag-museumsnacht"],"yoast_head":"<!-- This site is optimized with the Yoast SEO plugin v27.5 - https:\/\/yoast.com\/product\/yoast-seo-wordpress\/ -->\n<title>Lange Nacht der Museen im Oktober 2023 - Der Museumsblog<\/title>\n<meta name=\"robots\" content=\"index, follow, max-snippet:-1, max-image-preview:large, max-video-preview:-1\" \/>\n<link rel=\"canonical\" href=\"https:\/\/www.museum.de\/blog\/lange-nacht-der-museen-im-oktober-2023\/\" \/>\n<meta property=\"og:locale\" content=\"de_DE\" \/>\n<meta property=\"og:type\" content=\"article\" \/>\n<meta property=\"og:title\" content=\"Lange Nacht der Museen im Oktober 2023 - Der Museumsblog\" \/>\n<meta property=\"og:description\" content=\"Veranstaltungen im Oktober f\u00fcr Kunst- und Kulturbegeisterte Der Oktober steht vor der T\u00fcr, und das bedeutet, dass es wieder Zeit ist, sich auf einige spannende kulturelle Veranstaltungen vorzubereiten. F\u00fcr Reiseliebhaber und Kulturinteressierte bietet dieser Monat eine F\u00fclle von Aktivit\u00e4ten, die es zu entdecken gilt. Wir pr\u00e4sentieren Ihnen eine Auswahl der interessantesten Veranstaltungen im Oktober 2023. [&hellip;]\" \/>\n<meta property=\"og:url\" content=\"https:\/\/www.museum.de\/blog\/lange-nacht-der-museen-im-oktober-2023\/\" \/>\n<meta property=\"og:site_name\" content=\"Der Museumsblog\" \/>\n<meta property=\"article:published_time\" content=\"2023-09-13T07:10:48+00:00\" \/>\n<meta property=\"article:modified_time\" content=\"2024-05-29T07:40:43+00:00\" \/>\n<meta property=\"og:image\" content=\"https:\/\/www.museum.de\/blog\/wp-content\/uploads\/2023\/11\/02019f2e51b1119c08af54ede447c280-1248x713.png\" \/>\n\t<meta property=\"og:image:width\" content=\"1248\" \/>\n\t<meta property=\"og:image:height\" content=\"713\" \/>\n\t<meta property=\"og:image:type\" content=\"image\/png\" \/>\n<meta name=\"author\" content=\"Redaktion\" \/>\n<meta name=\"twitter:card\" content=\"summary_large_image\" \/>\n<script type=\"application\/ld+json\" class=\"yoast-schema-graph\">{\"@context\":\"https:\\\/\\\/schema.org\",\"@graph\":[{\"@type\":\"Article\",\"@id\":\"https:\\\/\\\/www.museum.de\\\/blog\\\/lange-nacht-der-museen-im-oktober-2023\\\/#article\",\"isPartOf\":{\"@id\":\"https:\\\/\\\/www.museum.de\\\/blog\\\/lange-nacht-der-museen-im-oktober-2023\\\/\"},\"author\":{\"name\":\"Redaktion\",\"@id\":\"https:\\\/\\\/www.museum.de\\\/blog\\\/#\\\/schema\\\/person\\\/c09a0aea9ac127965257ff6115957332\"},\"headline\":\"Lange Nacht der Museen im Oktober 2023\",\"datePublished\":\"2023-09-13T07:10:48+00:00\",\"dateModified\":\"2024-05-29T07:40:43+00:00\",\"mainEntityOfPage\":{\"@id\":\"https:\\\/\\\/www.museum.de\\\/blog\\\/lange-nacht-der-museen-im-oktober-2023\\\/\"},\"wordCount\":349,\"publisher\":{\"@id\":\"https:\\\/\\\/www.museum.de\\\/blog\\\/#organization\"},\"image\":{\"@id\":\"https:\\\/\\\/www.museum.de\\\/blog\\\/lange-nacht-der-museen-im-oktober-2023\\\/#primaryimage\"},\"thumbnailUrl\":\"https:\\\/\\\/www.museum.de\\\/blog\\\/wp-content\\\/uploads\\\/2023\\\/11\\\/02019f2e51b1119c08af54ede447c280.png\",\"keywords\":[\"Eintritt frei\",\"Lange Nacht\",\"Museumsnacht\"],\"articleSection\":[\"Lange Museumsnacht\"],\"inLanguage\":\"de\"},{\"@type\":\"WebPage\",\"@id\":\"https:\\\/\\\/www.museum.de\\\/blog\\\/lange-nacht-der-museen-im-oktober-2023\\\/\",\"url\":\"https:\\\/\\\/www.museum.de\\\/blog\\\/lange-nacht-der-museen-im-oktober-2023\\\/\",\"name\":\"Lange Nacht der Museen im Oktober 2023 - Der Museumsblog\",\"isPartOf\":{\"@id\":\"https:\\\/\\\/www.museum.de\\\/blog\\\/#website\"},\"primaryImageOfPage\":{\"@id\":\"https:\\\/\\\/www.museum.de\\\/blog\\\/lange-nacht-der-museen-im-oktober-2023\\\/#primaryimage\"},\"image\":{\"@id\":\"https:\\\/\\\/www.museum.de\\\/blog\\\/lange-nacht-der-museen-im-oktober-2023\\\/#primaryimage\"},\"thumbnailUrl\":\"https:\\\/\\\/www.museum.de\\\/blog\\\/wp-content\\\/uploads\\\/2023\\\/11\\\/02019f2e51b1119c08af54ede447c280.png\",\"datePublished\":\"2023-09-13T07:10:48+00:00\",\"dateModified\":\"2024-05-29T07:40:43+00:00\",\"breadcrumb\":{\"@id\":\"https:\\\/\\\/www.museum.de\\\/blog\\\/lange-nacht-der-museen-im-oktober-2023\\\/#breadcrumb\"},\"inLanguage\":\"de\",\"potentialAction\":[{\"@type\":\"ReadAction\",\"target\":[\"https:\\\/\\\/www.museum.de\\\/blog\\\/lange-nacht-der-museen-im-oktober-2023\\\/\"]}]},{\"@type\":\"ImageObject\",\"inLanguage\":\"de\",\"@id\":\"https:\\\/\\\/www.museum.de\\\/blog\\\/lange-nacht-der-museen-im-oktober-2023\\\/#primaryimage\",\"url\":\"https:\\\/\\\/www.museum.de\\\/blog\\\/wp-content\\\/uploads\\\/2023\\\/11\\\/02019f2e51b1119c08af54ede447c280.png\",\"contentUrl\":\"https:\\\/\\\/www.museum.de\\\/blog\\\/wp-content\\\/uploads\\\/2023\\\/11\\\/02019f2e51b1119c08af54ede447c280.png\",\"width\":1600,\"height\":914,\"caption\":\"a museums exhibition with scetches from leonardo da vinci in a big hall and one female vistor sitting in front on a red sofa. the room ceiling is dark with some spot lights.\"},{\"@type\":\"BreadcrumbList\",\"@id\":\"https:\\\/\\\/www.museum.de\\\/blog\\\/lange-nacht-der-museen-im-oktober-2023\\\/#breadcrumb\",\"itemListElement\":[{\"@type\":\"ListItem\",\"position\":1,\"name\":\"Startseite\",\"item\":\"https:\\\/\\\/www.museum.de\\\/blog\\\/\"},{\"@type\":\"ListItem\",\"position\":2,\"name\":\"Lange Nacht der Museen im Oktober 2023\"}]},{\"@type\":\"WebSite\",\"@id\":\"https:\\\/\\\/www.museum.de\\\/blog\\\/#website\",\"url\":\"https:\\\/\\\/www.museum.de\\\/blog\\\/\",\"name\":\"Der Museumsblog\",\"description\":\"Der Blog\",\"publisher\":{\"@id\":\"https:\\\/\\\/www.museum.de\\\/blog\\\/#organization\"},\"alternateName\":\"museum.de - Der Museumsblog\",\"potentialAction\":[{\"@type\":\"SearchAction\",\"target\":{\"@type\":\"EntryPoint\",\"urlTemplate\":\"https:\\\/\\\/www.museum.de\\\/blog\\\/?s={search_term_string}\"},\"query-input\":{\"@type\":\"PropertyValueSpecification\",\"valueRequired\":true,\"valueName\":\"search_term_string\"}}],\"inLanguage\":\"de\"},{\"@type\":\"Organization\",\"@id\":\"https:\\\/\\\/www.museum.de\\\/blog\\\/#organization\",\"name\":\"Der Museumsblog\",\"url\":\"https:\\\/\\\/www.museum.de\\\/blog\\\/\",\"logo\":{\"@type\":\"ImageObject\",\"inLanguage\":\"de\",\"@id\":\"https:\\\/\\\/www.museum.de\\\/blog\\\/#\\\/schema\\\/logo\\\/image\\\/\",\"url\":\"https:\\\/\\\/www.museum.de\\\/blog\\\/wp-content\\\/uploads\\\/2019\\\/03\\\/cropped-Audioguide_Titelseite-1.jpg\",\"contentUrl\":\"https:\\\/\\\/www.museum.de\\\/blog\\\/wp-content\\\/uploads\\\/2019\\\/03\\\/cropped-Audioguide_Titelseite-1.jpg\",\"width\":512,\"height\":512,\"caption\":\"Der Museumsblog\"},\"image\":{\"@id\":\"https:\\\/\\\/www.museum.de\\\/blog\\\/#\\\/schema\\\/logo\\\/image\\\/\"}},{\"@type\":\"Person\",\"@id\":\"https:\\\/\\\/www.museum.de\\\/blog\\\/#\\\/schema\\\/person\\\/c09a0aea9ac127965257ff6115957332\",\"name\":\"Redaktion\",\"description\":\"Das Redaktionsteam von museum.de\",\"url\":\"https:\\\/\\\/www.museum.de\\\/blog\\\/author\\\/msupervisor\\\/\"}]}<\/script>\n<!-- \/ Yoast SEO plugin. -->","yoast_head_json":{"title":"Lange Nacht der Museen im Oktober 2023 - Der Museumsblog","robots":{"index":"index","follow":"follow","max-snippet":"max-snippet:-1","max-image-preview":"max-image-preview:large","max-video-preview":"max-video-preview:-1"},"canonical":"https:\/\/www.museum.de\/blog\/lange-nacht-der-museen-im-oktober-2023\/","og_locale":"de_DE","og_type":"article","og_title":"Lange Nacht der Museen im Oktober 2023 - Der Museumsblog","og_description":"Veranstaltungen im Oktober f\u00fcr Kunst- und Kulturbegeisterte Der Oktober steht vor der T\u00fcr, und das bedeutet, dass es wieder Zeit ist, sich auf einige spannende kulturelle Veranstaltungen vorzubereiten. F\u00fcr Reiseliebhaber und Kulturinteressierte bietet dieser Monat eine F\u00fclle von Aktivit\u00e4ten, die es zu entdecken gilt. Wir pr\u00e4sentieren Ihnen eine Auswahl der interessantesten Veranstaltungen im Oktober 2023. [&hellip;]","og_url":"https:\/\/www.museum.de\/blog\/lange-nacht-der-museen-im-oktober-2023\/","og_site_name":"Der Museumsblog","article_published_time":"2023-09-13T07:10:48+00:00","article_modified_time":"2024-05-29T07:40:43+00:00","og_image":[{"width":1248,"height":713,"url":"https:\/\/www.museum.de\/blog\/wp-content\/uploads\/2023\/11\/02019f2e51b1119c08af54ede447c280-1248x713.png","type":"image\/png"}],"author":"Redaktion","twitter_card":"summary_large_image","schema":{"@context":"https:\/\/schema.org","@graph":[{"@type":"Article","@id":"https:\/\/www.museum.de\/blog\/lange-nacht-der-museen-im-oktober-2023\/#article","isPartOf":{"@id":"https:\/\/www.museum.de\/blog\/lange-nacht-der-museen-im-oktober-2023\/"},"author":{"name":"Redaktion","@id":"https:\/\/www.museum.de\/blog\/#\/schema\/person\/c09a0aea9ac127965257ff6115957332"},"headline":"Lange Nacht der Museen im Oktober 2023","datePublished":"2023-09-13T07:10:48+00:00","dateModified":"2024-05-29T07:40:43+00:00","mainEntityOfPage":{"@id":"https:\/\/www.museum.de\/blog\/lange-nacht-der-museen-im-oktober-2023\/"},"wordCount":349,"publisher":{"@id":"https:\/\/www.museum.de\/blog\/#organization"},"image":{"@id":"https:\/\/www.museum.de\/blog\/lange-nacht-der-museen-im-oktober-2023\/#primaryimage"},"thumbnailUrl":"https:\/\/www.museum.de\/blog\/wp-content\/uploads\/2023\/11\/02019f2e51b1119c08af54ede447c280.png","keywords":["Eintritt frei","Lange Nacht","Museumsnacht"],"articleSection":["Lange Museumsnacht"],"inLanguage":"de"},{"@type":"WebPage","@id":"https:\/\/www.museum.de\/blog\/lange-nacht-der-museen-im-oktober-2023\/","url":"https:\/\/www.museum.de\/blog\/lange-nacht-der-museen-im-oktober-2023\/","name":"Lange Nacht der Museen im Oktober 2023 - Der Museumsblog","isPartOf":{"@id":"https:\/\/www.museum.de\/blog\/#website"},"primaryImageOfPage":{"@id":"https:\/\/www.museum.de\/blog\/lange-nacht-der-museen-im-oktober-2023\/#primaryimage"},"image":{"@id":"https:\/\/www.museum.de\/blog\/lange-nacht-der-museen-im-oktober-2023\/#primaryimage"},"thumbnailUrl":"https:\/\/www.museum.de\/blog\/wp-content\/uploads\/2023\/11\/02019f2e51b1119c08af54ede447c280.png","datePublished":"2023-09-13T07:10:48+00:00","dateModified":"2024-05-29T07:40:43+00:00","breadcrumb":{"@id":"https:\/\/www.museum.de\/blog\/lange-nacht-der-museen-im-oktober-2023\/#breadcrumb"},"inLanguage":"de","potentialAction":[{"@type":"ReadAction","target":["https:\/\/www.museum.de\/blog\/lange-nacht-der-museen-im-oktober-2023\/"]}]},{"@type":"ImageObject","inLanguage":"de","@id":"https:\/\/www.museum.de\/blog\/lange-nacht-der-museen-im-oktober-2023\/#primaryimage","url":"https:\/\/www.museum.de\/blog\/wp-content\/uploads\/2023\/11\/02019f2e51b1119c08af54ede447c280.png","contentUrl":"https:\/\/www.museum.de\/blog\/wp-content\/uploads\/2023\/11\/02019f2e51b1119c08af54ede447c280.png","width":1600,"height":914,"caption":"a museums exhibition with scetches from leonardo da vinci in a big hall and one female vistor sitting in front on a red sofa. the room ceiling is dark with some spot lights."},{"@type":"BreadcrumbList","@id":"https:\/\/www.museum.de\/blog\/lange-nacht-der-museen-im-oktober-2023\/#breadcrumb","itemListElement":[{"@type":"ListItem","position":1,"name":"Startseite","item":"https:\/\/www.museum.de\/blog\/"},{"@type":"ListItem","position":2,"name":"Lange Nacht der Museen im Oktober 2023"}]},{"@type":"WebSite","@id":"https:\/\/www.museum.de\/blog\/#website","url":"https:\/\/www.museum.de\/blog\/","name":"Der Museumsblog","description":"Der Blog","publisher":{"@id":"https:\/\/www.museum.de\/blog\/#organization"},"alternateName":"museum.de - Der Museumsblog","potentialAction":[{"@type":"SearchAction","target":{"@type":"EntryPoint","urlTemplate":"https:\/\/www.museum.de\/blog\/?s={search_term_string}"},"query-input":{"@type":"PropertyValueSpecification","valueRequired":true,"valueName":"search_term_string"}}],"inLanguage":"de"},{"@type":"Organization","@id":"https:\/\/www.museum.de\/blog\/#organization","name":"Der Museumsblog","url":"https:\/\/www.museum.de\/blog\/","logo":{"@type":"ImageObject","inLanguage":"de","@id":"https:\/\/www.museum.de\/blog\/#\/schema\/logo\/image\/","url":"https:\/\/www.museum.de\/blog\/wp-content\/uploads\/2019\/03\/cropped-Audioguide_Titelseite-1.jpg","contentUrl":"https:\/\/www.museum.de\/blog\/wp-content\/uploads\/2019\/03\/cropped-Audioguide_Titelseite-1.jpg","width":512,"height":512,"caption":"Der Museumsblog"},"image":{"@id":"https:\/\/www.museum.de\/blog\/#\/schema\/logo\/image\/"}},{"@type":"Person","@id":"https:\/\/www.museum.de\/blog\/#\/schema\/person\/c09a0aea9ac127965257ff6115957332","name":"Redaktion","description":"Das Redaktionsteam von museum.de","url":"https:\/\/www.museum.de\/blog\/author\/msupervisor\/"}]}},"_links":{"self":[{"href":"https:\/\/www.museum.de\/blog\/wp-json\/wp\/v2\/posts\/2276","targetHints":{"allow":["GET"]}}],"collection":[{"href":"https:\/\/www.museum.de\/blog\/wp-json\/wp\/v2\/posts"}],"about":[{"href":"https:\/\/www.museum.de\/blog\/wp-json\/wp\/v2\/types\/post"}],"author":[{"embeddable":true,"href":"https:\/\/www.museum.de\/blog\/wp-json\/wp\/v2\/users\/1"}],"replies":[{"embeddable":true,"href":"https:\/\/www.museum.de\/blog\/wp-json\/wp\/v2\/comments?post=2276"}],"version-history":[{"count":3,"href":"https:\/\/www.museum.de\/blog\/wp-json\/wp\/v2\/posts\/2276\/revisions"}],"predecessor-version":[{"id":2747,"href":"https:\/\/www.museum.de\/blog\/wp-json\/wp\/v2\/posts\/2276\/revisions\/2747"}],"wp:featuredmedia":[{"embeddable":true,"href":"https:\/\/www.museum.de\/blog\/wp-json\/wp\/v2\/media\/2371"}],"wp:attachment":[{"href":"https:\/\/www.museum.de\/blog\/wp-json\/wp\/v2\/media?parent=2276"}],"wp:term":[{"taxonomy":"category","embeddable":true,"href":"https:\/\/www.museum.de\/blog\/wp-json\/wp\/v2\/categories?post=2276"},{"taxonomy":"post_tag","embeddable":true,"href":"https:\/\/www.museum.de\/blog\/wp-json\/wp\/v2\/tags?post=2276"}],"curies":[{"name":"wp","href":"https:\/\/api.w.org\/{rel}","templated":true}]}}