{"id":2294,"date":"2023-09-29T05:24:00","date_gmt":"2023-09-29T05:24:00","guid":{"rendered":"https:\/\/www.museum.de\/blog\/?p=2294"},"modified":"2023-09-29T05:53:32","modified_gmt":"2023-09-29T05:53:32","slug":"die-postmoderne-1967-1992-in-der-bundeskunsthalle","status":"publish","type":"post","link":"https:\/\/www.museum.de\/blog\/die-postmoderne-1967-1992-in-der-bundeskunsthalle\/","title":{"rendered":"Die Postmoderne 1967 \u2013 1992 in der Bundeskunsthalle"},"content":{"rendered":"\n<p>Die Ausstellung &#8222;<strong>Anything Goes<\/strong>&#8220; in der <a href=\"https:\/\/www.museum.de\/de\/museen\/kunst--und-ausstellungshalle-der-bundesrepublik-deutschland\">Bundeskunsthalle<\/a> in Bonn pr\u00e4sentiert die Vielfalt und Exzentrik der Postmoderne in den Bereichen Design, Architektur, Mode und Popkultur. Das herausragendste Exponat der Ausstellung ist die Bundeskunsthalle selbst, ein Geb\u00e4ude, das vom Architekten Gustav Peichl entworfen wurde. Obwohl Peichl sich nicht als Postmoderner betrachtete, zeigt seine Distanzierung von den Konventionen der Moderne die Skepsis gegen\u00fcber Universalismus und Funktionalit\u00e4t, die ein Grundprinzip der postmodernen Gestaltung darstellt.<\/p>\n\n\n\n<p>Die Ausstellung bietet einen chronologischen \u00dcberblick \u00fcber die Jahre 1967 bis 1992 und zeigt Entwicklungen in verschiedenen Bereichen wie Kunst, Design, Architektur, Mode, Medien, Musik, Literatur, Politik, Film, Technologie und Wissenschaft. Beginnend mit Musikvideos, die den Geschmack und die Atmosph\u00e4re der Zeit reflektieren, pr\u00e4sentiert die Ausstellung eine breite Palette von Exponaten, darunter M\u00f6bel, B\u00fccher, Modeentw\u00fcrfe, Architekturmodelle, Manuskripte sowie bahnbrechende Kunstwerke der Pictures Generation, zu der K\u00fcnstler wie Sturtevant, Barbara Kruger, Louise Lawler, John Baldessari und Sherrie Levine geh\u00f6ren.<\/p>\n\n\n\n<p>Die Ausstellung setzt diese vielf\u00e4ltigen Exponate in einen Kontext und stellt pointierte Fragen zur Gegenwart. Sie beleuchtet die Postmoderne als Zeitraum, in dem sich bedeutende gesellschaftliche Br\u00fcche wie die Abwendung von politischen Bewegungen, die Digitalisierung und die Verschiebung der Realit\u00e4t in die Medialit\u00e4t abzeichneten. Dar\u00fcber hinaus erm\u00f6glicht die Ausstellung eine kritische \u00dcberpr\u00fcfung von Annahmen und Vorurteilen \u00fcber die Postmoderne und stellt die Frage, ob diese Epoche vorbei ist oder ob wir immer noch von ihren Einfl\u00fcssen gepr\u00e4gt sind.<\/p>\n\n\n\n<p><strong>Alles auf einmal: Die Postmoderne, 1967\u20131992<br>29. September 2023 bis 28. Januar 2024<\/strong><\/p>\n\n\n\n<ol class=\"wp-block-list\" start=\"29\">\n<li><\/li>\n<\/ol>\n\n\n\n<p>Quelle:<br><a href=\"https:\/\/www.bundeskunsthalle.de\/postmoderne.html\">https:\/\/www.bundeskunsthalle.de\/postmoderne.html<\/a><\/p>\n","protected":false},"excerpt":{"rendered":"<p>Die Ausstellung &#8222;Anything Goes&#8220; in der Bundeskunsthalle in Bonn pr\u00e4sentiert die Vielfalt und Exzentrik der Postmoderne in den Bereichen Design, Architektur, Mode und Popkultur. Das herausragendste Exponat der Ausstellung ist die Bundeskunsthalle selbst, ein Geb\u00e4ude, das vom Architekten Gustav Peichl entworfen wurde. Obwohl Peichl sich nicht als Postmoderner betrachtete, zeigt seine Distanzierung von den Konventionen [&hellip;]<\/p>\n","protected":false},"author":1,"featured_media":2296,"comment_status":"closed","ping_status":"closed","sticky":false,"template":"","format":"standard","meta":{"site-sidebar-layout":"default","site-content-layout":"","ast-site-content-layout":"default","site-content-style":"default","site-sidebar-style":"default","ast-global-header-display":"","ast-banner-title-visibility":"","ast-main-header-display":"","ast-hfb-above-header-display":"","ast-hfb-below-header-display":"","ast-hfb-mobile-header-display":"","site-post-title":"","ast-breadcrumbs-content":"","ast-featured-img":"","footer-sml-layout":"","ast-disable-related-posts":"","theme-transparent-header-meta":"","adv-header-id-meta":"","stick-header-meta":"","header-above-stick-meta":"","header-main-stick-meta":"","header-below-stick-meta":"","astra-migrate-meta-layouts":"default","ast-page-background-enabled":"default","ast-page-background-meta":{"desktop":{"background-color":"var(--ast-global-color-4)","background-image":"","background-repeat":"repeat","background-position":"center center","background-size":"auto","background-attachment":"scroll","background-type":"","background-media":"","overlay-type":"","overlay-color":"","overlay-opacity":"","overlay-gradient":""},"tablet":{"background-color":"","background-image":"","background-repeat":"repeat","background-position":"center center","background-size":"auto","background-attachment":"scroll","background-type":"","background-media":"","overlay-type":"","overlay-color":"","overlay-opacity":"","overlay-gradient":""},"mobile":{"background-color":"","background-image":"","background-repeat":"repeat","background-position":"center center","background-size":"auto","background-attachment":"scroll","background-type":"","background-media":"","overlay-type":"","overlay-color":"","overlay-opacity":"","overlay-gradient":""}},"ast-content-background-meta":{"desktop":{"background-color":"var(--ast-global-color-5)","background-image":"","background-repeat":"repeat","background-position":"center center","background-size":"auto","background-attachment":"scroll","background-type":"","background-media":"","overlay-type":"","overlay-color":"","overlay-opacity":"","overlay-gradient":""},"tablet":{"background-color":"var(--ast-global-color-5)","background-image":"","background-repeat":"repeat","background-position":"center center","background-size":"auto","background-attachment":"scroll","background-type":"","background-media":"","overlay-type":"","overlay-color":"","overlay-opacity":"","overlay-gradient":""},"mobile":{"background-color":"var(--ast-global-color-5)","background-image":"","background-repeat":"repeat","background-position":"center center","background-size":"auto","background-attachment":"scroll","background-type":"","background-media":"","overlay-type":"","overlay-color":"","overlay-opacity":"","overlay-gradient":""}},"episode_type":"","audio_file":"","podmotor_file_id":"","podmotor_episode_id":"","cover_image":"","cover_image_id":"","duration":"","filesize":"","filesize_raw":"","date_recorded":"","explicit":"","block":"","itunes_episode_number":"","itunes_title":"","itunes_season_number":"","itunes_episode_type":"","footnotes":""},"categories":[125,1],"tags":[58,223,198,222],"class_list":["post-2294","post","type-post","status-publish","format-standard","has-post-thumbnail","hentry","category-ausstellungen","category-redaktion","tag-ausstellung","tag-bonn","tag-bundeskunsthalle","tag-postmoderne"],"yoast_head":"<!-- This site is optimized with the Yoast SEO plugin v27.4 - https:\/\/yoast.com\/product\/yoast-seo-wordpress\/ -->\n<title>Die Postmoderne 1967 \u2013 1992 in der Bundeskunsthalle - Der Museumsblog<\/title>\n<meta name=\"robots\" content=\"index, follow, max-snippet:-1, max-image-preview:large, max-video-preview:-1\" \/>\n<link rel=\"canonical\" href=\"https:\/\/www.museum.de\/blog\/die-postmoderne-1967-1992-in-der-bundeskunsthalle\/\" \/>\n<meta property=\"og:locale\" content=\"de_DE\" \/>\n<meta property=\"og:type\" content=\"article\" \/>\n<meta property=\"og:title\" content=\"Die Postmoderne 1967 \u2013 1992 in der Bundeskunsthalle - Der Museumsblog\" \/>\n<meta property=\"og:description\" content=\"Die Ausstellung &#8222;Anything Goes&#8220; in der Bundeskunsthalle in Bonn pr\u00e4sentiert die Vielfalt und Exzentrik der Postmoderne in den Bereichen Design, Architektur, Mode und Popkultur. Das herausragendste Exponat der Ausstellung ist die Bundeskunsthalle selbst, ein Geb\u00e4ude, das vom Architekten Gustav Peichl entworfen wurde. Obwohl Peichl sich nicht als Postmoderner betrachtete, zeigt seine Distanzierung von den Konventionen [&hellip;]\" \/>\n<meta property=\"og:url\" content=\"https:\/\/www.museum.de\/blog\/die-postmoderne-1967-1992-in-der-bundeskunsthalle\/\" \/>\n<meta property=\"og:site_name\" content=\"Der Museumsblog\" \/>\n<meta property=\"article:published_time\" content=\"2023-09-29T05:24:00+00:00\" \/>\n<meta property=\"article:modified_time\" content=\"2023-09-29T05:53:32+00:00\" \/>\n<meta property=\"og:image\" content=\"https:\/\/www.museum.de\/blog\/wp-content\/uploads\/2023\/09\/csm_anythinggoes_720p_68c32c99f5.jpg\" \/>\n\t<meta property=\"og:image:width\" content=\"1280\" \/>\n\t<meta property=\"og:image:height\" content=\"720\" \/>\n\t<meta property=\"og:image:type\" content=\"image\/jpeg\" \/>\n<meta name=\"author\" content=\"Redaktion\" \/>\n<meta name=\"twitter:card\" content=\"summary_large_image\" \/>\n<script type=\"application\/ld+json\" class=\"yoast-schema-graph\">{\"@context\":\"https:\\\/\\\/schema.org\",\"@graph\":[{\"@type\":\"Article\",\"@id\":\"https:\\\/\\\/www.museum.de\\\/blog\\\/die-postmoderne-1967-1992-in-der-bundeskunsthalle\\\/#article\",\"isPartOf\":{\"@id\":\"https:\\\/\\\/www.museum.de\\\/blog\\\/die-postmoderne-1967-1992-in-der-bundeskunsthalle\\\/\"},\"author\":{\"name\":\"Redaktion\",\"@id\":\"https:\\\/\\\/www.museum.de\\\/blog\\\/#\\\/schema\\\/person\\\/c09a0aea9ac127965257ff6115957332\"},\"headline\":\"Die Postmoderne 1967 \u2013 1992 in der Bundeskunsthalle\",\"datePublished\":\"2023-09-29T05:24:00+00:00\",\"dateModified\":\"2023-09-29T05:53:32+00:00\",\"mainEntityOfPage\":{\"@id\":\"https:\\\/\\\/www.museum.de\\\/blog\\\/die-postmoderne-1967-1992-in-der-bundeskunsthalle\\\/\"},\"wordCount\":264,\"publisher\":{\"@id\":\"https:\\\/\\\/www.museum.de\\\/blog\\\/#organization\"},\"image\":{\"@id\":\"https:\\\/\\\/www.museum.de\\\/blog\\\/die-postmoderne-1967-1992-in-der-bundeskunsthalle\\\/#primaryimage\"},\"thumbnailUrl\":\"https:\\\/\\\/www.museum.de\\\/blog\\\/wp-content\\\/uploads\\\/2023\\\/09\\\/csm_anythinggoes_720p_68c32c99f5.jpg\",\"keywords\":[\"Ausstellung\",\"Bonn\",\"Bundeskunsthalle\",\"Postmoderne\"],\"articleSection\":[\"Ausstellungen\",\"Redaktion\"],\"inLanguage\":\"de\"},{\"@type\":\"WebPage\",\"@id\":\"https:\\\/\\\/www.museum.de\\\/blog\\\/die-postmoderne-1967-1992-in-der-bundeskunsthalle\\\/\",\"url\":\"https:\\\/\\\/www.museum.de\\\/blog\\\/die-postmoderne-1967-1992-in-der-bundeskunsthalle\\\/\",\"name\":\"Die Postmoderne 1967 \u2013 1992 in der Bundeskunsthalle - Der Museumsblog\",\"isPartOf\":{\"@id\":\"https:\\\/\\\/www.museum.de\\\/blog\\\/#website\"},\"primaryImageOfPage\":{\"@id\":\"https:\\\/\\\/www.museum.de\\\/blog\\\/die-postmoderne-1967-1992-in-der-bundeskunsthalle\\\/#primaryimage\"},\"image\":{\"@id\":\"https:\\\/\\\/www.museum.de\\\/blog\\\/die-postmoderne-1967-1992-in-der-bundeskunsthalle\\\/#primaryimage\"},\"thumbnailUrl\":\"https:\\\/\\\/www.museum.de\\\/blog\\\/wp-content\\\/uploads\\\/2023\\\/09\\\/csm_anythinggoes_720p_68c32c99f5.jpg\",\"datePublished\":\"2023-09-29T05:24:00+00:00\",\"dateModified\":\"2023-09-29T05:53:32+00:00\",\"breadcrumb\":{\"@id\":\"https:\\\/\\\/www.museum.de\\\/blog\\\/die-postmoderne-1967-1992-in-der-bundeskunsthalle\\\/#breadcrumb\"},\"inLanguage\":\"de\",\"potentialAction\":[{\"@type\":\"ReadAction\",\"target\":[\"https:\\\/\\\/www.museum.de\\\/blog\\\/die-postmoderne-1967-1992-in-der-bundeskunsthalle\\\/\"]}]},{\"@type\":\"ImageObject\",\"inLanguage\":\"de\",\"@id\":\"https:\\\/\\\/www.museum.de\\\/blog\\\/die-postmoderne-1967-1992-in-der-bundeskunsthalle\\\/#primaryimage\",\"url\":\"https:\\\/\\\/www.museum.de\\\/blog\\\/wp-content\\\/uploads\\\/2023\\\/09\\\/csm_anythinggoes_720p_68c32c99f5.jpg\",\"contentUrl\":\"https:\\\/\\\/www.museum.de\\\/blog\\\/wp-content\\\/uploads\\\/2023\\\/09\\\/csm_anythinggoes_720p_68c32c99f5.jpg\",\"width\":1280,\"height\":720,\"caption\":\"Plakat der Ausstellung \\\"Alles auf Einmal\\\" Die Postmoderne 1967 bis 1992\"},{\"@type\":\"BreadcrumbList\",\"@id\":\"https:\\\/\\\/www.museum.de\\\/blog\\\/die-postmoderne-1967-1992-in-der-bundeskunsthalle\\\/#breadcrumb\",\"itemListElement\":[{\"@type\":\"ListItem\",\"position\":1,\"name\":\"Startseite\",\"item\":\"https:\\\/\\\/www.museum.de\\\/blog\\\/\"},{\"@type\":\"ListItem\",\"position\":2,\"name\":\"Die Postmoderne 1967 \u2013 1992 in der Bundeskunsthalle\"}]},{\"@type\":\"WebSite\",\"@id\":\"https:\\\/\\\/www.museum.de\\\/blog\\\/#website\",\"url\":\"https:\\\/\\\/www.museum.de\\\/blog\\\/\",\"name\":\"Der Museumsblog\",\"description\":\"Der Blog\",\"publisher\":{\"@id\":\"https:\\\/\\\/www.museum.de\\\/blog\\\/#organization\"},\"alternateName\":\"museum.de - Der Museumsblog\",\"potentialAction\":[{\"@type\":\"SearchAction\",\"target\":{\"@type\":\"EntryPoint\",\"urlTemplate\":\"https:\\\/\\\/www.museum.de\\\/blog\\\/?s={search_term_string}\"},\"query-input\":{\"@type\":\"PropertyValueSpecification\",\"valueRequired\":true,\"valueName\":\"search_term_string\"}}],\"inLanguage\":\"de\"},{\"@type\":\"Organization\",\"@id\":\"https:\\\/\\\/www.museum.de\\\/blog\\\/#organization\",\"name\":\"Der Museumsblog\",\"url\":\"https:\\\/\\\/www.museum.de\\\/blog\\\/\",\"logo\":{\"@type\":\"ImageObject\",\"inLanguage\":\"de\",\"@id\":\"https:\\\/\\\/www.museum.de\\\/blog\\\/#\\\/schema\\\/logo\\\/image\\\/\",\"url\":\"https:\\\/\\\/www.museum.de\\\/blog\\\/wp-content\\\/uploads\\\/2019\\\/03\\\/cropped-Audioguide_Titelseite-1.jpg\",\"contentUrl\":\"https:\\\/\\\/www.museum.de\\\/blog\\\/wp-content\\\/uploads\\\/2019\\\/03\\\/cropped-Audioguide_Titelseite-1.jpg\",\"width\":512,\"height\":512,\"caption\":\"Der Museumsblog\"},\"image\":{\"@id\":\"https:\\\/\\\/www.museum.de\\\/blog\\\/#\\\/schema\\\/logo\\\/image\\\/\"}},{\"@type\":\"Person\",\"@id\":\"https:\\\/\\\/www.museum.de\\\/blog\\\/#\\\/schema\\\/person\\\/c09a0aea9ac127965257ff6115957332\",\"name\":\"Redaktion\",\"description\":\"Das Redaktionsteam von museum.de\",\"url\":\"https:\\\/\\\/www.museum.de\\\/blog\\\/author\\\/msupervisor\\\/\"}]}<\/script>\n<!-- \/ Yoast SEO plugin. -->","yoast_head_json":{"title":"Die Postmoderne 1967 \u2013 1992 in der Bundeskunsthalle - Der Museumsblog","robots":{"index":"index","follow":"follow","max-snippet":"max-snippet:-1","max-image-preview":"max-image-preview:large","max-video-preview":"max-video-preview:-1"},"canonical":"https:\/\/www.museum.de\/blog\/die-postmoderne-1967-1992-in-der-bundeskunsthalle\/","og_locale":"de_DE","og_type":"article","og_title":"Die Postmoderne 1967 \u2013 1992 in der Bundeskunsthalle - Der Museumsblog","og_description":"Die Ausstellung &#8222;Anything Goes&#8220; in der Bundeskunsthalle in Bonn pr\u00e4sentiert die Vielfalt und Exzentrik der Postmoderne in den Bereichen Design, Architektur, Mode und Popkultur. Das herausragendste Exponat der Ausstellung ist die Bundeskunsthalle selbst, ein Geb\u00e4ude, das vom Architekten Gustav Peichl entworfen wurde. Obwohl Peichl sich nicht als Postmoderner betrachtete, zeigt seine Distanzierung von den Konventionen [&hellip;]","og_url":"https:\/\/www.museum.de\/blog\/die-postmoderne-1967-1992-in-der-bundeskunsthalle\/","og_site_name":"Der Museumsblog","article_published_time":"2023-09-29T05:24:00+00:00","article_modified_time":"2023-09-29T05:53:32+00:00","og_image":[{"width":1280,"height":720,"url":"https:\/\/www.museum.de\/blog\/wp-content\/uploads\/2023\/09\/csm_anythinggoes_720p_68c32c99f5.jpg","type":"image\/jpeg"}],"author":"Redaktion","twitter_card":"summary_large_image","schema":{"@context":"https:\/\/schema.org","@graph":[{"@type":"Article","@id":"https:\/\/www.museum.de\/blog\/die-postmoderne-1967-1992-in-der-bundeskunsthalle\/#article","isPartOf":{"@id":"https:\/\/www.museum.de\/blog\/die-postmoderne-1967-1992-in-der-bundeskunsthalle\/"},"author":{"name":"Redaktion","@id":"https:\/\/www.museum.de\/blog\/#\/schema\/person\/c09a0aea9ac127965257ff6115957332"},"headline":"Die Postmoderne 1967 \u2013 1992 in der Bundeskunsthalle","datePublished":"2023-09-29T05:24:00+00:00","dateModified":"2023-09-29T05:53:32+00:00","mainEntityOfPage":{"@id":"https:\/\/www.museum.de\/blog\/die-postmoderne-1967-1992-in-der-bundeskunsthalle\/"},"wordCount":264,"publisher":{"@id":"https:\/\/www.museum.de\/blog\/#organization"},"image":{"@id":"https:\/\/www.museum.de\/blog\/die-postmoderne-1967-1992-in-der-bundeskunsthalle\/#primaryimage"},"thumbnailUrl":"https:\/\/www.museum.de\/blog\/wp-content\/uploads\/2023\/09\/csm_anythinggoes_720p_68c32c99f5.jpg","keywords":["Ausstellung","Bonn","Bundeskunsthalle","Postmoderne"],"articleSection":["Ausstellungen","Redaktion"],"inLanguage":"de"},{"@type":"WebPage","@id":"https:\/\/www.museum.de\/blog\/die-postmoderne-1967-1992-in-der-bundeskunsthalle\/","url":"https:\/\/www.museum.de\/blog\/die-postmoderne-1967-1992-in-der-bundeskunsthalle\/","name":"Die Postmoderne 1967 \u2013 1992 in der Bundeskunsthalle - Der Museumsblog","isPartOf":{"@id":"https:\/\/www.museum.de\/blog\/#website"},"primaryImageOfPage":{"@id":"https:\/\/www.museum.de\/blog\/die-postmoderne-1967-1992-in-der-bundeskunsthalle\/#primaryimage"},"image":{"@id":"https:\/\/www.museum.de\/blog\/die-postmoderne-1967-1992-in-der-bundeskunsthalle\/#primaryimage"},"thumbnailUrl":"https:\/\/www.museum.de\/blog\/wp-content\/uploads\/2023\/09\/csm_anythinggoes_720p_68c32c99f5.jpg","datePublished":"2023-09-29T05:24:00+00:00","dateModified":"2023-09-29T05:53:32+00:00","breadcrumb":{"@id":"https:\/\/www.museum.de\/blog\/die-postmoderne-1967-1992-in-der-bundeskunsthalle\/#breadcrumb"},"inLanguage":"de","potentialAction":[{"@type":"ReadAction","target":["https:\/\/www.museum.de\/blog\/die-postmoderne-1967-1992-in-der-bundeskunsthalle\/"]}]},{"@type":"ImageObject","inLanguage":"de","@id":"https:\/\/www.museum.de\/blog\/die-postmoderne-1967-1992-in-der-bundeskunsthalle\/#primaryimage","url":"https:\/\/www.museum.de\/blog\/wp-content\/uploads\/2023\/09\/csm_anythinggoes_720p_68c32c99f5.jpg","contentUrl":"https:\/\/www.museum.de\/blog\/wp-content\/uploads\/2023\/09\/csm_anythinggoes_720p_68c32c99f5.jpg","width":1280,"height":720,"caption":"Plakat der Ausstellung \"Alles auf Einmal\" Die Postmoderne 1967 bis 1992"},{"@type":"BreadcrumbList","@id":"https:\/\/www.museum.de\/blog\/die-postmoderne-1967-1992-in-der-bundeskunsthalle\/#breadcrumb","itemListElement":[{"@type":"ListItem","position":1,"name":"Startseite","item":"https:\/\/www.museum.de\/blog\/"},{"@type":"ListItem","position":2,"name":"Die Postmoderne 1967 \u2013 1992 in der Bundeskunsthalle"}]},{"@type":"WebSite","@id":"https:\/\/www.museum.de\/blog\/#website","url":"https:\/\/www.museum.de\/blog\/","name":"Der Museumsblog","description":"Der Blog","publisher":{"@id":"https:\/\/www.museum.de\/blog\/#organization"},"alternateName":"museum.de - Der Museumsblog","potentialAction":[{"@type":"SearchAction","target":{"@type":"EntryPoint","urlTemplate":"https:\/\/www.museum.de\/blog\/?s={search_term_string}"},"query-input":{"@type":"PropertyValueSpecification","valueRequired":true,"valueName":"search_term_string"}}],"inLanguage":"de"},{"@type":"Organization","@id":"https:\/\/www.museum.de\/blog\/#organization","name":"Der Museumsblog","url":"https:\/\/www.museum.de\/blog\/","logo":{"@type":"ImageObject","inLanguage":"de","@id":"https:\/\/www.museum.de\/blog\/#\/schema\/logo\/image\/","url":"https:\/\/www.museum.de\/blog\/wp-content\/uploads\/2019\/03\/cropped-Audioguide_Titelseite-1.jpg","contentUrl":"https:\/\/www.museum.de\/blog\/wp-content\/uploads\/2019\/03\/cropped-Audioguide_Titelseite-1.jpg","width":512,"height":512,"caption":"Der Museumsblog"},"image":{"@id":"https:\/\/www.museum.de\/blog\/#\/schema\/logo\/image\/"}},{"@type":"Person","@id":"https:\/\/www.museum.de\/blog\/#\/schema\/person\/c09a0aea9ac127965257ff6115957332","name":"Redaktion","description":"Das Redaktionsteam von museum.de","url":"https:\/\/www.museum.de\/blog\/author\/msupervisor\/"}]}},"_links":{"self":[{"href":"https:\/\/www.museum.de\/blog\/wp-json\/wp\/v2\/posts\/2294","targetHints":{"allow":["GET"]}}],"collection":[{"href":"https:\/\/www.museum.de\/blog\/wp-json\/wp\/v2\/posts"}],"about":[{"href":"https:\/\/www.museum.de\/blog\/wp-json\/wp\/v2\/types\/post"}],"author":[{"embeddable":true,"href":"https:\/\/www.museum.de\/blog\/wp-json\/wp\/v2\/users\/1"}],"replies":[{"embeddable":true,"href":"https:\/\/www.museum.de\/blog\/wp-json\/wp\/v2\/comments?post=2294"}],"version-history":[{"count":4,"href":"https:\/\/www.museum.de\/blog\/wp-json\/wp\/v2\/posts\/2294\/revisions"}],"predecessor-version":[{"id":2300,"href":"https:\/\/www.museum.de\/blog\/wp-json\/wp\/v2\/posts\/2294\/revisions\/2300"}],"wp:featuredmedia":[{"embeddable":true,"href":"https:\/\/www.museum.de\/blog\/wp-json\/wp\/v2\/media\/2296"}],"wp:attachment":[{"href":"https:\/\/www.museum.de\/blog\/wp-json\/wp\/v2\/media?parent=2294"}],"wp:term":[{"taxonomy":"category","embeddable":true,"href":"https:\/\/www.museum.de\/blog\/wp-json\/wp\/v2\/categories?post=2294"},{"taxonomy":"post_tag","embeddable":true,"href":"https:\/\/www.museum.de\/blog\/wp-json\/wp\/v2\/tags?post=2294"}],"curies":[{"name":"wp","href":"https:\/\/api.w.org\/{rel}","templated":true}]}}