{"id":2338,"date":"2023-10-26T09:04:04","date_gmt":"2023-10-26T09:04:04","guid":{"rendered":"https:\/\/www.museum.de\/blog\/?p=2338"},"modified":"2025-08-15T15:17:17","modified_gmt":"2025-08-15T15:17:17","slug":"erinnerungen-getraenkt-in-traum-die-kunst-des-vielfachen-aus-der-sammlung-der-basil-%ce%b5lise-goulandris-foundation","status":"publish","type":"post","link":"https:\/\/www.museum.de\/blog\/erinnerungen-getraenkt-in-traum-die-kunst-des-vielfachen-aus-der-sammlung-der-basil-%ce%b5lise-goulandris-foundation\/","title":{"rendered":"Erinnerungen getr\u00e4nkt in Traum  \u2013 Die Kunst des Vielfachen aus der Sammlung der Basil &#038; \u0395lise Goulandris Foundation"},"content":{"rendered":"\n<p>Die <a href=\"https:\/\/www.museum.de\/museen\/basil-elise-goulandris-foundation\">B&amp;E Goulandris Foundation in Athen<\/a> zollt der grundlegenden Rolle des Vielfachen in der modernen und zeitgen\u00f6ssischen Kunst einen gro\u00dfen Tribut.<\/p>\n\n\n\n<p>Der Tribut der Stiftung an diese Kunstform, die noch nicht die Anerkennung erhalten hat, die sie verdient, umfasst etwa 90 Lithographien, Radierungen und Keramiken aus der Sammlung der Stiftung, die die Unterschriften von acht renommierten K\u00fcnstlern des 19. und 20. Jahrhunderts tragen: Aristide Maillol (1861-1944), Henri de Toulouse-Lautrec (1864-1901), Henri Matisse (1869-1954), Fernand L\u00e9ger (1881-1955), Pablo Picasso (1881-1973), Georges Braque (1882-1954), Joan Mir\u00f3 (1893-1983) und Balthus (1908-2001).<\/p>\n\n\n\n<figure class=\"wp-block-image size-large\"><img decoding=\"async\" width=\"1248\" height=\"978\" loading=\"lazy\" src=\"https:\/\/www.museum.de\/blog\/wp-content\/uploads\/2023\/10\/515596ldsdl-1248x978.jpg\" alt=\"Women Picking Olives (1889) Vincent van Gogh (Dutch, 1853-1890)\" class=\"wp-image-2340\" srcset=\"https:\/\/www.museum.de\/blog\/wp-content\/uploads\/2023\/10\/515596ldsdl-1248x978.jpg 1248w, https:\/\/www.museum.de\/blog\/wp-content\/uploads\/2023\/10\/515596ldsdl-300x235.jpg 300w, https:\/\/www.museum.de\/blog\/wp-content\/uploads\/2023\/10\/515596ldsdl-768x602.jpg 768w, https:\/\/www.museum.de\/blog\/wp-content\/uploads\/2023\/10\/515596ldsdl-1536x1204.jpg 1536w, https:\/\/www.museum.de\/blog\/wp-content\/uploads\/2023\/10\/515596ldsdl.jpg 1600w\" sizes=\"auto, (max-width: 1248px) 100vw, 1248px\" \/><figcaption class=\"wp-element-caption\">Women Picking Olives (1889)\nVincent van Gogh (Dutch, 1853-1890)\n<\/figcaption><\/figure>\n\n\n\n<p>Die Besucher haben die M\u00f6glichkeit, unter anderem die vollst\u00e4ndigen Alben &#8222;Les Ma\u00eetres du dessin &#8211; Aristide Maillol&#8220;, &#8222;12 Lithographs&#8220; von Lautrec, L\u00e9gers &#8222;Cirque&#8220;, Hesiode&#8217;s &#8222;Theogony&#8220; illustriert von Braque und Emily Bront\u00ebs &#8222;Wuthering Heights&#8220;, wie von Balthus vorgestellt, zu entdecken. In Bezug auf Matisse, Picasso und Mir\u00f3 beweisen sie erneut die entscheidende Rolle, die sie in der Entwicklung der Gravur und Keramik des 20. Jahrhunderts gespielt haben.<\/p>\n\n\n\n<p>Neben der Erkundung der Welt der Gravur und Keramik betont die Ausstellung auch die Schl\u00fcsselrolle vieler Mitarbeiter, die an der Herausgabe der Werke beteiligt waren, darunter Ambroise Vollard, Aim\u00e9, Marguerite und Adrien Maeght, T\u00e9riade, Fernand Mourlot und Suzanne Rami\u00e9.<\/p>\n\n\n\n<p>Gef\u00fchrte Touren durch die Ausstellung in Griechisch und Englisch sowie kreative Workshops f\u00fcr Kinder beginnen Ende September. Das Museum bietet auch auf Anfrage Gruppen- und private F\u00fchrungen w\u00e4hrend der gesamten Ausstellung an.<\/p>\n\n\n\n<p>Die Ausstellung wird von einem zweisprachigen Katalog in Griechisch und Englisch begleitet, der Texte des Kurators der Ausstellung, Marie Koutsomallis-Moreau, sowie ein Glossar von Gravur-Begriffen enth\u00e4lt, die notwendig sind, um die angewandten Methoden vollst\u00e4ndig zu verstehen. Au\u00dferdem finden Sie die Lebensl\u00e4ufe aller wertvollen Mitarbeiter, die den K\u00fcnstlern die M\u00f6glichkeit gegeben haben, sich in der Kunst des Vielfachen zu beweisen.<\/p>\n\n\n\n<p><strong>\u00dcber die Foundation<\/strong><\/p>\n\n\n\n<p>Die Basil &amp; \u0395lise Goulandris Foundation und ihr dazugeh\u00f6riges Museum sind von herausragender Bedeutung f\u00fcr die Kulturszene in Athen. Die Foundation wurde gegr\u00fcndet, um die Sammlung von Basil und Elise Goulandris der \u00d6ffentlichkeit zug\u00e4nglich zu machen und Kunstliebhabern aus der ganzen Welt eine einzigartige kulturelle Erfahrung zu bieten. Das Museum beherbergt eine beeindruckende Sammlung von Kunstwerken aus dem 19. und 20. Jahrhundert, darunter Meisterwerke renommierter K\u00fcnstler, die in verschiedenen Stilen und Techniken arbeiteten. Die Stiftung und ihr Museum sind nicht nur ein Schatz f\u00fcr Kunstliebhaber, sondern auch ein Ort der Bildung und Inspiration, der das kulturelle Erbe Griechenlands und der Welt in einer faszinierenden Weise pr\u00e4sentiert.<\/p>\n\n\n\n<p> <strong>05.08 &#8211; 03.12 2023<\/strong> <br><strong>B&amp;E Goulandris Foundation, Athen<\/strong><\/p>\n\n\n\n<p>Quelle:<br><a href=\"https:\/\/goulandris.gr\/en\/exhibition\/memories-steeped-in-dream\">https:\/\/goulandris.gr\/en\/exhibition\/memories-steeped-in-dream<\/a><br>Bildnachweis:<br>Creative Commons<br>Women Picking Olives (1889)<br>Vincent van Gogh (Dutch, 1853-1890)<\/p>\n","protected":false},"excerpt":{"rendered":"<p>Die B&amp;E Goulandris Foundation in Athen zollt der grundlegenden Rolle des Vielfachen in der modernen und zeitgen\u00f6ssischen Kunst einen gro\u00dfen Tribut. Der Tribut der Stiftung an diese Kunstform, die noch nicht die Anerkennung erhalten hat, die sie verdient, umfasst etwa 90 Lithographien, Radierungen und Keramiken aus der Sammlung der Stiftung, die die Unterschriften von acht [&hellip;]<\/p>\n","protected":false},"author":2,"featured_media":2340,"comment_status":"closed","ping_status":"closed","sticky":false,"template":"","format":"standard","meta":{"site-sidebar-layout":"default","site-content-layout":"","ast-site-content-layout":"default","site-content-style":"default","site-sidebar-style":"default","ast-global-header-display":"","ast-banner-title-visibility":"","ast-main-header-display":"","ast-hfb-above-header-display":"","ast-hfb-below-header-display":"","ast-hfb-mobile-header-display":"","site-post-title":"","ast-breadcrumbs-content":"","ast-featured-img":"disabled","footer-sml-layout":"","ast-disable-related-posts":"","theme-transparent-header-meta":"","adv-header-id-meta":"","stick-header-meta":"","header-above-stick-meta":"","header-main-stick-meta":"","header-below-stick-meta":"","astra-migrate-meta-layouts":"set","ast-page-background-enabled":"default","ast-page-background-meta":{"desktop":{"background-color":"var(--ast-global-color-4)","background-image":"","background-repeat":"repeat","background-position":"center center","background-size":"auto","background-attachment":"scroll","background-type":"","background-media":"","overlay-type":"","overlay-color":"","overlay-opacity":"","overlay-gradient":""},"tablet":{"background-color":"","background-image":"","background-repeat":"repeat","background-position":"center center","background-size":"auto","background-attachment":"scroll","background-type":"","background-media":"","overlay-type":"","overlay-color":"","overlay-opacity":"","overlay-gradient":""},"mobile":{"background-color":"","background-image":"","background-repeat":"repeat","background-position":"center center","background-size":"auto","background-attachment":"scroll","background-type":"","background-media":"","overlay-type":"","overlay-color":"","overlay-opacity":"","overlay-gradient":""}},"ast-content-background-meta":{"desktop":{"background-color":"var(--ast-global-color-5)","background-image":"","background-repeat":"repeat","background-position":"center center","background-size":"auto","background-attachment":"scroll","background-type":"","background-media":"","overlay-type":"","overlay-color":"","overlay-opacity":"","overlay-gradient":""},"tablet":{"background-color":"var(--ast-global-color-5)","background-image":"","background-repeat":"repeat","background-position":"center center","background-size":"auto","background-attachment":"scroll","background-type":"","background-media":"","overlay-type":"","overlay-color":"","overlay-opacity":"","overlay-gradient":""},"mobile":{"background-color":"var(--ast-global-color-5)","background-image":"","background-repeat":"repeat","background-position":"center center","background-size":"auto","background-attachment":"scroll","background-type":"","background-media":"","overlay-type":"","overlay-color":"","overlay-opacity":"","overlay-gradient":""}},"episode_type":"","audio_file":"","podmotor_file_id":"","podmotor_episode_id":"","cover_image":"","cover_image_id":"","duration":"","filesize":"","filesize_raw":"","date_recorded":"","explicit":"","block":"","itunes_episode_number":"","itunes_title":"","itunes_season_number":"","itunes_episode_type":"","footnotes":""},"categories":[125],"tags":[58,235],"class_list":["post-2338","post","type-post","status-publish","format-standard","has-post-thumbnail","hentry","category-ausstellungen","tag-ausstellung","tag-basil-lise-goulandris-foundation"],"yoast_head":"<!-- This site is optimized with the Yoast SEO plugin v27.5 - https:\/\/yoast.com\/product\/yoast-seo-wordpress\/ -->\n<title>Erinnerungen getr\u00e4nkt in Traum \u2013 Die Kunst des Vielfachen aus der Sammlung der Basil &amp; \u0395lise Goulandris Foundation - Der Museumsblog<\/title>\n<meta name=\"robots\" content=\"index, follow, max-snippet:-1, max-image-preview:large, max-video-preview:-1\" \/>\n<link rel=\"canonical\" href=\"https:\/\/www.museum.de\/blog\/erinnerungen-getraenkt-in-traum-die-kunst-des-vielfachen-aus-der-sammlung-der-basil-\u03b5lise-goulandris-foundation\/\" \/>\n<meta property=\"og:locale\" content=\"de_DE\" \/>\n<meta property=\"og:type\" content=\"article\" \/>\n<meta property=\"og:title\" content=\"Erinnerungen getr\u00e4nkt in Traum \u2013 Die Kunst des Vielfachen aus der Sammlung der Basil &amp; \u0395lise Goulandris Foundation - Der Museumsblog\" \/>\n<meta property=\"og:description\" content=\"Die B&amp;E Goulandris Foundation in Athen zollt der grundlegenden Rolle des Vielfachen in der modernen und zeitgen\u00f6ssischen Kunst einen gro\u00dfen Tribut. Der Tribut der Stiftung an diese Kunstform, die noch nicht die Anerkennung erhalten hat, die sie verdient, umfasst etwa 90 Lithographien, Radierungen und Keramiken aus der Sammlung der Stiftung, die die Unterschriften von acht [&hellip;]\" \/>\n<meta property=\"og:url\" content=\"https:\/\/www.museum.de\/blog\/erinnerungen-getraenkt-in-traum-die-kunst-des-vielfachen-aus-der-sammlung-der-basil-\u03b5lise-goulandris-foundation\/\" \/>\n<meta property=\"og:site_name\" content=\"Der Museumsblog\" \/>\n<meta property=\"article:published_time\" content=\"2023-10-26T09:04:04+00:00\" \/>\n<meta property=\"article:modified_time\" content=\"2025-08-15T15:17:17+00:00\" \/>\n<meta property=\"og:image\" content=\"https:\/\/www.museum.de\/blog\/wp-content\/uploads\/2023\/10\/515596ldsdl-1248x978.jpg\" \/>\n\t<meta property=\"og:image:width\" content=\"1248\" \/>\n\t<meta property=\"og:image:height\" content=\"978\" \/>\n\t<meta property=\"og:image:type\" content=\"image\/jpeg\" \/>\n<meta name=\"author\" content=\"Uwe Strauch\" \/>\n<meta name=\"twitter:card\" content=\"summary_large_image\" \/>\n<script type=\"application\/ld+json\" class=\"yoast-schema-graph\">{\"@context\":\"https:\\\/\\\/schema.org\",\"@graph\":[{\"@type\":\"Article\",\"@id\":\"https:\\\/\\\/www.museum.de\\\/blog\\\/erinnerungen-getraenkt-in-traum-die-kunst-des-vielfachen-aus-der-sammlung-der-basil-%ce%b5lise-goulandris-foundation\\\/#article\",\"isPartOf\":{\"@id\":\"https:\\\/\\\/www.museum.de\\\/blog\\\/erinnerungen-getraenkt-in-traum-die-kunst-des-vielfachen-aus-der-sammlung-der-basil-%ce%b5lise-goulandris-foundation\\\/\"},\"author\":{\"name\":\"Uwe Strauch\",\"@id\":\"https:\\\/\\\/www.museum.de\\\/blog\\\/#\\\/schema\\\/person\\\/47b034b19279c45ef7fc898c2059e9f3\"},\"headline\":\"Erinnerungen getr\u00e4nkt in Traum \u2013 Die Kunst des Vielfachen aus der Sammlung der Basil &#038; \u0395lise Goulandris Foundation\",\"datePublished\":\"2023-10-26T09:04:04+00:00\",\"dateModified\":\"2025-08-15T15:17:17+00:00\",\"mainEntityOfPage\":{\"@id\":\"https:\\\/\\\/www.museum.de\\\/blog\\\/erinnerungen-getraenkt-in-traum-die-kunst-des-vielfachen-aus-der-sammlung-der-basil-%ce%b5lise-goulandris-foundation\\\/\"},\"wordCount\":465,\"publisher\":{\"@id\":\"https:\\\/\\\/www.museum.de\\\/blog\\\/#organization\"},\"image\":{\"@id\":\"https:\\\/\\\/www.museum.de\\\/blog\\\/erinnerungen-getraenkt-in-traum-die-kunst-des-vielfachen-aus-der-sammlung-der-basil-%ce%b5lise-goulandris-foundation\\\/#primaryimage\"},\"thumbnailUrl\":\"https:\\\/\\\/www.museum.de\\\/blog\\\/wp-content\\\/uploads\\\/2023\\\/10\\\/515596ldsdl.jpg\",\"keywords\":[\"Ausstellung\",\"Basil &amp; \u0395lise Goulandris Foundation\"],\"articleSection\":[\"Ausstellungen\"],\"inLanguage\":\"de\"},{\"@type\":\"WebPage\",\"@id\":\"https:\\\/\\\/www.museum.de\\\/blog\\\/erinnerungen-getraenkt-in-traum-die-kunst-des-vielfachen-aus-der-sammlung-der-basil-%ce%b5lise-goulandris-foundation\\\/\",\"url\":\"https:\\\/\\\/www.museum.de\\\/blog\\\/erinnerungen-getraenkt-in-traum-die-kunst-des-vielfachen-aus-der-sammlung-der-basil-%ce%b5lise-goulandris-foundation\\\/\",\"name\":\"Erinnerungen getr\u00e4nkt in Traum \u2013 Die Kunst des Vielfachen aus der Sammlung der Basil & \u0395lise Goulandris Foundation - Der Museumsblog\",\"isPartOf\":{\"@id\":\"https:\\\/\\\/www.museum.de\\\/blog\\\/#website\"},\"primaryImageOfPage\":{\"@id\":\"https:\\\/\\\/www.museum.de\\\/blog\\\/erinnerungen-getraenkt-in-traum-die-kunst-des-vielfachen-aus-der-sammlung-der-basil-%ce%b5lise-goulandris-foundation\\\/#primaryimage\"},\"image\":{\"@id\":\"https:\\\/\\\/www.museum.de\\\/blog\\\/erinnerungen-getraenkt-in-traum-die-kunst-des-vielfachen-aus-der-sammlung-der-basil-%ce%b5lise-goulandris-foundation\\\/#primaryimage\"},\"thumbnailUrl\":\"https:\\\/\\\/www.museum.de\\\/blog\\\/wp-content\\\/uploads\\\/2023\\\/10\\\/515596ldsdl.jpg\",\"datePublished\":\"2023-10-26T09:04:04+00:00\",\"dateModified\":\"2025-08-15T15:17:17+00:00\",\"breadcrumb\":{\"@id\":\"https:\\\/\\\/www.museum.de\\\/blog\\\/erinnerungen-getraenkt-in-traum-die-kunst-des-vielfachen-aus-der-sammlung-der-basil-%ce%b5lise-goulandris-foundation\\\/#breadcrumb\"},\"inLanguage\":\"de\",\"potentialAction\":[{\"@type\":\"ReadAction\",\"target\":[\"https:\\\/\\\/www.museum.de\\\/blog\\\/erinnerungen-getraenkt-in-traum-die-kunst-des-vielfachen-aus-der-sammlung-der-basil-%ce%b5lise-goulandris-foundation\\\/\"]}]},{\"@type\":\"ImageObject\",\"inLanguage\":\"de\",\"@id\":\"https:\\\/\\\/www.museum.de\\\/blog\\\/erinnerungen-getraenkt-in-traum-die-kunst-des-vielfachen-aus-der-sammlung-der-basil-%ce%b5lise-goulandris-foundation\\\/#primaryimage\",\"url\":\"https:\\\/\\\/www.museum.de\\\/blog\\\/wp-content\\\/uploads\\\/2023\\\/10\\\/515596ldsdl.jpg\",\"contentUrl\":\"https:\\\/\\\/www.museum.de\\\/blog\\\/wp-content\\\/uploads\\\/2023\\\/10\\\/515596ldsdl.jpg\",\"width\":1600,\"height\":1254,\"caption\":\"Women Picking Olives (1889) Vincent van Gogh (Dutch, 1853-1890)\"},{\"@type\":\"BreadcrumbList\",\"@id\":\"https:\\\/\\\/www.museum.de\\\/blog\\\/erinnerungen-getraenkt-in-traum-die-kunst-des-vielfachen-aus-der-sammlung-der-basil-%ce%b5lise-goulandris-foundation\\\/#breadcrumb\",\"itemListElement\":[{\"@type\":\"ListItem\",\"position\":1,\"name\":\"Startseite\",\"item\":\"https:\\\/\\\/www.museum.de\\\/blog\\\/\"},{\"@type\":\"ListItem\",\"position\":2,\"name\":\"Erinnerungen getr\u00e4nkt in Traum \u2013 Die Kunst des Vielfachen aus der Sammlung der Basil &#038; \u0395lise Goulandris Foundation\"}]},{\"@type\":\"WebSite\",\"@id\":\"https:\\\/\\\/www.museum.de\\\/blog\\\/#website\",\"url\":\"https:\\\/\\\/www.museum.de\\\/blog\\\/\",\"name\":\"Der Museumsblog\",\"description\":\"Der Blog\",\"publisher\":{\"@id\":\"https:\\\/\\\/www.museum.de\\\/blog\\\/#organization\"},\"alternateName\":\"museum.de - Der Museumsblog\",\"potentialAction\":[{\"@type\":\"SearchAction\",\"target\":{\"@type\":\"EntryPoint\",\"urlTemplate\":\"https:\\\/\\\/www.museum.de\\\/blog\\\/?s={search_term_string}\"},\"query-input\":{\"@type\":\"PropertyValueSpecification\",\"valueRequired\":true,\"valueName\":\"search_term_string\"}}],\"inLanguage\":\"de\"},{\"@type\":\"Organization\",\"@id\":\"https:\\\/\\\/www.museum.de\\\/blog\\\/#organization\",\"name\":\"Der Museumsblog\",\"url\":\"https:\\\/\\\/www.museum.de\\\/blog\\\/\",\"logo\":{\"@type\":\"ImageObject\",\"inLanguage\":\"de\",\"@id\":\"https:\\\/\\\/www.museum.de\\\/blog\\\/#\\\/schema\\\/logo\\\/image\\\/\",\"url\":\"https:\\\/\\\/www.museum.de\\\/blog\\\/wp-content\\\/uploads\\\/2019\\\/03\\\/cropped-Audioguide_Titelseite-1.jpg\",\"contentUrl\":\"https:\\\/\\\/www.museum.de\\\/blog\\\/wp-content\\\/uploads\\\/2019\\\/03\\\/cropped-Audioguide_Titelseite-1.jpg\",\"width\":512,\"height\":512,\"caption\":\"Der Museumsblog\"},\"image\":{\"@id\":\"https:\\\/\\\/www.museum.de\\\/blog\\\/#\\\/schema\\\/logo\\\/image\\\/\"}},{\"@type\":\"Person\",\"@id\":\"https:\\\/\\\/www.museum.de\\\/blog\\\/#\\\/schema\\\/person\\\/47b034b19279c45ef7fc898c2059e9f3\",\"name\":\"Uwe Strauch\",\"description\":\"Herausgeber - museum.de\",\"sameAs\":[\"http:\\\/\\\/www.museum.de\"],\"url\":\"https:\\\/\\\/www.museum.de\\\/blog\\\/author\\\/redaktion\\\/\"}]}<\/script>\n<!-- \/ Yoast SEO plugin. -->","yoast_head_json":{"title":"Erinnerungen getr\u00e4nkt in Traum \u2013 Die Kunst des Vielfachen aus der Sammlung der Basil & \u0395lise Goulandris Foundation - Der Museumsblog","robots":{"index":"index","follow":"follow","max-snippet":"max-snippet:-1","max-image-preview":"max-image-preview:large","max-video-preview":"max-video-preview:-1"},"canonical":"https:\/\/www.museum.de\/blog\/erinnerungen-getraenkt-in-traum-die-kunst-des-vielfachen-aus-der-sammlung-der-basil-\u03b5lise-goulandris-foundation\/","og_locale":"de_DE","og_type":"article","og_title":"Erinnerungen getr\u00e4nkt in Traum \u2013 Die Kunst des Vielfachen aus der Sammlung der Basil & \u0395lise Goulandris Foundation - Der Museumsblog","og_description":"Die B&amp;E Goulandris Foundation in Athen zollt der grundlegenden Rolle des Vielfachen in der modernen und zeitgen\u00f6ssischen Kunst einen gro\u00dfen Tribut. Der Tribut der Stiftung an diese Kunstform, die noch nicht die Anerkennung erhalten hat, die sie verdient, umfasst etwa 90 Lithographien, Radierungen und Keramiken aus der Sammlung der Stiftung, die die Unterschriften von acht [&hellip;]","og_url":"https:\/\/www.museum.de\/blog\/erinnerungen-getraenkt-in-traum-die-kunst-des-vielfachen-aus-der-sammlung-der-basil-\u03b5lise-goulandris-foundation\/","og_site_name":"Der Museumsblog","article_published_time":"2023-10-26T09:04:04+00:00","article_modified_time":"2025-08-15T15:17:17+00:00","og_image":[{"width":1248,"height":978,"url":"https:\/\/www.museum.de\/blog\/wp-content\/uploads\/2023\/10\/515596ldsdl-1248x978.jpg","type":"image\/jpeg"}],"author":"Uwe Strauch","twitter_card":"summary_large_image","schema":{"@context":"https:\/\/schema.org","@graph":[{"@type":"Article","@id":"https:\/\/www.museum.de\/blog\/erinnerungen-getraenkt-in-traum-die-kunst-des-vielfachen-aus-der-sammlung-der-basil-%ce%b5lise-goulandris-foundation\/#article","isPartOf":{"@id":"https:\/\/www.museum.de\/blog\/erinnerungen-getraenkt-in-traum-die-kunst-des-vielfachen-aus-der-sammlung-der-basil-%ce%b5lise-goulandris-foundation\/"},"author":{"name":"Uwe Strauch","@id":"https:\/\/www.museum.de\/blog\/#\/schema\/person\/47b034b19279c45ef7fc898c2059e9f3"},"headline":"Erinnerungen getr\u00e4nkt in Traum \u2013 Die Kunst des Vielfachen aus der Sammlung der Basil &#038; \u0395lise Goulandris Foundation","datePublished":"2023-10-26T09:04:04+00:00","dateModified":"2025-08-15T15:17:17+00:00","mainEntityOfPage":{"@id":"https:\/\/www.museum.de\/blog\/erinnerungen-getraenkt-in-traum-die-kunst-des-vielfachen-aus-der-sammlung-der-basil-%ce%b5lise-goulandris-foundation\/"},"wordCount":465,"publisher":{"@id":"https:\/\/www.museum.de\/blog\/#organization"},"image":{"@id":"https:\/\/www.museum.de\/blog\/erinnerungen-getraenkt-in-traum-die-kunst-des-vielfachen-aus-der-sammlung-der-basil-%ce%b5lise-goulandris-foundation\/#primaryimage"},"thumbnailUrl":"https:\/\/www.museum.de\/blog\/wp-content\/uploads\/2023\/10\/515596ldsdl.jpg","keywords":["Ausstellung","Basil &amp; \u0395lise Goulandris Foundation"],"articleSection":["Ausstellungen"],"inLanguage":"de"},{"@type":"WebPage","@id":"https:\/\/www.museum.de\/blog\/erinnerungen-getraenkt-in-traum-die-kunst-des-vielfachen-aus-der-sammlung-der-basil-%ce%b5lise-goulandris-foundation\/","url":"https:\/\/www.museum.de\/blog\/erinnerungen-getraenkt-in-traum-die-kunst-des-vielfachen-aus-der-sammlung-der-basil-%ce%b5lise-goulandris-foundation\/","name":"Erinnerungen getr\u00e4nkt in Traum \u2013 Die Kunst des Vielfachen aus der Sammlung der Basil & \u0395lise Goulandris Foundation - Der Museumsblog","isPartOf":{"@id":"https:\/\/www.museum.de\/blog\/#website"},"primaryImageOfPage":{"@id":"https:\/\/www.museum.de\/blog\/erinnerungen-getraenkt-in-traum-die-kunst-des-vielfachen-aus-der-sammlung-der-basil-%ce%b5lise-goulandris-foundation\/#primaryimage"},"image":{"@id":"https:\/\/www.museum.de\/blog\/erinnerungen-getraenkt-in-traum-die-kunst-des-vielfachen-aus-der-sammlung-der-basil-%ce%b5lise-goulandris-foundation\/#primaryimage"},"thumbnailUrl":"https:\/\/www.museum.de\/blog\/wp-content\/uploads\/2023\/10\/515596ldsdl.jpg","datePublished":"2023-10-26T09:04:04+00:00","dateModified":"2025-08-15T15:17:17+00:00","breadcrumb":{"@id":"https:\/\/www.museum.de\/blog\/erinnerungen-getraenkt-in-traum-die-kunst-des-vielfachen-aus-der-sammlung-der-basil-%ce%b5lise-goulandris-foundation\/#breadcrumb"},"inLanguage":"de","potentialAction":[{"@type":"ReadAction","target":["https:\/\/www.museum.de\/blog\/erinnerungen-getraenkt-in-traum-die-kunst-des-vielfachen-aus-der-sammlung-der-basil-%ce%b5lise-goulandris-foundation\/"]}]},{"@type":"ImageObject","inLanguage":"de","@id":"https:\/\/www.museum.de\/blog\/erinnerungen-getraenkt-in-traum-die-kunst-des-vielfachen-aus-der-sammlung-der-basil-%ce%b5lise-goulandris-foundation\/#primaryimage","url":"https:\/\/www.museum.de\/blog\/wp-content\/uploads\/2023\/10\/515596ldsdl.jpg","contentUrl":"https:\/\/www.museum.de\/blog\/wp-content\/uploads\/2023\/10\/515596ldsdl.jpg","width":1600,"height":1254,"caption":"Women Picking Olives (1889) Vincent van Gogh (Dutch, 1853-1890)"},{"@type":"BreadcrumbList","@id":"https:\/\/www.museum.de\/blog\/erinnerungen-getraenkt-in-traum-die-kunst-des-vielfachen-aus-der-sammlung-der-basil-%ce%b5lise-goulandris-foundation\/#breadcrumb","itemListElement":[{"@type":"ListItem","position":1,"name":"Startseite","item":"https:\/\/www.museum.de\/blog\/"},{"@type":"ListItem","position":2,"name":"Erinnerungen getr\u00e4nkt in Traum \u2013 Die Kunst des Vielfachen aus der Sammlung der Basil &#038; \u0395lise Goulandris Foundation"}]},{"@type":"WebSite","@id":"https:\/\/www.museum.de\/blog\/#website","url":"https:\/\/www.museum.de\/blog\/","name":"Der Museumsblog","description":"Der Blog","publisher":{"@id":"https:\/\/www.museum.de\/blog\/#organization"},"alternateName":"museum.de - Der Museumsblog","potentialAction":[{"@type":"SearchAction","target":{"@type":"EntryPoint","urlTemplate":"https:\/\/www.museum.de\/blog\/?s={search_term_string}"},"query-input":{"@type":"PropertyValueSpecification","valueRequired":true,"valueName":"search_term_string"}}],"inLanguage":"de"},{"@type":"Organization","@id":"https:\/\/www.museum.de\/blog\/#organization","name":"Der Museumsblog","url":"https:\/\/www.museum.de\/blog\/","logo":{"@type":"ImageObject","inLanguage":"de","@id":"https:\/\/www.museum.de\/blog\/#\/schema\/logo\/image\/","url":"https:\/\/www.museum.de\/blog\/wp-content\/uploads\/2019\/03\/cropped-Audioguide_Titelseite-1.jpg","contentUrl":"https:\/\/www.museum.de\/blog\/wp-content\/uploads\/2019\/03\/cropped-Audioguide_Titelseite-1.jpg","width":512,"height":512,"caption":"Der Museumsblog"},"image":{"@id":"https:\/\/www.museum.de\/blog\/#\/schema\/logo\/image\/"}},{"@type":"Person","@id":"https:\/\/www.museum.de\/blog\/#\/schema\/person\/47b034b19279c45ef7fc898c2059e9f3","name":"Uwe Strauch","description":"Herausgeber - museum.de","sameAs":["http:\/\/www.museum.de"],"url":"https:\/\/www.museum.de\/blog\/author\/redaktion\/"}]}},"_links":{"self":[{"href":"https:\/\/www.museum.de\/blog\/wp-json\/wp\/v2\/posts\/2338","targetHints":{"allow":["GET"]}}],"collection":[{"href":"https:\/\/www.museum.de\/blog\/wp-json\/wp\/v2\/posts"}],"about":[{"href":"https:\/\/www.museum.de\/blog\/wp-json\/wp\/v2\/types\/post"}],"author":[{"embeddable":true,"href":"https:\/\/www.museum.de\/blog\/wp-json\/wp\/v2\/users\/2"}],"replies":[{"embeddable":true,"href":"https:\/\/www.museum.de\/blog\/wp-json\/wp\/v2\/comments?post=2338"}],"version-history":[{"count":4,"href":"https:\/\/www.museum.de\/blog\/wp-json\/wp\/v2\/posts\/2338\/revisions"}],"predecessor-version":[{"id":2431,"href":"https:\/\/www.museum.de\/blog\/wp-json\/wp\/v2\/posts\/2338\/revisions\/2431"}],"wp:featuredmedia":[{"embeddable":true,"href":"https:\/\/www.museum.de\/blog\/wp-json\/wp\/v2\/media\/2340"}],"wp:attachment":[{"href":"https:\/\/www.museum.de\/blog\/wp-json\/wp\/v2\/media?parent=2338"}],"wp:term":[{"taxonomy":"category","embeddable":true,"href":"https:\/\/www.museum.de\/blog\/wp-json\/wp\/v2\/categories?post=2338"},{"taxonomy":"post_tag","embeddable":true,"href":"https:\/\/www.museum.de\/blog\/wp-json\/wp\/v2\/tags?post=2338"}],"curies":[{"name":"wp","href":"https:\/\/api.w.org\/{rel}","templated":true}]}}