{"id":2647,"date":"2024-03-23T17:41:06","date_gmt":"2024-03-23T17:41:06","guid":{"rendered":"https:\/\/www.museum.de\/blog\/?p=2647"},"modified":"2024-03-23T17:41:08","modified_gmt":"2024-03-23T17:41:08","slug":"gerhard-richter-on-display-im-neuen-museum-nuernberg","status":"publish","type":"post","link":"https:\/\/www.museum.de\/blog\/gerhard-richter-on-display-im-neuen-museum-nuernberg\/","title":{"rendered":"Gerhard Richter. On Display \u2013 im Neuen Museum N\u00fcrnberg"},"content":{"rendered":"\n<figure class=\"wp-block-image size-full\"><img decoding=\"async\" width=\"480\" height=\"360\" loading=\"lazy\" src=\"https:\/\/www.museum.de\/blog\/wp-content\/uploads\/2024\/03\/Gerhard-Richter_On-Display_1.jpg\" alt=\"\" class=\"wp-image-2649\" srcset=\"https:\/\/www.museum.de\/blog\/wp-content\/uploads\/2024\/03\/Gerhard-Richter_On-Display_1.jpg 480w, https:\/\/www.museum.de\/blog\/wp-content\/uploads\/2024\/03\/Gerhard-Richter_On-Display_1-300x225.jpg 300w\" sizes=\"auto, (max-width: 480px) 100vw, 480px\" \/><figcaption class=\"wp-element-caption\">Gerhard Richter. On Display &#8211; Neues Museum N\u00fcrnberg<\/figcaption><\/figure>\n\n\n\n<p>Das Neue Museum N\u00fcrnberg stellt seit dem 23. Februar 2024 eine gro\u00dfe Anzahl von Werken des bekannten deutschen Malers <strong>Gerhard Richter <\/strong>aus. Die Ausstellung mit dem Titel &#8222;Gerhard Richter. On Display&#8220; umfasst 22 Werke, darunter 20 Dauerleihgaben aus der Sammlung B\u00f6ckmann, die das Museum 2013 erhielt. Die Ausstellung bietet einen umfassenden Einblick in Richters k\u00fcnstlerisches Schaffen \u00fcber vier Jahrzehnte hinweg. Ein besonderer Fokus liegt auf einem neuen digitalen Vermittlungskonzept, das den Besuchern erm\u00f6glicht, die Werke auf innovative und spielerische Weise zu entdecken. Dieses Projekt wird durch das F\u00f6rderprogramm kultur.digital.vermittlung des Bayerischen Staatsministeriums f\u00fcr Wissenschaft und Kunst unterst\u00fctzt. Neben der Ausstellung wird auch ein Multimediaguide angeboten, der weitere Einblicke in Richters Werk bietet. Ein Kinder-Audioguide ist ebenfalls in Vorbereitung.<\/p>\n\n\n\n<p>Das \u0152uvre von Gerhard Richter gilt als eines der Highlights des Neuen Museums. Die dauerhafte Widmung von drei R\u00e4umen f\u00fcr diese Werke ist eine Hommage an die einzigartige B\u00f6ckmann-Sammlung. Diese Sammlung wird zudem durch eine Leihgabe aus einer Privatsammlung erg\u00e4nzt, die eine seltene Aquarell-Vorstudie des K\u00fcnstlers umfasst. Die ausgestellten St\u00fccke zeigen Schl\u00fcsselphasen in Richters Karriere: Fotomalereien, Farbtafeln, Landschaften, Stillleben, die Grauen Bilder, Stadtbilder, Konstruierte Abstraktionen und die umfangreiche Serie der Abstrakten Malereien. Diese Werke bieten gemeinsam einen umfassenden \u00dcberblick \u00fcber Richters kreatives Schaffen \u00fcber vier Jahrzehnte, in denen er kontinuierlich an mehreren St\u00fccken in verschiedenen Techniken gleichzeitig gearbeitet hat. Die Zeitleiste der ausgestellten Werke reicht von seinem fr\u00fchen St\u00fcck &#8222;Lesende am Strand&#8220;, das w\u00e4hrend seiner Studienzeit in Dresden entstand, bis zum &#8222;Waldst\u00fcck&#8220; von 1965 und erstreckt sich bis zum Gem\u00e4lde &#8222;Grau&#8220; von 2003. Zu den ber\u00fchmtesten Werken geh\u00f6ren &#8222;Seest\u00fcck&#8220; (1969) und &#8222;Sch\u00e4del mit Kerze&#8220; (1983). Zum ersten Mal wird das gro\u00dfformatige Gem\u00e4lde &#8222;Abstraktes Bild (Canaletto)&#8220; von 1990 speziell f\u00fcr diese Ausstellung aus der Bundeskanzlei in Berlin nach N\u00fcrnberg gebracht.<\/p>\n\n\n\n<p>Das umfangreiche und facettenreiche Werk von Gerhard Richter bietet eine ideale Einf\u00fchrung in die digitale Pr\u00e4sentation des Museums. Eine im Jahr 2022 durchgef\u00fchrte Besucherbefragung im Haus hat bedeutendes Feedback gesammelt. Mit diesen Erkenntnissen entwickelt das Neue Museum nun einen multimedialen Guide f\u00fcr Ausstellungsbesucher. Diese Webanwendung wird tiefere Einblicke in Gerhard Richters Kunst bieten und Fragen ansprechen, wie zum Beispiel, warum seine Werke so unterschiedlich sind und ob die hohen Preise f\u00fcr seine Kunst gerechtfertigt sind. Die Schaffung dieser neuen digitalen Tour wurde durch die gro\u00dfz\u00fcgige Unterst\u00fctzung des Bayerischen Staatsministeriums f\u00fcr Wissenschaft und Kunst im Rahmen des F\u00f6rderprogramms kultur.digital.vermittlung erm\u00f6glicht. Diese Initiative erm\u00f6glicht es den Besuchern, auf spielerische und zug\u00e4ngliche Weise mit den Kunstwerken in Kontakt zu treten, eine Form der Interpretation, die zuvor f\u00fcr Richters Gesamtwerk nicht verf\u00fcgbar war. Besucher werden ermutigt, das Werk des gro\u00dfen K\u00fcnstlers neu zu entdecken, Verbindungen zwischen verschiedenen St\u00fccken zu erforschen, durch Filmclips mehr zu erfahren und Vergleiche mit anderen Bildern in Bezug auf Richters Werke zu ziehen. Zus\u00e4tzlich ist ein Kinder-Audioguide in Arbeit, der ebenfalls \u00fcber pers\u00f6nliche Smartphones oder Tablets zug\u00e4nglich sein wird. Dieses Projekt wird vom F\u00f6rderprogramm kultur.digital.vermittlung des Bayerischen Staatsministeriums f\u00fcr Wissenschaft und Kunst unterst\u00fctzt.<\/p>\n\n\n\n<p><strong>Quelle:<\/strong><br>Titelbild<br>\u00a9 Gerhard Richter 2024 (22022024) \u00b7 Foto: Neues Museum (Annette Kradisch)<\/p>\n\n\n\n<p><a href=\"https:\/\/www.nmn.de\/de\/museum\/presse\/gerhard-richter.htm\">https:\/\/www.nmn.de\/de\/museum\/presse\/gerhard-richter.htm<\/a><\/p>\n","protected":false},"excerpt":{"rendered":"<p>Das Neue Museum N\u00fcrnberg stellt seit dem 23. Februar 2024 eine gro\u00dfe Anzahl von Werken des bekannten deutschen Malers Gerhard Richter aus. Die Ausstellung mit dem Titel &#8222;Gerhard Richter. On Display&#8220; umfasst 22 Werke, darunter 20 Dauerleihgaben aus der Sammlung B\u00f6ckmann, die das Museum 2013 erhielt. Die Ausstellung bietet einen umfassenden Einblick in Richters k\u00fcnstlerisches [&hellip;]<\/p>\n","protected":false},"author":1,"featured_media":2650,"comment_status":"closed","ping_status":"closed","sticky":false,"template":"","format":"standard","meta":{"site-sidebar-layout":"default","site-content-layout":"","ast-site-content-layout":"default","site-content-style":"default","site-sidebar-style":"default","ast-global-header-display":"","ast-banner-title-visibility":"","ast-main-header-display":"","ast-hfb-above-header-display":"","ast-hfb-below-header-display":"","ast-hfb-mobile-header-display":"","site-post-title":"","ast-breadcrumbs-content":"","ast-featured-img":"disabled","footer-sml-layout":"","ast-disable-related-posts":"","theme-transparent-header-meta":"","adv-header-id-meta":"","stick-header-meta":"","header-above-stick-meta":"","header-main-stick-meta":"","header-below-stick-meta":"","astra-migrate-meta-layouts":"set","ast-page-background-enabled":"default","ast-page-background-meta":{"desktop":{"background-color":"var(--ast-global-color-4)","background-image":"","background-repeat":"repeat","background-position":"center center","background-size":"auto","background-attachment":"scroll","background-type":"","background-media":"","overlay-type":"","overlay-color":"","overlay-opacity":"","overlay-gradient":""},"tablet":{"background-color":"","background-image":"","background-repeat":"repeat","background-position":"center center","background-size":"auto","background-attachment":"scroll","background-type":"","background-media":"","overlay-type":"","overlay-color":"","overlay-opacity":"","overlay-gradient":""},"mobile":{"background-color":"","background-image":"","background-repeat":"repeat","background-position":"center center","background-size":"auto","background-attachment":"scroll","background-type":"","background-media":"","overlay-type":"","overlay-color":"","overlay-opacity":"","overlay-gradient":""}},"ast-content-background-meta":{"desktop":{"background-color":"var(--ast-global-color-5)","background-image":"","background-repeat":"repeat","background-position":"center center","background-size":"auto","background-attachment":"scroll","background-type":"","background-media":"","overlay-type":"","overlay-color":"","overlay-opacity":"","overlay-gradient":""},"tablet":{"background-color":"var(--ast-global-color-5)","background-image":"","background-repeat":"repeat","background-position":"center center","background-size":"auto","background-attachment":"scroll","background-type":"","background-media":"","overlay-type":"","overlay-color":"","overlay-opacity":"","overlay-gradient":""},"mobile":{"background-color":"var(--ast-global-color-5)","background-image":"","background-repeat":"repeat","background-position":"center center","background-size":"auto","background-attachment":"scroll","background-type":"","background-media":"","overlay-type":"","overlay-color":"","overlay-opacity":"","overlay-gradient":""}},"episode_type":"","audio_file":"","podmotor_file_id":"","podmotor_episode_id":"","cover_image":"","cover_image_id":"","duration":"","filesize":"","filesize_raw":"","date_recorded":"","explicit":"","block":"","itunes_episode_number":"","itunes_title":"","itunes_season_number":"","itunes_episode_type":"","footnotes":""},"categories":[125],"tags":[263,127,99],"class_list":["post-2647","post","type-post","status-publish","format-standard","has-post-thumbnail","hentry","category-ausstellungen","tag-gerhard-richter","tag-kunst","tag-nuernberg"],"yoast_head":"<!-- This site is optimized with the Yoast SEO plugin v27.5 - https:\/\/yoast.com\/product\/yoast-seo-wordpress\/ -->\n<title>Gerhard Richter. On Display \u2013 im Neuen Museum N\u00fcrnberg - Der Museumsblog<\/title>\n<meta name=\"robots\" content=\"index, follow, max-snippet:-1, max-image-preview:large, max-video-preview:-1\" \/>\n<link rel=\"canonical\" href=\"https:\/\/www.museum.de\/blog\/gerhard-richter-on-display-im-neuen-museum-nuernberg\/\" \/>\n<meta property=\"og:locale\" content=\"de_DE\" \/>\n<meta property=\"og:type\" content=\"article\" \/>\n<meta property=\"og:title\" content=\"Gerhard Richter. On Display \u2013 im Neuen Museum N\u00fcrnberg - Der Museumsblog\" \/>\n<meta property=\"og:description\" content=\"Das Neue Museum N\u00fcrnberg stellt seit dem 23. Februar 2024 eine gro\u00dfe Anzahl von Werken des bekannten deutschen Malers Gerhard Richter aus. Die Ausstellung mit dem Titel &#8222;Gerhard Richter. On Display&#8220; umfasst 22 Werke, darunter 20 Dauerleihgaben aus der Sammlung B\u00f6ckmann, die das Museum 2013 erhielt. Die Ausstellung bietet einen umfassenden Einblick in Richters k\u00fcnstlerisches [&hellip;]\" \/>\n<meta property=\"og:url\" content=\"https:\/\/www.museum.de\/blog\/gerhard-richter-on-display-im-neuen-museum-nuernberg\/\" \/>\n<meta property=\"og:site_name\" content=\"Der Museumsblog\" \/>\n<meta property=\"article:published_time\" content=\"2024-03-23T17:41:06+00:00\" \/>\n<meta property=\"article:modified_time\" content=\"2024-03-23T17:41:08+00:00\" \/>\n<meta property=\"og:image\" content=\"https:\/\/www.museum.de\/blog\/wp-content\/uploads\/2024\/03\/Gerhard-Richter_On-Display_2-1248x504.png\" \/>\n\t<meta property=\"og:image:width\" content=\"1248\" \/>\n\t<meta property=\"og:image:height\" content=\"504\" \/>\n\t<meta property=\"og:image:type\" content=\"image\/png\" \/>\n<meta name=\"author\" content=\"Redaktion\" \/>\n<meta name=\"twitter:card\" content=\"summary_large_image\" \/>\n<script type=\"application\/ld+json\" class=\"yoast-schema-graph\">{\"@context\":\"https:\\\/\\\/schema.org\",\"@graph\":[{\"@type\":\"Article\",\"@id\":\"https:\\\/\\\/www.museum.de\\\/blog\\\/gerhard-richter-on-display-im-neuen-museum-nuernberg\\\/#article\",\"isPartOf\":{\"@id\":\"https:\\\/\\\/www.museum.de\\\/blog\\\/gerhard-richter-on-display-im-neuen-museum-nuernberg\\\/\"},\"author\":{\"name\":\"Redaktion\",\"@id\":\"https:\\\/\\\/www.museum.de\\\/blog\\\/#\\\/schema\\\/person\\\/c09a0aea9ac127965257ff6115957332\"},\"headline\":\"Gerhard Richter. On Display \u2013 im Neuen Museum N\u00fcrnberg\",\"datePublished\":\"2024-03-23T17:41:06+00:00\",\"dateModified\":\"2024-03-23T17:41:08+00:00\",\"mainEntityOfPage\":{\"@id\":\"https:\\\/\\\/www.museum.de\\\/blog\\\/gerhard-richter-on-display-im-neuen-museum-nuernberg\\\/\"},\"wordCount\":564,\"publisher\":{\"@id\":\"https:\\\/\\\/www.museum.de\\\/blog\\\/#organization\"},\"image\":{\"@id\":\"https:\\\/\\\/www.museum.de\\\/blog\\\/gerhard-richter-on-display-im-neuen-museum-nuernberg\\\/#primaryimage\"},\"thumbnailUrl\":\"https:\\\/\\\/www.museum.de\\\/blog\\\/wp-content\\\/uploads\\\/2024\\\/03\\\/Gerhard-Richter_On-Display_2.png\",\"keywords\":[\"Gerhard Richter\",\"Kunst\",\"N\u00fcrnberg\"],\"articleSection\":[\"Ausstellungen\"],\"inLanguage\":\"de\"},{\"@type\":\"WebPage\",\"@id\":\"https:\\\/\\\/www.museum.de\\\/blog\\\/gerhard-richter-on-display-im-neuen-museum-nuernberg\\\/\",\"url\":\"https:\\\/\\\/www.museum.de\\\/blog\\\/gerhard-richter-on-display-im-neuen-museum-nuernberg\\\/\",\"name\":\"Gerhard Richter. On Display \u2013 im Neuen Museum N\u00fcrnberg - Der Museumsblog\",\"isPartOf\":{\"@id\":\"https:\\\/\\\/www.museum.de\\\/blog\\\/#website\"},\"primaryImageOfPage\":{\"@id\":\"https:\\\/\\\/www.museum.de\\\/blog\\\/gerhard-richter-on-display-im-neuen-museum-nuernberg\\\/#primaryimage\"},\"image\":{\"@id\":\"https:\\\/\\\/www.museum.de\\\/blog\\\/gerhard-richter-on-display-im-neuen-museum-nuernberg\\\/#primaryimage\"},\"thumbnailUrl\":\"https:\\\/\\\/www.museum.de\\\/blog\\\/wp-content\\\/uploads\\\/2024\\\/03\\\/Gerhard-Richter_On-Display_2.png\",\"datePublished\":\"2024-03-23T17:41:06+00:00\",\"dateModified\":\"2024-03-23T17:41:08+00:00\",\"breadcrumb\":{\"@id\":\"https:\\\/\\\/www.museum.de\\\/blog\\\/gerhard-richter-on-display-im-neuen-museum-nuernberg\\\/#breadcrumb\"},\"inLanguage\":\"de\",\"potentialAction\":[{\"@type\":\"ReadAction\",\"target\":[\"https:\\\/\\\/www.museum.de\\\/blog\\\/gerhard-richter-on-display-im-neuen-museum-nuernberg\\\/\"]}]},{\"@type\":\"ImageObject\",\"inLanguage\":\"de\",\"@id\":\"https:\\\/\\\/www.museum.de\\\/blog\\\/gerhard-richter-on-display-im-neuen-museum-nuernberg\\\/#primaryimage\",\"url\":\"https:\\\/\\\/www.museum.de\\\/blog\\\/wp-content\\\/uploads\\\/2024\\\/03\\\/Gerhard-Richter_On-Display_2.png\",\"contentUrl\":\"https:\\\/\\\/www.museum.de\\\/blog\\\/wp-content\\\/uploads\\\/2024\\\/03\\\/Gerhard-Richter_On-Display_2.png\",\"width\":1600,\"height\":646},{\"@type\":\"BreadcrumbList\",\"@id\":\"https:\\\/\\\/www.museum.de\\\/blog\\\/gerhard-richter-on-display-im-neuen-museum-nuernberg\\\/#breadcrumb\",\"itemListElement\":[{\"@type\":\"ListItem\",\"position\":1,\"name\":\"Startseite\",\"item\":\"https:\\\/\\\/www.museum.de\\\/blog\\\/\"},{\"@type\":\"ListItem\",\"position\":2,\"name\":\"Gerhard Richter. On Display \u2013 im Neuen Museum N\u00fcrnberg\"}]},{\"@type\":\"WebSite\",\"@id\":\"https:\\\/\\\/www.museum.de\\\/blog\\\/#website\",\"url\":\"https:\\\/\\\/www.museum.de\\\/blog\\\/\",\"name\":\"Der Museumsblog\",\"description\":\"Der Blog\",\"publisher\":{\"@id\":\"https:\\\/\\\/www.museum.de\\\/blog\\\/#organization\"},\"alternateName\":\"museum.de - Der Museumsblog\",\"potentialAction\":[{\"@type\":\"SearchAction\",\"target\":{\"@type\":\"EntryPoint\",\"urlTemplate\":\"https:\\\/\\\/www.museum.de\\\/blog\\\/?s={search_term_string}\"},\"query-input\":{\"@type\":\"PropertyValueSpecification\",\"valueRequired\":true,\"valueName\":\"search_term_string\"}}],\"inLanguage\":\"de\"},{\"@type\":\"Organization\",\"@id\":\"https:\\\/\\\/www.museum.de\\\/blog\\\/#organization\",\"name\":\"Der Museumsblog\",\"url\":\"https:\\\/\\\/www.museum.de\\\/blog\\\/\",\"logo\":{\"@type\":\"ImageObject\",\"inLanguage\":\"de\",\"@id\":\"https:\\\/\\\/www.museum.de\\\/blog\\\/#\\\/schema\\\/logo\\\/image\\\/\",\"url\":\"https:\\\/\\\/www.museum.de\\\/blog\\\/wp-content\\\/uploads\\\/2019\\\/03\\\/cropped-Audioguide_Titelseite-1.jpg\",\"contentUrl\":\"https:\\\/\\\/www.museum.de\\\/blog\\\/wp-content\\\/uploads\\\/2019\\\/03\\\/cropped-Audioguide_Titelseite-1.jpg\",\"width\":512,\"height\":512,\"caption\":\"Der Museumsblog\"},\"image\":{\"@id\":\"https:\\\/\\\/www.museum.de\\\/blog\\\/#\\\/schema\\\/logo\\\/image\\\/\"}},{\"@type\":\"Person\",\"@id\":\"https:\\\/\\\/www.museum.de\\\/blog\\\/#\\\/schema\\\/person\\\/c09a0aea9ac127965257ff6115957332\",\"name\":\"Redaktion\",\"description\":\"Das Redaktionsteam von museum.de\",\"url\":\"https:\\\/\\\/www.museum.de\\\/blog\\\/author\\\/msupervisor\\\/\"}]}<\/script>\n<!-- \/ Yoast SEO plugin. -->","yoast_head_json":{"title":"Gerhard Richter. On Display \u2013 im Neuen Museum N\u00fcrnberg - Der Museumsblog","robots":{"index":"index","follow":"follow","max-snippet":"max-snippet:-1","max-image-preview":"max-image-preview:large","max-video-preview":"max-video-preview:-1"},"canonical":"https:\/\/www.museum.de\/blog\/gerhard-richter-on-display-im-neuen-museum-nuernberg\/","og_locale":"de_DE","og_type":"article","og_title":"Gerhard Richter. On Display \u2013 im Neuen Museum N\u00fcrnberg - Der Museumsblog","og_description":"Das Neue Museum N\u00fcrnberg stellt seit dem 23. Februar 2024 eine gro\u00dfe Anzahl von Werken des bekannten deutschen Malers Gerhard Richter aus. Die Ausstellung mit dem Titel &#8222;Gerhard Richter. On Display&#8220; umfasst 22 Werke, darunter 20 Dauerleihgaben aus der Sammlung B\u00f6ckmann, die das Museum 2013 erhielt. Die Ausstellung bietet einen umfassenden Einblick in Richters k\u00fcnstlerisches [&hellip;]","og_url":"https:\/\/www.museum.de\/blog\/gerhard-richter-on-display-im-neuen-museum-nuernberg\/","og_site_name":"Der Museumsblog","article_published_time":"2024-03-23T17:41:06+00:00","article_modified_time":"2024-03-23T17:41:08+00:00","og_image":[{"width":1248,"height":504,"url":"https:\/\/www.museum.de\/blog\/wp-content\/uploads\/2024\/03\/Gerhard-Richter_On-Display_2-1248x504.png","type":"image\/png"}],"author":"Redaktion","twitter_card":"summary_large_image","schema":{"@context":"https:\/\/schema.org","@graph":[{"@type":"Article","@id":"https:\/\/www.museum.de\/blog\/gerhard-richter-on-display-im-neuen-museum-nuernberg\/#article","isPartOf":{"@id":"https:\/\/www.museum.de\/blog\/gerhard-richter-on-display-im-neuen-museum-nuernberg\/"},"author":{"name":"Redaktion","@id":"https:\/\/www.museum.de\/blog\/#\/schema\/person\/c09a0aea9ac127965257ff6115957332"},"headline":"Gerhard Richter. On Display \u2013 im Neuen Museum N\u00fcrnberg","datePublished":"2024-03-23T17:41:06+00:00","dateModified":"2024-03-23T17:41:08+00:00","mainEntityOfPage":{"@id":"https:\/\/www.museum.de\/blog\/gerhard-richter-on-display-im-neuen-museum-nuernberg\/"},"wordCount":564,"publisher":{"@id":"https:\/\/www.museum.de\/blog\/#organization"},"image":{"@id":"https:\/\/www.museum.de\/blog\/gerhard-richter-on-display-im-neuen-museum-nuernberg\/#primaryimage"},"thumbnailUrl":"https:\/\/www.museum.de\/blog\/wp-content\/uploads\/2024\/03\/Gerhard-Richter_On-Display_2.png","keywords":["Gerhard Richter","Kunst","N\u00fcrnberg"],"articleSection":["Ausstellungen"],"inLanguage":"de"},{"@type":"WebPage","@id":"https:\/\/www.museum.de\/blog\/gerhard-richter-on-display-im-neuen-museum-nuernberg\/","url":"https:\/\/www.museum.de\/blog\/gerhard-richter-on-display-im-neuen-museum-nuernberg\/","name":"Gerhard Richter. On Display \u2013 im Neuen Museum N\u00fcrnberg - Der Museumsblog","isPartOf":{"@id":"https:\/\/www.museum.de\/blog\/#website"},"primaryImageOfPage":{"@id":"https:\/\/www.museum.de\/blog\/gerhard-richter-on-display-im-neuen-museum-nuernberg\/#primaryimage"},"image":{"@id":"https:\/\/www.museum.de\/blog\/gerhard-richter-on-display-im-neuen-museum-nuernberg\/#primaryimage"},"thumbnailUrl":"https:\/\/www.museum.de\/blog\/wp-content\/uploads\/2024\/03\/Gerhard-Richter_On-Display_2.png","datePublished":"2024-03-23T17:41:06+00:00","dateModified":"2024-03-23T17:41:08+00:00","breadcrumb":{"@id":"https:\/\/www.museum.de\/blog\/gerhard-richter-on-display-im-neuen-museum-nuernberg\/#breadcrumb"},"inLanguage":"de","potentialAction":[{"@type":"ReadAction","target":["https:\/\/www.museum.de\/blog\/gerhard-richter-on-display-im-neuen-museum-nuernberg\/"]}]},{"@type":"ImageObject","inLanguage":"de","@id":"https:\/\/www.museum.de\/blog\/gerhard-richter-on-display-im-neuen-museum-nuernberg\/#primaryimage","url":"https:\/\/www.museum.de\/blog\/wp-content\/uploads\/2024\/03\/Gerhard-Richter_On-Display_2.png","contentUrl":"https:\/\/www.museum.de\/blog\/wp-content\/uploads\/2024\/03\/Gerhard-Richter_On-Display_2.png","width":1600,"height":646},{"@type":"BreadcrumbList","@id":"https:\/\/www.museum.de\/blog\/gerhard-richter-on-display-im-neuen-museum-nuernberg\/#breadcrumb","itemListElement":[{"@type":"ListItem","position":1,"name":"Startseite","item":"https:\/\/www.museum.de\/blog\/"},{"@type":"ListItem","position":2,"name":"Gerhard Richter. On Display \u2013 im Neuen Museum N\u00fcrnberg"}]},{"@type":"WebSite","@id":"https:\/\/www.museum.de\/blog\/#website","url":"https:\/\/www.museum.de\/blog\/","name":"Der Museumsblog","description":"Der Blog","publisher":{"@id":"https:\/\/www.museum.de\/blog\/#organization"},"alternateName":"museum.de - Der Museumsblog","potentialAction":[{"@type":"SearchAction","target":{"@type":"EntryPoint","urlTemplate":"https:\/\/www.museum.de\/blog\/?s={search_term_string}"},"query-input":{"@type":"PropertyValueSpecification","valueRequired":true,"valueName":"search_term_string"}}],"inLanguage":"de"},{"@type":"Organization","@id":"https:\/\/www.museum.de\/blog\/#organization","name":"Der Museumsblog","url":"https:\/\/www.museum.de\/blog\/","logo":{"@type":"ImageObject","inLanguage":"de","@id":"https:\/\/www.museum.de\/blog\/#\/schema\/logo\/image\/","url":"https:\/\/www.museum.de\/blog\/wp-content\/uploads\/2019\/03\/cropped-Audioguide_Titelseite-1.jpg","contentUrl":"https:\/\/www.museum.de\/blog\/wp-content\/uploads\/2019\/03\/cropped-Audioguide_Titelseite-1.jpg","width":512,"height":512,"caption":"Der Museumsblog"},"image":{"@id":"https:\/\/www.museum.de\/blog\/#\/schema\/logo\/image\/"}},{"@type":"Person","@id":"https:\/\/www.museum.de\/blog\/#\/schema\/person\/c09a0aea9ac127965257ff6115957332","name":"Redaktion","description":"Das Redaktionsteam von museum.de","url":"https:\/\/www.museum.de\/blog\/author\/msupervisor\/"}]}},"_links":{"self":[{"href":"https:\/\/www.museum.de\/blog\/wp-json\/wp\/v2\/posts\/2647","targetHints":{"allow":["GET"]}}],"collection":[{"href":"https:\/\/www.museum.de\/blog\/wp-json\/wp\/v2\/posts"}],"about":[{"href":"https:\/\/www.museum.de\/blog\/wp-json\/wp\/v2\/types\/post"}],"author":[{"embeddable":true,"href":"https:\/\/www.museum.de\/blog\/wp-json\/wp\/v2\/users\/1"}],"replies":[{"embeddable":true,"href":"https:\/\/www.museum.de\/blog\/wp-json\/wp\/v2\/comments?post=2647"}],"version-history":[{"count":3,"href":"https:\/\/www.museum.de\/blog\/wp-json\/wp\/v2\/posts\/2647\/revisions"}],"predecessor-version":[{"id":2652,"href":"https:\/\/www.museum.de\/blog\/wp-json\/wp\/v2\/posts\/2647\/revisions\/2652"}],"wp:featuredmedia":[{"embeddable":true,"href":"https:\/\/www.museum.de\/blog\/wp-json\/wp\/v2\/media\/2650"}],"wp:attachment":[{"href":"https:\/\/www.museum.de\/blog\/wp-json\/wp\/v2\/media?parent=2647"}],"wp:term":[{"taxonomy":"category","embeddable":true,"href":"https:\/\/www.museum.de\/blog\/wp-json\/wp\/v2\/categories?post=2647"},{"taxonomy":"post_tag","embeddable":true,"href":"https:\/\/www.museum.de\/blog\/wp-json\/wp\/v2\/tags?post=2647"}],"curies":[{"name":"wp","href":"https:\/\/api.w.org\/{rel}","templated":true}]}}