{"id":2666,"date":"2024-04-19T11:40:47","date_gmt":"2024-04-19T11:40:47","guid":{"rendered":"https:\/\/www.museum.de\/blog\/?p=2666"},"modified":"2024-11-27T20:30:21","modified_gmt":"2024-11-27T20:30:21","slug":"die-nationalgalerie-in-london-wird-200","status":"publish","type":"post","link":"https:\/\/www.museum.de\/blog\/die-nationalgalerie-in-london-wird-200\/","title":{"rendered":"Die Nationalgalerie in London wird 200"},"content":{"rendered":"\n<p>Im Jahr 2024 ab dem 10. Mai wird die Nationalgalerie ihr zweihundertj\u00e4hriges Bestehen mit einem ganzj\u00e4hrigen Festival feiern, das 200 Jahre ihrer Geschichte markiert und die B\u00fchne f\u00fcr ihre Zukunft bereitet. Die Feier, betitelt als <strong>NG200<\/strong>, wird eine vielf\u00e4ltige Palette von Veranstaltungen und Ausstellungen sowohl physisch in der Galerie als auch an verschiedenen Orten im gesamten Vereinigten K\u00f6nigreich und online umfassen. Zu den H\u00f6hepunkten geh\u00f6ren 12 gleichzeitige Ausstellungen in ganz Gro\u00dfbritannien, ein reisendes Kunststudio, das Workshops in Gemeinden bringt, ein \u00f6ffentlicher Kunstauftrag von Jeremy Deller, Kooperationen mit 200 Social-Media-Sch\u00f6pfern und eine Online-Filmserie hinter den Kulissen. Zus\u00e4tzlich wird das Festival eine gro\u00dfe Van Gogh-Ausstellung, eine bahnbrechende Ausstellung sienesischer Kunst des 14. Jahrhunderts und eine umfassende Neupr\u00e4sentation der Sammlung der Nationalgalerie bieten. Es wird auch ein neues digitales Galerieerlebnis, ein Sommerfestival am Trafalgar Square und bedeutende architektonische Verbesserungen an den Einrichtungen der Galerie geben. Dieses umfangreiche Programm zielt darauf ab, ein breites Publikum zu engagieren, die vergangenen Leistungen der Galerie zu feiern und gleichzeitig auf ihre zuk\u00fcnftigen Beitr\u00e4ge zu Kunst und Kultur vorauszuschauen.<\/p>\n\n\n\n<h3 class=\"wp-block-heading\">Ein ber\u00fchmtes Museum<\/h3>\n\n\n\n<p>Die <strong>National Gallery<\/strong> in London ist eines der ber\u00fchmtesten Kunstmuseen der Welt. Sie wurde 1824 gegr\u00fcndet und feiert nun ihr 200-j\u00e4hriges Bestehen. Das Museum befindet sich im Herzen Londons am <strong>Trafalgar Square<\/strong> und ist besonders f\u00fcr seine umfangreiche Sammlung europ\u00e4ischer Malerei bekannt. Mit \u00fcber 2.300 Gem\u00e4lden bietet die National Gallery einen umfassenden \u00dcberblick \u00fcber die Kunstgeschichte vom Mittelalter bis ins fr\u00fche 20. Jahrhundert. Der Eintritt ist (bis auf Sonderausstellungen) kostenlos, was das Museum f\u00fcr ein breites Publikum zug\u00e4nglich macht.<\/p>\n\n\n\n<h4 class=\"wp-block-heading\">Geschichte der National Gallery:<\/h4>\n\n\n\n<ul class=\"wp-block-list\">\n<li><strong>Gr\u00fcndung (1824):<\/strong> Die National Gallery wurde gegr\u00fcndet, als die britische Regierung die Sammlung von 38 Gem\u00e4lden des Bankiers John Julius Angerstein kaufte. Diese Werke bildeten den Grundstein der heutigen Sammlung.<\/li>\n\n\n\n<li><strong>Erweiterungen:<\/strong> Mit der wachsenden Sammlung wurde das urspr\u00fcngliche Geb\u00e4ude zu klein. 1838 zog die Galerie in das eigens errichtete Geb\u00e4ude am Trafalgar Square um, das von William Wilkins entworfen wurde. Seitdem wurde das Museum mehrfach erweitert, unter anderem durch die <strong>Sainsbury Wing<\/strong> (1991), die speziell f\u00fcr die Werke des Mittelalters und der Renaissance konzipiert wurde.<\/li>\n\n\n\n<li><strong>Mission:<\/strong> Die National Gallery hat sich stets der Aufgabe verschrieben, Kunstwerke der \u00d6ffentlichkeit zug\u00e4nglich zu machen und Kunstgeschichte zu bewahren.<\/li>\n<\/ul>\n\n\n\n<p>Quelle:<br><a href=\"https:\/\/www.nationalgallery.org.uk\/about-us\/ng200-programme\">https:\/\/www.nationalgallery.org.uk\/about-us\/ng200-programme<\/a><br>Titel:<br><\/p>\n\n\n\n<p><a href=\"https:\/\/commons.wikimedia.org\/wiki\/File:National_Gallery_in_September_2011.jpg\">Wayland Smith<\/a>&nbsp;\/&nbsp;<em>National Gallery<\/em>&nbsp;\/&nbsp;<a href=\"https:\/\/creativecommons.org\/licenses\/by-sa\/2.0\/\">CC BY-SA 2.0<\/a><\/p>\n","protected":false},"excerpt":{"rendered":"<p>Im Jahr 2024 ab dem 10. Mai wird die Nationalgalerie ihr zweihundertj\u00e4hriges Bestehen mit einem ganzj\u00e4hrigen Festival feiern, das 200 Jahre ihrer Geschichte markiert und die B\u00fchne f\u00fcr ihre Zukunft bereitet. Die Feier, betitelt als NG200, wird eine vielf\u00e4ltige Palette von Veranstaltungen und Ausstellungen sowohl physisch in der Galerie als auch an verschiedenen Orten im [&hellip;]<\/p>\n","protected":false},"author":1,"featured_media":2668,"comment_status":"closed","ping_status":"closed","sticky":false,"template":"","format":"standard","meta":{"site-sidebar-layout":"default","site-content-layout":"","ast-site-content-layout":"default","site-content-style":"default","site-sidebar-style":"default","ast-global-header-display":"","ast-banner-title-visibility":"","ast-main-header-display":"","ast-hfb-above-header-display":"","ast-hfb-below-header-display":"","ast-hfb-mobile-header-display":"","site-post-title":"","ast-breadcrumbs-content":"","ast-featured-img":"","footer-sml-layout":"","ast-disable-related-posts":"","theme-transparent-header-meta":"","adv-header-id-meta":"","stick-header-meta":"","header-above-stick-meta":"","header-main-stick-meta":"","header-below-stick-meta":"","astra-migrate-meta-layouts":"set","ast-page-background-enabled":"default","ast-page-background-meta":{"desktop":{"background-color":"var(--ast-global-color-4)","background-image":"","background-repeat":"repeat","background-position":"center center","background-size":"auto","background-attachment":"scroll","background-type":"","background-media":"","overlay-type":"","overlay-color":"","overlay-opacity":"","overlay-gradient":""},"tablet":{"background-color":"","background-image":"","background-repeat":"repeat","background-position":"center center","background-size":"auto","background-attachment":"scroll","background-type":"","background-media":"","overlay-type":"","overlay-color":"","overlay-opacity":"","overlay-gradient":""},"mobile":{"background-color":"","background-image":"","background-repeat":"repeat","background-position":"center center","background-size":"auto","background-attachment":"scroll","background-type":"","background-media":"","overlay-type":"","overlay-color":"","overlay-opacity":"","overlay-gradient":""}},"ast-content-background-meta":{"desktop":{"background-color":"var(--ast-global-color-5)","background-image":"","background-repeat":"repeat","background-position":"center center","background-size":"auto","background-attachment":"scroll","background-type":"","background-media":"","overlay-type":"","overlay-color":"","overlay-opacity":"","overlay-gradient":""},"tablet":{"background-color":"var(--ast-global-color-5)","background-image":"","background-repeat":"repeat","background-position":"center center","background-size":"auto","background-attachment":"scroll","background-type":"","background-media":"","overlay-type":"","overlay-color":"","overlay-opacity":"","overlay-gradient":""},"mobile":{"background-color":"var(--ast-global-color-5)","background-image":"","background-repeat":"repeat","background-position":"center center","background-size":"auto","background-attachment":"scroll","background-type":"","background-media":"","overlay-type":"","overlay-color":"","overlay-opacity":"","overlay-gradient":""}},"episode_type":"","audio_file":"","podmotor_file_id":"","podmotor_episode_id":"","cover_image":"","cover_image_id":"","duration":"","filesize":"","filesize_raw":"","date_recorded":"","explicit":"","block":"","itunes_episode_number":"","itunes_title":"","itunes_season_number":"","itunes_episode_type":"","footnotes":""},"categories":[125,27],"tags":[306,148,200,204,17,307],"class_list":["post-2666","post","type-post","status-publish","format-standard","has-post-thumbnail","hentry","category-ausstellungen","category-museumsticker","tag-306","tag-eintritt-frei","tag-jubilaeum","tag-london","tag-museen","tag-national-gallery"],"yoast_head":"<!-- This site is optimized with the Yoast SEO plugin v27.5 - https:\/\/yoast.com\/product\/yoast-seo-wordpress\/ -->\n<title>Die Nationalgalerie in London wird 200 - Der Museumsblog<\/title>\n<meta name=\"robots\" content=\"index, follow, max-snippet:-1, max-image-preview:large, max-video-preview:-1\" \/>\n<link rel=\"canonical\" href=\"https:\/\/www.museum.de\/blog\/die-nationalgalerie-in-london-wird-200\/\" \/>\n<meta property=\"og:locale\" content=\"de_DE\" \/>\n<meta property=\"og:type\" content=\"article\" \/>\n<meta property=\"og:title\" content=\"Die Nationalgalerie in London wird 200 - Der Museumsblog\" \/>\n<meta property=\"og:description\" content=\"Im Jahr 2024 ab dem 10. Mai wird die Nationalgalerie ihr zweihundertj\u00e4hriges Bestehen mit einem ganzj\u00e4hrigen Festival feiern, das 200 Jahre ihrer Geschichte markiert und die B\u00fchne f\u00fcr ihre Zukunft bereitet. Die Feier, betitelt als NG200, wird eine vielf\u00e4ltige Palette von Veranstaltungen und Ausstellungen sowohl physisch in der Galerie als auch an verschiedenen Orten im [&hellip;]\" \/>\n<meta property=\"og:url\" content=\"https:\/\/www.museum.de\/blog\/die-nationalgalerie-in-london-wird-200\/\" \/>\n<meta property=\"og:site_name\" content=\"Der Museumsblog\" \/>\n<meta property=\"article:published_time\" content=\"2024-04-19T11:40:47+00:00\" \/>\n<meta property=\"article:modified_time\" content=\"2024-11-27T20:30:21+00:00\" \/>\n<meta property=\"og:image\" content=\"https:\/\/www.museum.de\/blog\/wp-content\/uploads\/2024\/04\/National_Gallery_in_September_2011.jpg\" \/>\n\t<meta property=\"og:image:width\" content=\"1200\" \/>\n\t<meta property=\"og:image:height\" content=\"938\" \/>\n\t<meta property=\"og:image:type\" content=\"image\/jpeg\" \/>\n<meta name=\"author\" content=\"Redaktion\" \/>\n<meta name=\"twitter:card\" content=\"summary_large_image\" \/>\n<script type=\"application\/ld+json\" class=\"yoast-schema-graph\">{\"@context\":\"https:\\\/\\\/schema.org\",\"@graph\":[{\"@type\":\"Article\",\"@id\":\"https:\\\/\\\/www.museum.de\\\/blog\\\/die-nationalgalerie-in-london-wird-200\\\/#article\",\"isPartOf\":{\"@id\":\"https:\\\/\\\/www.museum.de\\\/blog\\\/die-nationalgalerie-in-london-wird-200\\\/\"},\"author\":{\"name\":\"Redaktion\",\"@id\":\"https:\\\/\\\/www.museum.de\\\/blog\\\/#\\\/schema\\\/person\\\/c09a0aea9ac127965257ff6115957332\"},\"headline\":\"Die Nationalgalerie in London wird 200\",\"datePublished\":\"2024-04-19T11:40:47+00:00\",\"dateModified\":\"2024-11-27T20:30:21+00:00\",\"mainEntityOfPage\":{\"@id\":\"https:\\\/\\\/www.museum.de\\\/blog\\\/die-nationalgalerie-in-london-wird-200\\\/\"},\"wordCount\":407,\"publisher\":{\"@id\":\"https:\\\/\\\/www.museum.de\\\/blog\\\/#organization\"},\"image\":{\"@id\":\"https:\\\/\\\/www.museum.de\\\/blog\\\/die-nationalgalerie-in-london-wird-200\\\/#primaryimage\"},\"thumbnailUrl\":\"https:\\\/\\\/www.museum.de\\\/blog\\\/wp-content\\\/uploads\\\/2024\\\/04\\\/National_Gallery_in_September_2011.jpg\",\"keywords\":[\"200\",\"Eintritt frei\",\"Jubil\u00e4um\",\"London\",\"Museen\",\"National Gallery\"],\"articleSection\":[\"Ausstellungen\",\"Museumsticker\"],\"inLanguage\":\"de\"},{\"@type\":\"WebPage\",\"@id\":\"https:\\\/\\\/www.museum.de\\\/blog\\\/die-nationalgalerie-in-london-wird-200\\\/\",\"url\":\"https:\\\/\\\/www.museum.de\\\/blog\\\/die-nationalgalerie-in-london-wird-200\\\/\",\"name\":\"Die Nationalgalerie in London wird 200 - Der Museumsblog\",\"isPartOf\":{\"@id\":\"https:\\\/\\\/www.museum.de\\\/blog\\\/#website\"},\"primaryImageOfPage\":{\"@id\":\"https:\\\/\\\/www.museum.de\\\/blog\\\/die-nationalgalerie-in-london-wird-200\\\/#primaryimage\"},\"image\":{\"@id\":\"https:\\\/\\\/www.museum.de\\\/blog\\\/die-nationalgalerie-in-london-wird-200\\\/#primaryimage\"},\"thumbnailUrl\":\"https:\\\/\\\/www.museum.de\\\/blog\\\/wp-content\\\/uploads\\\/2024\\\/04\\\/National_Gallery_in_September_2011.jpg\",\"datePublished\":\"2024-04-19T11:40:47+00:00\",\"dateModified\":\"2024-11-27T20:30:21+00:00\",\"breadcrumb\":{\"@id\":\"https:\\\/\\\/www.museum.de\\\/blog\\\/die-nationalgalerie-in-london-wird-200\\\/#breadcrumb\"},\"inLanguage\":\"de\",\"potentialAction\":[{\"@type\":\"ReadAction\",\"target\":[\"https:\\\/\\\/www.museum.de\\\/blog\\\/die-nationalgalerie-in-london-wird-200\\\/\"]}]},{\"@type\":\"ImageObject\",\"inLanguage\":\"de\",\"@id\":\"https:\\\/\\\/www.museum.de\\\/blog\\\/die-nationalgalerie-in-london-wird-200\\\/#primaryimage\",\"url\":\"https:\\\/\\\/www.museum.de\\\/blog\\\/wp-content\\\/uploads\\\/2024\\\/04\\\/National_Gallery_in_September_2011.jpg\",\"contentUrl\":\"https:\\\/\\\/www.museum.de\\\/blog\\\/wp-content\\\/uploads\\\/2024\\\/04\\\/National_Gallery_in_September_2011.jpg\",\"width\":1200,\"height\":938,\"caption\":\"https:\\\/\\\/commons.wikimedia.org\\\/wiki\\\/File:National_Gallery_September_2011.jpg\"},{\"@type\":\"BreadcrumbList\",\"@id\":\"https:\\\/\\\/www.museum.de\\\/blog\\\/die-nationalgalerie-in-london-wird-200\\\/#breadcrumb\",\"itemListElement\":[{\"@type\":\"ListItem\",\"position\":1,\"name\":\"Startseite\",\"item\":\"https:\\\/\\\/www.museum.de\\\/blog\\\/\"},{\"@type\":\"ListItem\",\"position\":2,\"name\":\"Die Nationalgalerie in London wird 200\"}]},{\"@type\":\"WebSite\",\"@id\":\"https:\\\/\\\/www.museum.de\\\/blog\\\/#website\",\"url\":\"https:\\\/\\\/www.museum.de\\\/blog\\\/\",\"name\":\"Der Museumsblog\",\"description\":\"Der Blog\",\"publisher\":{\"@id\":\"https:\\\/\\\/www.museum.de\\\/blog\\\/#organization\"},\"alternateName\":\"museum.de - Der Museumsblog\",\"potentialAction\":[{\"@type\":\"SearchAction\",\"target\":{\"@type\":\"EntryPoint\",\"urlTemplate\":\"https:\\\/\\\/www.museum.de\\\/blog\\\/?s={search_term_string}\"},\"query-input\":{\"@type\":\"PropertyValueSpecification\",\"valueRequired\":true,\"valueName\":\"search_term_string\"}}],\"inLanguage\":\"de\"},{\"@type\":\"Organization\",\"@id\":\"https:\\\/\\\/www.museum.de\\\/blog\\\/#organization\",\"name\":\"Der Museumsblog\",\"url\":\"https:\\\/\\\/www.museum.de\\\/blog\\\/\",\"logo\":{\"@type\":\"ImageObject\",\"inLanguage\":\"de\",\"@id\":\"https:\\\/\\\/www.museum.de\\\/blog\\\/#\\\/schema\\\/logo\\\/image\\\/\",\"url\":\"https:\\\/\\\/www.museum.de\\\/blog\\\/wp-content\\\/uploads\\\/2019\\\/03\\\/cropped-Audioguide_Titelseite-1.jpg\",\"contentUrl\":\"https:\\\/\\\/www.museum.de\\\/blog\\\/wp-content\\\/uploads\\\/2019\\\/03\\\/cropped-Audioguide_Titelseite-1.jpg\",\"width\":512,\"height\":512,\"caption\":\"Der Museumsblog\"},\"image\":{\"@id\":\"https:\\\/\\\/www.museum.de\\\/blog\\\/#\\\/schema\\\/logo\\\/image\\\/\"}},{\"@type\":\"Person\",\"@id\":\"https:\\\/\\\/www.museum.de\\\/blog\\\/#\\\/schema\\\/person\\\/c09a0aea9ac127965257ff6115957332\",\"name\":\"Redaktion\",\"description\":\"Das Redaktionsteam von museum.de\",\"url\":\"https:\\\/\\\/www.museum.de\\\/blog\\\/author\\\/msupervisor\\\/\"}]}<\/script>\n<!-- \/ Yoast SEO plugin. -->","yoast_head_json":{"title":"Die Nationalgalerie in London wird 200 - Der Museumsblog","robots":{"index":"index","follow":"follow","max-snippet":"max-snippet:-1","max-image-preview":"max-image-preview:large","max-video-preview":"max-video-preview:-1"},"canonical":"https:\/\/www.museum.de\/blog\/die-nationalgalerie-in-london-wird-200\/","og_locale":"de_DE","og_type":"article","og_title":"Die Nationalgalerie in London wird 200 - Der Museumsblog","og_description":"Im Jahr 2024 ab dem 10. Mai wird die Nationalgalerie ihr zweihundertj\u00e4hriges Bestehen mit einem ganzj\u00e4hrigen Festival feiern, das 200 Jahre ihrer Geschichte markiert und die B\u00fchne f\u00fcr ihre Zukunft bereitet. Die Feier, betitelt als NG200, wird eine vielf\u00e4ltige Palette von Veranstaltungen und Ausstellungen sowohl physisch in der Galerie als auch an verschiedenen Orten im [&hellip;]","og_url":"https:\/\/www.museum.de\/blog\/die-nationalgalerie-in-london-wird-200\/","og_site_name":"Der Museumsblog","article_published_time":"2024-04-19T11:40:47+00:00","article_modified_time":"2024-11-27T20:30:21+00:00","og_image":[{"width":1200,"height":938,"url":"https:\/\/www.museum.de\/blog\/wp-content\/uploads\/2024\/04\/National_Gallery_in_September_2011.jpg","type":"image\/jpeg"}],"author":"Redaktion","twitter_card":"summary_large_image","schema":{"@context":"https:\/\/schema.org","@graph":[{"@type":"Article","@id":"https:\/\/www.museum.de\/blog\/die-nationalgalerie-in-london-wird-200\/#article","isPartOf":{"@id":"https:\/\/www.museum.de\/blog\/die-nationalgalerie-in-london-wird-200\/"},"author":{"name":"Redaktion","@id":"https:\/\/www.museum.de\/blog\/#\/schema\/person\/c09a0aea9ac127965257ff6115957332"},"headline":"Die Nationalgalerie in London wird 200","datePublished":"2024-04-19T11:40:47+00:00","dateModified":"2024-11-27T20:30:21+00:00","mainEntityOfPage":{"@id":"https:\/\/www.museum.de\/blog\/die-nationalgalerie-in-london-wird-200\/"},"wordCount":407,"publisher":{"@id":"https:\/\/www.museum.de\/blog\/#organization"},"image":{"@id":"https:\/\/www.museum.de\/blog\/die-nationalgalerie-in-london-wird-200\/#primaryimage"},"thumbnailUrl":"https:\/\/www.museum.de\/blog\/wp-content\/uploads\/2024\/04\/National_Gallery_in_September_2011.jpg","keywords":["200","Eintritt frei","Jubil\u00e4um","London","Museen","National Gallery"],"articleSection":["Ausstellungen","Museumsticker"],"inLanguage":"de"},{"@type":"WebPage","@id":"https:\/\/www.museum.de\/blog\/die-nationalgalerie-in-london-wird-200\/","url":"https:\/\/www.museum.de\/blog\/die-nationalgalerie-in-london-wird-200\/","name":"Die Nationalgalerie in London wird 200 - Der Museumsblog","isPartOf":{"@id":"https:\/\/www.museum.de\/blog\/#website"},"primaryImageOfPage":{"@id":"https:\/\/www.museum.de\/blog\/die-nationalgalerie-in-london-wird-200\/#primaryimage"},"image":{"@id":"https:\/\/www.museum.de\/blog\/die-nationalgalerie-in-london-wird-200\/#primaryimage"},"thumbnailUrl":"https:\/\/www.museum.de\/blog\/wp-content\/uploads\/2024\/04\/National_Gallery_in_September_2011.jpg","datePublished":"2024-04-19T11:40:47+00:00","dateModified":"2024-11-27T20:30:21+00:00","breadcrumb":{"@id":"https:\/\/www.museum.de\/blog\/die-nationalgalerie-in-london-wird-200\/#breadcrumb"},"inLanguage":"de","potentialAction":[{"@type":"ReadAction","target":["https:\/\/www.museum.de\/blog\/die-nationalgalerie-in-london-wird-200\/"]}]},{"@type":"ImageObject","inLanguage":"de","@id":"https:\/\/www.museum.de\/blog\/die-nationalgalerie-in-london-wird-200\/#primaryimage","url":"https:\/\/www.museum.de\/blog\/wp-content\/uploads\/2024\/04\/National_Gallery_in_September_2011.jpg","contentUrl":"https:\/\/www.museum.de\/blog\/wp-content\/uploads\/2024\/04\/National_Gallery_in_September_2011.jpg","width":1200,"height":938,"caption":"https:\/\/commons.wikimedia.org\/wiki\/File:National_Gallery_September_2011.jpg"},{"@type":"BreadcrumbList","@id":"https:\/\/www.museum.de\/blog\/die-nationalgalerie-in-london-wird-200\/#breadcrumb","itemListElement":[{"@type":"ListItem","position":1,"name":"Startseite","item":"https:\/\/www.museum.de\/blog\/"},{"@type":"ListItem","position":2,"name":"Die Nationalgalerie in London wird 200"}]},{"@type":"WebSite","@id":"https:\/\/www.museum.de\/blog\/#website","url":"https:\/\/www.museum.de\/blog\/","name":"Der Museumsblog","description":"Der Blog","publisher":{"@id":"https:\/\/www.museum.de\/blog\/#organization"},"alternateName":"museum.de - Der Museumsblog","potentialAction":[{"@type":"SearchAction","target":{"@type":"EntryPoint","urlTemplate":"https:\/\/www.museum.de\/blog\/?s={search_term_string}"},"query-input":{"@type":"PropertyValueSpecification","valueRequired":true,"valueName":"search_term_string"}}],"inLanguage":"de"},{"@type":"Organization","@id":"https:\/\/www.museum.de\/blog\/#organization","name":"Der Museumsblog","url":"https:\/\/www.museum.de\/blog\/","logo":{"@type":"ImageObject","inLanguage":"de","@id":"https:\/\/www.museum.de\/blog\/#\/schema\/logo\/image\/","url":"https:\/\/www.museum.de\/blog\/wp-content\/uploads\/2019\/03\/cropped-Audioguide_Titelseite-1.jpg","contentUrl":"https:\/\/www.museum.de\/blog\/wp-content\/uploads\/2019\/03\/cropped-Audioguide_Titelseite-1.jpg","width":512,"height":512,"caption":"Der Museumsblog"},"image":{"@id":"https:\/\/www.museum.de\/blog\/#\/schema\/logo\/image\/"}},{"@type":"Person","@id":"https:\/\/www.museum.de\/blog\/#\/schema\/person\/c09a0aea9ac127965257ff6115957332","name":"Redaktion","description":"Das Redaktionsteam von museum.de","url":"https:\/\/www.museum.de\/blog\/author\/msupervisor\/"}]}},"_links":{"self":[{"href":"https:\/\/www.museum.de\/blog\/wp-json\/wp\/v2\/posts\/2666","targetHints":{"allow":["GET"]}}],"collection":[{"href":"https:\/\/www.museum.de\/blog\/wp-json\/wp\/v2\/posts"}],"about":[{"href":"https:\/\/www.museum.de\/blog\/wp-json\/wp\/v2\/types\/post"}],"author":[{"embeddable":true,"href":"https:\/\/www.museum.de\/blog\/wp-json\/wp\/v2\/users\/1"}],"replies":[{"embeddable":true,"href":"https:\/\/www.museum.de\/blog\/wp-json\/wp\/v2\/comments?post=2666"}],"version-history":[{"count":3,"href":"https:\/\/www.museum.de\/blog\/wp-json\/wp\/v2\/posts\/2666\/revisions"}],"predecessor-version":[{"id":3168,"href":"https:\/\/www.museum.de\/blog\/wp-json\/wp\/v2\/posts\/2666\/revisions\/3168"}],"wp:featuredmedia":[{"embeddable":true,"href":"https:\/\/www.museum.de\/blog\/wp-json\/wp\/v2\/media\/2668"}],"wp:attachment":[{"href":"https:\/\/www.museum.de\/blog\/wp-json\/wp\/v2\/media?parent=2666"}],"wp:term":[{"taxonomy":"category","embeddable":true,"href":"https:\/\/www.museum.de\/blog\/wp-json\/wp\/v2\/categories?post=2666"},{"taxonomy":"post_tag","embeddable":true,"href":"https:\/\/www.museum.de\/blog\/wp-json\/wp\/v2\/tags?post=2666"}],"curies":[{"name":"wp","href":"https:\/\/api.w.org\/{rel}","templated":true}]}}