{"id":2748,"date":"2024-05-29T07:48:17","date_gmt":"2024-05-29T07:48:17","guid":{"rendered":"https:\/\/www.museum.de\/blog\/?p=2748"},"modified":"2024-05-29T07:58:28","modified_gmt":"2024-05-29T07:58:28","slug":"lange-nacht-der-museen-im-juni-2024","status":"publish","type":"post","link":"https:\/\/www.museum.de\/blog\/lange-nacht-der-museen-im-juni-2024\/","title":{"rendered":"Lange Nacht der Museen im Juni 2024"},"content":{"rendered":"\n<div class=\"wp-block-cover\"><span aria-hidden=\"true\" class=\"wp-block-cover__background has-background-dim\" style=\"background-color:#574b3d\"><\/span><img decoding=\"async\" width=\"1600\" height=\"914\" loading=\"lazy\" class=\"wp-block-cover__image-background wp-image-2371\" alt=\"a museums exhibition with scetches from leonardo da vinci in a big hall and one female vistor sitting in front on a red sofa. the room ceiling is dark with some spot lights.\" src=\"https:\/\/www.museum.de\/blog\/wp-content\/uploads\/2023\/11\/02019f2e51b1119c08af54ede447c280.png\" data-object-fit=\"cover\" srcset=\"https:\/\/www.museum.de\/blog\/wp-content\/uploads\/2023\/11\/02019f2e51b1119c08af54ede447c280.png 1600w, https:\/\/www.museum.de\/blog\/wp-content\/uploads\/2023\/11\/02019f2e51b1119c08af54ede447c280-300x171.png 300w, https:\/\/www.museum.de\/blog\/wp-content\/uploads\/2023\/11\/02019f2e51b1119c08af54ede447c280-1248x713.png 1248w, https:\/\/www.museum.de\/blog\/wp-content\/uploads\/2023\/11\/02019f2e51b1119c08af54ede447c280-768x439.png 768w, https:\/\/www.museum.de\/blog\/wp-content\/uploads\/2023\/11\/02019f2e51b1119c08af54ede447c280-1536x878.png 1536w\" sizes=\"auto, (max-width: 1600px) 100vw, 1600px\" \/><div class=\"wp-block-cover__inner-container is-layout-constrained wp-block-cover-is-layout-constrained\">\n<h1 class=\"wp-block-heading has-text-align-center has-x-large-font-size\">Lange Nacht der Museen im Juni 2024<\/h1>\n<\/div><\/div>\n\n\n\n<div style=\"height:100px\" aria-hidden=\"true\" class=\"wp-block-spacer\"><\/div>\n\n\n\n<p>Weiter geht es mit den langen N\u00e4chten im Juni. Gallerien, Museen und viele Kultureinrichtungen pr\u00e4sentieren sich den interessierten Besuchern in der Langen Nacht der Museen. Mit nur einem Ticket erhalten Sie Zugang zu allen teilnehmenden Einrichtungen und k\u00f6nnen zudem alle \u00f6ffentlichen Verkehrsmittel und Shuttle-Services nutzen. Ergreifen Sie diese Gelegenheit, um die neuesten Ausstellungen zu erkunden, Kuratoren kennenzulernen und hinter die Kulissen der Museumsarbeit zu schauen. Ob zeitgen\u00f6ssische Kunst, historische Sammlungen oder interaktive Wissenschaftsausstellungen \u2013 die Lange Nacht der Museen bietet f\u00fcr jeden Geschmack etwas. Auch ist dieser Juni wieder vollgepackt mit Museumsn\u00e4chten in unserem Land.<\/p>\n\n\n\n<p><strong>8. Juni \u2013 Dresden<\/strong>, <a href=\"https:\/\/museumsnacht.dresden.de\/de\/\">Museumsnacht<\/a><br>Am Sonnabend, den 8. Juni 2024 laden 45 Museen und Ausstellungsr\u00e4ume zur MUSEUMSNACHT DRESDEN ein. Von 18 Uhr bis Mitternacht \u00f6ffnen sie ihre T\u00fcren f\u00fcr ein ganz besonderes Programm<\/p>\n\n\n\n<p><strong>17. Juni&nbsp; \u2013 Hannover<\/strong>, <a href=\"https:\/\/www.hannover.de\/Veranstaltungskalender\/Ausstellungen\/Nacht-der-Museen-2023\">Nacht <\/a><a href=\"https:\/\/www.hannover.de\/Veranstaltungskalender\/Ausstellungen\/Andere-Ausstellungsh%C3%A4user\/Nacht-der-Museen-2024\" target=\"_blank\" rel=\"noreferrer noopener\">der<\/a><a href=\"https:\/\/www.hannover.de\/Veranstaltungskalender\/Ausstellungen\/Nacht-der-Museen-2023\"> Museen<\/a><br>Am Samstag, dem 8. Juni, wird in Hannovers Museen wieder die Nacht zum Tag.&nbsp; Die Nacht der Museen startet um 18 Uhr und bietet bis 23:30 Uhr eine&nbsp;spannende Entdeckungstour durch die zahlreichen Ausstellungsh\u00e4user der Stadt. Besucher haben dann&nbsp;die Gelegenheit, Ausstellungen, Sammlungen und Installationen in Augenschein zu nehmen.<\/p>\n\n\n\n<p><strong>22. Juni&nbsp; \u2013 Bonn<\/strong>, <a href=\"https:\/\/www.museumsmeilebonn.de\/#museumsmeilenfest\" target=\"_blank\" rel=\"noreferrer noopener\">Museumsmeilenfest<\/a><br>Das Museumsmeilenfest 2024 findet am 22. und 23. Juni statt. Die f\u00fcnf H\u00e4user der Museumsmeile laden dann wieder zu einem gro\u00dfen Fest bei freiem Eintritt mit Musik, Theater, Workshops und vielen Mitmachangeboten f\u00fcr die ganze Familie rund um die aktuellen Ausstellungen ein. Seien Sie gespannt auf das Programm 2024!<\/p>\n\n\n\n<p><strong>22. Juni \u2013 Remstal <\/strong><a href=\"https:\/\/remstal.de\/events\/remstal-museumsnacht\">Museumsnacht 2024<\/a><br>Am Samstag, 22. Juni 2024 findet erneut die Remstal Museumsnacht statt. Von 18 bis 24 Uhr \u00f6ffnen nachfolgende Einrichtungen im Remstal ihre T\u00fcren bei freiem Eintritt f\u00fcr einen unvergesslichen Museumsbesuch. Mit dabei sind nicht nur Museen, Galerien und Ausstellungsh\u00e4user sondern auch Weing\u00fcter, Hotels und Restaurants. Zus\u00e4tzlich flankieren F\u00fchrungsangebote und andere Aktionen den Abend.<\/p>\n\n\n\n<p><strong>22.&nbsp;Juni &nbsp;\u2013 Donaueschingen<\/strong>,&nbsp;<a href=\"https:\/\/www.donaueschingen.de\/highlights\/MusemsNacht-Donaueschingen\">MuseumsNacht<\/a><br>Die MuseumsNacht ist eine Kunst-Offensive der Donaueschinger Museen und Galerien mit OpenAir Programm. Die Donauquellstadt schlie\u00dft sich damit einem Trend der Kunsthallen aus den Metropolen an, die immer mehr ihre T\u00fcren zu langen N\u00e4chten \u00f6ffnen. Denn die hiesigen Museen und Galerien bilden \u2013 wenn auch im kleineren Format \u2013 die ganze Vielfalt ab, was Kunstbetriebe in den Gro\u00dfst\u00e4dten zu bieten haben: von der historisch gewachsenen naturkundlichen Sammlung, bei der die Idee des Lernens im Fokus steht; \u00fcber den Ort das Abenteuer \u201eWissenschaft\u201c spielerisch und experimentierend zu erfahren; bis hin zum Kunsthaus, in dem Zeitgen\u00f6ssische Kunst durch erfahrene Kuratoren pr\u00e4sentiert wird.<\/p>\n","protected":false},"excerpt":{"rendered":"<p>Weiter geht es mit den langen N\u00e4chten im Juni. Gallerien, Museen und viele Kultureinrichtungen pr\u00e4sentieren sich den interessierten Besuchern in der Langen Nacht der Museen. Mit nur einem Ticket erhalten Sie Zugang zu allen teilnehmenden Einrichtungen und k\u00f6nnen zudem alle \u00f6ffentlichen Verkehrsmittel und Shuttle-Services nutzen. Ergreifen Sie diese Gelegenheit, um die neuesten Ausstellungen zu erkunden, [&hellip;]<\/p>\n","protected":false},"author":1,"featured_media":2371,"comment_status":"closed","ping_status":"closed","sticky":false,"template":"","format":"standard","meta":{"site-sidebar-layout":"default","site-content-layout":"","ast-site-content-layout":"default","site-content-style":"default","site-sidebar-style":"default","ast-global-header-display":"","ast-banner-title-visibility":"","ast-main-header-display":"","ast-hfb-above-header-display":"","ast-hfb-below-header-display":"","ast-hfb-mobile-header-display":"","site-post-title":"disabled","ast-breadcrumbs-content":"","ast-featured-img":"disabled","footer-sml-layout":"","ast-disable-related-posts":"","theme-transparent-header-meta":"","adv-header-id-meta":"","stick-header-meta":"","header-above-stick-meta":"","header-main-stick-meta":"","header-below-stick-meta":"","astra-migrate-meta-layouts":"set","ast-page-background-enabled":"default","ast-page-background-meta":{"desktop":{"background-color":"var(--ast-global-color-4)","background-image":"","background-repeat":"repeat","background-position":"center center","background-size":"auto","background-attachment":"scroll","background-type":"","background-media":"","overlay-type":"","overlay-color":"","overlay-opacity":"","overlay-gradient":""},"tablet":{"background-color":"","background-image":"","background-repeat":"repeat","background-position":"center center","background-size":"auto","background-attachment":"scroll","background-type":"","background-media":"","overlay-type":"","overlay-color":"","overlay-opacity":"","overlay-gradient":""},"mobile":{"background-color":"","background-image":"","background-repeat":"repeat","background-position":"center center","background-size":"auto","background-attachment":"scroll","background-type":"","background-media":"","overlay-type":"","overlay-color":"","overlay-opacity":"","overlay-gradient":""}},"ast-content-background-meta":{"desktop":{"background-color":"var(--ast-global-color-5)","background-image":"","background-repeat":"repeat","background-position":"center center","background-size":"auto","background-attachment":"scroll","background-type":"","background-media":"","overlay-type":"","overlay-color":"","overlay-opacity":"","overlay-gradient":""},"tablet":{"background-color":"var(--ast-global-color-5)","background-image":"","background-repeat":"repeat","background-position":"center center","background-size":"auto","background-attachment":"scroll","background-type":"","background-media":"","overlay-type":"","overlay-color":"","overlay-opacity":"","overlay-gradient":""},"mobile":{"background-color":"var(--ast-global-color-5)","background-image":"","background-repeat":"repeat","background-position":"center center","background-size":"auto","background-attachment":"scroll","background-type":"","background-media":"","overlay-type":"","overlay-color":"","overlay-opacity":"","overlay-gradient":""}},"episode_type":"","audio_file":"","podmotor_file_id":"","podmotor_episode_id":"","cover_image":"","cover_image_id":"","duration":"","filesize":"","filesize_raw":"","date_recorded":"","explicit":"","block":"","itunes_episode_number":"","itunes_title":"","itunes_season_number":"","itunes_episode_type":"","footnotes":""},"categories":[171],"tags":[39,124],"class_list":["post-2748","post","type-post","status-publish","format-standard","has-post-thumbnail","hentry","category-lange-museumsnacht","tag-lange-nacht","tag-museumstipps"],"yoast_head":"<!-- This site is optimized with the Yoast SEO plugin v27.5 - https:\/\/yoast.com\/product\/yoast-seo-wordpress\/ -->\n<title>Lange Nacht der Museen im Juni 2024 - Der Museumsblog<\/title>\n<meta name=\"robots\" content=\"index, follow, max-snippet:-1, max-image-preview:large, max-video-preview:-1\" \/>\n<link rel=\"canonical\" href=\"https:\/\/www.museum.de\/blog\/lange-nacht-der-museen-im-juni-2024\/\" \/>\n<meta property=\"og:locale\" content=\"de_DE\" \/>\n<meta property=\"og:type\" content=\"article\" \/>\n<meta property=\"og:title\" content=\"Lange Nacht der Museen im Juni 2024 - Der Museumsblog\" \/>\n<meta property=\"og:description\" content=\"Weiter geht es mit den langen N\u00e4chten im Juni. Gallerien, Museen und viele Kultureinrichtungen pr\u00e4sentieren sich den interessierten Besuchern in der Langen Nacht der Museen. Mit nur einem Ticket erhalten Sie Zugang zu allen teilnehmenden Einrichtungen und k\u00f6nnen zudem alle \u00f6ffentlichen Verkehrsmittel und Shuttle-Services nutzen. Ergreifen Sie diese Gelegenheit, um die neuesten Ausstellungen zu erkunden, [&hellip;]\" \/>\n<meta property=\"og:url\" content=\"https:\/\/www.museum.de\/blog\/lange-nacht-der-museen-im-juni-2024\/\" \/>\n<meta property=\"og:site_name\" content=\"Der Museumsblog\" \/>\n<meta property=\"article:published_time\" content=\"2024-05-29T07:48:17+00:00\" \/>\n<meta property=\"article:modified_time\" content=\"2024-05-29T07:58:28+00:00\" \/>\n<meta property=\"og:image\" content=\"https:\/\/www.museum.de\/blog\/wp-content\/uploads\/2023\/11\/02019f2e51b1119c08af54ede447c280-1248x713.png\" \/>\n\t<meta property=\"og:image:width\" content=\"1248\" \/>\n\t<meta property=\"og:image:height\" content=\"713\" \/>\n\t<meta property=\"og:image:type\" content=\"image\/png\" \/>\n<meta name=\"author\" content=\"Redaktion\" \/>\n<meta name=\"twitter:card\" content=\"summary_large_image\" \/>\n<script type=\"application\/ld+json\" class=\"yoast-schema-graph\">{\"@context\":\"https:\\\/\\\/schema.org\",\"@graph\":[{\"@type\":\"Article\",\"@id\":\"https:\\\/\\\/www.museum.de\\\/blog\\\/lange-nacht-der-museen-im-juni-2024\\\/#article\",\"isPartOf\":{\"@id\":\"https:\\\/\\\/www.museum.de\\\/blog\\\/lange-nacht-der-museen-im-juni-2024\\\/\"},\"author\":{\"name\":\"Redaktion\",\"@id\":\"https:\\\/\\\/www.museum.de\\\/blog\\\/#\\\/schema\\\/person\\\/c09a0aea9ac127965257ff6115957332\"},\"headline\":\"Lange Nacht der Museen im Juni 2024\",\"datePublished\":\"2024-05-29T07:48:17+00:00\",\"dateModified\":\"2024-05-29T07:58:28+00:00\",\"mainEntityOfPage\":{\"@id\":\"https:\\\/\\\/www.museum.de\\\/blog\\\/lange-nacht-der-museen-im-juni-2024\\\/\"},\"wordCount\":421,\"publisher\":{\"@id\":\"https:\\\/\\\/www.museum.de\\\/blog\\\/#organization\"},\"image\":{\"@id\":\"https:\\\/\\\/www.museum.de\\\/blog\\\/lange-nacht-der-museen-im-juni-2024\\\/#primaryimage\"},\"thumbnailUrl\":\"https:\\\/\\\/www.museum.de\\\/blog\\\/wp-content\\\/uploads\\\/2023\\\/11\\\/02019f2e51b1119c08af54ede447c280.png\",\"keywords\":[\"Lange Nacht\",\"Museumstipps\"],\"articleSection\":[\"Lange Museumsnacht\"],\"inLanguage\":\"de\"},{\"@type\":\"WebPage\",\"@id\":\"https:\\\/\\\/www.museum.de\\\/blog\\\/lange-nacht-der-museen-im-juni-2024\\\/\",\"url\":\"https:\\\/\\\/www.museum.de\\\/blog\\\/lange-nacht-der-museen-im-juni-2024\\\/\",\"name\":\"Lange Nacht der Museen im Juni 2024 - Der Museumsblog\",\"isPartOf\":{\"@id\":\"https:\\\/\\\/www.museum.de\\\/blog\\\/#website\"},\"primaryImageOfPage\":{\"@id\":\"https:\\\/\\\/www.museum.de\\\/blog\\\/lange-nacht-der-museen-im-juni-2024\\\/#primaryimage\"},\"image\":{\"@id\":\"https:\\\/\\\/www.museum.de\\\/blog\\\/lange-nacht-der-museen-im-juni-2024\\\/#primaryimage\"},\"thumbnailUrl\":\"https:\\\/\\\/www.museum.de\\\/blog\\\/wp-content\\\/uploads\\\/2023\\\/11\\\/02019f2e51b1119c08af54ede447c280.png\",\"datePublished\":\"2024-05-29T07:48:17+00:00\",\"dateModified\":\"2024-05-29T07:58:28+00:00\",\"breadcrumb\":{\"@id\":\"https:\\\/\\\/www.museum.de\\\/blog\\\/lange-nacht-der-museen-im-juni-2024\\\/#breadcrumb\"},\"inLanguage\":\"de\",\"potentialAction\":[{\"@type\":\"ReadAction\",\"target\":[\"https:\\\/\\\/www.museum.de\\\/blog\\\/lange-nacht-der-museen-im-juni-2024\\\/\"]}]},{\"@type\":\"ImageObject\",\"inLanguage\":\"de\",\"@id\":\"https:\\\/\\\/www.museum.de\\\/blog\\\/lange-nacht-der-museen-im-juni-2024\\\/#primaryimage\",\"url\":\"https:\\\/\\\/www.museum.de\\\/blog\\\/wp-content\\\/uploads\\\/2023\\\/11\\\/02019f2e51b1119c08af54ede447c280.png\",\"contentUrl\":\"https:\\\/\\\/www.museum.de\\\/blog\\\/wp-content\\\/uploads\\\/2023\\\/11\\\/02019f2e51b1119c08af54ede447c280.png\",\"width\":1600,\"height\":914,\"caption\":\"a museums exhibition with scetches from leonardo da vinci in a big hall and one female vistor sitting in front on a red sofa. the room ceiling is dark with some spot lights.\"},{\"@type\":\"BreadcrumbList\",\"@id\":\"https:\\\/\\\/www.museum.de\\\/blog\\\/lange-nacht-der-museen-im-juni-2024\\\/#breadcrumb\",\"itemListElement\":[{\"@type\":\"ListItem\",\"position\":1,\"name\":\"Startseite\",\"item\":\"https:\\\/\\\/www.museum.de\\\/blog\\\/\"},{\"@type\":\"ListItem\",\"position\":2,\"name\":\"Lange Nacht der Museen im Juni 2024\"}]},{\"@type\":\"WebSite\",\"@id\":\"https:\\\/\\\/www.museum.de\\\/blog\\\/#website\",\"url\":\"https:\\\/\\\/www.museum.de\\\/blog\\\/\",\"name\":\"Der Museumsblog\",\"description\":\"Der Blog\",\"publisher\":{\"@id\":\"https:\\\/\\\/www.museum.de\\\/blog\\\/#organization\"},\"alternateName\":\"museum.de - Der Museumsblog\",\"potentialAction\":[{\"@type\":\"SearchAction\",\"target\":{\"@type\":\"EntryPoint\",\"urlTemplate\":\"https:\\\/\\\/www.museum.de\\\/blog\\\/?s={search_term_string}\"},\"query-input\":{\"@type\":\"PropertyValueSpecification\",\"valueRequired\":true,\"valueName\":\"search_term_string\"}}],\"inLanguage\":\"de\"},{\"@type\":\"Organization\",\"@id\":\"https:\\\/\\\/www.museum.de\\\/blog\\\/#organization\",\"name\":\"Der Museumsblog\",\"url\":\"https:\\\/\\\/www.museum.de\\\/blog\\\/\",\"logo\":{\"@type\":\"ImageObject\",\"inLanguage\":\"de\",\"@id\":\"https:\\\/\\\/www.museum.de\\\/blog\\\/#\\\/schema\\\/logo\\\/image\\\/\",\"url\":\"https:\\\/\\\/www.museum.de\\\/blog\\\/wp-content\\\/uploads\\\/2019\\\/03\\\/cropped-Audioguide_Titelseite-1.jpg\",\"contentUrl\":\"https:\\\/\\\/www.museum.de\\\/blog\\\/wp-content\\\/uploads\\\/2019\\\/03\\\/cropped-Audioguide_Titelseite-1.jpg\",\"width\":512,\"height\":512,\"caption\":\"Der Museumsblog\"},\"image\":{\"@id\":\"https:\\\/\\\/www.museum.de\\\/blog\\\/#\\\/schema\\\/logo\\\/image\\\/\"}},{\"@type\":\"Person\",\"@id\":\"https:\\\/\\\/www.museum.de\\\/blog\\\/#\\\/schema\\\/person\\\/c09a0aea9ac127965257ff6115957332\",\"name\":\"Redaktion\",\"description\":\"Das Redaktionsteam von museum.de\",\"url\":\"https:\\\/\\\/www.museum.de\\\/blog\\\/author\\\/msupervisor\\\/\"}]}<\/script>\n<!-- \/ Yoast SEO plugin. -->","yoast_head_json":{"title":"Lange Nacht der Museen im Juni 2024 - Der Museumsblog","robots":{"index":"index","follow":"follow","max-snippet":"max-snippet:-1","max-image-preview":"max-image-preview:large","max-video-preview":"max-video-preview:-1"},"canonical":"https:\/\/www.museum.de\/blog\/lange-nacht-der-museen-im-juni-2024\/","og_locale":"de_DE","og_type":"article","og_title":"Lange Nacht der Museen im Juni 2024 - Der Museumsblog","og_description":"Weiter geht es mit den langen N\u00e4chten im Juni. Gallerien, Museen und viele Kultureinrichtungen pr\u00e4sentieren sich den interessierten Besuchern in der Langen Nacht der Museen. Mit nur einem Ticket erhalten Sie Zugang zu allen teilnehmenden Einrichtungen und k\u00f6nnen zudem alle \u00f6ffentlichen Verkehrsmittel und Shuttle-Services nutzen. Ergreifen Sie diese Gelegenheit, um die neuesten Ausstellungen zu erkunden, [&hellip;]","og_url":"https:\/\/www.museum.de\/blog\/lange-nacht-der-museen-im-juni-2024\/","og_site_name":"Der Museumsblog","article_published_time":"2024-05-29T07:48:17+00:00","article_modified_time":"2024-05-29T07:58:28+00:00","og_image":[{"width":1248,"height":713,"url":"https:\/\/www.museum.de\/blog\/wp-content\/uploads\/2023\/11\/02019f2e51b1119c08af54ede447c280-1248x713.png","type":"image\/png"}],"author":"Redaktion","twitter_card":"summary_large_image","schema":{"@context":"https:\/\/schema.org","@graph":[{"@type":"Article","@id":"https:\/\/www.museum.de\/blog\/lange-nacht-der-museen-im-juni-2024\/#article","isPartOf":{"@id":"https:\/\/www.museum.de\/blog\/lange-nacht-der-museen-im-juni-2024\/"},"author":{"name":"Redaktion","@id":"https:\/\/www.museum.de\/blog\/#\/schema\/person\/c09a0aea9ac127965257ff6115957332"},"headline":"Lange Nacht der Museen im Juni 2024","datePublished":"2024-05-29T07:48:17+00:00","dateModified":"2024-05-29T07:58:28+00:00","mainEntityOfPage":{"@id":"https:\/\/www.museum.de\/blog\/lange-nacht-der-museen-im-juni-2024\/"},"wordCount":421,"publisher":{"@id":"https:\/\/www.museum.de\/blog\/#organization"},"image":{"@id":"https:\/\/www.museum.de\/blog\/lange-nacht-der-museen-im-juni-2024\/#primaryimage"},"thumbnailUrl":"https:\/\/www.museum.de\/blog\/wp-content\/uploads\/2023\/11\/02019f2e51b1119c08af54ede447c280.png","keywords":["Lange Nacht","Museumstipps"],"articleSection":["Lange Museumsnacht"],"inLanguage":"de"},{"@type":"WebPage","@id":"https:\/\/www.museum.de\/blog\/lange-nacht-der-museen-im-juni-2024\/","url":"https:\/\/www.museum.de\/blog\/lange-nacht-der-museen-im-juni-2024\/","name":"Lange Nacht der Museen im Juni 2024 - Der Museumsblog","isPartOf":{"@id":"https:\/\/www.museum.de\/blog\/#website"},"primaryImageOfPage":{"@id":"https:\/\/www.museum.de\/blog\/lange-nacht-der-museen-im-juni-2024\/#primaryimage"},"image":{"@id":"https:\/\/www.museum.de\/blog\/lange-nacht-der-museen-im-juni-2024\/#primaryimage"},"thumbnailUrl":"https:\/\/www.museum.de\/blog\/wp-content\/uploads\/2023\/11\/02019f2e51b1119c08af54ede447c280.png","datePublished":"2024-05-29T07:48:17+00:00","dateModified":"2024-05-29T07:58:28+00:00","breadcrumb":{"@id":"https:\/\/www.museum.de\/blog\/lange-nacht-der-museen-im-juni-2024\/#breadcrumb"},"inLanguage":"de","potentialAction":[{"@type":"ReadAction","target":["https:\/\/www.museum.de\/blog\/lange-nacht-der-museen-im-juni-2024\/"]}]},{"@type":"ImageObject","inLanguage":"de","@id":"https:\/\/www.museum.de\/blog\/lange-nacht-der-museen-im-juni-2024\/#primaryimage","url":"https:\/\/www.museum.de\/blog\/wp-content\/uploads\/2023\/11\/02019f2e51b1119c08af54ede447c280.png","contentUrl":"https:\/\/www.museum.de\/blog\/wp-content\/uploads\/2023\/11\/02019f2e51b1119c08af54ede447c280.png","width":1600,"height":914,"caption":"a museums exhibition with scetches from leonardo da vinci in a big hall and one female vistor sitting in front on a red sofa. the room ceiling is dark with some spot lights."},{"@type":"BreadcrumbList","@id":"https:\/\/www.museum.de\/blog\/lange-nacht-der-museen-im-juni-2024\/#breadcrumb","itemListElement":[{"@type":"ListItem","position":1,"name":"Startseite","item":"https:\/\/www.museum.de\/blog\/"},{"@type":"ListItem","position":2,"name":"Lange Nacht der Museen im Juni 2024"}]},{"@type":"WebSite","@id":"https:\/\/www.museum.de\/blog\/#website","url":"https:\/\/www.museum.de\/blog\/","name":"Der Museumsblog","description":"Der Blog","publisher":{"@id":"https:\/\/www.museum.de\/blog\/#organization"},"alternateName":"museum.de - Der Museumsblog","potentialAction":[{"@type":"SearchAction","target":{"@type":"EntryPoint","urlTemplate":"https:\/\/www.museum.de\/blog\/?s={search_term_string}"},"query-input":{"@type":"PropertyValueSpecification","valueRequired":true,"valueName":"search_term_string"}}],"inLanguage":"de"},{"@type":"Organization","@id":"https:\/\/www.museum.de\/blog\/#organization","name":"Der Museumsblog","url":"https:\/\/www.museum.de\/blog\/","logo":{"@type":"ImageObject","inLanguage":"de","@id":"https:\/\/www.museum.de\/blog\/#\/schema\/logo\/image\/","url":"https:\/\/www.museum.de\/blog\/wp-content\/uploads\/2019\/03\/cropped-Audioguide_Titelseite-1.jpg","contentUrl":"https:\/\/www.museum.de\/blog\/wp-content\/uploads\/2019\/03\/cropped-Audioguide_Titelseite-1.jpg","width":512,"height":512,"caption":"Der Museumsblog"},"image":{"@id":"https:\/\/www.museum.de\/blog\/#\/schema\/logo\/image\/"}},{"@type":"Person","@id":"https:\/\/www.museum.de\/blog\/#\/schema\/person\/c09a0aea9ac127965257ff6115957332","name":"Redaktion","description":"Das Redaktionsteam von museum.de","url":"https:\/\/www.museum.de\/blog\/author\/msupervisor\/"}]}},"_links":{"self":[{"href":"https:\/\/www.museum.de\/blog\/wp-json\/wp\/v2\/posts\/2748","targetHints":{"allow":["GET"]}}],"collection":[{"href":"https:\/\/www.museum.de\/blog\/wp-json\/wp\/v2\/posts"}],"about":[{"href":"https:\/\/www.museum.de\/blog\/wp-json\/wp\/v2\/types\/post"}],"author":[{"embeddable":true,"href":"https:\/\/www.museum.de\/blog\/wp-json\/wp\/v2\/users\/1"}],"replies":[{"embeddable":true,"href":"https:\/\/www.museum.de\/blog\/wp-json\/wp\/v2\/comments?post=2748"}],"version-history":[{"count":3,"href":"https:\/\/www.museum.de\/blog\/wp-json\/wp\/v2\/posts\/2748\/revisions"}],"predecessor-version":[{"id":2757,"href":"https:\/\/www.museum.de\/blog\/wp-json\/wp\/v2\/posts\/2748\/revisions\/2757"}],"wp:featuredmedia":[{"embeddable":true,"href":"https:\/\/www.museum.de\/blog\/wp-json\/wp\/v2\/media\/2371"}],"wp:attachment":[{"href":"https:\/\/www.museum.de\/blog\/wp-json\/wp\/v2\/media?parent=2748"}],"wp:term":[{"taxonomy":"category","embeddable":true,"href":"https:\/\/www.museum.de\/blog\/wp-json\/wp\/v2\/categories?post=2748"},{"taxonomy":"post_tag","embeddable":true,"href":"https:\/\/www.museum.de\/blog\/wp-json\/wp\/v2\/tags?post=2748"}],"curies":[{"name":"wp","href":"https:\/\/api.w.org\/{rel}","templated":true}]}}