{"id":2836,"date":"2024-06-01T10:29:00","date_gmt":"2024-06-01T10:29:00","guid":{"rendered":"https:\/\/www.museum.de\/blog\/?p=2836"},"modified":"2024-08-14T09:07:00","modified_gmt":"2024-08-14T09:07:00","slug":"comics-auf-allen-etagen-eine-umfassende-feier-im-centre-pompidou","status":"publish","type":"post","link":"https:\/\/www.museum.de\/blog\/comics-auf-allen-etagen-eine-umfassende-feier-im-centre-pompidou\/","title":{"rendered":"Comics auf allen Etagen: Eine umfassende Feier im Centre Pompidou"},"content":{"rendered":"\n<div class=\"wp-block-cover is-light\"><span aria-hidden=\"true\" class=\"wp-block-cover__background has-background-dim\" style=\"background-color:#9b8884\"><\/span><img decoding=\"async\" width=\"800\" height=\"1190\" loading=\"lazy\" class=\"wp-block-cover__image-background wp-image-2839\" alt=\"\" src=\"https:\/\/www.museum.de\/blog\/wp-content\/uploads\/2024\/05\/affiche-BD.jpg\" data-object-fit=\"cover\" srcset=\"https:\/\/www.museum.de\/blog\/wp-content\/uploads\/2024\/05\/affiche-BD.jpg 800w, https:\/\/www.museum.de\/blog\/wp-content\/uploads\/2024\/05\/affiche-BD-202x300.jpg 202w, https:\/\/www.museum.de\/blog\/wp-content\/uploads\/2024\/05\/affiche-BD-768x1142.jpg 768w\" sizes=\"auto, (max-width: 800px) 100vw, 800px\" \/><div class=\"wp-block-cover__inner-container is-layout-constrained wp-block-cover-is-layout-constrained\">\n<h1 class=\"wp-block-heading has-text-align-center has-ast-global-color-5-color has-text-color has-link-color has-x-large-font-size wp-elements-7fe33b9f9abc5f7bf66e239f216acbb3\">Comics auf allen Etagen: Eine umfassende Feier im Centre Pompidou<\/h1>\n<\/div><\/div>\n\n\n\n<p><br>Das Centre Pompidou veranstaltet vom 29. Mai bis 4. November 2024 ein au\u00dfergew\u00f6hnliches Event namens &#8222;<strong>La BD \u00e0 tous les \u00e9tages<\/strong>&#8222;, das sich der Vielfalt und Geschichte der Comics widmet. In Zusammenarbeit mit dem <strong>Fonds H\u00e9l\u00e8ne &amp; \u00c9douard Leclerc<\/strong> wird das gesamte Museum in eine Plattform f\u00fcr die neunte Kunst verwandelt. Die Veranstaltung umfasst mehrere Ausstellungen, die die Entwicklung und den Einfluss von Comics von 1964 bis 2024 beleuchten. Besucher k\u00f6nnen sich auf eine tiefgehende Erkundung der europ\u00e4ischen, asiatischen und amerikanischen Comic-Kultur freuen.<\/p>\n\n\n\n<h2 class=\"wp-block-heading\">H\u00f6hepunkte der Ausstellung<\/h2>\n\n\n\n<p>Auf Ebene 6 pr\u00e4sentiert die Ausstellung &#8222;Comics, 1964 &#8211; 2024&#8220; eine historische Reise durch die wichtigsten Str\u00f6mungen der Comic-Kunst. Hier werden erstmals in Frankreich die drei Hauptzentren der Comic-Kreation &#8211; Europa, Asien und Amerika &#8211; in einen Dialog gebracht. Die Ausstellung ist in zw\u00f6lf Themenbereiche gegliedert, die von Gegenkultur und Horror bis hin zu pers\u00f6nlichen Geschichten und Geometrie reichen. Auf Ebene 5 finden sich Monografien historischer Comic-Meister wie <strong>Herg\u00e9<\/strong> und <strong>Will Eisner<\/strong>, die in Resonanz mit der permanenten Sammlung des Museums stehen. Zeitgen\u00f6ssische Autoren wie <strong>Blutch<\/strong> und <strong>Chris Ware<\/strong> stellen ihre Werke in Dialog mit Meisterwerken der modernen Kunst.<\/p>\n\n\n\n<h2 class=\"wp-block-heading\">Besondere Ausstellungen und Workshops<\/h2>\n\n\n\n<p>Auf Ebene 2 widmet sich die Ausstellung &#8222;Corto Maltese, a romanesque life&#8220; dem ikonischen Helden von <strong>Hugo Pratt<\/strong>. Diese Schau untersucht die literarischen und historischen Bez\u00fcge in Pratts Werk und zeigt Originaldokumente, Skizzen und Aquarelle. F\u00fcr junge Besucher bietet die Galerie des enfants auf Ebene 1 eine immersive Installation von <strong>Marion Fayolle<\/strong>, die ein Nomadenlager thematisiert. Diese interaktive Ausstellung l\u00e4dt Kinder ein, in eine poetische und spielerische Welt einzutauchen.<\/p>\n\n\n\n<h2 class=\"wp-block-heading\">Avantgarde und Live-Programm<\/h2>\n\n\n\n<p>Das Untergeschoss des Centre Pompidou beherbergt die Ausstellung &#8222;Lagon Magazine: avant-garde comics&#8220;, die sich den experimentellen und zeitgen\u00f6ssischen Formen der Comic-Kunst widmet. Lagon Magazine feiert sein zehnj\u00e4hriges Bestehen mit einer Pr\u00e4sentation von Druckwerken, Originalplatten und Wandmalereien. Begleitend dazu gibt es ein Live-Programm &#8222;Comics out of the box&#8220;, das an sechs Wochenenden Diskussionen, Konzerte, Performances und Workshops bietet. Diese Veranstaltungen sollen die vielf\u00e4ltigen Ausdrucksformen und die k\u00fcnstlerischen Praktiken der Comics erkunden und dem Publikum n\u00e4herbringen. <\/p>\n\n\n\n<h2 class=\"wp-block-heading\">Ein Fest f\u00fcr alle Comic-Liebhaber <\/h2>\n\n\n\n<p>Die Veranstaltung &#8222;La BD \u00e0 tous les \u00e9tages&#8220; findet zeitgleich mit den Olympischen und Paralympischen Spielen 2024 in Paris statt und l\u00e4dt ein breites, multikulturelles Publikum ein, die Welt der Comics zu entdecken. Mit einem reichhaltigen und festlichen Programm bietet das <strong>Centre Pompidou<\/strong> sowohl Comic-Neulingen als auch eingefleischten Fans eine einzigartige Gelegenheit, die neunte Kunst in all ihren Facetten zu erleben.<\/p>\n\n\n\n<div class=\"wp-block-columns is-layout-flex wp-container-core-columns-is-layout-28f84493 wp-block-columns-is-layout-flex\">\n<div class=\"wp-block-column is-layout-flow wp-block-column-is-layout-flow\" style=\"flex-basis:50%\">\n<p><strong>Comics auf allen Etagen<\/strong><br>Centre Pompidou, Paris<br>Mai bis 4. November 2024<\/p>\n\n\n\n<p><br>Quelle:<br><a href=\"https:\/\/www.centrepompidou.fr\/en\/program\/calendar\/event\/9htHbj4\">https:\/\/www.centrepompidou.fr\/en\/program\/calendar\/event\/9htHbj4<\/a><br>Titel:<br>Affiche de \u00ab La BD \u00e0 tous les \u00e9tages \u00bb<br>Illustration \u00a9 Fanny Micha\u00eblis 2024<\/p>\n<\/div>\n\n\n\n<div class=\"wp-block-column is-layout-flow wp-block-column-is-layout-flow\" style=\"flex-basis:50%\">\n<figure class=\"wp-block-image size-full\"><img decoding=\"async\" width=\"800\" height=\"1190\" loading=\"lazy\" src=\"https:\/\/www.museum.de\/blog\/wp-content\/uploads\/2024\/05\/affiche-BD.jpg\" alt=\"\" class=\"wp-image-2839\" srcset=\"https:\/\/www.museum.de\/blog\/wp-content\/uploads\/2024\/05\/affiche-BD.jpg 800w, https:\/\/www.museum.de\/blog\/wp-content\/uploads\/2024\/05\/affiche-BD-202x300.jpg 202w, https:\/\/www.museum.de\/blog\/wp-content\/uploads\/2024\/05\/affiche-BD-768x1142.jpg 768w\" sizes=\"auto, (max-width: 800px) 100vw, 800px\" \/><\/figure>\n<\/div>\n<\/div>\n","protected":false},"excerpt":{"rendered":"<p>Das Centre Pompidou veranstaltet vom 29. Mai bis 4. November 2024 ein au\u00dfergew\u00f6hnliches Event namens &#8222;La BD \u00e0 tous les \u00e9tages&#8222;, das sich der Vielfalt und Geschichte der Comics widmet. In Zusammenarbeit mit dem Fonds H\u00e9l\u00e8ne &amp; \u00c9douard Leclerc wird das gesamte Museum in eine Plattform f\u00fcr die neunte Kunst verwandelt. Die Veranstaltung umfasst mehrere [&hellip;]<\/p>\n","protected":false},"author":1,"featured_media":2839,"comment_status":"closed","ping_status":"closed","sticky":false,"template":"","format":"standard","meta":{"site-sidebar-layout":"default","site-content-layout":"","ast-site-content-layout":"default","site-content-style":"default","site-sidebar-style":"default","ast-global-header-display":"","ast-banner-title-visibility":"","ast-main-header-display":"","ast-hfb-above-header-display":"","ast-hfb-below-header-display":"","ast-hfb-mobile-header-display":"","site-post-title":"disabled","ast-breadcrumbs-content":"","ast-featured-img":"disabled","footer-sml-layout":"","ast-disable-related-posts":"","theme-transparent-header-meta":"","adv-header-id-meta":"","stick-header-meta":"","header-above-stick-meta":"","header-main-stick-meta":"","header-below-stick-meta":"","astra-migrate-meta-layouts":"set","ast-page-background-enabled":"default","ast-page-background-meta":{"desktop":{"background-color":"var(--ast-global-color-4)","background-image":"","background-repeat":"repeat","background-position":"center center","background-size":"auto","background-attachment":"scroll","background-type":"","background-media":"","overlay-type":"","overlay-color":"","overlay-opacity":"","overlay-gradient":""},"tablet":{"background-color":"","background-image":"","background-repeat":"repeat","background-position":"center center","background-size":"auto","background-attachment":"scroll","background-type":"","background-media":"","overlay-type":"","overlay-color":"","overlay-opacity":"","overlay-gradient":""},"mobile":{"background-color":"","background-image":"","background-repeat":"repeat","background-position":"center center","background-size":"auto","background-attachment":"scroll","background-type":"","background-media":"","overlay-type":"","overlay-color":"","overlay-opacity":"","overlay-gradient":""}},"ast-content-background-meta":{"desktop":{"background-color":"var(--ast-global-color-5)","background-image":"","background-repeat":"repeat","background-position":"center center","background-size":"auto","background-attachment":"scroll","background-type":"","background-media":"","overlay-type":"","overlay-color":"","overlay-opacity":"","overlay-gradient":""},"tablet":{"background-color":"var(--ast-global-color-5)","background-image":"","background-repeat":"repeat","background-position":"center center","background-size":"auto","background-attachment":"scroll","background-type":"","background-media":"","overlay-type":"","overlay-color":"","overlay-opacity":"","overlay-gradient":""},"mobile":{"background-color":"var(--ast-global-color-5)","background-image":"","background-repeat":"repeat","background-position":"center center","background-size":"auto","background-attachment":"scroll","background-type":"","background-media":"","overlay-type":"","overlay-color":"","overlay-opacity":"","overlay-gradient":""}},"episode_type":"","audio_file":"","podmotor_file_id":"","podmotor_episode_id":"","cover_image":"","cover_image_id":"","duration":"","filesize":"","filesize_raw":"","date_recorded":"","explicit":"","block":"","itunes_episode_number":"","itunes_title":"","itunes_season_number":"","itunes_episode_type":"","footnotes":""},"categories":[125],"tags":[273,272],"class_list":["post-2836","post","type-post","status-publish","format-standard","has-post-thumbnail","hentry","category-ausstellungen","tag-centre-pompidou","tag-comic"],"yoast_head":"<!-- This site is optimized with the Yoast SEO plugin v27.5 - https:\/\/yoast.com\/product\/yoast-seo-wordpress\/ -->\n<title>Comics auf allen Etagen: Eine umfassende Feier im Centre Pompidou - Der Museumsblog<\/title>\n<meta name=\"robots\" content=\"index, follow, max-snippet:-1, max-image-preview:large, max-video-preview:-1\" \/>\n<link rel=\"canonical\" href=\"https:\/\/www.museum.de\/blog\/comics-auf-allen-etagen-eine-umfassende-feier-im-centre-pompidou\/\" \/>\n<meta property=\"og:locale\" content=\"de_DE\" \/>\n<meta property=\"og:type\" content=\"article\" \/>\n<meta property=\"og:title\" content=\"Comics auf allen Etagen: Eine umfassende Feier im Centre Pompidou - Der Museumsblog\" \/>\n<meta property=\"og:description\" content=\"Das Centre Pompidou veranstaltet vom 29. Mai bis 4. November 2024 ein au\u00dfergew\u00f6hnliches Event namens &#8222;La BD \u00e0 tous les \u00e9tages&#8222;, das sich der Vielfalt und Geschichte der Comics widmet. In Zusammenarbeit mit dem Fonds H\u00e9l\u00e8ne &amp; \u00c9douard Leclerc wird das gesamte Museum in eine Plattform f\u00fcr die neunte Kunst verwandelt. Die Veranstaltung umfasst mehrere [&hellip;]\" \/>\n<meta property=\"og:url\" content=\"https:\/\/www.museum.de\/blog\/comics-auf-allen-etagen-eine-umfassende-feier-im-centre-pompidou\/\" \/>\n<meta property=\"og:site_name\" content=\"Der Museumsblog\" \/>\n<meta property=\"article:published_time\" content=\"2024-06-01T10:29:00+00:00\" \/>\n<meta property=\"article:modified_time\" content=\"2024-08-14T09:07:00+00:00\" \/>\n<meta property=\"og:image\" content=\"https:\/\/www.museum.de\/blog\/wp-content\/uploads\/2024\/05\/affiche-BD.jpg\" \/>\n\t<meta property=\"og:image:width\" content=\"800\" \/>\n\t<meta property=\"og:image:height\" content=\"1190\" \/>\n\t<meta property=\"og:image:type\" content=\"image\/jpeg\" \/>\n<meta name=\"author\" content=\"Redaktion\" \/>\n<meta name=\"twitter:card\" content=\"summary_large_image\" \/>\n<script type=\"application\/ld+json\" class=\"yoast-schema-graph\">{\"@context\":\"https:\\\/\\\/schema.org\",\"@graph\":[{\"@type\":\"Article\",\"@id\":\"https:\\\/\\\/www.museum.de\\\/blog\\\/comics-auf-allen-etagen-eine-umfassende-feier-im-centre-pompidou\\\/#article\",\"isPartOf\":{\"@id\":\"https:\\\/\\\/www.museum.de\\\/blog\\\/comics-auf-allen-etagen-eine-umfassende-feier-im-centre-pompidou\\\/\"},\"author\":{\"name\":\"Redaktion\",\"@id\":\"https:\\\/\\\/www.museum.de\\\/blog\\\/#\\\/schema\\\/person\\\/c09a0aea9ac127965257ff6115957332\"},\"headline\":\"Comics auf allen Etagen: Eine umfassende Feier im Centre Pompidou\",\"datePublished\":\"2024-06-01T10:29:00+00:00\",\"dateModified\":\"2024-08-14T09:07:00+00:00\",\"mainEntityOfPage\":{\"@id\":\"https:\\\/\\\/www.museum.de\\\/blog\\\/comics-auf-allen-etagen-eine-umfassende-feier-im-centre-pompidou\\\/\"},\"wordCount\":462,\"publisher\":{\"@id\":\"https:\\\/\\\/www.museum.de\\\/blog\\\/#organization\"},\"image\":{\"@id\":\"https:\\\/\\\/www.museum.de\\\/blog\\\/comics-auf-allen-etagen-eine-umfassende-feier-im-centre-pompidou\\\/#primaryimage\"},\"thumbnailUrl\":\"https:\\\/\\\/www.museum.de\\\/blog\\\/wp-content\\\/uploads\\\/2024\\\/05\\\/affiche-BD.jpg\",\"keywords\":[\"Centre Pompidou\",\"Comic\"],\"articleSection\":[\"Ausstellungen\"],\"inLanguage\":\"de\"},{\"@type\":\"WebPage\",\"@id\":\"https:\\\/\\\/www.museum.de\\\/blog\\\/comics-auf-allen-etagen-eine-umfassende-feier-im-centre-pompidou\\\/\",\"url\":\"https:\\\/\\\/www.museum.de\\\/blog\\\/comics-auf-allen-etagen-eine-umfassende-feier-im-centre-pompidou\\\/\",\"name\":\"Comics auf allen Etagen: Eine umfassende Feier im Centre Pompidou - Der Museumsblog\",\"isPartOf\":{\"@id\":\"https:\\\/\\\/www.museum.de\\\/blog\\\/#website\"},\"primaryImageOfPage\":{\"@id\":\"https:\\\/\\\/www.museum.de\\\/blog\\\/comics-auf-allen-etagen-eine-umfassende-feier-im-centre-pompidou\\\/#primaryimage\"},\"image\":{\"@id\":\"https:\\\/\\\/www.museum.de\\\/blog\\\/comics-auf-allen-etagen-eine-umfassende-feier-im-centre-pompidou\\\/#primaryimage\"},\"thumbnailUrl\":\"https:\\\/\\\/www.museum.de\\\/blog\\\/wp-content\\\/uploads\\\/2024\\\/05\\\/affiche-BD.jpg\",\"datePublished\":\"2024-06-01T10:29:00+00:00\",\"dateModified\":\"2024-08-14T09:07:00+00:00\",\"breadcrumb\":{\"@id\":\"https:\\\/\\\/www.museum.de\\\/blog\\\/comics-auf-allen-etagen-eine-umfassende-feier-im-centre-pompidou\\\/#breadcrumb\"},\"inLanguage\":\"de\",\"potentialAction\":[{\"@type\":\"ReadAction\",\"target\":[\"https:\\\/\\\/www.museum.de\\\/blog\\\/comics-auf-allen-etagen-eine-umfassende-feier-im-centre-pompidou\\\/\"]}]},{\"@type\":\"ImageObject\",\"inLanguage\":\"de\",\"@id\":\"https:\\\/\\\/www.museum.de\\\/blog\\\/comics-auf-allen-etagen-eine-umfassende-feier-im-centre-pompidou\\\/#primaryimage\",\"url\":\"https:\\\/\\\/www.museum.de\\\/blog\\\/wp-content\\\/uploads\\\/2024\\\/05\\\/affiche-BD.jpg\",\"contentUrl\":\"https:\\\/\\\/www.museum.de\\\/blog\\\/wp-content\\\/uploads\\\/2024\\\/05\\\/affiche-BD.jpg\",\"width\":800,\"height\":1190},{\"@type\":\"BreadcrumbList\",\"@id\":\"https:\\\/\\\/www.museum.de\\\/blog\\\/comics-auf-allen-etagen-eine-umfassende-feier-im-centre-pompidou\\\/#breadcrumb\",\"itemListElement\":[{\"@type\":\"ListItem\",\"position\":1,\"name\":\"Startseite\",\"item\":\"https:\\\/\\\/www.museum.de\\\/blog\\\/\"},{\"@type\":\"ListItem\",\"position\":2,\"name\":\"Comics auf allen Etagen: Eine umfassende Feier im Centre Pompidou\"}]},{\"@type\":\"WebSite\",\"@id\":\"https:\\\/\\\/www.museum.de\\\/blog\\\/#website\",\"url\":\"https:\\\/\\\/www.museum.de\\\/blog\\\/\",\"name\":\"Der Museumsblog\",\"description\":\"Der Blog\",\"publisher\":{\"@id\":\"https:\\\/\\\/www.museum.de\\\/blog\\\/#organization\"},\"alternateName\":\"museum.de - Der Museumsblog\",\"potentialAction\":[{\"@type\":\"SearchAction\",\"target\":{\"@type\":\"EntryPoint\",\"urlTemplate\":\"https:\\\/\\\/www.museum.de\\\/blog\\\/?s={search_term_string}\"},\"query-input\":{\"@type\":\"PropertyValueSpecification\",\"valueRequired\":true,\"valueName\":\"search_term_string\"}}],\"inLanguage\":\"de\"},{\"@type\":\"Organization\",\"@id\":\"https:\\\/\\\/www.museum.de\\\/blog\\\/#organization\",\"name\":\"Der Museumsblog\",\"url\":\"https:\\\/\\\/www.museum.de\\\/blog\\\/\",\"logo\":{\"@type\":\"ImageObject\",\"inLanguage\":\"de\",\"@id\":\"https:\\\/\\\/www.museum.de\\\/blog\\\/#\\\/schema\\\/logo\\\/image\\\/\",\"url\":\"https:\\\/\\\/www.museum.de\\\/blog\\\/wp-content\\\/uploads\\\/2019\\\/03\\\/cropped-Audioguide_Titelseite-1.jpg\",\"contentUrl\":\"https:\\\/\\\/www.museum.de\\\/blog\\\/wp-content\\\/uploads\\\/2019\\\/03\\\/cropped-Audioguide_Titelseite-1.jpg\",\"width\":512,\"height\":512,\"caption\":\"Der Museumsblog\"},\"image\":{\"@id\":\"https:\\\/\\\/www.museum.de\\\/blog\\\/#\\\/schema\\\/logo\\\/image\\\/\"}},{\"@type\":\"Person\",\"@id\":\"https:\\\/\\\/www.museum.de\\\/blog\\\/#\\\/schema\\\/person\\\/c09a0aea9ac127965257ff6115957332\",\"name\":\"Redaktion\",\"description\":\"Das Redaktionsteam von museum.de\",\"url\":\"https:\\\/\\\/www.museum.de\\\/blog\\\/author\\\/msupervisor\\\/\"}]}<\/script>\n<!-- \/ Yoast SEO plugin. -->","yoast_head_json":{"title":"Comics auf allen Etagen: Eine umfassende Feier im Centre Pompidou - Der Museumsblog","robots":{"index":"index","follow":"follow","max-snippet":"max-snippet:-1","max-image-preview":"max-image-preview:large","max-video-preview":"max-video-preview:-1"},"canonical":"https:\/\/www.museum.de\/blog\/comics-auf-allen-etagen-eine-umfassende-feier-im-centre-pompidou\/","og_locale":"de_DE","og_type":"article","og_title":"Comics auf allen Etagen: Eine umfassende Feier im Centre Pompidou - Der Museumsblog","og_description":"Das Centre Pompidou veranstaltet vom 29. Mai bis 4. November 2024 ein au\u00dfergew\u00f6hnliches Event namens &#8222;La BD \u00e0 tous les \u00e9tages&#8222;, das sich der Vielfalt und Geschichte der Comics widmet. In Zusammenarbeit mit dem Fonds H\u00e9l\u00e8ne &amp; \u00c9douard Leclerc wird das gesamte Museum in eine Plattform f\u00fcr die neunte Kunst verwandelt. Die Veranstaltung umfasst mehrere [&hellip;]","og_url":"https:\/\/www.museum.de\/blog\/comics-auf-allen-etagen-eine-umfassende-feier-im-centre-pompidou\/","og_site_name":"Der Museumsblog","article_published_time":"2024-06-01T10:29:00+00:00","article_modified_time":"2024-08-14T09:07:00+00:00","og_image":[{"width":800,"height":1190,"url":"https:\/\/www.museum.de\/blog\/wp-content\/uploads\/2024\/05\/affiche-BD.jpg","type":"image\/jpeg"}],"author":"Redaktion","twitter_card":"summary_large_image","schema":{"@context":"https:\/\/schema.org","@graph":[{"@type":"Article","@id":"https:\/\/www.museum.de\/blog\/comics-auf-allen-etagen-eine-umfassende-feier-im-centre-pompidou\/#article","isPartOf":{"@id":"https:\/\/www.museum.de\/blog\/comics-auf-allen-etagen-eine-umfassende-feier-im-centre-pompidou\/"},"author":{"name":"Redaktion","@id":"https:\/\/www.museum.de\/blog\/#\/schema\/person\/c09a0aea9ac127965257ff6115957332"},"headline":"Comics auf allen Etagen: Eine umfassende Feier im Centre Pompidou","datePublished":"2024-06-01T10:29:00+00:00","dateModified":"2024-08-14T09:07:00+00:00","mainEntityOfPage":{"@id":"https:\/\/www.museum.de\/blog\/comics-auf-allen-etagen-eine-umfassende-feier-im-centre-pompidou\/"},"wordCount":462,"publisher":{"@id":"https:\/\/www.museum.de\/blog\/#organization"},"image":{"@id":"https:\/\/www.museum.de\/blog\/comics-auf-allen-etagen-eine-umfassende-feier-im-centre-pompidou\/#primaryimage"},"thumbnailUrl":"https:\/\/www.museum.de\/blog\/wp-content\/uploads\/2024\/05\/affiche-BD.jpg","keywords":["Centre Pompidou","Comic"],"articleSection":["Ausstellungen"],"inLanguage":"de"},{"@type":"WebPage","@id":"https:\/\/www.museum.de\/blog\/comics-auf-allen-etagen-eine-umfassende-feier-im-centre-pompidou\/","url":"https:\/\/www.museum.de\/blog\/comics-auf-allen-etagen-eine-umfassende-feier-im-centre-pompidou\/","name":"Comics auf allen Etagen: Eine umfassende Feier im Centre Pompidou - Der Museumsblog","isPartOf":{"@id":"https:\/\/www.museum.de\/blog\/#website"},"primaryImageOfPage":{"@id":"https:\/\/www.museum.de\/blog\/comics-auf-allen-etagen-eine-umfassende-feier-im-centre-pompidou\/#primaryimage"},"image":{"@id":"https:\/\/www.museum.de\/blog\/comics-auf-allen-etagen-eine-umfassende-feier-im-centre-pompidou\/#primaryimage"},"thumbnailUrl":"https:\/\/www.museum.de\/blog\/wp-content\/uploads\/2024\/05\/affiche-BD.jpg","datePublished":"2024-06-01T10:29:00+00:00","dateModified":"2024-08-14T09:07:00+00:00","breadcrumb":{"@id":"https:\/\/www.museum.de\/blog\/comics-auf-allen-etagen-eine-umfassende-feier-im-centre-pompidou\/#breadcrumb"},"inLanguage":"de","potentialAction":[{"@type":"ReadAction","target":["https:\/\/www.museum.de\/blog\/comics-auf-allen-etagen-eine-umfassende-feier-im-centre-pompidou\/"]}]},{"@type":"ImageObject","inLanguage":"de","@id":"https:\/\/www.museum.de\/blog\/comics-auf-allen-etagen-eine-umfassende-feier-im-centre-pompidou\/#primaryimage","url":"https:\/\/www.museum.de\/blog\/wp-content\/uploads\/2024\/05\/affiche-BD.jpg","contentUrl":"https:\/\/www.museum.de\/blog\/wp-content\/uploads\/2024\/05\/affiche-BD.jpg","width":800,"height":1190},{"@type":"BreadcrumbList","@id":"https:\/\/www.museum.de\/blog\/comics-auf-allen-etagen-eine-umfassende-feier-im-centre-pompidou\/#breadcrumb","itemListElement":[{"@type":"ListItem","position":1,"name":"Startseite","item":"https:\/\/www.museum.de\/blog\/"},{"@type":"ListItem","position":2,"name":"Comics auf allen Etagen: Eine umfassende Feier im Centre Pompidou"}]},{"@type":"WebSite","@id":"https:\/\/www.museum.de\/blog\/#website","url":"https:\/\/www.museum.de\/blog\/","name":"Der Museumsblog","description":"Der Blog","publisher":{"@id":"https:\/\/www.museum.de\/blog\/#organization"},"alternateName":"museum.de - Der Museumsblog","potentialAction":[{"@type":"SearchAction","target":{"@type":"EntryPoint","urlTemplate":"https:\/\/www.museum.de\/blog\/?s={search_term_string}"},"query-input":{"@type":"PropertyValueSpecification","valueRequired":true,"valueName":"search_term_string"}}],"inLanguage":"de"},{"@type":"Organization","@id":"https:\/\/www.museum.de\/blog\/#organization","name":"Der Museumsblog","url":"https:\/\/www.museum.de\/blog\/","logo":{"@type":"ImageObject","inLanguage":"de","@id":"https:\/\/www.museum.de\/blog\/#\/schema\/logo\/image\/","url":"https:\/\/www.museum.de\/blog\/wp-content\/uploads\/2019\/03\/cropped-Audioguide_Titelseite-1.jpg","contentUrl":"https:\/\/www.museum.de\/blog\/wp-content\/uploads\/2019\/03\/cropped-Audioguide_Titelseite-1.jpg","width":512,"height":512,"caption":"Der Museumsblog"},"image":{"@id":"https:\/\/www.museum.de\/blog\/#\/schema\/logo\/image\/"}},{"@type":"Person","@id":"https:\/\/www.museum.de\/blog\/#\/schema\/person\/c09a0aea9ac127965257ff6115957332","name":"Redaktion","description":"Das Redaktionsteam von museum.de","url":"https:\/\/www.museum.de\/blog\/author\/msupervisor\/"}]}},"_links":{"self":[{"href":"https:\/\/www.museum.de\/blog\/wp-json\/wp\/v2\/posts\/2836","targetHints":{"allow":["GET"]}}],"collection":[{"href":"https:\/\/www.museum.de\/blog\/wp-json\/wp\/v2\/posts"}],"about":[{"href":"https:\/\/www.museum.de\/blog\/wp-json\/wp\/v2\/types\/post"}],"author":[{"embeddable":true,"href":"https:\/\/www.museum.de\/blog\/wp-json\/wp\/v2\/users\/1"}],"replies":[{"embeddable":true,"href":"https:\/\/www.museum.de\/blog\/wp-json\/wp\/v2\/comments?post=2836"}],"version-history":[{"count":6,"href":"https:\/\/www.museum.de\/blog\/wp-json\/wp\/v2\/posts\/2836\/revisions"}],"predecessor-version":[{"id":2941,"href":"https:\/\/www.museum.de\/blog\/wp-json\/wp\/v2\/posts\/2836\/revisions\/2941"}],"wp:featuredmedia":[{"embeddable":true,"href":"https:\/\/www.museum.de\/blog\/wp-json\/wp\/v2\/media\/2839"}],"wp:attachment":[{"href":"https:\/\/www.museum.de\/blog\/wp-json\/wp\/v2\/media?parent=2836"}],"wp:term":[{"taxonomy":"category","embeddable":true,"href":"https:\/\/www.museum.de\/blog\/wp-json\/wp\/v2\/categories?post=2836"},{"taxonomy":"post_tag","embeddable":true,"href":"https:\/\/www.museum.de\/blog\/wp-json\/wp\/v2\/tags?post=2836"}],"curies":[{"name":"wp","href":"https:\/\/api.w.org\/{rel}","templated":true}]}}