{"id":3000,"date":"2024-10-07T16:03:36","date_gmt":"2024-10-07T16:03:36","guid":{"rendered":"https:\/\/www.museum.de\/blog\/?p=3000"},"modified":"2024-10-07T16:05:09","modified_gmt":"2024-10-07T16:05:09","slug":"marc-chagall-in-der-albertina-wien","status":"publish","type":"post","link":"https:\/\/www.museum.de\/blog\/marc-chagall-in-der-albertina-wien\/","title":{"rendered":"Marc Chagall in der Albertina Wien"},"content":{"rendered":"\n<div class=\"wp-block-cover\"><span aria-hidden=\"true\" class=\"wp-block-cover__background has-background-dim\" style=\"background-color:#898544\"><\/span><img decoding=\"async\" width=\"1200\" height=\"902\" loading=\"lazy\" class=\"wp-block-cover__image-background wp-image-3002\" alt=\"\" src=\"https:\/\/www.museum.de\/blog\/wp-content\/uploads\/2024\/10\/marc_chagall_das_gelbe_zimmer-_1911_riehen_basel_fondation_beyeler_bildrecht_wien_2023.1200x0.jpg\" data-object-fit=\"cover\" srcset=\"https:\/\/www.museum.de\/blog\/wp-content\/uploads\/2024\/10\/marc_chagall_das_gelbe_zimmer-_1911_riehen_basel_fondation_beyeler_bildrecht_wien_2023.1200x0.jpg 1200w, https:\/\/www.museum.de\/blog\/wp-content\/uploads\/2024\/10\/marc_chagall_das_gelbe_zimmer-_1911_riehen_basel_fondation_beyeler_bildrecht_wien_2023.1200x0-300x226.jpg 300w, https:\/\/www.museum.de\/blog\/wp-content\/uploads\/2024\/10\/marc_chagall_das_gelbe_zimmer-_1911_riehen_basel_fondation_beyeler_bildrecht_wien_2023.1200x0-768x577.jpg 768w\" sizes=\"auto, (max-width: 1200px) 100vw, 1200px\" \/><div class=\"wp-block-cover__inner-container is-layout-constrained wp-block-cover-is-layout-constrained\">\n<h1 class=\"wp-block-heading has-text-align-center has-ast-global-color-5-color has-text-color has-link-color has-x-large-font-size wp-elements-9912528ae73d9c5cd5db683fe36180be\">Marc Chagall in der Albertina Wien<\/h1>\n<\/div><\/div>\n\n\n\n<p><br><br><br>Bereits 2004 pr\u00e4sentierte die ALBERTINA als eine der ersten Ausstellungen unter der Direktion von Klaus Albrecht Schr\u00f6der eine Ausstellung, die sich intensiv mit Marc Chagalls Auseinandersetzung mit der Bibel besch\u00e4ftigte. Diese Ausstellung bot den Besuchern einen tiefen Einblick in die Art und Weise, wie Chagall religi\u00f6se Themen in seiner Kunst verarbeitete und interpretierte. Rund 20 Jahre sp\u00e4ter, anl\u00e4sslich des 40. Todesjahres des K\u00fcnstlers, widmet die ALBERTINA ihre gro\u00dfe Herbstausstellung erneut dem Werk Marc Chagalls, diesmal jedoch mit einem noch umfassenderen Ansatz. Die Ausstellung beleuchtet die gesamte Bandbreite der Themen und Motive, die Chagalls Schaffen pr\u00e4gten, und zeigt die anhaltende Faszination, die seine Kunst auf das Publikum aus\u00fcbt.<br><br>Diese Schau markiert zudem einen bedeutenden Moment f\u00fcr die ALBERTINA und ihren Direktor Klaus Albrecht Schr\u00f6der. Sie ist nicht nur die letzte gro\u00dfe Ausstellung, die sich der Kunst der Moderne widmet, sondern auch der kr\u00f6nende Abschluss von Schr\u00f6ders bemerkenswerter, 25-j\u00e4hriger Amtszeit als Generaldirektor des Museums. In dieser Zeit hat Schr\u00f6der die ALBERTINA zu einem f\u00fchrenden Zentrum f\u00fcr moderne und zeitgen\u00f6ssische Kunst entwickelt, indem er eine Vielzahl herausragender Ausstellungen realisierte.<br><br>Marc Chagall, geboren 1887 und verstorben 1985, gilt als einer der bedeutendsten K\u00fcnstler des 20. Jahrhunderts. Sein Lebenswerk erstreckt sich \u00fcber mehr als 80 Jahre und ist gepr\u00e4gt von einer beeindruckenden Vielseitigkeit, die immer wieder aufs Neue fasziniert und inspiriert. Chagalls Kunst ist ber\u00fchmt f\u00fcr ihre leuchtenden Farben und poetischen Bildkompositionen, die dem Betrachter vertraut erscheinen, aber dennoch ihre geheimnisvolle und spirituelle Aura bewahren. Diese R\u00e4tselhaftigkeit und der unverkennbare k\u00fcnstlerische Ausdruck, der an die Magie von Traumbildern erinnert, machen Chagalls Werk zu einem unersch\u00f6pflichen Kosmos, der immer wieder neue Entdeckungen bereith\u00e4lt.<br><br>Die Ausstellung in der ALBERTINA bietet somit nicht nur eine Hommage an Chagalls k\u00fcnstlerisches Erbe, sondern auch einen Moment des R\u00fcckblicks und der W\u00fcrdigung f\u00fcr Klaus Albrecht Schr\u00f6ders herausragende Leistungen in der Museumswelt. Sie l\u00e4dt die Besucher ein, sich von der zeitlosen Sch\u00f6nheit und der tiefen spirituellen Dimension von Chagalls Kunst verzaubern zu lassen und gleichzeitig die beachtliche Entwicklung der ALBERTINA in den letzten Jahrzehnten zu reflektieren.<\/p>\n\n\n\n<p><strong>K\u00fcnstlerische Merkmale:<\/strong><br>Chagalls Werke sind bekannt f\u00fcr ihre leuchtenden Farben und poetischen Kompositionen. Seine Kunst reflektiert sowohl allt\u00e4gliche als auch spirituelle Themen, die stark von seiner j\u00fcdischen Herkunft und den Erfahrungen seines Lebens gepr\u00e4gt sind. Die Ausstellung zeigt eine Vielzahl seiner zentralen Themen, darunter Geburt, Liebe, Mutterschaft und Tod, oft in einem fantastischen und traumhaften Kontext.<\/p>\n\n\n\n<p><strong>Einzigartiger Stil:<\/strong><br>Chagalls Bilder brechen mit der konventionellen Darstellung, indem sie Realit\u00e4t und Traum miteinander verweben. Er nutzt folkloristische Elemente und verzerrte Perspektiven, um seine Figuren und Szenen in einen neuen Kontext zu setzen. Diese kreative Freiheit f\u00fchrt zu einer einzigartigen Bildsprache, die sowohl das Fantastische als auch das Allt\u00e4gliche vereint.<\/p>\n\n\n\n<hr class=\"wp-block-separator has-alpha-channel-opacity\"\/>\n\n\n\n<h3 class=\"wp-block-heading\">Wichtige Themen der Ausstellung:<\/h3>\n\n\n\n<ol class=\"wp-block-list\">\n<li><strong>Einfl\u00fcsse der Kindheit:<\/strong>\n<ul class=\"wp-block-list\">\n<li>Chagalls Kindheit in Witebsk und die dortige j\u00fcdische Kultur sind zentrale Inspirationsquellen. Seine Werke spiegeln die Erinnerungen an Dorfszenen und religi\u00f6se Feste wider.<\/li>\n<\/ul>\n<\/li>\n\n\n\n<li><strong>Die Rolle der Liebe:<\/strong>\n<ul class=\"wp-block-list\">\n<li>Die Beziehung zu seiner Frau Bella wird in vielen seiner Werke thematisiert und ist ein wiederkehrendes Motiv in seinem Schaffen.<\/li>\n<\/ul>\n<\/li>\n\n\n\n<li><strong>Politische und historische Kontexte:<\/strong>\n<ul class=\"wp-block-list\">\n<li>Chagalls Kunst ist stark durch die politischen Umbr\u00fcche seiner Zeit gepr\u00e4gt, einschlie\u00dflich seiner Flucht vor dem Nationalsozialismus und seiner Erfahrungen im Exil.<\/li>\n<\/ul>\n<\/li>\n\n\n\n<li><strong>Symbolik in der Kunst:<\/strong>\n<ul class=\"wp-block-list\">\n<li>H\u00e4ufige Motive sind Tiere, Zirkusfiguren und biblische Szenen, die Chagalls pers\u00f6nliche und kollektive Erfahrungen widerspiegeln.<\/li>\n<\/ul>\n<\/li>\n<\/ol>\n\n\n\n<hr class=\"wp-block-separator has-alpha-channel-opacity\"\/>\n\n\n\n<h3 class=\"wp-block-heading\">Fazit:<\/h3>\n\n\n\n<p>Die Ausstellung in der ALBERTINA bietet einen tiefen Einblick in das facettenreiche Werk von Marc Chagall und dessen anhaltende Relevanz. Sie l\u00e4dt die Besucher ein, in eine Welt einzutauchen, in der die Grenzen zwischen Realit\u00e4t und Traum verschwimmen und die universellen Themen des Lebens auf poetische Weise erforscht werden.<\/p>\n\n\n\n<p><strong>Dauer:<\/strong> 28. September 2024 \u2013 9. Februar 2025 <br><strong>Er\u00f6ffnung:<\/strong> 27. September 2024, 18:30 Uhr <br><strong>Ort:<\/strong> Propter Homines Halle, ALBERTINA, Wien <br><strong>Quelle:<\/strong> <a href=\"https:\/\/www.albertina.at\/ausstellungen\/chagall\/\">https:\/\/www.albertina.at\/ausstellungen\/chagall\/<\/a><br><\/p>\n\n\n\n<p><strong>Bildrechte:<\/strong><br>Marc Chagall<br>Das gelbe Zimmer, 1911<br>\u00d6l auf Leinwand<br>85 x 110 cm<br>Riehen\/Basel, Fondation Beyeler<br>\u00a9 Bildrecht, Wien 2024<\/p>\n","protected":false},"excerpt":{"rendered":"<p>Bereits 2004 pr\u00e4sentierte die ALBERTINA als eine der ersten Ausstellungen unter der Direktion von Klaus Albrecht Schr\u00f6der eine Ausstellung, die sich intensiv mit Marc Chagalls Auseinandersetzung mit der Bibel besch\u00e4ftigte. Diese Ausstellung bot den Besuchern einen tiefen Einblick in die Art und Weise, wie Chagall religi\u00f6se Themen in seiner Kunst verarbeitete und interpretierte. Rund 20 [&hellip;]<\/p>\n","protected":false},"author":1,"featured_media":3002,"comment_status":"closed","ping_status":"closed","sticky":false,"template":"","format":"standard","meta":{"site-sidebar-layout":"default","site-content-layout":"","ast-site-content-layout":"default","site-content-style":"default","site-sidebar-style":"default","ast-global-header-display":"","ast-banner-title-visibility":"","ast-main-header-display":"","ast-hfb-above-header-display":"","ast-hfb-below-header-display":"","ast-hfb-mobile-header-display":"","site-post-title":"disabled","ast-breadcrumbs-content":"","ast-featured-img":"disabled","footer-sml-layout":"","ast-disable-related-posts":"","theme-transparent-header-meta":"","adv-header-id-meta":"","stick-header-meta":"","header-above-stick-meta":"","header-main-stick-meta":"","header-below-stick-meta":"","astra-migrate-meta-layouts":"set","ast-page-background-enabled":"default","ast-page-background-meta":{"desktop":{"background-color":"var(--ast-global-color-4)","background-image":"","background-repeat":"repeat","background-position":"center center","background-size":"auto","background-attachment":"scroll","background-type":"","background-media":"","overlay-type":"","overlay-color":"","overlay-opacity":"","overlay-gradient":""},"tablet":{"background-color":"","background-image":"","background-repeat":"repeat","background-position":"center center","background-size":"auto","background-attachment":"scroll","background-type":"","background-media":"","overlay-type":"","overlay-color":"","overlay-opacity":"","overlay-gradient":""},"mobile":{"background-color":"","background-image":"","background-repeat":"repeat","background-position":"center center","background-size":"auto","background-attachment":"scroll","background-type":"","background-media":"","overlay-type":"","overlay-color":"","overlay-opacity":"","overlay-gradient":""}},"ast-content-background-meta":{"desktop":{"background-color":"var(--ast-global-color-5)","background-image":"","background-repeat":"repeat","background-position":"center center","background-size":"auto","background-attachment":"scroll","background-type":"","background-media":"","overlay-type":"","overlay-color":"","overlay-opacity":"","overlay-gradient":""},"tablet":{"background-color":"var(--ast-global-color-5)","background-image":"","background-repeat":"repeat","background-position":"center center","background-size":"auto","background-attachment":"scroll","background-type":"","background-media":"","overlay-type":"","overlay-color":"","overlay-opacity":"","overlay-gradient":""},"mobile":{"background-color":"var(--ast-global-color-5)","background-image":"","background-repeat":"repeat","background-position":"center center","background-size":"auto","background-attachment":"scroll","background-type":"","background-media":"","overlay-type":"","overlay-color":"","overlay-opacity":"","overlay-gradient":""}},"episode_type":"","audio_file":"","podmotor_file_id":"","podmotor_episode_id":"","cover_image":"","cover_image_id":"","duration":"","filesize":"","filesize_raw":"","date_recorded":"","explicit":"","block":"","itunes_episode_number":"","itunes_title":"","itunes_season_number":"","itunes_episode_type":"","footnotes":""},"categories":[125],"tags":[292,291,227],"class_list":["post-3000","post","type-post","status-publish","format-standard","has-post-thumbnail","hentry","category-ausstellungen","tag-albertina","tag-marc-chagall","tag-wien"],"yoast_head":"<!-- This site is optimized with the Yoast SEO plugin v27.5 - https:\/\/yoast.com\/product\/yoast-seo-wordpress\/ -->\n<title>Marc Chagall in der Albertina Wien - Der Museumsblog<\/title>\n<meta name=\"robots\" content=\"index, follow, max-snippet:-1, max-image-preview:large, max-video-preview:-1\" \/>\n<link rel=\"canonical\" href=\"https:\/\/www.museum.de\/blog\/marc-chagall-in-der-albertina-wien\/\" \/>\n<meta property=\"og:locale\" content=\"de_DE\" \/>\n<meta property=\"og:type\" content=\"article\" \/>\n<meta property=\"og:title\" content=\"Marc Chagall in der Albertina Wien - Der Museumsblog\" \/>\n<meta property=\"og:description\" content=\"Bereits 2004 pr\u00e4sentierte die ALBERTINA als eine der ersten Ausstellungen unter der Direktion von Klaus Albrecht Schr\u00f6der eine Ausstellung, die sich intensiv mit Marc Chagalls Auseinandersetzung mit der Bibel besch\u00e4ftigte. Diese Ausstellung bot den Besuchern einen tiefen Einblick in die Art und Weise, wie Chagall religi\u00f6se Themen in seiner Kunst verarbeitete und interpretierte. Rund 20 [&hellip;]\" \/>\n<meta property=\"og:url\" content=\"https:\/\/www.museum.de\/blog\/marc-chagall-in-der-albertina-wien\/\" \/>\n<meta property=\"og:site_name\" content=\"Der Museumsblog\" \/>\n<meta property=\"article:published_time\" content=\"2024-10-07T16:03:36+00:00\" \/>\n<meta property=\"article:modified_time\" content=\"2024-10-07T16:05:09+00:00\" \/>\n<meta property=\"og:image\" content=\"https:\/\/www.museum.de\/blog\/wp-content\/uploads\/2024\/10\/marc_chagall_das_gelbe_zimmer-_1911_riehen_basel_fondation_beyeler_bildrecht_wien_2023.1200x0.jpg\" \/>\n\t<meta property=\"og:image:width\" content=\"1200\" \/>\n\t<meta property=\"og:image:height\" content=\"902\" \/>\n\t<meta property=\"og:image:type\" content=\"image\/jpeg\" \/>\n<meta name=\"author\" content=\"Redaktion\" \/>\n<meta name=\"twitter:card\" content=\"summary_large_image\" \/>\n<script type=\"application\/ld+json\" class=\"yoast-schema-graph\">{\"@context\":\"https:\\\/\\\/schema.org\",\"@graph\":[{\"@type\":\"Article\",\"@id\":\"https:\\\/\\\/www.museum.de\\\/blog\\\/marc-chagall-in-der-albertina-wien\\\/#article\",\"isPartOf\":{\"@id\":\"https:\\\/\\\/www.museum.de\\\/blog\\\/marc-chagall-in-der-albertina-wien\\\/\"},\"author\":{\"name\":\"Redaktion\",\"@id\":\"https:\\\/\\\/www.museum.de\\\/blog\\\/#\\\/schema\\\/person\\\/c09a0aea9ac127965257ff6115957332\"},\"headline\":\"Marc Chagall in der Albertina Wien\",\"datePublished\":\"2024-10-07T16:03:36+00:00\",\"dateModified\":\"2024-10-07T16:05:09+00:00\",\"mainEntityOfPage\":{\"@id\":\"https:\\\/\\\/www.museum.de\\\/blog\\\/marc-chagall-in-der-albertina-wien\\\/\"},\"wordCount\":683,\"publisher\":{\"@id\":\"https:\\\/\\\/www.museum.de\\\/blog\\\/#organization\"},\"image\":{\"@id\":\"https:\\\/\\\/www.museum.de\\\/blog\\\/marc-chagall-in-der-albertina-wien\\\/#primaryimage\"},\"thumbnailUrl\":\"https:\\\/\\\/www.museum.de\\\/blog\\\/wp-content\\\/uploads\\\/2024\\\/10\\\/marc_chagall_das_gelbe_zimmer-_1911_riehen_basel_fondation_beyeler_bildrecht_wien_2023.1200x0.jpg\",\"keywords\":[\"Albertina\",\"Marc Chagall\",\"Wien\"],\"articleSection\":[\"Ausstellungen\"],\"inLanguage\":\"de\"},{\"@type\":\"WebPage\",\"@id\":\"https:\\\/\\\/www.museum.de\\\/blog\\\/marc-chagall-in-der-albertina-wien\\\/\",\"url\":\"https:\\\/\\\/www.museum.de\\\/blog\\\/marc-chagall-in-der-albertina-wien\\\/\",\"name\":\"Marc Chagall in der Albertina Wien - Der Museumsblog\",\"isPartOf\":{\"@id\":\"https:\\\/\\\/www.museum.de\\\/blog\\\/#website\"},\"primaryImageOfPage\":{\"@id\":\"https:\\\/\\\/www.museum.de\\\/blog\\\/marc-chagall-in-der-albertina-wien\\\/#primaryimage\"},\"image\":{\"@id\":\"https:\\\/\\\/www.museum.de\\\/blog\\\/marc-chagall-in-der-albertina-wien\\\/#primaryimage\"},\"thumbnailUrl\":\"https:\\\/\\\/www.museum.de\\\/blog\\\/wp-content\\\/uploads\\\/2024\\\/10\\\/marc_chagall_das_gelbe_zimmer-_1911_riehen_basel_fondation_beyeler_bildrecht_wien_2023.1200x0.jpg\",\"datePublished\":\"2024-10-07T16:03:36+00:00\",\"dateModified\":\"2024-10-07T16:05:09+00:00\",\"breadcrumb\":{\"@id\":\"https:\\\/\\\/www.museum.de\\\/blog\\\/marc-chagall-in-der-albertina-wien\\\/#breadcrumb\"},\"inLanguage\":\"de\",\"potentialAction\":[{\"@type\":\"ReadAction\",\"target\":[\"https:\\\/\\\/www.museum.de\\\/blog\\\/marc-chagall-in-der-albertina-wien\\\/\"]}]},{\"@type\":\"ImageObject\",\"inLanguage\":\"de\",\"@id\":\"https:\\\/\\\/www.museum.de\\\/blog\\\/marc-chagall-in-der-albertina-wien\\\/#primaryimage\",\"url\":\"https:\\\/\\\/www.museum.de\\\/blog\\\/wp-content\\\/uploads\\\/2024\\\/10\\\/marc_chagall_das_gelbe_zimmer-_1911_riehen_basel_fondation_beyeler_bildrecht_wien_2023.1200x0.jpg\",\"contentUrl\":\"https:\\\/\\\/www.museum.de\\\/blog\\\/wp-content\\\/uploads\\\/2024\\\/10\\\/marc_chagall_das_gelbe_zimmer-_1911_riehen_basel_fondation_beyeler_bildrecht_wien_2023.1200x0.jpg\",\"width\":1200,\"height\":902,\"caption\":\"Gem\u00e4lde von Marc Chagall \\\"Das gelbe Zimmer\\\" von 1911\"},{\"@type\":\"BreadcrumbList\",\"@id\":\"https:\\\/\\\/www.museum.de\\\/blog\\\/marc-chagall-in-der-albertina-wien\\\/#breadcrumb\",\"itemListElement\":[{\"@type\":\"ListItem\",\"position\":1,\"name\":\"Startseite\",\"item\":\"https:\\\/\\\/www.museum.de\\\/blog\\\/\"},{\"@type\":\"ListItem\",\"position\":2,\"name\":\"Marc Chagall in der Albertina Wien\"}]},{\"@type\":\"WebSite\",\"@id\":\"https:\\\/\\\/www.museum.de\\\/blog\\\/#website\",\"url\":\"https:\\\/\\\/www.museum.de\\\/blog\\\/\",\"name\":\"Der Museumsblog\",\"description\":\"Der Blog\",\"publisher\":{\"@id\":\"https:\\\/\\\/www.museum.de\\\/blog\\\/#organization\"},\"alternateName\":\"museum.de - Der Museumsblog\",\"potentialAction\":[{\"@type\":\"SearchAction\",\"target\":{\"@type\":\"EntryPoint\",\"urlTemplate\":\"https:\\\/\\\/www.museum.de\\\/blog\\\/?s={search_term_string}\"},\"query-input\":{\"@type\":\"PropertyValueSpecification\",\"valueRequired\":true,\"valueName\":\"search_term_string\"}}],\"inLanguage\":\"de\"},{\"@type\":\"Organization\",\"@id\":\"https:\\\/\\\/www.museum.de\\\/blog\\\/#organization\",\"name\":\"Der Museumsblog\",\"url\":\"https:\\\/\\\/www.museum.de\\\/blog\\\/\",\"logo\":{\"@type\":\"ImageObject\",\"inLanguage\":\"de\",\"@id\":\"https:\\\/\\\/www.museum.de\\\/blog\\\/#\\\/schema\\\/logo\\\/image\\\/\",\"url\":\"https:\\\/\\\/www.museum.de\\\/blog\\\/wp-content\\\/uploads\\\/2019\\\/03\\\/cropped-Audioguide_Titelseite-1.jpg\",\"contentUrl\":\"https:\\\/\\\/www.museum.de\\\/blog\\\/wp-content\\\/uploads\\\/2019\\\/03\\\/cropped-Audioguide_Titelseite-1.jpg\",\"width\":512,\"height\":512,\"caption\":\"Der Museumsblog\"},\"image\":{\"@id\":\"https:\\\/\\\/www.museum.de\\\/blog\\\/#\\\/schema\\\/logo\\\/image\\\/\"}},{\"@type\":\"Person\",\"@id\":\"https:\\\/\\\/www.museum.de\\\/blog\\\/#\\\/schema\\\/person\\\/c09a0aea9ac127965257ff6115957332\",\"name\":\"Redaktion\",\"description\":\"Das Redaktionsteam von museum.de\",\"url\":\"https:\\\/\\\/www.museum.de\\\/blog\\\/author\\\/msupervisor\\\/\"}]}<\/script>\n<!-- \/ Yoast SEO plugin. -->","yoast_head_json":{"title":"Marc Chagall in der Albertina Wien - Der Museumsblog","robots":{"index":"index","follow":"follow","max-snippet":"max-snippet:-1","max-image-preview":"max-image-preview:large","max-video-preview":"max-video-preview:-1"},"canonical":"https:\/\/www.museum.de\/blog\/marc-chagall-in-der-albertina-wien\/","og_locale":"de_DE","og_type":"article","og_title":"Marc Chagall in der Albertina Wien - Der Museumsblog","og_description":"Bereits 2004 pr\u00e4sentierte die ALBERTINA als eine der ersten Ausstellungen unter der Direktion von Klaus Albrecht Schr\u00f6der eine Ausstellung, die sich intensiv mit Marc Chagalls Auseinandersetzung mit der Bibel besch\u00e4ftigte. Diese Ausstellung bot den Besuchern einen tiefen Einblick in die Art und Weise, wie Chagall religi\u00f6se Themen in seiner Kunst verarbeitete und interpretierte. Rund 20 [&hellip;]","og_url":"https:\/\/www.museum.de\/blog\/marc-chagall-in-der-albertina-wien\/","og_site_name":"Der Museumsblog","article_published_time":"2024-10-07T16:03:36+00:00","article_modified_time":"2024-10-07T16:05:09+00:00","og_image":[{"width":1200,"height":902,"url":"https:\/\/www.museum.de\/blog\/wp-content\/uploads\/2024\/10\/marc_chagall_das_gelbe_zimmer-_1911_riehen_basel_fondation_beyeler_bildrecht_wien_2023.1200x0.jpg","type":"image\/jpeg"}],"author":"Redaktion","twitter_card":"summary_large_image","schema":{"@context":"https:\/\/schema.org","@graph":[{"@type":"Article","@id":"https:\/\/www.museum.de\/blog\/marc-chagall-in-der-albertina-wien\/#article","isPartOf":{"@id":"https:\/\/www.museum.de\/blog\/marc-chagall-in-der-albertina-wien\/"},"author":{"name":"Redaktion","@id":"https:\/\/www.museum.de\/blog\/#\/schema\/person\/c09a0aea9ac127965257ff6115957332"},"headline":"Marc Chagall in der Albertina Wien","datePublished":"2024-10-07T16:03:36+00:00","dateModified":"2024-10-07T16:05:09+00:00","mainEntityOfPage":{"@id":"https:\/\/www.museum.de\/blog\/marc-chagall-in-der-albertina-wien\/"},"wordCount":683,"publisher":{"@id":"https:\/\/www.museum.de\/blog\/#organization"},"image":{"@id":"https:\/\/www.museum.de\/blog\/marc-chagall-in-der-albertina-wien\/#primaryimage"},"thumbnailUrl":"https:\/\/www.museum.de\/blog\/wp-content\/uploads\/2024\/10\/marc_chagall_das_gelbe_zimmer-_1911_riehen_basel_fondation_beyeler_bildrecht_wien_2023.1200x0.jpg","keywords":["Albertina","Marc Chagall","Wien"],"articleSection":["Ausstellungen"],"inLanguage":"de"},{"@type":"WebPage","@id":"https:\/\/www.museum.de\/blog\/marc-chagall-in-der-albertina-wien\/","url":"https:\/\/www.museum.de\/blog\/marc-chagall-in-der-albertina-wien\/","name":"Marc Chagall in der Albertina Wien - Der Museumsblog","isPartOf":{"@id":"https:\/\/www.museum.de\/blog\/#website"},"primaryImageOfPage":{"@id":"https:\/\/www.museum.de\/blog\/marc-chagall-in-der-albertina-wien\/#primaryimage"},"image":{"@id":"https:\/\/www.museum.de\/blog\/marc-chagall-in-der-albertina-wien\/#primaryimage"},"thumbnailUrl":"https:\/\/www.museum.de\/blog\/wp-content\/uploads\/2024\/10\/marc_chagall_das_gelbe_zimmer-_1911_riehen_basel_fondation_beyeler_bildrecht_wien_2023.1200x0.jpg","datePublished":"2024-10-07T16:03:36+00:00","dateModified":"2024-10-07T16:05:09+00:00","breadcrumb":{"@id":"https:\/\/www.museum.de\/blog\/marc-chagall-in-der-albertina-wien\/#breadcrumb"},"inLanguage":"de","potentialAction":[{"@type":"ReadAction","target":["https:\/\/www.museum.de\/blog\/marc-chagall-in-der-albertina-wien\/"]}]},{"@type":"ImageObject","inLanguage":"de","@id":"https:\/\/www.museum.de\/blog\/marc-chagall-in-der-albertina-wien\/#primaryimage","url":"https:\/\/www.museum.de\/blog\/wp-content\/uploads\/2024\/10\/marc_chagall_das_gelbe_zimmer-_1911_riehen_basel_fondation_beyeler_bildrecht_wien_2023.1200x0.jpg","contentUrl":"https:\/\/www.museum.de\/blog\/wp-content\/uploads\/2024\/10\/marc_chagall_das_gelbe_zimmer-_1911_riehen_basel_fondation_beyeler_bildrecht_wien_2023.1200x0.jpg","width":1200,"height":902,"caption":"Gem\u00e4lde von Marc Chagall \"Das gelbe Zimmer\" von 1911"},{"@type":"BreadcrumbList","@id":"https:\/\/www.museum.de\/blog\/marc-chagall-in-der-albertina-wien\/#breadcrumb","itemListElement":[{"@type":"ListItem","position":1,"name":"Startseite","item":"https:\/\/www.museum.de\/blog\/"},{"@type":"ListItem","position":2,"name":"Marc Chagall in der Albertina Wien"}]},{"@type":"WebSite","@id":"https:\/\/www.museum.de\/blog\/#website","url":"https:\/\/www.museum.de\/blog\/","name":"Der Museumsblog","description":"Der Blog","publisher":{"@id":"https:\/\/www.museum.de\/blog\/#organization"},"alternateName":"museum.de - Der Museumsblog","potentialAction":[{"@type":"SearchAction","target":{"@type":"EntryPoint","urlTemplate":"https:\/\/www.museum.de\/blog\/?s={search_term_string}"},"query-input":{"@type":"PropertyValueSpecification","valueRequired":true,"valueName":"search_term_string"}}],"inLanguage":"de"},{"@type":"Organization","@id":"https:\/\/www.museum.de\/blog\/#organization","name":"Der Museumsblog","url":"https:\/\/www.museum.de\/blog\/","logo":{"@type":"ImageObject","inLanguage":"de","@id":"https:\/\/www.museum.de\/blog\/#\/schema\/logo\/image\/","url":"https:\/\/www.museum.de\/blog\/wp-content\/uploads\/2019\/03\/cropped-Audioguide_Titelseite-1.jpg","contentUrl":"https:\/\/www.museum.de\/blog\/wp-content\/uploads\/2019\/03\/cropped-Audioguide_Titelseite-1.jpg","width":512,"height":512,"caption":"Der Museumsblog"},"image":{"@id":"https:\/\/www.museum.de\/blog\/#\/schema\/logo\/image\/"}},{"@type":"Person","@id":"https:\/\/www.museum.de\/blog\/#\/schema\/person\/c09a0aea9ac127965257ff6115957332","name":"Redaktion","description":"Das Redaktionsteam von museum.de","url":"https:\/\/www.museum.de\/blog\/author\/msupervisor\/"}]}},"_links":{"self":[{"href":"https:\/\/www.museum.de\/blog\/wp-json\/wp\/v2\/posts\/3000","targetHints":{"allow":["GET"]}}],"collection":[{"href":"https:\/\/www.museum.de\/blog\/wp-json\/wp\/v2\/posts"}],"about":[{"href":"https:\/\/www.museum.de\/blog\/wp-json\/wp\/v2\/types\/post"}],"author":[{"embeddable":true,"href":"https:\/\/www.museum.de\/blog\/wp-json\/wp\/v2\/users\/1"}],"replies":[{"embeddable":true,"href":"https:\/\/www.museum.de\/blog\/wp-json\/wp\/v2\/comments?post=3000"}],"version-history":[{"count":4,"href":"https:\/\/www.museum.de\/blog\/wp-json\/wp\/v2\/posts\/3000\/revisions"}],"predecessor-version":[{"id":3005,"href":"https:\/\/www.museum.de\/blog\/wp-json\/wp\/v2\/posts\/3000\/revisions\/3005"}],"wp:featuredmedia":[{"embeddable":true,"href":"https:\/\/www.museum.de\/blog\/wp-json\/wp\/v2\/media\/3002"}],"wp:attachment":[{"href":"https:\/\/www.museum.de\/blog\/wp-json\/wp\/v2\/media?parent=3000"}],"wp:term":[{"taxonomy":"category","embeddable":true,"href":"https:\/\/www.museum.de\/blog\/wp-json\/wp\/v2\/categories?post=3000"},{"taxonomy":"post_tag","embeddable":true,"href":"https:\/\/www.museum.de\/blog\/wp-json\/wp\/v2\/tags?post=3000"}],"curies":[{"name":"wp","href":"https:\/\/api.w.org\/{rel}","templated":true}]}}