{"id":319,"date":"2018-07-19T15:48:20","date_gmt":"2018-07-19T15:48:20","guid":{"rendered":"https:\/\/www.museumswelt.de\/blog\/?p=319"},"modified":"2023-08-24T13:07:20","modified_gmt":"2023-08-24T13:07:20","slug":"lange-nacht-der-museen-baden-baden-2018","status":"publish","type":"post","link":"https:\/\/www.museum.de\/blog\/lange-nacht-der-museen-baden-baden-2018\/","title":{"rendered":"Lange Nacht der Museen Baden-Baden 2018"},"content":{"rendered":"\n<p>Auch dieses Jahr findet in Baden-Baden eine Lange Nacht der Museen statt. Am Sa 28. Juli 2018 von 18.00 &#8211; 0.00 Uhr laden die Kulturinstitute ein.<\/p>\n\n\n\n<!--more-->\n\n\n\n<p>Die Museen entlang der Museumsmeile in der Park- und Gartenanlage Lichtentaler Allee, Museum Frieder Burda, Staatliche Kunsthalle, <a href=\"https:\/\/www.museum.de\/museen\/museum-fur-kunst-und-technik-des-19-jahrhunderts\">Museum f\u00fcr Kunst und Technik des 19. Jahrhunderts<\/a> und Stadtmuseum, bieten am Samstag Sonderf\u00fchrungen an. Kunst macht Spa\u00df, deshalb finden in den Museen diverse Musik-Events statt. F\u00fcr die Kinder gibt es ein betreutes Kreativangebot.<\/p>\n\n\n\n<p>Quelle:<br>https:\/\/visit.baden-baden.de\/media\/veranstaltungen\/lange-nacht-der-museen?value=2018-07-28<\/p>\n","protected":false},"excerpt":{"rendered":"<p>Auch dieses Jahr findet in Baden-Baden eine Lange Nacht der Museen statt. Am Sa 28. Juli 2018 von 18.00 &#8211; 0.00 Uhr laden die Kulturinstitute ein.<\/p>\n","protected":false},"author":1,"featured_media":0,"comment_status":"closed","ping_status":"closed","sticky":false,"template":"","format":"status","meta":{"site-sidebar-layout":"default","site-content-layout":"","ast-site-content-layout":"default","site-content-style":"default","site-sidebar-style":"default","ast-global-header-display":"","ast-banner-title-visibility":"","ast-main-header-display":"","ast-hfb-above-header-display":"","ast-hfb-below-header-display":"","ast-hfb-mobile-header-display":"","site-post-title":"","ast-breadcrumbs-content":"","ast-featured-img":"","footer-sml-layout":"","ast-disable-related-posts":"","theme-transparent-header-meta":"","adv-header-id-meta":"","stick-header-meta":"","header-above-stick-meta":"","header-main-stick-meta":"","header-below-stick-meta":"","astra-migrate-meta-layouts":"default","ast-page-background-enabled":"default","ast-page-background-meta":{"desktop":{"background-color":"var(--ast-global-color-4)","background-image":"","background-repeat":"repeat","background-position":"center center","background-size":"auto","background-attachment":"scroll","background-type":"","background-media":"","overlay-type":"","overlay-color":"","overlay-opacity":"","overlay-gradient":""},"tablet":{"background-color":"","background-image":"","background-repeat":"repeat","background-position":"center center","background-size":"auto","background-attachment":"scroll","background-type":"","background-media":"","overlay-type":"","overlay-color":"","overlay-opacity":"","overlay-gradient":""},"mobile":{"background-color":"","background-image":"","background-repeat":"repeat","background-position":"center center","background-size":"auto","background-attachment":"scroll","background-type":"","background-media":"","overlay-type":"","overlay-color":"","overlay-opacity":"","overlay-gradient":""}},"ast-content-background-meta":{"desktop":{"background-color":"var(--ast-global-color-5)","background-image":"","background-repeat":"repeat","background-position":"center center","background-size":"auto","background-attachment":"scroll","background-type":"","background-media":"","overlay-type":"","overlay-color":"","overlay-opacity":"","overlay-gradient":""},"tablet":{"background-color":"var(--ast-global-color-5)","background-image":"","background-repeat":"repeat","background-position":"center center","background-size":"auto","background-attachment":"scroll","background-type":"","background-media":"","overlay-type":"","overlay-color":"","overlay-opacity":"","overlay-gradient":""},"mobile":{"background-color":"var(--ast-global-color-5)","background-image":"","background-repeat":"repeat","background-position":"center center","background-size":"auto","background-attachment":"scroll","background-type":"","background-media":"","overlay-type":"","overlay-color":"","overlay-opacity":"","overlay-gradient":""}},"episode_type":"","audio_file":"","podmotor_file_id":"","podmotor_episode_id":"","cover_image":"","cover_image_id":"","duration":"","filesize":"","filesize_raw":"","date_recorded":"","explicit":"","block":"","itunes_episode_number":"","itunes_title":"","itunes_season_number":"","itunes_episode_type":"","footnotes":""},"categories":[3],"tags":[39,41],"class_list":["post-319","post","type-post","status-publish","format-status","hentry","category-termin","tag-lange-nacht","tag-museumsnacht","post_format-post-format-status"],"yoast_head":"<!-- This site is optimized with the Yoast SEO plugin v27.5 - https:\/\/yoast.com\/product\/yoast-seo-wordpress\/ -->\n<title>Lange Nacht der Museen Baden-Baden 2018 - Der Museumsblog<\/title>\n<meta name=\"robots\" content=\"index, follow, max-snippet:-1, max-image-preview:large, max-video-preview:-1\" \/>\n<link rel=\"canonical\" href=\"https:\/\/www.museum.de\/blog\/lange-nacht-der-museen-baden-baden-2018\/\" \/>\n<meta property=\"og:locale\" content=\"de_DE\" \/>\n<meta property=\"og:type\" content=\"article\" \/>\n<meta property=\"og:title\" content=\"Lange Nacht der Museen Baden-Baden 2018 - Der Museumsblog\" \/>\n<meta property=\"og:description\" content=\"Auch dieses Jahr findet in Baden-Baden eine Lange Nacht der Museen statt. Am Sa 28. Juli 2018 von 18.00 &#8211; 0.00 Uhr laden die Kulturinstitute ein.\" \/>\n<meta property=\"og:url\" content=\"https:\/\/www.museum.de\/blog\/lange-nacht-der-museen-baden-baden-2018\/\" \/>\n<meta property=\"og:site_name\" content=\"Der Museumsblog\" \/>\n<meta property=\"article:published_time\" content=\"2018-07-19T15:48:20+00:00\" \/>\n<meta property=\"article:modified_time\" content=\"2023-08-24T13:07:20+00:00\" \/>\n<meta name=\"author\" content=\"Redaktion\" \/>\n<meta name=\"twitter:card\" content=\"summary_large_image\" \/>\n<script type=\"application\/ld+json\" class=\"yoast-schema-graph\">{\"@context\":\"https:\\\/\\\/schema.org\",\"@graph\":[{\"@type\":\"Article\",\"@id\":\"https:\\\/\\\/www.museum.de\\\/blog\\\/lange-nacht-der-museen-baden-baden-2018\\\/#article\",\"isPartOf\":{\"@id\":\"https:\\\/\\\/www.museum.de\\\/blog\\\/lange-nacht-der-museen-baden-baden-2018\\\/\"},\"author\":{\"name\":\"Redaktion\",\"@id\":\"https:\\\/\\\/www.museum.de\\\/blog\\\/#\\\/schema\\\/person\\\/c09a0aea9ac127965257ff6115957332\"},\"headline\":\"Lange Nacht der Museen Baden-Baden 2018\",\"datePublished\":\"2018-07-19T15:48:20+00:00\",\"dateModified\":\"2023-08-24T13:07:20+00:00\",\"mainEntityOfPage\":{\"@id\":\"https:\\\/\\\/www.museum.de\\\/blog\\\/lange-nacht-der-museen-baden-baden-2018\\\/\"},\"wordCount\":91,\"publisher\":{\"@id\":\"https:\\\/\\\/www.museum.de\\\/blog\\\/#organization\"},\"keywords\":[\"Lange Nacht\",\"Museumsnacht\"],\"articleSection\":[\"Termin\"],\"inLanguage\":\"de\"},{\"@type\":\"WebPage\",\"@id\":\"https:\\\/\\\/www.museum.de\\\/blog\\\/lange-nacht-der-museen-baden-baden-2018\\\/\",\"url\":\"https:\\\/\\\/www.museum.de\\\/blog\\\/lange-nacht-der-museen-baden-baden-2018\\\/\",\"name\":\"Lange Nacht der Museen Baden-Baden 2018 - Der Museumsblog\",\"isPartOf\":{\"@id\":\"https:\\\/\\\/www.museum.de\\\/blog\\\/#website\"},\"datePublished\":\"2018-07-19T15:48:20+00:00\",\"dateModified\":\"2023-08-24T13:07:20+00:00\",\"breadcrumb\":{\"@id\":\"https:\\\/\\\/www.museum.de\\\/blog\\\/lange-nacht-der-museen-baden-baden-2018\\\/#breadcrumb\"},\"inLanguage\":\"de\",\"potentialAction\":[{\"@type\":\"ReadAction\",\"target\":[\"https:\\\/\\\/www.museum.de\\\/blog\\\/lange-nacht-der-museen-baden-baden-2018\\\/\"]}]},{\"@type\":\"BreadcrumbList\",\"@id\":\"https:\\\/\\\/www.museum.de\\\/blog\\\/lange-nacht-der-museen-baden-baden-2018\\\/#breadcrumb\",\"itemListElement\":[{\"@type\":\"ListItem\",\"position\":1,\"name\":\"Startseite\",\"item\":\"https:\\\/\\\/www.museum.de\\\/blog\\\/\"},{\"@type\":\"ListItem\",\"position\":2,\"name\":\"Lange Nacht der Museen Baden-Baden 2018\"}]},{\"@type\":\"WebSite\",\"@id\":\"https:\\\/\\\/www.museum.de\\\/blog\\\/#website\",\"url\":\"https:\\\/\\\/www.museum.de\\\/blog\\\/\",\"name\":\"Der Museumsblog\",\"description\":\"Der Blog\",\"publisher\":{\"@id\":\"https:\\\/\\\/www.museum.de\\\/blog\\\/#organization\"},\"alternateName\":\"museum.de - Der Museumsblog\",\"potentialAction\":[{\"@type\":\"SearchAction\",\"target\":{\"@type\":\"EntryPoint\",\"urlTemplate\":\"https:\\\/\\\/www.museum.de\\\/blog\\\/?s={search_term_string}\"},\"query-input\":{\"@type\":\"PropertyValueSpecification\",\"valueRequired\":true,\"valueName\":\"search_term_string\"}}],\"inLanguage\":\"de\"},{\"@type\":\"Organization\",\"@id\":\"https:\\\/\\\/www.museum.de\\\/blog\\\/#organization\",\"name\":\"Der Museumsblog\",\"url\":\"https:\\\/\\\/www.museum.de\\\/blog\\\/\",\"logo\":{\"@type\":\"ImageObject\",\"inLanguage\":\"de\",\"@id\":\"https:\\\/\\\/www.museum.de\\\/blog\\\/#\\\/schema\\\/logo\\\/image\\\/\",\"url\":\"https:\\\/\\\/www.museum.de\\\/blog\\\/wp-content\\\/uploads\\\/2019\\\/03\\\/cropped-Audioguide_Titelseite-1.jpg\",\"contentUrl\":\"https:\\\/\\\/www.museum.de\\\/blog\\\/wp-content\\\/uploads\\\/2019\\\/03\\\/cropped-Audioguide_Titelseite-1.jpg\",\"width\":512,\"height\":512,\"caption\":\"Der Museumsblog\"},\"image\":{\"@id\":\"https:\\\/\\\/www.museum.de\\\/blog\\\/#\\\/schema\\\/logo\\\/image\\\/\"}},{\"@type\":\"Person\",\"@id\":\"https:\\\/\\\/www.museum.de\\\/blog\\\/#\\\/schema\\\/person\\\/c09a0aea9ac127965257ff6115957332\",\"name\":\"Redaktion\",\"description\":\"Das Redaktionsteam von museum.de\",\"url\":\"https:\\\/\\\/www.museum.de\\\/blog\\\/author\\\/msupervisor\\\/\"}]}<\/script>\n<!-- \/ Yoast SEO plugin. -->","yoast_head_json":{"title":"Lange Nacht der Museen Baden-Baden 2018 - Der Museumsblog","robots":{"index":"index","follow":"follow","max-snippet":"max-snippet:-1","max-image-preview":"max-image-preview:large","max-video-preview":"max-video-preview:-1"},"canonical":"https:\/\/www.museum.de\/blog\/lange-nacht-der-museen-baden-baden-2018\/","og_locale":"de_DE","og_type":"article","og_title":"Lange Nacht der Museen Baden-Baden 2018 - Der Museumsblog","og_description":"Auch dieses Jahr findet in Baden-Baden eine Lange Nacht der Museen statt. Am Sa 28. Juli 2018 von 18.00 &#8211; 0.00 Uhr laden die Kulturinstitute ein.","og_url":"https:\/\/www.museum.de\/blog\/lange-nacht-der-museen-baden-baden-2018\/","og_site_name":"Der Museumsblog","article_published_time":"2018-07-19T15:48:20+00:00","article_modified_time":"2023-08-24T13:07:20+00:00","author":"Redaktion","twitter_card":"summary_large_image","schema":{"@context":"https:\/\/schema.org","@graph":[{"@type":"Article","@id":"https:\/\/www.museum.de\/blog\/lange-nacht-der-museen-baden-baden-2018\/#article","isPartOf":{"@id":"https:\/\/www.museum.de\/blog\/lange-nacht-der-museen-baden-baden-2018\/"},"author":{"name":"Redaktion","@id":"https:\/\/www.museum.de\/blog\/#\/schema\/person\/c09a0aea9ac127965257ff6115957332"},"headline":"Lange Nacht der Museen Baden-Baden 2018","datePublished":"2018-07-19T15:48:20+00:00","dateModified":"2023-08-24T13:07:20+00:00","mainEntityOfPage":{"@id":"https:\/\/www.museum.de\/blog\/lange-nacht-der-museen-baden-baden-2018\/"},"wordCount":91,"publisher":{"@id":"https:\/\/www.museum.de\/blog\/#organization"},"keywords":["Lange Nacht","Museumsnacht"],"articleSection":["Termin"],"inLanguage":"de"},{"@type":"WebPage","@id":"https:\/\/www.museum.de\/blog\/lange-nacht-der-museen-baden-baden-2018\/","url":"https:\/\/www.museum.de\/blog\/lange-nacht-der-museen-baden-baden-2018\/","name":"Lange Nacht der Museen Baden-Baden 2018 - Der Museumsblog","isPartOf":{"@id":"https:\/\/www.museum.de\/blog\/#website"},"datePublished":"2018-07-19T15:48:20+00:00","dateModified":"2023-08-24T13:07:20+00:00","breadcrumb":{"@id":"https:\/\/www.museum.de\/blog\/lange-nacht-der-museen-baden-baden-2018\/#breadcrumb"},"inLanguage":"de","potentialAction":[{"@type":"ReadAction","target":["https:\/\/www.museum.de\/blog\/lange-nacht-der-museen-baden-baden-2018\/"]}]},{"@type":"BreadcrumbList","@id":"https:\/\/www.museum.de\/blog\/lange-nacht-der-museen-baden-baden-2018\/#breadcrumb","itemListElement":[{"@type":"ListItem","position":1,"name":"Startseite","item":"https:\/\/www.museum.de\/blog\/"},{"@type":"ListItem","position":2,"name":"Lange Nacht der Museen Baden-Baden 2018"}]},{"@type":"WebSite","@id":"https:\/\/www.museum.de\/blog\/#website","url":"https:\/\/www.museum.de\/blog\/","name":"Der Museumsblog","description":"Der Blog","publisher":{"@id":"https:\/\/www.museum.de\/blog\/#organization"},"alternateName":"museum.de - Der Museumsblog","potentialAction":[{"@type":"SearchAction","target":{"@type":"EntryPoint","urlTemplate":"https:\/\/www.museum.de\/blog\/?s={search_term_string}"},"query-input":{"@type":"PropertyValueSpecification","valueRequired":true,"valueName":"search_term_string"}}],"inLanguage":"de"},{"@type":"Organization","@id":"https:\/\/www.museum.de\/blog\/#organization","name":"Der Museumsblog","url":"https:\/\/www.museum.de\/blog\/","logo":{"@type":"ImageObject","inLanguage":"de","@id":"https:\/\/www.museum.de\/blog\/#\/schema\/logo\/image\/","url":"https:\/\/www.museum.de\/blog\/wp-content\/uploads\/2019\/03\/cropped-Audioguide_Titelseite-1.jpg","contentUrl":"https:\/\/www.museum.de\/blog\/wp-content\/uploads\/2019\/03\/cropped-Audioguide_Titelseite-1.jpg","width":512,"height":512,"caption":"Der Museumsblog"},"image":{"@id":"https:\/\/www.museum.de\/blog\/#\/schema\/logo\/image\/"}},{"@type":"Person","@id":"https:\/\/www.museum.de\/blog\/#\/schema\/person\/c09a0aea9ac127965257ff6115957332","name":"Redaktion","description":"Das Redaktionsteam von museum.de","url":"https:\/\/www.museum.de\/blog\/author\/msupervisor\/"}]}},"_links":{"self":[{"href":"https:\/\/www.museum.de\/blog\/wp-json\/wp\/v2\/posts\/319","targetHints":{"allow":["GET"]}}],"collection":[{"href":"https:\/\/www.museum.de\/blog\/wp-json\/wp\/v2\/posts"}],"about":[{"href":"https:\/\/www.museum.de\/blog\/wp-json\/wp\/v2\/types\/post"}],"author":[{"embeddable":true,"href":"https:\/\/www.museum.de\/blog\/wp-json\/wp\/v2\/users\/1"}],"replies":[{"embeddable":true,"href":"https:\/\/www.museum.de\/blog\/wp-json\/wp\/v2\/comments?post=319"}],"version-history":[{"count":2,"href":"https:\/\/www.museum.de\/blog\/wp-json\/wp\/v2\/posts\/319\/revisions"}],"predecessor-version":[{"id":2256,"href":"https:\/\/www.museum.de\/blog\/wp-json\/wp\/v2\/posts\/319\/revisions\/2256"}],"wp:attachment":[{"href":"https:\/\/www.museum.de\/blog\/wp-json\/wp\/v2\/media?parent=319"}],"wp:term":[{"taxonomy":"category","embeddable":true,"href":"https:\/\/www.museum.de\/blog\/wp-json\/wp\/v2\/categories?post=319"},{"taxonomy":"post_tag","embeddable":true,"href":"https:\/\/www.museum.de\/blog\/wp-json\/wp\/v2\/tags?post=319"}],"curies":[{"name":"wp","href":"https:\/\/api.w.org\/{rel}","templated":true}]}}