{"id":3254,"date":"2025-01-14T09:39:17","date_gmt":"2025-01-14T09:39:17","guid":{"rendered":"https:\/\/www.museum.de\/blog\/?p=3254"},"modified":"2025-01-14T09:39:20","modified_gmt":"2025-01-14T09:39:20","slug":"wie-van-gogh-nach-groningen-kam-eine-reise-in-die-geschichte-der-modernen-kunst","status":"publish","type":"post","link":"https:\/\/www.museum.de\/blog\/wie-van-gogh-nach-groningen-kam-eine-reise-in-die-geschichte-der-modernen-kunst\/","title":{"rendered":"Wie Van Gogh nach Groningen kam \u2013 Eine Reise in die Geschichte der modernen Kunst"},"content":{"rendered":"\n<div class=\"wp-block-cover\"><span aria-hidden=\"true\" class=\"wp-block-cover__background has-background-dim\" style=\"background-color:#796a74\"><\/span><img decoding=\"async\" width=\"847\" height=\"1024\" loading=\"lazy\" class=\"wp-block-cover__image-background wp-image-3274\" alt=\"Vincent van Gogh Selbstportrait mit Filzhut - van Gogh-Museum Amsterdem\" src=\"https:\/\/www.museum.de\/blog\/wp-content\/uploads\/2025\/01\/Self-portrait_with_Felt_Hat_by_Vincent_van_Gogh.jpg\" data-object-fit=\"cover\" srcset=\"https:\/\/www.museum.de\/blog\/wp-content\/uploads\/2025\/01\/Self-portrait_with_Felt_Hat_by_Vincent_van_Gogh.jpg 847w, https:\/\/www.museum.de\/blog\/wp-content\/uploads\/2025\/01\/Self-portrait_with_Felt_Hat_by_Vincent_van_Gogh-248x300.jpg 248w, https:\/\/www.museum.de\/blog\/wp-content\/uploads\/2025\/01\/Self-portrait_with_Felt_Hat_by_Vincent_van_Gogh-768x928.jpg 768w\" sizes=\"auto, (max-width: 847px) 100vw, 847px\" \/><div class=\"wp-block-cover__inner-container is-layout-constrained wp-block-cover-is-layout-constrained\">\n<h1 class=\"wp-block-heading has-text-align-center has-ast-global-color-5-color has-text-color has-link-color has-x-large-font-size wp-elements-afb3350ed99d2bb6747b08e33daf5e2b\">Wie Van Gogh nach Groningen kam \u2013 Eine Reise in die Geschichte der modernen Kunst<\/h1>\n<\/div><\/div>\n\n\n\n<div style=\"height:100px\" aria-hidden=\"true\" class=\"wp-block-spacer\"><\/div>\n\n\n\n<p>Wussten Sie, dass das Groninger Museum einst eine der gr\u00f6\u00dften Van-Gogh-Ausstellungen aller Zeiten beherbergte? Mit der aktuellen Ausstellung <strong>\u201eWie Van Gogh nach Groningen kam\u201c<\/strong> l\u00e4dt das Museum ein, in eine faszinierende Geschichte einzutauchen. Es ist eine Geschichte von mutigen Vision\u00e4ren, innovativen K\u00fcnstlern und einer Stadt, die Ende des 19. Jahrhunderts zur B\u00fchne f\u00fcr die moderne Kunst wurde.<\/p>\n\n\n\n<hr class=\"wp-block-separator has-alpha-channel-opacity\"\/>\n\n\n\n<h4 class=\"wp-block-heading\">Die Anf\u00e4nge: Groningen im Fin de Si\u00e8cle<\/h4>\n\n\n\n<p>Im sp\u00e4ten 19. Jahrhundert war Groningen eine pulsierende Stadt im Wandel. Neue Bauwerke entstanden, die Eisenbahn brachte Reisende in die Stadt, und der beeindruckende Hauptbahnhof wurde zum Symbol des Fortschritts. Mit der wachsenden Stadtbev\u00f6lkerung kam auch ein wachsender Durst nach Kultur und Kunst.<\/p>\n\n\n\n<p>Im Jahr 1896 formierten sich sechs Studenten der Groninger Universit\u00e4t, darunter der sp\u00e4tere weltber\u00fchmte Historiker Johan Huizinga, und organisierten eine Serie von acht bahnbrechenden Ausstellungen im Groninger Museum. Diese Ausstellungen waren ein Schl\u00fcsselmoment f\u00fcr die Entwicklung der modernen Kunst in den Niederlanden und brachten Werke von K\u00fcnstlern wie Jan Toorop, belgischen Symbolisten und franz\u00f6sischen Grafikern wie Henri de Toulouse-Lautrec nach Groningen.<\/p>\n\n\n\n<hr class=\"wp-block-separator has-alpha-channel-opacity\"\/>\n\n\n\n<h4 class=\"wp-block-heading\">Van Gogh in Groningen: Eine Frau macht den Unterschied<\/h4>\n\n\n\n<p>Ein zentraler Bestandteil der Ausstellung ist die Rolle von Johanna van Gogh-Bonger, der Schw\u00e4gerin von Vincent van Gogh. Nach dem Tod ihres Mannes Theo widmete sich Johanna mit Leidenschaft der Aufgabe, Vincents Werk bekannt zu machen. Die 128 in Groningen ausgestellten Werke Van Goghs stammten gr\u00f6\u00dftenteils aus ihrer Sammlung. Ohne ihren Einfluss und ihre \u00dcberzeugungskraft h\u00e4tte Van Goghs Kunst m\u00f6glicherweise nie den Weg nach Groningen gefunden.<\/p>\n\n\n\n<p>Zus\u00e4tzlich trugen Pers\u00f6nlichkeiten wie der niederl\u00e4ndische Kunstkritiker H.P. Bremmer und der Groninger Professor Gerard Heymans dazu bei, Van Goghs Bedeutung zu erkennen und seine Werke zu sammeln. Diese fr\u00fche Wertsch\u00e4tzung f\u00fcr Van Gogh war ein entscheidender Impuls f\u00fcr die Groninger Kunstakademie Minerva und die K\u00fcnstlergruppe <strong>De Ploeg<\/strong>, deren farbenfroher Stil stark von Van Goghs Werk inspiriert wurde.<\/p>\n\n\n\n<hr class=\"wp-block-separator has-alpha-channel-opacity\"\/>\n\n\n\n<h4 class=\"wp-block-heading\">Mut und Innovation: Eine Ausstellung \u00fcber Pioniere<\/h4>\n\n\n\n<p>Die aktuelle Ausstellung <strong>\u201eWie Van Gogh nach Groningen kam\u201c<\/strong> ist mehr als eine historische Aufarbeitung. Sie ist ein Tribut an die Menschen, die mit Mut und Experimentierfreude die Kunstwelt revolutionierten. Neben Van Goghs Werken zeigt die Ausstellung auch Werke anderer Kunsterneuerer wie Jan Toorop und Henri de Toulouse-Lautrec, die den k\u00fcnstlerischen Zeitgeist des 19. Jahrhunderts widerspiegeln.<\/p>\n\n\n\n<hr class=\"wp-block-separator has-alpha-channel-opacity\"\/>\n\n\n\n<h4 class=\"wp-block-heading\">Ein Must-See f\u00fcr Kunstliebhaber<\/h4>\n\n\n\n<p>Die Ausstellung l\u00e4uft noch bis zum <strong>5. Mai 2025<\/strong> und ist ein Muss f\u00fcr alle, die sich f\u00fcr die Geschichte der modernen Kunst interessieren. Sie bietet nicht nur einen tiefen Einblick in die Anf\u00e4nge der modernen Kunst in Groningen, sondern auch in die Netzwerke und Pers\u00f6nlichkeiten, die diese Entwicklung erm\u00f6glichten.<\/p>\n\n\n\n<hr class=\"wp-block-separator has-alpha-channel-opacity\"\/>\n\n\n\n<h4 class=\"wp-block-heading\">Begleitender Katalog<\/h4>\n\n\n\n<p>Begleitend zur Ausstellung erscheint bei WBooks der Katalog <strong>\u201eWie Van Gogh nach Groningen kam\u201c<\/strong>, der von der Gastkuratorin Mari\u00ebtta Jansen herausgegeben wird. Basierend auf ihrer eigenen Forschung liefert das Buch spannende Details zur Geschichte der modernen Kunst in Groningen und kann direkt im Museumsshop erworben werden.<\/p>\n\n\n\n<hr class=\"wp-block-separator has-alpha-channel-opacity\"\/>\n\n\n\n<h4 class=\"wp-block-heading\">Planen Sie Ihren Besuch<\/h4>\n\n\n\n<p>Das Groninger Museum ist leicht erreichbar und bietet neben der Ausstellung ein einzigartiges architektonisches Ambiente, ein Museumscaf\u00e9 und einen Museumsshop. Besuchen Sie uns und tauchen Sie ein in die faszinierende Geschichte, wie Van Gogh nach Groningen kam!<\/p>\n\n\n\n<p><strong>Adresse:<\/strong><br>Groninger Museum<br>Museumeiland 1<br>9711 ME Groningen, Niederlande<\/p>\n\n\n\n<p><strong>Website:<\/strong> <a href=\"https:\/\/www.groningermuseum.nl\/de\/kunst\/ausstellungen\/hoe-van-gogh-naar-groningen-kwam\">www.groningermuseum.nl<\/a><br><strong>Telefon:<\/strong> +31 50 3 666 555<\/p>\n\n\n\n<p><strong>Titelbild:<\/strong><\/p>\n\n\n\n<p><a href=\"https:\/\/commons.wikimedia.org\/wiki\/File:Self-portrait_with_Felt_Hat_by_Vincent_van_Gogh.jpg\">Self-portrait with Felt Hat by Vincent van Gogh<\/a><\/p>\n","protected":false},"excerpt":{"rendered":"<p>Wussten Sie, dass das Groninger Museum einst eine der gr\u00f6\u00dften Van-Gogh-Ausstellungen aller Zeiten beherbergte? Mit der aktuellen Ausstellung \u201eWie Van Gogh nach Groningen kam\u201c l\u00e4dt das Museum ein, in eine faszinierende Geschichte einzutauchen. Es ist eine Geschichte von mutigen Vision\u00e4ren, innovativen K\u00fcnstlern und einer Stadt, die Ende des 19. Jahrhunderts zur B\u00fchne f\u00fcr die moderne [&hellip;]<\/p>\n","protected":false},"author":1,"featured_media":3274,"comment_status":"closed","ping_status":"closed","sticky":false,"template":"","format":"standard","meta":{"site-sidebar-layout":"default","site-content-layout":"","ast-site-content-layout":"default","site-content-style":"default","site-sidebar-style":"default","ast-global-header-display":"","ast-banner-title-visibility":"","ast-main-header-display":"","ast-hfb-above-header-display":"","ast-hfb-below-header-display":"","ast-hfb-mobile-header-display":"","site-post-title":"disabled","ast-breadcrumbs-content":"","ast-featured-img":"disabled","footer-sml-layout":"","ast-disable-related-posts":"","theme-transparent-header-meta":"","adv-header-id-meta":"","stick-header-meta":"","header-above-stick-meta":"","header-main-stick-meta":"","header-below-stick-meta":"","astra-migrate-meta-layouts":"set","ast-page-background-enabled":"default","ast-page-background-meta":{"desktop":{"background-color":"var(--ast-global-color-4)","background-image":"","background-repeat":"repeat","background-position":"center center","background-size":"auto","background-attachment":"scroll","background-type":"","background-media":"","overlay-type":"","overlay-color":"","overlay-opacity":"","overlay-gradient":""},"tablet":{"background-color":"","background-image":"","background-repeat":"repeat","background-position":"center center","background-size":"auto","background-attachment":"scroll","background-type":"","background-media":"","overlay-type":"","overlay-color":"","overlay-opacity":"","overlay-gradient":""},"mobile":{"background-color":"","background-image":"","background-repeat":"repeat","background-position":"center center","background-size":"auto","background-attachment":"scroll","background-type":"","background-media":"","overlay-type":"","overlay-color":"","overlay-opacity":"","overlay-gradient":""}},"ast-content-background-meta":{"desktop":{"background-color":"var(--ast-global-color-5)","background-image":"","background-repeat":"repeat","background-position":"center center","background-size":"auto","background-attachment":"scroll","background-type":"","background-media":"","overlay-type":"","overlay-color":"","overlay-opacity":"","overlay-gradient":""},"tablet":{"background-color":"var(--ast-global-color-5)","background-image":"","background-repeat":"repeat","background-position":"center center","background-size":"auto","background-attachment":"scroll","background-type":"","background-media":"","overlay-type":"","overlay-color":"","overlay-opacity":"","overlay-gradient":""},"mobile":{"background-color":"var(--ast-global-color-5)","background-image":"","background-repeat":"repeat","background-position":"center center","background-size":"auto","background-attachment":"scroll","background-type":"","background-media":"","overlay-type":"","overlay-color":"","overlay-opacity":"","overlay-gradient":""}},"episode_type":"","audio_file":"","podmotor_file_id":"","podmotor_episode_id":"","cover_image":"","cover_image_id":"","duration":"","filesize":"","filesize_raw":"","date_recorded":"","explicit":"","block":"","itunes_episode_number":"","itunes_title":"","itunes_season_number":"","itunes_episode_type":"","footnotes":""},"categories":[125],"tags":[315,316],"class_list":["post-3254","post","type-post","status-publish","format-standard","has-post-thumbnail","hentry","category-ausstellungen","tag-groeningen","tag-van-gogh"],"yoast_head":"<!-- This site is optimized with the Yoast SEO plugin v27.5 - https:\/\/yoast.com\/product\/yoast-seo-wordpress\/ -->\n<title>Wie Van Gogh nach Groningen kam \u2013 Eine Reise in die Geschichte der modernen Kunst - Der Museumsblog<\/title>\n<meta name=\"robots\" content=\"index, follow, max-snippet:-1, max-image-preview:large, max-video-preview:-1\" \/>\n<link rel=\"canonical\" href=\"https:\/\/www.museum.de\/blog\/wie-van-gogh-nach-groningen-kam-eine-reise-in-die-geschichte-der-modernen-kunst\/\" \/>\n<meta property=\"og:locale\" content=\"de_DE\" \/>\n<meta property=\"og:type\" content=\"article\" \/>\n<meta property=\"og:title\" content=\"Wie Van Gogh nach Groningen kam \u2013 Eine Reise in die Geschichte der modernen Kunst - Der Museumsblog\" \/>\n<meta property=\"og:description\" content=\"Wussten Sie, dass das Groninger Museum einst eine der gr\u00f6\u00dften Van-Gogh-Ausstellungen aller Zeiten beherbergte? Mit der aktuellen Ausstellung \u201eWie Van Gogh nach Groningen kam\u201c l\u00e4dt das Museum ein, in eine faszinierende Geschichte einzutauchen. Es ist eine Geschichte von mutigen Vision\u00e4ren, innovativen K\u00fcnstlern und einer Stadt, die Ende des 19. Jahrhunderts zur B\u00fchne f\u00fcr die moderne [&hellip;]\" \/>\n<meta property=\"og:url\" content=\"https:\/\/www.museum.de\/blog\/wie-van-gogh-nach-groningen-kam-eine-reise-in-die-geschichte-der-modernen-kunst\/\" \/>\n<meta property=\"og:site_name\" content=\"Der Museumsblog\" \/>\n<meta property=\"article:published_time\" content=\"2025-01-14T09:39:17+00:00\" \/>\n<meta property=\"article:modified_time\" content=\"2025-01-14T09:39:20+00:00\" \/>\n<meta property=\"og:image\" content=\"https:\/\/www.museum.de\/blog\/wp-content\/uploads\/2025\/01\/Self-portrait_with_Felt_Hat_by_Vincent_van_Gogh.jpg\" \/>\n\t<meta property=\"og:image:width\" content=\"847\" \/>\n\t<meta property=\"og:image:height\" content=\"1024\" \/>\n\t<meta property=\"og:image:type\" content=\"image\/jpeg\" \/>\n<meta name=\"author\" content=\"Redaktion\" \/>\n<meta name=\"twitter:card\" content=\"summary_large_image\" \/>\n<script type=\"application\/ld+json\" class=\"yoast-schema-graph\">{\"@context\":\"https:\\\/\\\/schema.org\",\"@graph\":[{\"@type\":\"Article\",\"@id\":\"https:\\\/\\\/www.museum.de\\\/blog\\\/wie-van-gogh-nach-groningen-kam-eine-reise-in-die-geschichte-der-modernen-kunst\\\/#article\",\"isPartOf\":{\"@id\":\"https:\\\/\\\/www.museum.de\\\/blog\\\/wie-van-gogh-nach-groningen-kam-eine-reise-in-die-geschichte-der-modernen-kunst\\\/\"},\"author\":{\"name\":\"Redaktion\",\"@id\":\"https:\\\/\\\/www.museum.de\\\/blog\\\/#\\\/schema\\\/person\\\/c09a0aea9ac127965257ff6115957332\"},\"headline\":\"Wie Van Gogh nach Groningen kam \u2013 Eine Reise in die Geschichte der modernen Kunst\",\"datePublished\":\"2025-01-14T09:39:17+00:00\",\"dateModified\":\"2025-01-14T09:39:20+00:00\",\"mainEntityOfPage\":{\"@id\":\"https:\\\/\\\/www.museum.de\\\/blog\\\/wie-van-gogh-nach-groningen-kam-eine-reise-in-die-geschichte-der-modernen-kunst\\\/\"},\"wordCount\":586,\"publisher\":{\"@id\":\"https:\\\/\\\/www.museum.de\\\/blog\\\/#organization\"},\"image\":{\"@id\":\"https:\\\/\\\/www.museum.de\\\/blog\\\/wie-van-gogh-nach-groningen-kam-eine-reise-in-die-geschichte-der-modernen-kunst\\\/#primaryimage\"},\"thumbnailUrl\":\"https:\\\/\\\/www.museum.de\\\/blog\\\/wp-content\\\/uploads\\\/2025\\\/01\\\/Self-portrait_with_Felt_Hat_by_Vincent_van_Gogh.jpg\",\"keywords\":[\"Groeningen\",\"van Gogh\"],\"articleSection\":[\"Ausstellungen\"],\"inLanguage\":\"de\"},{\"@type\":\"WebPage\",\"@id\":\"https:\\\/\\\/www.museum.de\\\/blog\\\/wie-van-gogh-nach-groningen-kam-eine-reise-in-die-geschichte-der-modernen-kunst\\\/\",\"url\":\"https:\\\/\\\/www.museum.de\\\/blog\\\/wie-van-gogh-nach-groningen-kam-eine-reise-in-die-geschichte-der-modernen-kunst\\\/\",\"name\":\"Wie Van Gogh nach Groningen kam \u2013 Eine Reise in die Geschichte der modernen Kunst - Der Museumsblog\",\"isPartOf\":{\"@id\":\"https:\\\/\\\/www.museum.de\\\/blog\\\/#website\"},\"primaryImageOfPage\":{\"@id\":\"https:\\\/\\\/www.museum.de\\\/blog\\\/wie-van-gogh-nach-groningen-kam-eine-reise-in-die-geschichte-der-modernen-kunst\\\/#primaryimage\"},\"image\":{\"@id\":\"https:\\\/\\\/www.museum.de\\\/blog\\\/wie-van-gogh-nach-groningen-kam-eine-reise-in-die-geschichte-der-modernen-kunst\\\/#primaryimage\"},\"thumbnailUrl\":\"https:\\\/\\\/www.museum.de\\\/blog\\\/wp-content\\\/uploads\\\/2025\\\/01\\\/Self-portrait_with_Felt_Hat_by_Vincent_van_Gogh.jpg\",\"datePublished\":\"2025-01-14T09:39:17+00:00\",\"dateModified\":\"2025-01-14T09:39:20+00:00\",\"breadcrumb\":{\"@id\":\"https:\\\/\\\/www.museum.de\\\/blog\\\/wie-van-gogh-nach-groningen-kam-eine-reise-in-die-geschichte-der-modernen-kunst\\\/#breadcrumb\"},\"inLanguage\":\"de\",\"potentialAction\":[{\"@type\":\"ReadAction\",\"target\":[\"https:\\\/\\\/www.museum.de\\\/blog\\\/wie-van-gogh-nach-groningen-kam-eine-reise-in-die-geschichte-der-modernen-kunst\\\/\"]}]},{\"@type\":\"ImageObject\",\"inLanguage\":\"de\",\"@id\":\"https:\\\/\\\/www.museum.de\\\/blog\\\/wie-van-gogh-nach-groningen-kam-eine-reise-in-die-geschichte-der-modernen-kunst\\\/#primaryimage\",\"url\":\"https:\\\/\\\/www.museum.de\\\/blog\\\/wp-content\\\/uploads\\\/2025\\\/01\\\/Self-portrait_with_Felt_Hat_by_Vincent_van_Gogh.jpg\",\"contentUrl\":\"https:\\\/\\\/www.museum.de\\\/blog\\\/wp-content\\\/uploads\\\/2025\\\/01\\\/Self-portrait_with_Felt_Hat_by_Vincent_van_Gogh.jpg\",\"width\":847,\"height\":1024,\"caption\":\"Vincent van Gogh Selbstportrait mit Filzhut - van Gogh-Museum Amsterdem\"},{\"@type\":\"BreadcrumbList\",\"@id\":\"https:\\\/\\\/www.museum.de\\\/blog\\\/wie-van-gogh-nach-groningen-kam-eine-reise-in-die-geschichte-der-modernen-kunst\\\/#breadcrumb\",\"itemListElement\":[{\"@type\":\"ListItem\",\"position\":1,\"name\":\"Startseite\",\"item\":\"https:\\\/\\\/www.museum.de\\\/blog\\\/\"},{\"@type\":\"ListItem\",\"position\":2,\"name\":\"Wie Van Gogh nach Groningen kam \u2013 Eine Reise in die Geschichte der modernen Kunst\"}]},{\"@type\":\"WebSite\",\"@id\":\"https:\\\/\\\/www.museum.de\\\/blog\\\/#website\",\"url\":\"https:\\\/\\\/www.museum.de\\\/blog\\\/\",\"name\":\"Der Museumsblog\",\"description\":\"Der Blog\",\"publisher\":{\"@id\":\"https:\\\/\\\/www.museum.de\\\/blog\\\/#organization\"},\"alternateName\":\"museum.de - Der Museumsblog\",\"potentialAction\":[{\"@type\":\"SearchAction\",\"target\":{\"@type\":\"EntryPoint\",\"urlTemplate\":\"https:\\\/\\\/www.museum.de\\\/blog\\\/?s={search_term_string}\"},\"query-input\":{\"@type\":\"PropertyValueSpecification\",\"valueRequired\":true,\"valueName\":\"search_term_string\"}}],\"inLanguage\":\"de\"},{\"@type\":\"Organization\",\"@id\":\"https:\\\/\\\/www.museum.de\\\/blog\\\/#organization\",\"name\":\"Der Museumsblog\",\"url\":\"https:\\\/\\\/www.museum.de\\\/blog\\\/\",\"logo\":{\"@type\":\"ImageObject\",\"inLanguage\":\"de\",\"@id\":\"https:\\\/\\\/www.museum.de\\\/blog\\\/#\\\/schema\\\/logo\\\/image\\\/\",\"url\":\"https:\\\/\\\/www.museum.de\\\/blog\\\/wp-content\\\/uploads\\\/2019\\\/03\\\/cropped-Audioguide_Titelseite-1.jpg\",\"contentUrl\":\"https:\\\/\\\/www.museum.de\\\/blog\\\/wp-content\\\/uploads\\\/2019\\\/03\\\/cropped-Audioguide_Titelseite-1.jpg\",\"width\":512,\"height\":512,\"caption\":\"Der Museumsblog\"},\"image\":{\"@id\":\"https:\\\/\\\/www.museum.de\\\/blog\\\/#\\\/schema\\\/logo\\\/image\\\/\"}},{\"@type\":\"Person\",\"@id\":\"https:\\\/\\\/www.museum.de\\\/blog\\\/#\\\/schema\\\/person\\\/c09a0aea9ac127965257ff6115957332\",\"name\":\"Redaktion\",\"description\":\"Das Redaktionsteam von museum.de\",\"url\":\"https:\\\/\\\/www.museum.de\\\/blog\\\/author\\\/msupervisor\\\/\"}]}<\/script>\n<!-- \/ Yoast SEO plugin. -->","yoast_head_json":{"title":"Wie Van Gogh nach Groningen kam \u2013 Eine Reise in die Geschichte der modernen Kunst - Der Museumsblog","robots":{"index":"index","follow":"follow","max-snippet":"max-snippet:-1","max-image-preview":"max-image-preview:large","max-video-preview":"max-video-preview:-1"},"canonical":"https:\/\/www.museum.de\/blog\/wie-van-gogh-nach-groningen-kam-eine-reise-in-die-geschichte-der-modernen-kunst\/","og_locale":"de_DE","og_type":"article","og_title":"Wie Van Gogh nach Groningen kam \u2013 Eine Reise in die Geschichte der modernen Kunst - Der Museumsblog","og_description":"Wussten Sie, dass das Groninger Museum einst eine der gr\u00f6\u00dften Van-Gogh-Ausstellungen aller Zeiten beherbergte? Mit der aktuellen Ausstellung \u201eWie Van Gogh nach Groningen kam\u201c l\u00e4dt das Museum ein, in eine faszinierende Geschichte einzutauchen. Es ist eine Geschichte von mutigen Vision\u00e4ren, innovativen K\u00fcnstlern und einer Stadt, die Ende des 19. Jahrhunderts zur B\u00fchne f\u00fcr die moderne [&hellip;]","og_url":"https:\/\/www.museum.de\/blog\/wie-van-gogh-nach-groningen-kam-eine-reise-in-die-geschichte-der-modernen-kunst\/","og_site_name":"Der Museumsblog","article_published_time":"2025-01-14T09:39:17+00:00","article_modified_time":"2025-01-14T09:39:20+00:00","og_image":[{"width":847,"height":1024,"url":"https:\/\/www.museum.de\/blog\/wp-content\/uploads\/2025\/01\/Self-portrait_with_Felt_Hat_by_Vincent_van_Gogh.jpg","type":"image\/jpeg"}],"author":"Redaktion","twitter_card":"summary_large_image","schema":{"@context":"https:\/\/schema.org","@graph":[{"@type":"Article","@id":"https:\/\/www.museum.de\/blog\/wie-van-gogh-nach-groningen-kam-eine-reise-in-die-geschichte-der-modernen-kunst\/#article","isPartOf":{"@id":"https:\/\/www.museum.de\/blog\/wie-van-gogh-nach-groningen-kam-eine-reise-in-die-geschichte-der-modernen-kunst\/"},"author":{"name":"Redaktion","@id":"https:\/\/www.museum.de\/blog\/#\/schema\/person\/c09a0aea9ac127965257ff6115957332"},"headline":"Wie Van Gogh nach Groningen kam \u2013 Eine Reise in die Geschichte der modernen Kunst","datePublished":"2025-01-14T09:39:17+00:00","dateModified":"2025-01-14T09:39:20+00:00","mainEntityOfPage":{"@id":"https:\/\/www.museum.de\/blog\/wie-van-gogh-nach-groningen-kam-eine-reise-in-die-geschichte-der-modernen-kunst\/"},"wordCount":586,"publisher":{"@id":"https:\/\/www.museum.de\/blog\/#organization"},"image":{"@id":"https:\/\/www.museum.de\/blog\/wie-van-gogh-nach-groningen-kam-eine-reise-in-die-geschichte-der-modernen-kunst\/#primaryimage"},"thumbnailUrl":"https:\/\/www.museum.de\/blog\/wp-content\/uploads\/2025\/01\/Self-portrait_with_Felt_Hat_by_Vincent_van_Gogh.jpg","keywords":["Groeningen","van Gogh"],"articleSection":["Ausstellungen"],"inLanguage":"de"},{"@type":"WebPage","@id":"https:\/\/www.museum.de\/blog\/wie-van-gogh-nach-groningen-kam-eine-reise-in-die-geschichte-der-modernen-kunst\/","url":"https:\/\/www.museum.de\/blog\/wie-van-gogh-nach-groningen-kam-eine-reise-in-die-geschichte-der-modernen-kunst\/","name":"Wie Van Gogh nach Groningen kam \u2013 Eine Reise in die Geschichte der modernen Kunst - Der Museumsblog","isPartOf":{"@id":"https:\/\/www.museum.de\/blog\/#website"},"primaryImageOfPage":{"@id":"https:\/\/www.museum.de\/blog\/wie-van-gogh-nach-groningen-kam-eine-reise-in-die-geschichte-der-modernen-kunst\/#primaryimage"},"image":{"@id":"https:\/\/www.museum.de\/blog\/wie-van-gogh-nach-groningen-kam-eine-reise-in-die-geschichte-der-modernen-kunst\/#primaryimage"},"thumbnailUrl":"https:\/\/www.museum.de\/blog\/wp-content\/uploads\/2025\/01\/Self-portrait_with_Felt_Hat_by_Vincent_van_Gogh.jpg","datePublished":"2025-01-14T09:39:17+00:00","dateModified":"2025-01-14T09:39:20+00:00","breadcrumb":{"@id":"https:\/\/www.museum.de\/blog\/wie-van-gogh-nach-groningen-kam-eine-reise-in-die-geschichte-der-modernen-kunst\/#breadcrumb"},"inLanguage":"de","potentialAction":[{"@type":"ReadAction","target":["https:\/\/www.museum.de\/blog\/wie-van-gogh-nach-groningen-kam-eine-reise-in-die-geschichte-der-modernen-kunst\/"]}]},{"@type":"ImageObject","inLanguage":"de","@id":"https:\/\/www.museum.de\/blog\/wie-van-gogh-nach-groningen-kam-eine-reise-in-die-geschichte-der-modernen-kunst\/#primaryimage","url":"https:\/\/www.museum.de\/blog\/wp-content\/uploads\/2025\/01\/Self-portrait_with_Felt_Hat_by_Vincent_van_Gogh.jpg","contentUrl":"https:\/\/www.museum.de\/blog\/wp-content\/uploads\/2025\/01\/Self-portrait_with_Felt_Hat_by_Vincent_van_Gogh.jpg","width":847,"height":1024,"caption":"Vincent van Gogh Selbstportrait mit Filzhut - van Gogh-Museum Amsterdem"},{"@type":"BreadcrumbList","@id":"https:\/\/www.museum.de\/blog\/wie-van-gogh-nach-groningen-kam-eine-reise-in-die-geschichte-der-modernen-kunst\/#breadcrumb","itemListElement":[{"@type":"ListItem","position":1,"name":"Startseite","item":"https:\/\/www.museum.de\/blog\/"},{"@type":"ListItem","position":2,"name":"Wie Van Gogh nach Groningen kam \u2013 Eine Reise in die Geschichte der modernen Kunst"}]},{"@type":"WebSite","@id":"https:\/\/www.museum.de\/blog\/#website","url":"https:\/\/www.museum.de\/blog\/","name":"Der Museumsblog","description":"Der Blog","publisher":{"@id":"https:\/\/www.museum.de\/blog\/#organization"},"alternateName":"museum.de - Der Museumsblog","potentialAction":[{"@type":"SearchAction","target":{"@type":"EntryPoint","urlTemplate":"https:\/\/www.museum.de\/blog\/?s={search_term_string}"},"query-input":{"@type":"PropertyValueSpecification","valueRequired":true,"valueName":"search_term_string"}}],"inLanguage":"de"},{"@type":"Organization","@id":"https:\/\/www.museum.de\/blog\/#organization","name":"Der Museumsblog","url":"https:\/\/www.museum.de\/blog\/","logo":{"@type":"ImageObject","inLanguage":"de","@id":"https:\/\/www.museum.de\/blog\/#\/schema\/logo\/image\/","url":"https:\/\/www.museum.de\/blog\/wp-content\/uploads\/2019\/03\/cropped-Audioguide_Titelseite-1.jpg","contentUrl":"https:\/\/www.museum.de\/blog\/wp-content\/uploads\/2019\/03\/cropped-Audioguide_Titelseite-1.jpg","width":512,"height":512,"caption":"Der Museumsblog"},"image":{"@id":"https:\/\/www.museum.de\/blog\/#\/schema\/logo\/image\/"}},{"@type":"Person","@id":"https:\/\/www.museum.de\/blog\/#\/schema\/person\/c09a0aea9ac127965257ff6115957332","name":"Redaktion","description":"Das Redaktionsteam von museum.de","url":"https:\/\/www.museum.de\/blog\/author\/msupervisor\/"}]}},"_links":{"self":[{"href":"https:\/\/www.museum.de\/blog\/wp-json\/wp\/v2\/posts\/3254","targetHints":{"allow":["GET"]}}],"collection":[{"href":"https:\/\/www.museum.de\/blog\/wp-json\/wp\/v2\/posts"}],"about":[{"href":"https:\/\/www.museum.de\/blog\/wp-json\/wp\/v2\/types\/post"}],"author":[{"embeddable":true,"href":"https:\/\/www.museum.de\/blog\/wp-json\/wp\/v2\/users\/1"}],"replies":[{"embeddable":true,"href":"https:\/\/www.museum.de\/blog\/wp-json\/wp\/v2\/comments?post=3254"}],"version-history":[{"count":2,"href":"https:\/\/www.museum.de\/blog\/wp-json\/wp\/v2\/posts\/3254\/revisions"}],"predecessor-version":[{"id":3275,"href":"https:\/\/www.museum.de\/blog\/wp-json\/wp\/v2\/posts\/3254\/revisions\/3275"}],"wp:featuredmedia":[{"embeddable":true,"href":"https:\/\/www.museum.de\/blog\/wp-json\/wp\/v2\/media\/3274"}],"wp:attachment":[{"href":"https:\/\/www.museum.de\/blog\/wp-json\/wp\/v2\/media?parent=3254"}],"wp:term":[{"taxonomy":"category","embeddable":true,"href":"https:\/\/www.museum.de\/blog\/wp-json\/wp\/v2\/categories?post=3254"},{"taxonomy":"post_tag","embeddable":true,"href":"https:\/\/www.museum.de\/blog\/wp-json\/wp\/v2\/tags?post=3254"}],"curies":[{"name":"wp","href":"https:\/\/api.w.org\/{rel}","templated":true}]}}