{"id":343,"date":"2018-07-22T09:07:41","date_gmt":"2018-07-22T09:07:41","guid":{"rendered":"https:\/\/www.museumswelt.de\/blog\/?p=343"},"modified":"2019-10-28T12:08:10","modified_gmt":"2019-10-28T12:08:10","slug":"angelika-kauffmann-unbekannte-schaetze-aus-vorarlberger-privatsammlungen","status":"publish","type":"post","link":"https:\/\/www.museum.de\/blog\/angelika-kauffmann-unbekannte-schaetze-aus-vorarlberger-privatsammlungen\/","title":{"rendered":"Angelika Kauffmann &#8211; Unbekannte Sch\u00e4tze aus Vorarlberger Privatsammlungen"},"content":{"rendered":"<p><strong>Eine Ausstellung der Kulturstiftung Dessau-W\u00f6rlitz vom 8. Juli bis 21. Oktober 2018<\/strong><\/p>\n<p>Vom 8. Juli bis 21. Oktober l\u00c3\u00a4dt die Kulturstiftung Dessau-W\u00f6rlitz in das <a href=\"https:\/\/www.museum.de\/museen\/schloss-und-park-oranienbaum\">Haus der F\u00fcrstin in W\u00f6rlitz<\/a> ein, um die umfassende Ausstellung zur schweizerisch-\u00f6sterreichischen Malerin Angelika Kauffmann zu besuchen. <!--more-->Die Pr\u00e4sentation bedeutender Werke der gro\u00dfen Vertreterin des Klassizismus ist der Kooperation zwischen zwei \u00f6sterreichischen Privatsammlungen aus Vorarlberg, dem UNESCO-Welterbe Gartenreich Dessau-W\u00f6rlitz in Sachsen-Anhalt, dem Bregenzer vorarlberg museum, dem Angelika Kauffmann Museum in Schwarzenberg im Bregenzerwald und dem Angelika Kauffmann Research Project_AKRP zu verdanken.<\/p>\n<p>1741 im schweizerischen Chur geboren, wurde Angelika Kauffmann in Italien und in Vorarlberg im Bregenzerwald ausgebildet. Bereits in jungen Jahren kn\u00f6pfte sie europaweit Kontakte bis in die h\u00f6chsten Kreise und unterhielt zuerst ein erfolgreiches Atelier in London, sp\u00e4ter dann in Rom, wo sie ebenso einen vielbesuchten Salon f\u00fchrte.<\/p>\n<p>Ein Gro\u00dfteil der in Vorarlberger Privatsammlungen befindlichen Werke von Angelika Kauffmann (1741-807) wird erstmals in der Ausstellung pr\u00e4sentiert. Rund 150 bedeutende Kunstwerke.<\/p>\n<p>Gem\u00e4lde, Zeichnungen, Druckgraphiken, Skulpturen und schriftliche Dokumente &#8211; verdeutlichen die Vielfalt des k\u00fcnstlerischen Wirkens und Lebens der Malerin. Eine Auswahl von hochkar\u00e4tigen Leihgaben aus \u00f6ffentlichen und weiteren privaten Sammlungen vertiefen die Auseinandersetzung mit Angelika Kauffmann. Nach der &#8222;Erstausgabe&#8220; der Ausstellung im Gartenreich wird sie 2019 bei den Partnern des vorarlberg museums in Bregenz und des Angelika Kauffmann Museums in Schwarzenberg zu sehen sein.<\/p>\n<p>Das Herausragende der Schau ist die besondere Beziehung der K\u00fcnstlerin zum Gartenreich Dessau-W\u00f6rlitz und die Seelenverwandtschaft mit F\u00fcrstin Louise von Anhalt-Dessau (1750-1811). Diese begegnete der Malerin erstmals w\u00c3\u00a4hrend ihrer Reise mit F\u00fcrst Franz 1775 in England. Im Schloss Luisium kam ihre Verehrung f\u00fcr Angelika Kauffmann durch die Pr\u00e4sentation zahlreicher Graphiken und eines bedeutenden Gem\u00e4ldes bestens zum Ausdruck. W\u00e4hrend die Stiftung heute noch \u00fcber das von Angelika Kauffmann gemalte Portr\u00e4t der Louise verf\u00e4gt, wurde das Bild <i>Amor und Psyche<\/i>vor rund 100 Jahren verkauft. F\u00fcr die Dauer der Ausstellung kehrt dieses Gem\u00e4lde aus dem Kunsthaus Z\u00fcrich wieder in das Gartenreich zur\u00fcck.<\/p>\n<p>Gleichzeitig und gleichsam als Kontrapunkt zu der Angelika-Kauffmann-Ausstellung wird vor dem Haus der F\u00fcrstin im W\u00f6rlitzer Kirchhof die von dem zeitgen\u00f6ssischen \u00f6sterreichischen K\u00fcnstler Peter Baldinger gestaltete Garten-Installation <i>Amor sucht Psyche <\/i>pr\u00e4sentiert, die sich auf eines der Hauptwerke der Ausstellung bezieht. Ein weiterer Teil der Intervention des K\u00fcnstlers ist im Park Luisium zu sehen.<\/p>\n<p><strong>Adresse<\/strong><br \/>\nHaus der F\u00fcrstin, Kirchhof am Schloss W\u00f6rlitz, D-06785 Oranienbaum-W\u00f6rlitz\/Ortsteil W\u00f6rlitz<\/p>\n<p><strong>\u00d6ffnungszeiten<\/strong><br \/>\n8. Juli bis 21. Oktober 2018<br \/>\nDienstag bis Sonntag und Feiertage: 10 &#8211; 17 Uhr<\/p>\n<p><strong>Eintritt<\/strong><br \/>\n6,00 Kombinationskarte mit dem Schloss Luisium 10,00<br \/>\nErm\u00e4\u00dfgter Eintritt:<br \/>\n5,00\u00a0 Kombinationskarte mit dem Schloss Luisium 8,00\u00a0 Erm\u00e4\u00dfgung gilt f\u00fcr Gruppen ab 15 Personen, Studierende bis 25 Jahre, Auszubildende, Arbeitslose und Schwerbehinderte.<br \/>\nKinder bis 16 Jahre in Begleitung eines Erwachsenen haben freien Eintritt; Sch\u00fclerinnen und Sch\u00fcler in Gruppen mit max. 3 Begleitpersonen 1,50 \/Person<\/p>\n<p><strong>Sonderveranstaltungen zur Ausstellung<\/strong><br \/>\n19. September 2018, 17 Uhr Haus der F\u00fcrstin F\u00fchrung durch die Ausstellung mit Ingo Pfeifer, Abteilung Schl\u00f6sser und Sammlungen<br \/>\nEintritt: 7,50<\/p>\n<p>21. September 2018, 18.30 Uhr<br \/>\nSchloss Luisium, Festsaal<br \/>\nVortrag zur Beziehung von Angelika Kauffmann und F\u00fcrstin Louise mit anschlie\u00c3\u0178ender Lesung aus dem Tagebuch der F\u00fcrstin mit Wolfgang Savelsberg, Grita Quilitzsch und Uwe Quilitzsch<br \/>\nEintritt: 7,50<\/p>\n<p>14. Oktober 2018, 15 Uhr<br \/>\nHaus der F\u00fcrstin<br \/>\nF\u00fchrung durch die Ausstellung mit der Kuratorin Bettina Baumg\u00fcrtel, Leiterin des Angelika Kauffmann Research Project_AKRP<br \/>\nEintritt: 7,50<\/p>\n<p>18. Oktober 2018, 17 Uhr<br \/>\nHaus der F\u00fcrstin<br \/>\nF\u00fchrung durch die Ausstellung mit Wolfgang Savelsberg, Abteilung Schl\u00f6sser und Sammlungen<br \/>\nEintritt: 7,50<\/p>\n<div id='gallery-1' class='gallery galleryid-343 gallery-columns-3 gallery-size-thumbnail'><figure class='gallery-item'>\n\t\t\t<div class='gallery-icon portrait'>\n\t\t\t\t<a href='https:\/\/www.museum.de\/blog\/wp-content\/uploads\/2018\/07\/2018_07_22_Abb.1-AK-Bildnis-Louise-1.jpg'><img decoding=\"async\" loading=\"lazy\" width=\"150\" height=\"150\" src=\"https:\/\/www.museum.de\/blog\/wp-content\/uploads\/2018\/07\/2018_07_22_Abb.1-AK-Bildnis-Louise-1-150x150.jpg\" class=\"attachment-thumbnail size-thumbnail\" alt=\"\" aria-describedby=\"gallery-1-338\" \/><\/a>\n\t\t\t<\/div>\n\t\t\t\t<figcaption class='wp-caption-text gallery-caption' id='gallery-1-338'>\n\t\t\t\tAngelika Kauffmann, Bildnis der Louise Herzogin von Anhalt-Dessau, 1796,\n\t\t\t\t<\/figcaption><\/figure><figure class='gallery-item'>\n\t\t\t<div class='gallery-icon portrait'>\n\t\t\t\t<a href='https:\/\/www.museum.de\/blog\/wp-content\/uploads\/2018\/07\/2018_07_22_Abb.2-AK-Amor-und-Psyche-1.jpg'><img decoding=\"async\" loading=\"lazy\" width=\"150\" height=\"150\" src=\"https:\/\/www.museum.de\/blog\/wp-content\/uploads\/2018\/07\/2018_07_22_Abb.2-AK-Amor-und-Psyche-1-150x150.jpg\" class=\"attachment-thumbnail size-thumbnail\" alt=\"\" aria-describedby=\"gallery-1-339\" \/><\/a>\n\t\t\t<\/div>\n\t\t\t\t<figcaption class='wp-caption-text gallery-caption' id='gallery-1-339'>\n\t\t\t\tAngelika Kauffmann, Amor und Psyche, 1792, \u00d6l\/Leinwand, Z\u00fcrich, Kunsthaus Z\u00fcrich\n\t\t\t\t<\/figcaption><\/figure><figure class='gallery-item'>\n\t\t\t<div class='gallery-icon portrait'>\n\t\t\t\t<a href='https:\/\/www.museum.de\/blog\/wp-content\/uploads\/2018\/07\/2018_07_22_Abb.3-AK-Selbstbildnis-1.jpg'><img decoding=\"async\" loading=\"lazy\" width=\"150\" height=\"150\" src=\"https:\/\/www.museum.de\/blog\/wp-content\/uploads\/2018\/07\/2018_07_22_Abb.3-AK-Selbstbildnis-1-150x150.jpg\" class=\"attachment-thumbnail size-thumbnail\" alt=\"\" aria-describedby=\"gallery-1-340\" \/><\/a>\n\t\t\t<\/div>\n\t\t\t\t<figcaption class='wp-caption-text gallery-caption' id='gallery-1-340'>\n\t\t\t\tAngelika Kauffmann, Selbstbildnis, um 1764, \u00c3\u2013l\/Leinwand, Vorarlberg, Privatsammlung,\nFoto: Markus Tretter\n\t\t\t\t<\/figcaption><\/figure><figure class='gallery-item'>\n\t\t\t<div class='gallery-icon portrait'>\n\t\t\t\t<a href='https:\/\/www.museum.de\/blog\/wp-content\/uploads\/2018\/07\/2018_07_22_Abb.4-AK-Flora-1.jpg'><img decoding=\"async\" loading=\"lazy\" width=\"150\" height=\"150\" src=\"https:\/\/www.museum.de\/blog\/wp-content\/uploads\/2018\/07\/2018_07_22_Abb.4-AK-Flora-1-150x150.jpg\" class=\"attachment-thumbnail size-thumbnail\" alt=\"\" aria-describedby=\"gallery-1-341\" \/><\/a>\n\t\t\t<\/div>\n\t\t\t\t<figcaption class='wp-caption-text gallery-caption' id='gallery-1-341'>\n\t\t\t\tAngelika Kauffmann, Flora, 1790, \u00d6l\/Leinwand, Vorarlberg, Privatsammlung, Foto:Markus Tretter\n\t\t\t\t<\/figcaption><\/figure><figure class='gallery-item'>\n\t\t\t<div class='gallery-icon landscape'>\n\t\t\t\t<a href='https:\/\/www.museum.de\/blog\/wp-content\/uploads\/2018\/07\/2018_07_22_Abb5Paulus.jpg'><img decoding=\"async\" loading=\"lazy\" width=\"150\" height=\"150\" src=\"https:\/\/www.museum.de\/blog\/wp-content\/uploads\/2018\/07\/2018_07_22_Abb5Paulus-150x150.jpg\" class=\"attachment-thumbnail size-thumbnail\" alt=\"\" aria-describedby=\"gallery-1-342\" \/><\/a>\n\t\t\t<\/div>\n\t\t\t\t<figcaption class='wp-caption-text gallery-caption' id='gallery-1-342'>\n\t\t\t\tAngelika Kauffmann, Paulus Aemilius, 1798, Zeichnung, Privatbesitz, Foto: Sebastian\nKaps\n\t\t\t\t<\/figcaption><\/figure>\n\t\t<\/div>\n\n","protected":false},"excerpt":{"rendered":"<p>Eine Ausstellung der Kulturstiftung Dessau-W\u00f6rlitz vom 8. Juli bis 21. Oktober 2018 Vom 8. Juli bis 21. Oktober l\u00c3\u00a4dt die Kulturstiftung Dessau-W\u00f6rlitz in das Haus der F\u00fcrstin in W\u00f6rlitz ein, um die umfassende Ausstellung zur schweizerisch-\u00f6sterreichischen Malerin Angelika Kauffmann zu besuchen.<\/p>\n","protected":false},"author":2,"featured_media":339,"comment_status":"closed","ping_status":"closed","sticky":false,"template":"","format":"standard","meta":{"site-sidebar-layout":"default","site-content-layout":"","ast-site-content-layout":"default","site-content-style":"default","site-sidebar-style":"default","ast-global-header-display":"","ast-banner-title-visibility":"","ast-main-header-display":"","ast-hfb-above-header-display":"","ast-hfb-below-header-display":"","ast-hfb-mobile-header-display":"","site-post-title":"","ast-breadcrumbs-content":"","ast-featured-img":"","footer-sml-layout":"","ast-disable-related-posts":"","theme-transparent-header-meta":"","adv-header-id-meta":"","stick-header-meta":"","header-above-stick-meta":"","header-main-stick-meta":"","header-below-stick-meta":"","astra-migrate-meta-layouts":"default","ast-page-background-enabled":"default","ast-page-background-meta":{"desktop":{"background-color":"var(--ast-global-color-4)","background-image":"","background-repeat":"repeat","background-position":"center center","background-size":"auto","background-attachment":"scroll","background-type":"","background-media":"","overlay-type":"","overlay-color":"","overlay-opacity":"","overlay-gradient":""},"tablet":{"background-color":"","background-image":"","background-repeat":"repeat","background-position":"center center","background-size":"auto","background-attachment":"scroll","background-type":"","background-media":"","overlay-type":"","overlay-color":"","overlay-opacity":"","overlay-gradient":""},"mobile":{"background-color":"","background-image":"","background-repeat":"repeat","background-position":"center center","background-size":"auto","background-attachment":"scroll","background-type":"","background-media":"","overlay-type":"","overlay-color":"","overlay-opacity":"","overlay-gradient":""}},"ast-content-background-meta":{"desktop":{"background-color":"var(--ast-global-color-5)","background-image":"","background-repeat":"repeat","background-position":"center center","background-size":"auto","background-attachment":"scroll","background-type":"","background-media":"","overlay-type":"","overlay-color":"","overlay-opacity":"","overlay-gradient":""},"tablet":{"background-color":"var(--ast-global-color-5)","background-image":"","background-repeat":"repeat","background-position":"center center","background-size":"auto","background-attachment":"scroll","background-type":"","background-media":"","overlay-type":"","overlay-color":"","overlay-opacity":"","overlay-gradient":""},"mobile":{"background-color":"var(--ast-global-color-5)","background-image":"","background-repeat":"repeat","background-position":"center center","background-size":"auto","background-attachment":"scroll","background-type":"","background-media":"","overlay-type":"","overlay-color":"","overlay-opacity":"","overlay-gradient":""}},"episode_type":"","audio_file":"","podmotor_file_id":"","podmotor_episode_id":"","cover_image":"","cover_image_id":"","duration":"","filesize":"","filesize_raw":"","date_recorded":"","explicit":"","block":"","itunes_episode_number":"","itunes_title":"","itunes_season_number":"","itunes_episode_type":"","footnotes":""},"categories":[1],"tags":[58,59],"class_list":["post-343","post","type-post","status-publish","format-standard","has-post-thumbnail","hentry","category-redaktion","tag-ausstellung","tag-dessau-woerlitz"],"yoast_head":"<!-- This site is optimized with the Yoast SEO plugin v27.4 - https:\/\/yoast.com\/product\/yoast-seo-wordpress\/ -->\n<title>Angelika Kauffmann - Unbekannte Sch\u00e4tze aus Vorarlberger Privatsammlungen - Der Museumsblog<\/title>\n<meta name=\"robots\" content=\"index, follow, max-snippet:-1, max-image-preview:large, max-video-preview:-1\" \/>\n<link rel=\"canonical\" href=\"https:\/\/www.museum.de\/blog\/angelika-kauffmann-unbekannte-schaetze-aus-vorarlberger-privatsammlungen\/\" \/>\n<meta property=\"og:locale\" content=\"de_DE\" \/>\n<meta property=\"og:type\" content=\"article\" \/>\n<meta property=\"og:title\" content=\"Angelika Kauffmann - Unbekannte Sch\u00e4tze aus Vorarlberger Privatsammlungen - Der Museumsblog\" \/>\n<meta property=\"og:description\" content=\"Eine Ausstellung der Kulturstiftung Dessau-W\u00f6rlitz vom 8. Juli bis 21. Oktober 2018 Vom 8. Juli bis 21. Oktober l\u00c3\u00a4dt die Kulturstiftung Dessau-W\u00f6rlitz in das Haus der F\u00fcrstin in W\u00f6rlitz ein, um die umfassende Ausstellung zur schweizerisch-\u00f6sterreichischen Malerin Angelika Kauffmann zu besuchen.\" \/>\n<meta property=\"og:url\" content=\"https:\/\/www.museum.de\/blog\/angelika-kauffmann-unbekannte-schaetze-aus-vorarlberger-privatsammlungen\/\" \/>\n<meta property=\"og:site_name\" content=\"Der Museumsblog\" \/>\n<meta property=\"article:published_time\" content=\"2018-07-22T09:07:41+00:00\" \/>\n<meta property=\"article:modified_time\" content=\"2019-10-28T12:08:10+00:00\" \/>\n<meta property=\"og:image\" content=\"https:\/\/www.museum.de\/blog\/wp-content\/uploads\/2018\/07\/2018_07_22_Abb.2-AK-Amor-und-Psyche-1.jpg\" \/>\n\t<meta property=\"og:image:width\" content=\"777\" \/>\n\t<meta property=\"og:image:height\" content=\"1024\" \/>\n\t<meta property=\"og:image:type\" content=\"image\/jpeg\" \/>\n<meta name=\"author\" content=\"Uwe Strauch\" \/>\n<meta name=\"twitter:card\" content=\"summary_large_image\" \/>\n<script type=\"application\/ld+json\" class=\"yoast-schema-graph\">{\"@context\":\"https:\\\/\\\/schema.org\",\"@graph\":[{\"@type\":\"Article\",\"@id\":\"https:\\\/\\\/www.museum.de\\\/blog\\\/angelika-kauffmann-unbekannte-schaetze-aus-vorarlberger-privatsammlungen\\\/#article\",\"isPartOf\":{\"@id\":\"https:\\\/\\\/www.museum.de\\\/blog\\\/angelika-kauffmann-unbekannte-schaetze-aus-vorarlberger-privatsammlungen\\\/\"},\"author\":{\"name\":\"Uwe Strauch\",\"@id\":\"https:\\\/\\\/www.museum.de\\\/blog\\\/#\\\/schema\\\/person\\\/47b034b19279c45ef7fc898c2059e9f3\"},\"headline\":\"Angelika Kauffmann &#8211; Unbekannte Sch\u00e4tze aus Vorarlberger Privatsammlungen\",\"datePublished\":\"2018-07-22T09:07:41+00:00\",\"dateModified\":\"2019-10-28T12:08:10+00:00\",\"mainEntityOfPage\":{\"@id\":\"https:\\\/\\\/www.museum.de\\\/blog\\\/angelika-kauffmann-unbekannte-schaetze-aus-vorarlberger-privatsammlungen\\\/\"},\"wordCount\":592,\"publisher\":{\"@id\":\"https:\\\/\\\/www.museum.de\\\/blog\\\/#organization\"},\"image\":{\"@id\":\"https:\\\/\\\/www.museum.de\\\/blog\\\/angelika-kauffmann-unbekannte-schaetze-aus-vorarlberger-privatsammlungen\\\/#primaryimage\"},\"thumbnailUrl\":\"https:\\\/\\\/www.museum.de\\\/blog\\\/wp-content\\\/uploads\\\/2018\\\/07\\\/2018_07_22_Abb.2-AK-Amor-und-Psyche-1.jpg\",\"keywords\":[\"Ausstellung\",\"Dessau-W\u00f6rlitz\"],\"articleSection\":[\"Redaktion\"],\"inLanguage\":\"de\"},{\"@type\":\"WebPage\",\"@id\":\"https:\\\/\\\/www.museum.de\\\/blog\\\/angelika-kauffmann-unbekannte-schaetze-aus-vorarlberger-privatsammlungen\\\/\",\"url\":\"https:\\\/\\\/www.museum.de\\\/blog\\\/angelika-kauffmann-unbekannte-schaetze-aus-vorarlberger-privatsammlungen\\\/\",\"name\":\"Angelika Kauffmann - Unbekannte Sch\u00e4tze aus Vorarlberger Privatsammlungen - Der Museumsblog\",\"isPartOf\":{\"@id\":\"https:\\\/\\\/www.museum.de\\\/blog\\\/#website\"},\"primaryImageOfPage\":{\"@id\":\"https:\\\/\\\/www.museum.de\\\/blog\\\/angelika-kauffmann-unbekannte-schaetze-aus-vorarlberger-privatsammlungen\\\/#primaryimage\"},\"image\":{\"@id\":\"https:\\\/\\\/www.museum.de\\\/blog\\\/angelika-kauffmann-unbekannte-schaetze-aus-vorarlberger-privatsammlungen\\\/#primaryimage\"},\"thumbnailUrl\":\"https:\\\/\\\/www.museum.de\\\/blog\\\/wp-content\\\/uploads\\\/2018\\\/07\\\/2018_07_22_Abb.2-AK-Amor-und-Psyche-1.jpg\",\"datePublished\":\"2018-07-22T09:07:41+00:00\",\"dateModified\":\"2019-10-28T12:08:10+00:00\",\"breadcrumb\":{\"@id\":\"https:\\\/\\\/www.museum.de\\\/blog\\\/angelika-kauffmann-unbekannte-schaetze-aus-vorarlberger-privatsammlungen\\\/#breadcrumb\"},\"inLanguage\":\"de\",\"potentialAction\":[{\"@type\":\"ReadAction\",\"target\":[\"https:\\\/\\\/www.museum.de\\\/blog\\\/angelika-kauffmann-unbekannte-schaetze-aus-vorarlberger-privatsammlungen\\\/\"]}]},{\"@type\":\"ImageObject\",\"inLanguage\":\"de\",\"@id\":\"https:\\\/\\\/www.museum.de\\\/blog\\\/angelika-kauffmann-unbekannte-schaetze-aus-vorarlberger-privatsammlungen\\\/#primaryimage\",\"url\":\"https:\\\/\\\/www.museum.de\\\/blog\\\/wp-content\\\/uploads\\\/2018\\\/07\\\/2018_07_22_Abb.2-AK-Amor-und-Psyche-1.jpg\",\"contentUrl\":\"https:\\\/\\\/www.museum.de\\\/blog\\\/wp-content\\\/uploads\\\/2018\\\/07\\\/2018_07_22_Abb.2-AK-Amor-und-Psyche-1.jpg\",\"width\":777,\"height\":1024,\"caption\":\"Angelika Kauffmann, Amor und Psyche, 1792, \u00d6l\\\/Leinwand, Z\u00fcrich, Kunsthaus Z\u00fcrich\"},{\"@type\":\"BreadcrumbList\",\"@id\":\"https:\\\/\\\/www.museum.de\\\/blog\\\/angelika-kauffmann-unbekannte-schaetze-aus-vorarlberger-privatsammlungen\\\/#breadcrumb\",\"itemListElement\":[{\"@type\":\"ListItem\",\"position\":1,\"name\":\"Startseite\",\"item\":\"https:\\\/\\\/www.museum.de\\\/blog\\\/\"},{\"@type\":\"ListItem\",\"position\":2,\"name\":\"Angelika Kauffmann &#8211; Unbekannte Sch\u00e4tze aus Vorarlberger Privatsammlungen\"}]},{\"@type\":\"WebSite\",\"@id\":\"https:\\\/\\\/www.museum.de\\\/blog\\\/#website\",\"url\":\"https:\\\/\\\/www.museum.de\\\/blog\\\/\",\"name\":\"Der Museumsblog\",\"description\":\"Der Blog\",\"publisher\":{\"@id\":\"https:\\\/\\\/www.museum.de\\\/blog\\\/#organization\"},\"alternateName\":\"museum.de - Der Museumsblog\",\"potentialAction\":[{\"@type\":\"SearchAction\",\"target\":{\"@type\":\"EntryPoint\",\"urlTemplate\":\"https:\\\/\\\/www.museum.de\\\/blog\\\/?s={search_term_string}\"},\"query-input\":{\"@type\":\"PropertyValueSpecification\",\"valueRequired\":true,\"valueName\":\"search_term_string\"}}],\"inLanguage\":\"de\"},{\"@type\":\"Organization\",\"@id\":\"https:\\\/\\\/www.museum.de\\\/blog\\\/#organization\",\"name\":\"Der Museumsblog\",\"url\":\"https:\\\/\\\/www.museum.de\\\/blog\\\/\",\"logo\":{\"@type\":\"ImageObject\",\"inLanguage\":\"de\",\"@id\":\"https:\\\/\\\/www.museum.de\\\/blog\\\/#\\\/schema\\\/logo\\\/image\\\/\",\"url\":\"https:\\\/\\\/www.museum.de\\\/blog\\\/wp-content\\\/uploads\\\/2019\\\/03\\\/cropped-Audioguide_Titelseite-1.jpg\",\"contentUrl\":\"https:\\\/\\\/www.museum.de\\\/blog\\\/wp-content\\\/uploads\\\/2019\\\/03\\\/cropped-Audioguide_Titelseite-1.jpg\",\"width\":512,\"height\":512,\"caption\":\"Der Museumsblog\"},\"image\":{\"@id\":\"https:\\\/\\\/www.museum.de\\\/blog\\\/#\\\/schema\\\/logo\\\/image\\\/\"}},{\"@type\":\"Person\",\"@id\":\"https:\\\/\\\/www.museum.de\\\/blog\\\/#\\\/schema\\\/person\\\/47b034b19279c45ef7fc898c2059e9f3\",\"name\":\"Uwe Strauch\",\"description\":\"Herausgeber - museum.de\",\"sameAs\":[\"http:\\\/\\\/www.museum.de\"],\"url\":\"https:\\\/\\\/www.museum.de\\\/blog\\\/author\\\/redaktion\\\/\"}]}<\/script>\n<!-- \/ Yoast SEO plugin. -->","yoast_head_json":{"title":"Angelika Kauffmann - Unbekannte Sch\u00e4tze aus Vorarlberger Privatsammlungen - Der Museumsblog","robots":{"index":"index","follow":"follow","max-snippet":"max-snippet:-1","max-image-preview":"max-image-preview:large","max-video-preview":"max-video-preview:-1"},"canonical":"https:\/\/www.museum.de\/blog\/angelika-kauffmann-unbekannte-schaetze-aus-vorarlberger-privatsammlungen\/","og_locale":"de_DE","og_type":"article","og_title":"Angelika Kauffmann - Unbekannte Sch\u00e4tze aus Vorarlberger Privatsammlungen - Der Museumsblog","og_description":"Eine Ausstellung der Kulturstiftung Dessau-W\u00f6rlitz vom 8. Juli bis 21. Oktober 2018 Vom 8. Juli bis 21. Oktober l\u00c3\u00a4dt die Kulturstiftung Dessau-W\u00f6rlitz in das Haus der F\u00fcrstin in W\u00f6rlitz ein, um die umfassende Ausstellung zur schweizerisch-\u00f6sterreichischen Malerin Angelika Kauffmann zu besuchen.","og_url":"https:\/\/www.museum.de\/blog\/angelika-kauffmann-unbekannte-schaetze-aus-vorarlberger-privatsammlungen\/","og_site_name":"Der Museumsblog","article_published_time":"2018-07-22T09:07:41+00:00","article_modified_time":"2019-10-28T12:08:10+00:00","og_image":[{"width":777,"height":1024,"url":"https:\/\/www.museum.de\/blog\/wp-content\/uploads\/2018\/07\/2018_07_22_Abb.2-AK-Amor-und-Psyche-1.jpg","type":"image\/jpeg"}],"author":"Uwe Strauch","twitter_card":"summary_large_image","schema":{"@context":"https:\/\/schema.org","@graph":[{"@type":"Article","@id":"https:\/\/www.museum.de\/blog\/angelika-kauffmann-unbekannte-schaetze-aus-vorarlberger-privatsammlungen\/#article","isPartOf":{"@id":"https:\/\/www.museum.de\/blog\/angelika-kauffmann-unbekannte-schaetze-aus-vorarlberger-privatsammlungen\/"},"author":{"name":"Uwe Strauch","@id":"https:\/\/www.museum.de\/blog\/#\/schema\/person\/47b034b19279c45ef7fc898c2059e9f3"},"headline":"Angelika Kauffmann &#8211; Unbekannte Sch\u00e4tze aus Vorarlberger Privatsammlungen","datePublished":"2018-07-22T09:07:41+00:00","dateModified":"2019-10-28T12:08:10+00:00","mainEntityOfPage":{"@id":"https:\/\/www.museum.de\/blog\/angelika-kauffmann-unbekannte-schaetze-aus-vorarlberger-privatsammlungen\/"},"wordCount":592,"publisher":{"@id":"https:\/\/www.museum.de\/blog\/#organization"},"image":{"@id":"https:\/\/www.museum.de\/blog\/angelika-kauffmann-unbekannte-schaetze-aus-vorarlberger-privatsammlungen\/#primaryimage"},"thumbnailUrl":"https:\/\/www.museum.de\/blog\/wp-content\/uploads\/2018\/07\/2018_07_22_Abb.2-AK-Amor-und-Psyche-1.jpg","keywords":["Ausstellung","Dessau-W\u00f6rlitz"],"articleSection":["Redaktion"],"inLanguage":"de"},{"@type":"WebPage","@id":"https:\/\/www.museum.de\/blog\/angelika-kauffmann-unbekannte-schaetze-aus-vorarlberger-privatsammlungen\/","url":"https:\/\/www.museum.de\/blog\/angelika-kauffmann-unbekannte-schaetze-aus-vorarlberger-privatsammlungen\/","name":"Angelika Kauffmann - Unbekannte Sch\u00e4tze aus Vorarlberger Privatsammlungen - Der Museumsblog","isPartOf":{"@id":"https:\/\/www.museum.de\/blog\/#website"},"primaryImageOfPage":{"@id":"https:\/\/www.museum.de\/blog\/angelika-kauffmann-unbekannte-schaetze-aus-vorarlberger-privatsammlungen\/#primaryimage"},"image":{"@id":"https:\/\/www.museum.de\/blog\/angelika-kauffmann-unbekannte-schaetze-aus-vorarlberger-privatsammlungen\/#primaryimage"},"thumbnailUrl":"https:\/\/www.museum.de\/blog\/wp-content\/uploads\/2018\/07\/2018_07_22_Abb.2-AK-Amor-und-Psyche-1.jpg","datePublished":"2018-07-22T09:07:41+00:00","dateModified":"2019-10-28T12:08:10+00:00","breadcrumb":{"@id":"https:\/\/www.museum.de\/blog\/angelika-kauffmann-unbekannte-schaetze-aus-vorarlberger-privatsammlungen\/#breadcrumb"},"inLanguage":"de","potentialAction":[{"@type":"ReadAction","target":["https:\/\/www.museum.de\/blog\/angelika-kauffmann-unbekannte-schaetze-aus-vorarlberger-privatsammlungen\/"]}]},{"@type":"ImageObject","inLanguage":"de","@id":"https:\/\/www.museum.de\/blog\/angelika-kauffmann-unbekannte-schaetze-aus-vorarlberger-privatsammlungen\/#primaryimage","url":"https:\/\/www.museum.de\/blog\/wp-content\/uploads\/2018\/07\/2018_07_22_Abb.2-AK-Amor-und-Psyche-1.jpg","contentUrl":"https:\/\/www.museum.de\/blog\/wp-content\/uploads\/2018\/07\/2018_07_22_Abb.2-AK-Amor-und-Psyche-1.jpg","width":777,"height":1024,"caption":"Angelika Kauffmann, Amor und Psyche, 1792, \u00d6l\/Leinwand, Z\u00fcrich, Kunsthaus Z\u00fcrich"},{"@type":"BreadcrumbList","@id":"https:\/\/www.museum.de\/blog\/angelika-kauffmann-unbekannte-schaetze-aus-vorarlberger-privatsammlungen\/#breadcrumb","itemListElement":[{"@type":"ListItem","position":1,"name":"Startseite","item":"https:\/\/www.museum.de\/blog\/"},{"@type":"ListItem","position":2,"name":"Angelika Kauffmann &#8211; Unbekannte Sch\u00e4tze aus Vorarlberger Privatsammlungen"}]},{"@type":"WebSite","@id":"https:\/\/www.museum.de\/blog\/#website","url":"https:\/\/www.museum.de\/blog\/","name":"Der Museumsblog","description":"Der Blog","publisher":{"@id":"https:\/\/www.museum.de\/blog\/#organization"},"alternateName":"museum.de - Der Museumsblog","potentialAction":[{"@type":"SearchAction","target":{"@type":"EntryPoint","urlTemplate":"https:\/\/www.museum.de\/blog\/?s={search_term_string}"},"query-input":{"@type":"PropertyValueSpecification","valueRequired":true,"valueName":"search_term_string"}}],"inLanguage":"de"},{"@type":"Organization","@id":"https:\/\/www.museum.de\/blog\/#organization","name":"Der Museumsblog","url":"https:\/\/www.museum.de\/blog\/","logo":{"@type":"ImageObject","inLanguage":"de","@id":"https:\/\/www.museum.de\/blog\/#\/schema\/logo\/image\/","url":"https:\/\/www.museum.de\/blog\/wp-content\/uploads\/2019\/03\/cropped-Audioguide_Titelseite-1.jpg","contentUrl":"https:\/\/www.museum.de\/blog\/wp-content\/uploads\/2019\/03\/cropped-Audioguide_Titelseite-1.jpg","width":512,"height":512,"caption":"Der Museumsblog"},"image":{"@id":"https:\/\/www.museum.de\/blog\/#\/schema\/logo\/image\/"}},{"@type":"Person","@id":"https:\/\/www.museum.de\/blog\/#\/schema\/person\/47b034b19279c45ef7fc898c2059e9f3","name":"Uwe Strauch","description":"Herausgeber - museum.de","sameAs":["http:\/\/www.museum.de"],"url":"https:\/\/www.museum.de\/blog\/author\/redaktion\/"}]}},"_links":{"self":[{"href":"https:\/\/www.museum.de\/blog\/wp-json\/wp\/v2\/posts\/343","targetHints":{"allow":["GET"]}}],"collection":[{"href":"https:\/\/www.museum.de\/blog\/wp-json\/wp\/v2\/posts"}],"about":[{"href":"https:\/\/www.museum.de\/blog\/wp-json\/wp\/v2\/types\/post"}],"author":[{"embeddable":true,"href":"https:\/\/www.museum.de\/blog\/wp-json\/wp\/v2\/users\/2"}],"replies":[{"embeddable":true,"href":"https:\/\/www.museum.de\/blog\/wp-json\/wp\/v2\/comments?post=343"}],"version-history":[{"count":5,"href":"https:\/\/www.museum.de\/blog\/wp-json\/wp\/v2\/posts\/343\/revisions"}],"predecessor-version":[{"id":884,"href":"https:\/\/www.museum.de\/blog\/wp-json\/wp\/v2\/posts\/343\/revisions\/884"}],"wp:featuredmedia":[{"embeddable":true,"href":"https:\/\/www.museum.de\/blog\/wp-json\/wp\/v2\/media\/339"}],"wp:attachment":[{"href":"https:\/\/www.museum.de\/blog\/wp-json\/wp\/v2\/media?parent=343"}],"wp:term":[{"taxonomy":"category","embeddable":true,"href":"https:\/\/www.museum.de\/blog\/wp-json\/wp\/v2\/categories?post=343"},{"taxonomy":"post_tag","embeddable":true,"href":"https:\/\/www.museum.de\/blog\/wp-json\/wp\/v2\/tags?post=343"}],"curies":[{"name":"wp","href":"https:\/\/api.w.org\/{rel}","templated":true}]}}