{"id":3538,"date":"2025-04-28T05:25:42","date_gmt":"2025-04-28T05:25:42","guid":{"rendered":"https:\/\/www.museum.de\/blog\/?p=3538"},"modified":"2025-04-28T10:30:26","modified_gmt":"2025-04-28T10:30:26","slug":"eroeffnung-des-haus-kiefer-in-rastatt-ottersdorf-ein-rueckblick-auf-das-werk-und-die-geschichte-des-kuenstlers","status":"publish","type":"post","link":"https:\/\/www.museum.de\/blog\/eroeffnung-des-haus-kiefer-in-rastatt-ottersdorf-ein-rueckblick-auf-das-werk-und-die-geschichte-des-kuenstlers\/","title":{"rendered":"Er\u00f6ffnung des Hauses Kiefer in Rastatt-Ottersdorf: Ein R\u00fcckblick auf das Werk und die Geschichte des K\u00fcnstlers"},"content":{"rendered":"\n<div class=\"wp-block-cover is-light\"><img decoding=\"async\" width=\"1248\" height=\"943\" loading=\"lazy\" class=\"wp-block-cover__image-background wp-image-3541 size-large\" alt=\"Glaube, Hoffnung, Liebe, emulsion, synthetic polymer paint, shellac on photodocument paper on linen canvas with lead construction by Anselm Kieffer, 1984-6, Art Gallery of New South Wales.\" src=\"https:\/\/www.museum.de\/blog\/wp-content\/uploads\/2025\/04\/1280px-Anselm_Kieffer_-_Glaube__Hoffnung_Liebe-1248x943.jpg\" data-object-fit=\"cover\" srcset=\"https:\/\/www.museum.de\/blog\/wp-content\/uploads\/2025\/04\/1280px-Anselm_Kieffer_-_Glaube__Hoffnung_Liebe-1248x943.jpg 1248w, https:\/\/www.museum.de\/blog\/wp-content\/uploads\/2025\/04\/1280px-Anselm_Kieffer_-_Glaube__Hoffnung_Liebe-300x227.jpg 300w, https:\/\/www.museum.de\/blog\/wp-content\/uploads\/2025\/04\/1280px-Anselm_Kieffer_-_Glaube__Hoffnung_Liebe-768x580.jpg 768w, https:\/\/www.museum.de\/blog\/wp-content\/uploads\/2025\/04\/1280px-Anselm_Kieffer_-_Glaube__Hoffnung_Liebe.jpg 1280w\" sizes=\"auto, (max-width: 1248px) 100vw, 1248px\" \/><span aria-hidden=\"true\" class=\"wp-block-cover__background has-background-dim\" style=\"background-color:#908a8c\"><\/span><div class=\"wp-block-cover__inner-container is-layout-constrained wp-block-cover-is-layout-constrained\">\n<h1 class=\"wp-block-heading has-text-align-center has-ast-global-color-5-color has-text-color has-link-color has-large-font-size wp-elements-f3c16a0dd05e3c419cf70fc5339d365b\">Er\u00f6ffnung des Hauses Kiefer in Rastatt-Ottersdorf: Ein R\u00fcckblick auf das Werk und die Geschichte des K\u00fcnstlers<\/h1>\n<\/div><\/div>\n\n\n\n<div style=\"height:3rem\" aria-hidden=\"true\" class=\"wp-block-spacer\"><\/div>\n\n\n\n<p>Am Sonntag, den 27. April, wurde das <a href=\"https:\/\/www.museum.de\/museen\/haus-kiefer-rastatt\">Haus Kiefer<\/a> in Rastatt-Ottersdorf feierlich er\u00f6ffnet. Dieses historische Geb\u00e4ude, das einst das Elternhaus des renommierten K\u00fcnstlers Anselm Kiefer war, \u00f6ffnet nun seine T\u00fcren f\u00fcr die \u00d6ffentlichkeit und pr\u00e4sentiert eine beeindruckende Ausstellung fr\u00fcher Werke des K\u00fcnstlers.<\/p>\n\n\n\n<h2 class=\"wp-block-heading\">Die Geschichte des Hauses Kiefer<\/h2>\n\n\n\n<p>Das Haus Kiefer, ein ehemaliges Schulhaus, wurde 1875 erbaut. Nachdem die Schule 1936 umzog, wurde das Geb\u00e4ude in Lehrerwohnungen umgewandelt. Anselm Kiefer, geboren 1945 in Donaueschingen, verbrachte einen Teil seiner Kindheit in diesem Haus, als sein Vater in Ottersdorf als Lehrer t\u00e4tig war. Von 1951 bis 1957 lebte die Familie Kiefer hier, bevor sie nach Rastatt-Niederb\u00fchl umzog.<\/p>\n\n\n\n<p>2019 erwarb Anselm Kiefer sein ehemaliges Elternhaus mit dem Ziel, es zu restaurieren und f\u00fcr Ausstellungen zug\u00e4nglich zu machen. Das Haus wurde sorgf\u00e4ltig in seinen urspr\u00fcnglichen Zustand zur\u00fcckversetzt, so wie Kiefer es aus seiner Kindheit in Erinnerung hatte.<\/p>\n\n\n\n<h2 class=\"wp-block-heading\">Das Werk von Anselm Kiefer<\/h2>\n\n\n\n<p>Die Er\u00f6ffnungsausstellung im Haus Kiefer pr\u00e4sentiert Werke aus den 1970er und 1980er Jahren, einer Zeit, in der Kiefer in seinen Ateliers in Hornbach und Buchen im Odenwald arbeitete. Seit 1992 lebt und arbeitet der K\u00fcnstler in Frankreich.<\/p>\n\n\n\n<p>Zu den Schl\u00fcsselwerken der Ausstellung geh\u00f6ren bedeutende Arbeiten wie &#8222;Resumptio&#8220; (1974), &#8222;Unternehmen \u2018Hagenbewegung\u2019 und Unternehmen \u2018Wintergewitter\u2019&#8220; (1975), &#8222;Engel&#8220; (1977) und &#8222;Dein aschenes Haar, Sulamith&#8220; (1981). Diese Werke wurden bereits in renommierten Institutionen wie dem Israel Museum in Jerusalem, dem Mus\u00e9e d\u2019Art Moderne de la Ville Paris, der Royal Academy of Arts in London und dem Centre Pompidou in Paris ausgestellt<a target=\"_blank\" href=\"https:\/\/www.rastatt.de\/rathaus-und-politik\/stadtverwaltung\/pressemitteilungen\/eroeffnung-haus-kiefer-in-rastatt-ottersdorf\" rel=\"noreferrer noopener\">1<\/a>.<\/p>\n\n\n\n<p>Kiefers fr\u00fche Werke behandeln zentrale Themen, die sein gesamtes k\u00fcnstlerisches Schaffen durchziehen: Landschaft, Geschichte, Mythologie und Poesie. Besonders inspiriert wurde er von den Gedichten Paul Celans, Victor Hugos und Walther von der Vogelweide.<\/p>\n\n\n\n<h2 class=\"wp-block-heading\">Begleitprogramm zur Er\u00f6ffnung<\/h2>\n\n\n\n<p>Anl\u00e4sslich der Er\u00f6ffnung zeigte das Forum-Kino in Rastatt am Sonntag, den 27. April, um 11 Uhr den Film &#8222;ANSELM \u2013 Das Rauschen der Zeit&#8220; (2023) von Wim Wenders. Der Film bietet einen tiefen Einblick in das Leben und Werk von Anselm Kiefer und enth\u00e4lt Szenen, die im Elternhaus des K\u00fcnstlers und am nahegelegenen Rheinufer gedreht wurden.<\/p>\n\n\n\n<h2 class=\"wp-block-heading\">Besucherinformationen<\/h2>\n\n\n\n<p>Das Haus Kiefer ist ab dem 2. Mai jeweils freitags von 10 bis 17 Uhr sowie samstags von 14 bis 17 Uhr f\u00fcr Besucher ge\u00f6ffnet. Die Adresse lautet Friedhofstra\u00dfe 1, 76437 Rastatt-Ottersdorf. Weitere Informationen sind unter <a href=\"mailto:info@haus-kiefer-rastatt.de\">info@haus-kiefer-rastatt.de<\/a> erh\u00e4ltlich.<\/p>\n\n\n\n<p>Die Er\u00f6ffnung des Haus Kiefer in Rastatt-Ottersdorf bietet eine einzigartige Gelegenheit, die fr\u00fchen Werke eines der bedeutendsten zeitgen\u00f6ssischen K\u00fcnstler zu entdecken und gleichzeitig einen Einblick in seine pers\u00f6nliche Geschichte zu gewinnen. Ein Besuch lohnt sich f\u00fcr alle Kunstliebhaber und Kulturinteressierten.<\/p>\n\n\n\n<p>Quelle:<br><a href=\"https:\/\/www.rastatt.de\/rathaus-und-politik\/stadtverwaltung\/pressemitteilungen\/eroeffnung-haus-kiefer-in-rastatt-ottersdorf\" target=\"_blank\" rel=\"noreferrer noopener\">https:\/\/www.rastatt.de\/rathaus-und-politik\/stadtverwaltung\/pressemitteilungen\/eroeffnung-haus-kiefer-in-rastatt-ottersdorf<\/a><br>Bildquelle:<br><a href=\"https:\/\/commons.wikimedia.org\/wiki\/File:Anselm_Kieffer_-%27Glaube,_Hoffnung,_Liebe%27.JPG\" target=\"_blank\" rel=\"noreferrer noopener\">https:\/\/commons.wikimedia.org\/wiki\/File:Anselm_Kieffer_-<em>%27Glaube<\/em>,_Hoffnung,_Liebe%27.JPG<\/a><\/p>\n\n\n\n<div class=\"wp-block-group has-background is-layout-constrained wp-block-group-is-layout-constrained\" style=\"background-color:#cce9fa\">\n<h4 class=\"wp-block-heading\">Praktische Informationen f\u00fcr den Besuch<\/h4>\n\n\n\n<ul class=\"wp-block-list\">\n<li><strong>Ort:<\/strong> Haus Kiefer, Friedhofstra\u00dfe 1, 76437 Rastatt-Ottersdorf<\/li>\n\n\n\n<li><strong>Ausstellungszeitraum:<\/strong> Ab 2.Mai 2025<\/li>\n\n\n\n<li><strong>\u00d6ffnungszeiten:<\/strong> Freitag 10:00 \u2013 17:00, Samstag 14:00 \u2013 17:00<\/li>\n<\/ul>\n<\/div>\n","protected":false},"excerpt":{"rendered":"<p>Am Sonntag, den 27. April, wurde das Haus Kiefer in Rastatt-Ottersdorf feierlich er\u00f6ffnet. Dieses historische Geb\u00e4ude, das einst das Elternhaus des renommierten K\u00fcnstlers Anselm Kiefer war, \u00f6ffnet nun seine T\u00fcren f\u00fcr die \u00d6ffentlichkeit und pr\u00e4sentiert eine beeindruckende Ausstellung fr\u00fcher Werke des K\u00fcnstlers. Die Geschichte des Hauses Kiefer Das Haus Kiefer, ein ehemaliges Schulhaus, wurde 1875 [&hellip;]<\/p>\n","protected":false},"author":1,"featured_media":3541,"comment_status":"closed","ping_status":"closed","sticky":false,"template":"","format":"standard","meta":{"site-sidebar-layout":"default","site-content-layout":"","ast-site-content-layout":"default","site-content-style":"default","site-sidebar-style":"default","ast-global-header-display":"","ast-banner-title-visibility":"","ast-main-header-display":"","ast-hfb-above-header-display":"","ast-hfb-below-header-display":"","ast-hfb-mobile-header-display":"","site-post-title":"disabled","ast-breadcrumbs-content":"","ast-featured-img":"disabled","footer-sml-layout":"","ast-disable-related-posts":"","theme-transparent-header-meta":"","adv-header-id-meta":"","stick-header-meta":"","header-above-stick-meta":"","header-main-stick-meta":"","header-below-stick-meta":"","astra-migrate-meta-layouts":"set","ast-page-background-enabled":"default","ast-page-background-meta":{"desktop":{"background-color":"var(--ast-global-color-4)","background-image":"","background-repeat":"repeat","background-position":"center center","background-size":"auto","background-attachment":"scroll","background-type":"","background-media":"","overlay-type":"","overlay-color":"","overlay-opacity":"","overlay-gradient":""},"tablet":{"background-color":"","background-image":"","background-repeat":"repeat","background-position":"center center","background-size":"auto","background-attachment":"scroll","background-type":"","background-media":"","overlay-type":"","overlay-color":"","overlay-opacity":"","overlay-gradient":""},"mobile":{"background-color":"","background-image":"","background-repeat":"repeat","background-position":"center center","background-size":"auto","background-attachment":"scroll","background-type":"","background-media":"","overlay-type":"","overlay-color":"","overlay-opacity":"","overlay-gradient":""}},"ast-content-background-meta":{"desktop":{"background-color":"var(--ast-global-color-5)","background-image":"","background-repeat":"repeat","background-position":"center center","background-size":"auto","background-attachment":"scroll","background-type":"","background-media":"","overlay-type":"","overlay-color":"","overlay-opacity":"","overlay-gradient":""},"tablet":{"background-color":"var(--ast-global-color-5)","background-image":"","background-repeat":"repeat","background-position":"center center","background-size":"auto","background-attachment":"scroll","background-type":"","background-media":"","overlay-type":"","overlay-color":"","overlay-opacity":"","overlay-gradient":""},"mobile":{"background-color":"var(--ast-global-color-5)","background-image":"","background-repeat":"repeat","background-position":"center center","background-size":"auto","background-attachment":"scroll","background-type":"","background-media":"","overlay-type":"","overlay-color":"","overlay-opacity":"","overlay-gradient":""}},"episode_type":"","audio_file":"","podmotor_file_id":"","podmotor_episode_id":"","cover_image":"","cover_image_id":"","duration":"","filesize":"","filesize_raw":"","date_recorded":"","explicit":"","block":"","itunes_episode_number":"","itunes_title":"","itunes_season_number":"","itunes_episode_type":"","footnotes":""},"categories":[125,27],"tags":[322,370,371],"class_list":["post-3538","post","type-post","status-publish","format-standard","has-post-thumbnail","hentry","category-ausstellungen","category-museumsticker","tag-anselm-kiefer","tag-neueroeffnung","tag-rastatt"],"yoast_head":"<!-- This site is optimized with the Yoast SEO plugin v27.4 - https:\/\/yoast.com\/product\/yoast-seo-wordpress\/ -->\n<title>Er\u00f6ffnung des Hauses Kiefer in Rastatt-Ottersdorf: Ein R\u00fcckblick auf das Werk und die Geschichte des K\u00fcnstlers - Der Museumsblog<\/title>\n<meta name=\"robots\" content=\"index, follow, max-snippet:-1, max-image-preview:large, max-video-preview:-1\" \/>\n<link rel=\"canonical\" href=\"https:\/\/www.museum.de\/blog\/eroeffnung-des-haus-kiefer-in-rastatt-ottersdorf-ein-rueckblick-auf-das-werk-und-die-geschichte-des-kuenstlers\/\" \/>\n<meta property=\"og:locale\" content=\"de_DE\" \/>\n<meta property=\"og:type\" content=\"article\" \/>\n<meta property=\"og:title\" content=\"Er\u00f6ffnung des Hauses Kiefer in Rastatt-Ottersdorf: Ein R\u00fcckblick auf das Werk und die Geschichte des K\u00fcnstlers - Der Museumsblog\" \/>\n<meta property=\"og:description\" content=\"Am Sonntag, den 27. April, wurde das Haus Kiefer in Rastatt-Ottersdorf feierlich er\u00f6ffnet. Dieses historische Geb\u00e4ude, das einst das Elternhaus des renommierten K\u00fcnstlers Anselm Kiefer war, \u00f6ffnet nun seine T\u00fcren f\u00fcr die \u00d6ffentlichkeit und pr\u00e4sentiert eine beeindruckende Ausstellung fr\u00fcher Werke des K\u00fcnstlers. Die Geschichte des Hauses Kiefer Das Haus Kiefer, ein ehemaliges Schulhaus, wurde 1875 [&hellip;]\" \/>\n<meta property=\"og:url\" content=\"https:\/\/www.museum.de\/blog\/eroeffnung-des-haus-kiefer-in-rastatt-ottersdorf-ein-rueckblick-auf-das-werk-und-die-geschichte-des-kuenstlers\/\" \/>\n<meta property=\"og:site_name\" content=\"Der Museumsblog\" \/>\n<meta property=\"article:published_time\" content=\"2025-04-28T05:25:42+00:00\" \/>\n<meta property=\"article:modified_time\" content=\"2025-04-28T10:30:26+00:00\" \/>\n<meta property=\"og:image\" content=\"https:\/\/www.museum.de\/blog\/wp-content\/uploads\/2025\/04\/1280px-Anselm_Kieffer_-_Glaube__Hoffnung_Liebe.jpg\" \/>\n\t<meta property=\"og:image:width\" content=\"1280\" \/>\n\t<meta property=\"og:image:height\" content=\"967\" \/>\n\t<meta property=\"og:image:type\" content=\"image\/jpeg\" \/>\n<meta name=\"author\" content=\"Redaktion\" \/>\n<meta name=\"twitter:card\" content=\"summary_large_image\" \/>\n<script type=\"application\/ld+json\" class=\"yoast-schema-graph\">{\"@context\":\"https:\\\/\\\/schema.org\",\"@graph\":[{\"@type\":\"Article\",\"@id\":\"https:\\\/\\\/www.museum.de\\\/blog\\\/eroeffnung-des-haus-kiefer-in-rastatt-ottersdorf-ein-rueckblick-auf-das-werk-und-die-geschichte-des-kuenstlers\\\/#article\",\"isPartOf\":{\"@id\":\"https:\\\/\\\/www.museum.de\\\/blog\\\/eroeffnung-des-haus-kiefer-in-rastatt-ottersdorf-ein-rueckblick-auf-das-werk-und-die-geschichte-des-kuenstlers\\\/\"},\"author\":{\"name\":\"Redaktion\",\"@id\":\"https:\\\/\\\/www.museum.de\\\/blog\\\/#\\\/schema\\\/person\\\/c09a0aea9ac127965257ff6115957332\"},\"headline\":\"Er\u00f6ffnung des Hauses Kiefer in Rastatt-Ottersdorf: Ein R\u00fcckblick auf das Werk und die Geschichte des K\u00fcnstlers\",\"datePublished\":\"2025-04-28T05:25:42+00:00\",\"dateModified\":\"2025-04-28T10:30:26+00:00\",\"mainEntityOfPage\":{\"@id\":\"https:\\\/\\\/www.museum.de\\\/blog\\\/eroeffnung-des-haus-kiefer-in-rastatt-ottersdorf-ein-rueckblick-auf-das-werk-und-die-geschichte-des-kuenstlers\\\/\"},\"wordCount\":513,\"publisher\":{\"@id\":\"https:\\\/\\\/www.museum.de\\\/blog\\\/#organization\"},\"image\":{\"@id\":\"https:\\\/\\\/www.museum.de\\\/blog\\\/eroeffnung-des-haus-kiefer-in-rastatt-ottersdorf-ein-rueckblick-auf-das-werk-und-die-geschichte-des-kuenstlers\\\/#primaryimage\"},\"thumbnailUrl\":\"https:\\\/\\\/www.museum.de\\\/blog\\\/wp-content\\\/uploads\\\/2025\\\/04\\\/1280px-Anselm_Kieffer_-_Glaube__Hoffnung_Liebe.jpg\",\"keywords\":[\"Anselm Kiefer\",\"Neuer\u00f6ffnung\",\"Rastatt\"],\"articleSection\":[\"Ausstellungen\",\"Museumsticker\"],\"inLanguage\":\"de\"},{\"@type\":\"WebPage\",\"@id\":\"https:\\\/\\\/www.museum.de\\\/blog\\\/eroeffnung-des-haus-kiefer-in-rastatt-ottersdorf-ein-rueckblick-auf-das-werk-und-die-geschichte-des-kuenstlers\\\/\",\"url\":\"https:\\\/\\\/www.museum.de\\\/blog\\\/eroeffnung-des-haus-kiefer-in-rastatt-ottersdorf-ein-rueckblick-auf-das-werk-und-die-geschichte-des-kuenstlers\\\/\",\"name\":\"Er\u00f6ffnung des Hauses Kiefer in Rastatt-Ottersdorf: Ein R\u00fcckblick auf das Werk und die Geschichte des K\u00fcnstlers - Der Museumsblog\",\"isPartOf\":{\"@id\":\"https:\\\/\\\/www.museum.de\\\/blog\\\/#website\"},\"primaryImageOfPage\":{\"@id\":\"https:\\\/\\\/www.museum.de\\\/blog\\\/eroeffnung-des-haus-kiefer-in-rastatt-ottersdorf-ein-rueckblick-auf-das-werk-und-die-geschichte-des-kuenstlers\\\/#primaryimage\"},\"image\":{\"@id\":\"https:\\\/\\\/www.museum.de\\\/blog\\\/eroeffnung-des-haus-kiefer-in-rastatt-ottersdorf-ein-rueckblick-auf-das-werk-und-die-geschichte-des-kuenstlers\\\/#primaryimage\"},\"thumbnailUrl\":\"https:\\\/\\\/www.museum.de\\\/blog\\\/wp-content\\\/uploads\\\/2025\\\/04\\\/1280px-Anselm_Kieffer_-_Glaube__Hoffnung_Liebe.jpg\",\"datePublished\":\"2025-04-28T05:25:42+00:00\",\"dateModified\":\"2025-04-28T10:30:26+00:00\",\"breadcrumb\":{\"@id\":\"https:\\\/\\\/www.museum.de\\\/blog\\\/eroeffnung-des-haus-kiefer-in-rastatt-ottersdorf-ein-rueckblick-auf-das-werk-und-die-geschichte-des-kuenstlers\\\/#breadcrumb\"},\"inLanguage\":\"de\",\"potentialAction\":[{\"@type\":\"ReadAction\",\"target\":[\"https:\\\/\\\/www.museum.de\\\/blog\\\/eroeffnung-des-haus-kiefer-in-rastatt-ottersdorf-ein-rueckblick-auf-das-werk-und-die-geschichte-des-kuenstlers\\\/\"]}]},{\"@type\":\"ImageObject\",\"inLanguage\":\"de\",\"@id\":\"https:\\\/\\\/www.museum.de\\\/blog\\\/eroeffnung-des-haus-kiefer-in-rastatt-ottersdorf-ein-rueckblick-auf-das-werk-und-die-geschichte-des-kuenstlers\\\/#primaryimage\",\"url\":\"https:\\\/\\\/www.museum.de\\\/blog\\\/wp-content\\\/uploads\\\/2025\\\/04\\\/1280px-Anselm_Kieffer_-_Glaube__Hoffnung_Liebe.jpg\",\"contentUrl\":\"https:\\\/\\\/www.museum.de\\\/blog\\\/wp-content\\\/uploads\\\/2025\\\/04\\\/1280px-Anselm_Kieffer_-_Glaube__Hoffnung_Liebe.jpg\",\"width\":1280,\"height\":967,\"caption\":\"Glaube, Hoffnung, Liebe, emulsion, synthetic polymer paint, shellac on photodocument paper on linen canvas with lead construction by Anselm Kieffer, 1984-6, Art Gallery of New South Wales.\"},{\"@type\":\"BreadcrumbList\",\"@id\":\"https:\\\/\\\/www.museum.de\\\/blog\\\/eroeffnung-des-haus-kiefer-in-rastatt-ottersdorf-ein-rueckblick-auf-das-werk-und-die-geschichte-des-kuenstlers\\\/#breadcrumb\",\"itemListElement\":[{\"@type\":\"ListItem\",\"position\":1,\"name\":\"Startseite\",\"item\":\"https:\\\/\\\/www.museum.de\\\/blog\\\/\"},{\"@type\":\"ListItem\",\"position\":2,\"name\":\"Er\u00f6ffnung des Hauses Kiefer in Rastatt-Ottersdorf: Ein R\u00fcckblick auf das Werk und die Geschichte des K\u00fcnstlers\"}]},{\"@type\":\"WebSite\",\"@id\":\"https:\\\/\\\/www.museum.de\\\/blog\\\/#website\",\"url\":\"https:\\\/\\\/www.museum.de\\\/blog\\\/\",\"name\":\"Der Museumsblog\",\"description\":\"Der Blog\",\"publisher\":{\"@id\":\"https:\\\/\\\/www.museum.de\\\/blog\\\/#organization\"},\"alternateName\":\"museum.de - Der Museumsblog\",\"potentialAction\":[{\"@type\":\"SearchAction\",\"target\":{\"@type\":\"EntryPoint\",\"urlTemplate\":\"https:\\\/\\\/www.museum.de\\\/blog\\\/?s={search_term_string}\"},\"query-input\":{\"@type\":\"PropertyValueSpecification\",\"valueRequired\":true,\"valueName\":\"search_term_string\"}}],\"inLanguage\":\"de\"},{\"@type\":\"Organization\",\"@id\":\"https:\\\/\\\/www.museum.de\\\/blog\\\/#organization\",\"name\":\"Der Museumsblog\",\"url\":\"https:\\\/\\\/www.museum.de\\\/blog\\\/\",\"logo\":{\"@type\":\"ImageObject\",\"inLanguage\":\"de\",\"@id\":\"https:\\\/\\\/www.museum.de\\\/blog\\\/#\\\/schema\\\/logo\\\/image\\\/\",\"url\":\"https:\\\/\\\/www.museum.de\\\/blog\\\/wp-content\\\/uploads\\\/2019\\\/03\\\/cropped-Audioguide_Titelseite-1.jpg\",\"contentUrl\":\"https:\\\/\\\/www.museum.de\\\/blog\\\/wp-content\\\/uploads\\\/2019\\\/03\\\/cropped-Audioguide_Titelseite-1.jpg\",\"width\":512,\"height\":512,\"caption\":\"Der Museumsblog\"},\"image\":{\"@id\":\"https:\\\/\\\/www.museum.de\\\/blog\\\/#\\\/schema\\\/logo\\\/image\\\/\"}},{\"@type\":\"Person\",\"@id\":\"https:\\\/\\\/www.museum.de\\\/blog\\\/#\\\/schema\\\/person\\\/c09a0aea9ac127965257ff6115957332\",\"name\":\"Redaktion\",\"description\":\"Das Redaktionsteam von museum.de\",\"url\":\"https:\\\/\\\/www.museum.de\\\/blog\\\/author\\\/msupervisor\\\/\"}]}<\/script>\n<!-- \/ Yoast SEO plugin. -->","yoast_head_json":{"title":"Er\u00f6ffnung des Hauses Kiefer in Rastatt-Ottersdorf: Ein R\u00fcckblick auf das Werk und die Geschichte des K\u00fcnstlers - Der Museumsblog","robots":{"index":"index","follow":"follow","max-snippet":"max-snippet:-1","max-image-preview":"max-image-preview:large","max-video-preview":"max-video-preview:-1"},"canonical":"https:\/\/www.museum.de\/blog\/eroeffnung-des-haus-kiefer-in-rastatt-ottersdorf-ein-rueckblick-auf-das-werk-und-die-geschichte-des-kuenstlers\/","og_locale":"de_DE","og_type":"article","og_title":"Er\u00f6ffnung des Hauses Kiefer in Rastatt-Ottersdorf: Ein R\u00fcckblick auf das Werk und die Geschichte des K\u00fcnstlers - Der Museumsblog","og_description":"Am Sonntag, den 27. April, wurde das Haus Kiefer in Rastatt-Ottersdorf feierlich er\u00f6ffnet. Dieses historische Geb\u00e4ude, das einst das Elternhaus des renommierten K\u00fcnstlers Anselm Kiefer war, \u00f6ffnet nun seine T\u00fcren f\u00fcr die \u00d6ffentlichkeit und pr\u00e4sentiert eine beeindruckende Ausstellung fr\u00fcher Werke des K\u00fcnstlers. Die Geschichte des Hauses Kiefer Das Haus Kiefer, ein ehemaliges Schulhaus, wurde 1875 [&hellip;]","og_url":"https:\/\/www.museum.de\/blog\/eroeffnung-des-haus-kiefer-in-rastatt-ottersdorf-ein-rueckblick-auf-das-werk-und-die-geschichte-des-kuenstlers\/","og_site_name":"Der Museumsblog","article_published_time":"2025-04-28T05:25:42+00:00","article_modified_time":"2025-04-28T10:30:26+00:00","og_image":[{"width":1280,"height":967,"url":"https:\/\/www.museum.de\/blog\/wp-content\/uploads\/2025\/04\/1280px-Anselm_Kieffer_-_Glaube__Hoffnung_Liebe.jpg","type":"image\/jpeg"}],"author":"Redaktion","twitter_card":"summary_large_image","schema":{"@context":"https:\/\/schema.org","@graph":[{"@type":"Article","@id":"https:\/\/www.museum.de\/blog\/eroeffnung-des-haus-kiefer-in-rastatt-ottersdorf-ein-rueckblick-auf-das-werk-und-die-geschichte-des-kuenstlers\/#article","isPartOf":{"@id":"https:\/\/www.museum.de\/blog\/eroeffnung-des-haus-kiefer-in-rastatt-ottersdorf-ein-rueckblick-auf-das-werk-und-die-geschichte-des-kuenstlers\/"},"author":{"name":"Redaktion","@id":"https:\/\/www.museum.de\/blog\/#\/schema\/person\/c09a0aea9ac127965257ff6115957332"},"headline":"Er\u00f6ffnung des Hauses Kiefer in Rastatt-Ottersdorf: Ein R\u00fcckblick auf das Werk und die Geschichte des K\u00fcnstlers","datePublished":"2025-04-28T05:25:42+00:00","dateModified":"2025-04-28T10:30:26+00:00","mainEntityOfPage":{"@id":"https:\/\/www.museum.de\/blog\/eroeffnung-des-haus-kiefer-in-rastatt-ottersdorf-ein-rueckblick-auf-das-werk-und-die-geschichte-des-kuenstlers\/"},"wordCount":513,"publisher":{"@id":"https:\/\/www.museum.de\/blog\/#organization"},"image":{"@id":"https:\/\/www.museum.de\/blog\/eroeffnung-des-haus-kiefer-in-rastatt-ottersdorf-ein-rueckblick-auf-das-werk-und-die-geschichte-des-kuenstlers\/#primaryimage"},"thumbnailUrl":"https:\/\/www.museum.de\/blog\/wp-content\/uploads\/2025\/04\/1280px-Anselm_Kieffer_-_Glaube__Hoffnung_Liebe.jpg","keywords":["Anselm Kiefer","Neuer\u00f6ffnung","Rastatt"],"articleSection":["Ausstellungen","Museumsticker"],"inLanguage":"de"},{"@type":"WebPage","@id":"https:\/\/www.museum.de\/blog\/eroeffnung-des-haus-kiefer-in-rastatt-ottersdorf-ein-rueckblick-auf-das-werk-und-die-geschichte-des-kuenstlers\/","url":"https:\/\/www.museum.de\/blog\/eroeffnung-des-haus-kiefer-in-rastatt-ottersdorf-ein-rueckblick-auf-das-werk-und-die-geschichte-des-kuenstlers\/","name":"Er\u00f6ffnung des Hauses Kiefer in Rastatt-Ottersdorf: Ein R\u00fcckblick auf das Werk und die Geschichte des K\u00fcnstlers - Der Museumsblog","isPartOf":{"@id":"https:\/\/www.museum.de\/blog\/#website"},"primaryImageOfPage":{"@id":"https:\/\/www.museum.de\/blog\/eroeffnung-des-haus-kiefer-in-rastatt-ottersdorf-ein-rueckblick-auf-das-werk-und-die-geschichte-des-kuenstlers\/#primaryimage"},"image":{"@id":"https:\/\/www.museum.de\/blog\/eroeffnung-des-haus-kiefer-in-rastatt-ottersdorf-ein-rueckblick-auf-das-werk-und-die-geschichte-des-kuenstlers\/#primaryimage"},"thumbnailUrl":"https:\/\/www.museum.de\/blog\/wp-content\/uploads\/2025\/04\/1280px-Anselm_Kieffer_-_Glaube__Hoffnung_Liebe.jpg","datePublished":"2025-04-28T05:25:42+00:00","dateModified":"2025-04-28T10:30:26+00:00","breadcrumb":{"@id":"https:\/\/www.museum.de\/blog\/eroeffnung-des-haus-kiefer-in-rastatt-ottersdorf-ein-rueckblick-auf-das-werk-und-die-geschichte-des-kuenstlers\/#breadcrumb"},"inLanguage":"de","potentialAction":[{"@type":"ReadAction","target":["https:\/\/www.museum.de\/blog\/eroeffnung-des-haus-kiefer-in-rastatt-ottersdorf-ein-rueckblick-auf-das-werk-und-die-geschichte-des-kuenstlers\/"]}]},{"@type":"ImageObject","inLanguage":"de","@id":"https:\/\/www.museum.de\/blog\/eroeffnung-des-haus-kiefer-in-rastatt-ottersdorf-ein-rueckblick-auf-das-werk-und-die-geschichte-des-kuenstlers\/#primaryimage","url":"https:\/\/www.museum.de\/blog\/wp-content\/uploads\/2025\/04\/1280px-Anselm_Kieffer_-_Glaube__Hoffnung_Liebe.jpg","contentUrl":"https:\/\/www.museum.de\/blog\/wp-content\/uploads\/2025\/04\/1280px-Anselm_Kieffer_-_Glaube__Hoffnung_Liebe.jpg","width":1280,"height":967,"caption":"Glaube, Hoffnung, Liebe, emulsion, synthetic polymer paint, shellac on photodocument paper on linen canvas with lead construction by Anselm Kieffer, 1984-6, Art Gallery of New South Wales."},{"@type":"BreadcrumbList","@id":"https:\/\/www.museum.de\/blog\/eroeffnung-des-haus-kiefer-in-rastatt-ottersdorf-ein-rueckblick-auf-das-werk-und-die-geschichte-des-kuenstlers\/#breadcrumb","itemListElement":[{"@type":"ListItem","position":1,"name":"Startseite","item":"https:\/\/www.museum.de\/blog\/"},{"@type":"ListItem","position":2,"name":"Er\u00f6ffnung des Hauses Kiefer in Rastatt-Ottersdorf: Ein R\u00fcckblick auf das Werk und die Geschichte des K\u00fcnstlers"}]},{"@type":"WebSite","@id":"https:\/\/www.museum.de\/blog\/#website","url":"https:\/\/www.museum.de\/blog\/","name":"Der Museumsblog","description":"Der Blog","publisher":{"@id":"https:\/\/www.museum.de\/blog\/#organization"},"alternateName":"museum.de - Der Museumsblog","potentialAction":[{"@type":"SearchAction","target":{"@type":"EntryPoint","urlTemplate":"https:\/\/www.museum.de\/blog\/?s={search_term_string}"},"query-input":{"@type":"PropertyValueSpecification","valueRequired":true,"valueName":"search_term_string"}}],"inLanguage":"de"},{"@type":"Organization","@id":"https:\/\/www.museum.de\/blog\/#organization","name":"Der Museumsblog","url":"https:\/\/www.museum.de\/blog\/","logo":{"@type":"ImageObject","inLanguage":"de","@id":"https:\/\/www.museum.de\/blog\/#\/schema\/logo\/image\/","url":"https:\/\/www.museum.de\/blog\/wp-content\/uploads\/2019\/03\/cropped-Audioguide_Titelseite-1.jpg","contentUrl":"https:\/\/www.museum.de\/blog\/wp-content\/uploads\/2019\/03\/cropped-Audioguide_Titelseite-1.jpg","width":512,"height":512,"caption":"Der Museumsblog"},"image":{"@id":"https:\/\/www.museum.de\/blog\/#\/schema\/logo\/image\/"}},{"@type":"Person","@id":"https:\/\/www.museum.de\/blog\/#\/schema\/person\/c09a0aea9ac127965257ff6115957332","name":"Redaktion","description":"Das Redaktionsteam von museum.de","url":"https:\/\/www.museum.de\/blog\/author\/msupervisor\/"}]}},"_links":{"self":[{"href":"https:\/\/www.museum.de\/blog\/wp-json\/wp\/v2\/posts\/3538","targetHints":{"allow":["GET"]}}],"collection":[{"href":"https:\/\/www.museum.de\/blog\/wp-json\/wp\/v2\/posts"}],"about":[{"href":"https:\/\/www.museum.de\/blog\/wp-json\/wp\/v2\/types\/post"}],"author":[{"embeddable":true,"href":"https:\/\/www.museum.de\/blog\/wp-json\/wp\/v2\/users\/1"}],"replies":[{"embeddable":true,"href":"https:\/\/www.museum.de\/blog\/wp-json\/wp\/v2\/comments?post=3538"}],"version-history":[{"count":7,"href":"https:\/\/www.museum.de\/blog\/wp-json\/wp\/v2\/posts\/3538\/revisions"}],"predecessor-version":[{"id":3582,"href":"https:\/\/www.museum.de\/blog\/wp-json\/wp\/v2\/posts\/3538\/revisions\/3582"}],"wp:featuredmedia":[{"embeddable":true,"href":"https:\/\/www.museum.de\/blog\/wp-json\/wp\/v2\/media\/3541"}],"wp:attachment":[{"href":"https:\/\/www.museum.de\/blog\/wp-json\/wp\/v2\/media?parent=3538"}],"wp:term":[{"taxonomy":"category","embeddable":true,"href":"https:\/\/www.museum.de\/blog\/wp-json\/wp\/v2\/categories?post=3538"},{"taxonomy":"post_tag","embeddable":true,"href":"https:\/\/www.museum.de\/blog\/wp-json\/wp\/v2\/tags?post=3538"}],"curies":[{"name":"wp","href":"https:\/\/api.w.org\/{rel}","templated":true}]}}