{"id":3699,"date":"2025-06-13T09:25:08","date_gmt":"2025-06-13T09:25:08","guid":{"rendered":"https:\/\/www.museum.de\/blog\/?p=3699"},"modified":"2025-06-13T09:31:40","modified_gmt":"2025-06-13T09:31:40","slug":"ein-neues-kapitel-in-coyoacan-das-museo-casa-kahlo-casa-roja-eroeffnet-im-september-2025","status":"publish","type":"post","link":"https:\/\/www.museum.de\/blog\/ein-neues-kapitel-in-coyoacan-das-museo-casa-kahlo-casa-roja-eroeffnet-im-september-2025\/","title":{"rendered":"Ein neues Kapitel in Coyoac\u00e1n: Das Museo Casa Kahlo \u2013 \u201eCasa Roja\u201c er\u00f6ffnet im September 2025"},"content":{"rendered":"\n<div class=\"wp-block-cover is-light\" style=\"margin-top:0;margin-bottom:2rem\"><img decoding=\"async\" width=\"832\" height=\"1248\" loading=\"lazy\" class=\"wp-block-cover__image-background wp-image-3633 size-large\" alt=\"Fotografie der K\u00fcnstlerin Frida Kahlo von Guillermo Kahlo\" src=\"https:\/\/www.museum.de\/blog\/wp-content\/uploads\/2025\/03\/Frida_Kahlo_by_Guillermo_Kahlo-832x1248.jpg\" style=\"object-position:57% 31%\" data-object-fit=\"cover\" data-object-position=\"57% 31%\" srcset=\"https:\/\/www.museum.de\/blog\/wp-content\/uploads\/2025\/03\/Frida_Kahlo_by_Guillermo_Kahlo-832x1248.jpg 832w, https:\/\/www.museum.de\/blog\/wp-content\/uploads\/2025\/03\/Frida_Kahlo_by_Guillermo_Kahlo-200x300.jpg 200w, https:\/\/www.museum.de\/blog\/wp-content\/uploads\/2025\/03\/Frida_Kahlo_by_Guillermo_Kahlo-768x1152.jpg 768w, https:\/\/www.museum.de\/blog\/wp-content\/uploads\/2025\/03\/Frida_Kahlo_by_Guillermo_Kahlo-1024x1536.jpg 1024w, https:\/\/www.museum.de\/blog\/wp-content\/uploads\/2025\/03\/Frida_Kahlo_by_Guillermo_Kahlo.jpg 1067w\" sizes=\"auto, (max-width: 832px) 100vw, 832px\" \/><span aria-hidden=\"true\" class=\"wp-block-cover__background has-background-dim\" style=\"background-color:#828282\"><\/span><div class=\"wp-block-cover__inner-container is-layout-constrained wp-block-cover-is-layout-constrained\">\n<h1 class=\"wp-block-heading has-text-align-center has-ast-global-color-4-color has-text-color has-link-color has-x-large-font-size wp-elements-c6f2fdf1a2512255d35fbdf0a570d8d4\">Ein neues Kapitel in Coyoac\u00e1n: Das Museo Casa Kahlo \u2013 \u201eCasa Roja\u201c er\u00f6ffnet im September 2025<\/h1>\n<\/div><\/div>\n\n\n\n<p>Am 27. September 2025 feiert Coyoac\u00e1n, das kulturelle Herz Mexiko-Stadts, gleich zwei Meilensteine: Seit 1958 zieht die Casa Azul Besucher aus aller Welt an, ab Herbst bereichert nun mit der <strong>Museo Casa Kahlo<\/strong>, liebevoll \u201eCasa Roja\u201c genannt, ein zweiter Ort das Erbe Frida Kahlos \u2013 und das erstmals in direkter Tr\u00e4gerschaft ihrer eigenen Familie.<\/p>\n\n\n\n<h2 class=\"wp-block-heading\">Vom Elternhaus zum Familienarchiv<\/h2>\n\n\n\n<p>Die Casa Roja war urspr\u00fcnglich das Wohnhaus von Fridas Eltern und sp\u00e4ter ihrer j\u00fcngeren Schwester Cristina. Jahrzehntelang verwahrte die Familie hier ein privates Archiv mit pers\u00f6nlichen Briefen, Fotografien und Alltagsgegenst\u00e4nden. Viele dieser Sch\u00e4tze blieben bis dato der \u00d6ffentlichkeit verborgen \u2013 bis vor allem Fridas Gro\u00dfnichte Mara Romeo Kahlo begann, Interessierte und Forschungspers\u00f6nlichkeiten ins Haus einzuladen, u. a. Salma Hayek. Nun wird aus dem vertrauten R\u00fcckzugsort ein modernes Museum, das den Blick auf Fridas <strong>Kindheit und Jugend<\/strong> richtet.<\/p>\n\n\n\n<p>Ana Gardu\u00f1o vom Instituto Nacional de Bellas Artes fasst es zusammen:<\/p>\n\n\n\n<blockquote class=\"wp-block-quote is-layout-flow wp-block-quote-is-layout-flow\">\n<p>\u201eFridas Schreiben ist kreativ, witzig und scharfz\u00fcngig \u2013 ein direkter Einblick in ihre Stimme und faszinierende Pers\u00f6nlichkeit.\u201c<\/p>\n<\/blockquote>\n\n\n\n<h2 class=\"wp-block-heading\">Einblicke in fr\u00fche Schaffensjahre<\/h2>\n\n\n\n<p>Im Gegensatz zur Casa Azul, die Kahlos sp\u00e4teres Leben und ihr k\u00fcnstlerisches Schaffen mit Diego Rivera beleuchtet, widmet sich Casa Roja ausschlie\u00dflich den pr\u00e4genden ersten Jahren. Zu den Highlights z\u00e4hlen:<\/p>\n\n\n\n<ul class=\"wp-block-list\">\n<li><strong>Kinderspielsachen<\/strong>: Original-Puppen und Stofftiere, mit denen Frida im mexikanischen B\u00fcrgertum aufwuchs.<\/li>\n\n\n\n<li><strong>Erste Nadelarbeiten<\/strong>: Ein Kreuzstich, den sie bereits mit f\u00fcnf Jahren anfertigte \u2013 Zeugnis fr\u00fcher Kreativit\u00e4t.<\/li>\n\n\n\n<li><strong>Erstes \u00d6lgem\u00e4lde<\/strong>: Ein Selbstportr\u00e4t im jugendlichen Leichtsinn, lange als verschollen gegolten.<\/li>\n\n\n\n<li><strong>Familienfotografien<\/strong>: Schnappsch\u00fcsse von Guillermo Kahlo, die K\u00fcnstlerin und Familie in ungeschminkter Intimit\u00e4t zeigen.<\/li>\n\n\n\n<li><strong>Entdecktes Wandgem\u00e4lde<\/strong>: Das vermutlich einzige muralistische Werk Fridas, vor Kurzem im Hausinneren wiederaufgefunden.<\/li>\n<\/ul>\n\n\n\n<p>Diese Objekte erz\u00e4hlen nicht nur von technischer \u00dcbung, sondern vor allem von einem heranwachsenden Menschen, der bald zur globalen Ikone werden sollte.<\/p>\n\n\n\n<h2 class=\"wp-block-heading\">Tr\u00e4gerschaft und Kontroversen<\/h2>\n\n\n\n<p>Anders als die Casa Azul, die seit 1958 von einer Stiftung unter dem Patronat der mexikanischen Zentralbank verwaltet wird und aktuell in eine Debatte um verschollene Werke verstrickt ist, befindet sich die Casa Roja vollst\u00e4ndig in Familienhand. Geleitet wird das neue Museum von <strong>Ad\u00e1n Garc\u00eda Fajardo<\/strong>, derzeit Direktor des Museo Memoria y Tolerancia, und beaufsichtigt von der 2024 in New York gegr\u00fcndeten <strong>Fundaci\u00f3n Kahlo<\/strong>. Diese unabh\u00e4ngige Non-Profit-Organisation f\u00f6rdert lateinamerikanische Kunst und arbeitet bewusst losgel\u00f6st von den politischen Turbulenzen um die Casa Azul.<\/p>\n\n\n\n<p>Mara Romeo Kahlo betonte in ihrer Er\u00f6ffnungsbotschaft:<\/p>\n\n\n\n<blockquote class=\"wp-block-quote is-layout-flow wp-block-quote-is-layout-flow\">\n<p>\u201eFridas Erbe geh\u00f6rt der Welt \u2013 doch es beginnt hier, auf diesem Boden, in diesen R\u00e4umen, in der Kultur, die sie gepr\u00e4gt hat.\u201c<\/p>\n<\/blockquote>\n\n\n\n<h2 class=\"wp-block-heading\">St\u00e4rkung der Kahlo-Pilgerst\u00e4tte Coyoac\u00e1n<\/h2>\n\n\n\n<p>Mit der Casa Roja erh\u00e4lt der Stadtteil Coyoac\u00e1n nun zwei Museen, eine Vielzahl von <strong>Kahlo-Tourismus-Angeboten<\/strong> und zahllose Insta-taugliche Fotomotive: von lebensgro\u00dfen Bronzestatuen bis zu bunten Street-Art-W\u00e4nden. Zugleich reiht sich die Casa Roja in jenen Trend neuartiger, privat getragener Kulturbereiche in Mexiko-Stadt ein \u2013 neben Projekten wie Fernando Romeros kommender Wiederer\u00f6ffnung von <strong>La Cuadra San Crist\u00f3bal<\/strong>.<\/p>\n\n\n\n<h2 class=\"wp-block-heading\">Fridamania: Ein globales Ph\u00e4nomen<\/h2>\n\n\n\n<p>Die Er\u00f6ffnung unterstreicht Frida Kahlos ungebrochene Faszination:<\/p>\n\n\n\n<blockquote class=\"wp-block-quote is-layout-flow wp-block-quote-is-layout-flow\">\n<p>\u201eFrida verstand es, das Pers\u00f6nliche ins Universelle zu verwandeln\u201c, so Celia Stahr, Autorin von <em>Frida in America<\/em> (2020).<br>\u201eVor drei\u00dfig Jahren hielt man Fridamania f\u00fcr eine Modeerscheinung\u201c, erg\u00e4nzt der Kahlo-Kenner Gregorio Luke, \u201edoch ihr Interesse ist zeitlos gewachsen.\u201c<\/p>\n<\/blockquote>\n\n\n\n<p>Tats\u00e4chlich erz\u00e4hlt Casa Roja eine neue Facette dieser Ikone \u2013 nicht nur als K\u00fcnstlerfigur, sondern als junges M\u00e4dchen mit Tr\u00e4umen, Widerspr\u00fcchen und einem unb\u00e4ndigen Willen zur Selbstreflexion.<\/p>\n\n\n\n<p>Wer plant, im kommenden Herbst das reiche kulturelle Geflecht Kahlos zu erkunden, sollte jetzt schon Tickets reservieren. Die Casa Roja verspricht nicht nur einen faszinierenden Einblick in Kindheit und famili\u00e4ren Alltag, sondern auch in die Wurzeln jener K\u00fcnstlerin, die bis heute Millionen inspiriert.<\/p>\n\n\n\n<p>Quelle:<br><a href=\"https:\/\/www.theartnewspaper.com\/2025\/06\/10\/new-frida-kahlo-museum-mexico-city-casa-roja\">https:\/\/www.theartnewspaper.com\/2025\/06\/10\/new-frida-kahlo-museum-mexico-city-casa-roja<\/a><\/p>\n\n\n\n<div class=\"wp-block-group has-background is-layout-constrained wp-block-group-is-layout-constrained\" style=\"background-color:#cce9fa\">\n<h4 class=\"wp-block-heading\">Praktische Informationen f\u00fcr den Besuch<\/h4>\n\n\n\n<ul class=\"wp-block-list\">\n<li><strong>Ort:<\/strong> Calle Xicot\u00e9ncatl 199, Coyoac\u00e1n, Mexiko-Stadt (nahe Casa Azul)<\/li>\n\n\n\n<li><strong>Er\u00f6ffnung:<\/strong> 27. September 2025<\/li>\n\n\n\n<li><strong>Tr\u00e4ger: <\/strong>Fundaci\u00f3n Kahlo (Familie Kahlo)<\/li>\n\n\n\n<li><strong>Leitung:<\/strong> Ad\u00e1n Garc\u00eda Fajardo<\/li>\n<\/ul>\n<\/div>\n","protected":false},"excerpt":{"rendered":"<p>Am 27. September 2025 feiert Coyoac\u00e1n, das kulturelle Herz Mexiko-Stadts, gleich zwei Meilensteine: Seit 1958 zieht die Casa Azul Besucher aus aller Welt an, ab Herbst bereichert nun mit der Museo Casa Kahlo, liebevoll \u201eCasa Roja\u201c genannt, ein zweiter Ort das Erbe Frida Kahlos \u2013 und das erstmals in direkter Tr\u00e4gerschaft ihrer eigenen Familie. Vom [&hellip;]<\/p>\n","protected":false},"author":1,"featured_media":3633,"comment_status":"closed","ping_status":"closed","sticky":false,"template":"","format":"standard","meta":{"site-sidebar-layout":"default","site-content-layout":"","ast-site-content-layout":"default","site-content-style":"default","site-sidebar-style":"default","ast-global-header-display":"","ast-banner-title-visibility":"","ast-main-header-display":"","ast-hfb-above-header-display":"","ast-hfb-below-header-display":"","ast-hfb-mobile-header-display":"","site-post-title":"disabled","ast-breadcrumbs-content":"","ast-featured-img":"disabled","footer-sml-layout":"","ast-disable-related-posts":"","theme-transparent-header-meta":"","adv-header-id-meta":"","stick-header-meta":"","header-above-stick-meta":"","header-main-stick-meta":"","header-below-stick-meta":"","astra-migrate-meta-layouts":"set","ast-page-background-enabled":"default","ast-page-background-meta":{"desktop":{"background-color":"var(--ast-global-color-4)","background-image":"","background-repeat":"repeat","background-position":"center center","background-size":"auto","background-attachment":"scroll","background-type":"","background-media":"","overlay-type":"","overlay-color":"","overlay-opacity":"","overlay-gradient":""},"tablet":{"background-color":"","background-image":"","background-repeat":"repeat","background-position":"center center","background-size":"auto","background-attachment":"scroll","background-type":"","background-media":"","overlay-type":"","overlay-color":"","overlay-opacity":"","overlay-gradient":""},"mobile":{"background-color":"","background-image":"","background-repeat":"repeat","background-position":"center center","background-size":"auto","background-attachment":"scroll","background-type":"","background-media":"","overlay-type":"","overlay-color":"","overlay-opacity":"","overlay-gradient":""}},"ast-content-background-meta":{"desktop":{"background-color":"var(--ast-global-color-5)","background-image":"","background-repeat":"repeat","background-position":"center center","background-size":"auto","background-attachment":"scroll","background-type":"","background-media":"","overlay-type":"","overlay-color":"","overlay-opacity":"","overlay-gradient":""},"tablet":{"background-color":"var(--ast-global-color-5)","background-image":"","background-repeat":"repeat","background-position":"center center","background-size":"auto","background-attachment":"scroll","background-type":"","background-media":"","overlay-type":"","overlay-color":"","overlay-opacity":"","overlay-gradient":""},"mobile":{"background-color":"var(--ast-global-color-5)","background-image":"","background-repeat":"repeat","background-position":"center center","background-size":"auto","background-attachment":"scroll","background-type":"","background-media":"","overlay-type":"","overlay-color":"","overlay-opacity":"","overlay-gradient":""}},"episode_type":"","audio_file":"","podmotor_file_id":"","podmotor_episode_id":"","cover_image":"","cover_image_id":"","duration":"","filesize":"","filesize_raw":"","date_recorded":"","explicit":"","block":"","itunes_episode_number":"","itunes_title":"","itunes_season_number":"","itunes_episode_type":"","footnotes":""},"categories":[27],"tags":[340,397,17],"class_list":["post-3699","post","type-post","status-publish","format-standard","has-post-thumbnail","hentry","category-museumsticker","tag-frida-kahlo","tag-mexico","tag-museen"],"yoast_head":"<!-- This site is optimized with the Yoast SEO plugin v27.5 - https:\/\/yoast.com\/product\/yoast-seo-wordpress\/ -->\n<title>Ein neues Kapitel in Coyoac\u00e1n: Das Museo Casa Kahlo \u2013 \u201eCasa Roja\u201c er\u00f6ffnet im September 2025 - Der Museumsblog<\/title>\n<meta name=\"robots\" content=\"index, follow, max-snippet:-1, max-image-preview:large, max-video-preview:-1\" \/>\n<link rel=\"canonical\" href=\"https:\/\/www.museum.de\/blog\/ein-neues-kapitel-in-coyoacan-das-museo-casa-kahlo-casa-roja-eroeffnet-im-september-2025\/\" \/>\n<meta property=\"og:locale\" content=\"de_DE\" \/>\n<meta property=\"og:type\" content=\"article\" \/>\n<meta property=\"og:title\" content=\"Ein neues Kapitel in Coyoac\u00e1n: Das Museo Casa Kahlo \u2013 \u201eCasa Roja\u201c er\u00f6ffnet im September 2025 - Der Museumsblog\" \/>\n<meta property=\"og:description\" content=\"Am 27. September 2025 feiert Coyoac\u00e1n, das kulturelle Herz Mexiko-Stadts, gleich zwei Meilensteine: Seit 1958 zieht die Casa Azul Besucher aus aller Welt an, ab Herbst bereichert nun mit der Museo Casa Kahlo, liebevoll \u201eCasa Roja\u201c genannt, ein zweiter Ort das Erbe Frida Kahlos \u2013 und das erstmals in direkter Tr\u00e4gerschaft ihrer eigenen Familie. Vom [&hellip;]\" \/>\n<meta property=\"og:url\" content=\"https:\/\/www.museum.de\/blog\/ein-neues-kapitel-in-coyoacan-das-museo-casa-kahlo-casa-roja-eroeffnet-im-september-2025\/\" \/>\n<meta property=\"og:site_name\" content=\"Der Museumsblog\" \/>\n<meta property=\"article:published_time\" content=\"2025-06-13T09:25:08+00:00\" \/>\n<meta property=\"article:modified_time\" content=\"2025-06-13T09:31:40+00:00\" \/>\n<meta property=\"og:image\" content=\"https:\/\/www.museum.de\/blog\/wp-content\/uploads\/2025\/03\/Frida_Kahlo_by_Guillermo_Kahlo.jpg\" \/>\n\t<meta property=\"og:image:width\" content=\"1197\" \/>\n\t<meta property=\"og:image:height\" content=\"1795\" \/>\n\t<meta property=\"og:image:type\" content=\"image\/jpeg\" \/>\n<meta name=\"author\" content=\"Redaktion\" \/>\n<meta name=\"twitter:card\" content=\"summary_large_image\" \/>\n<script type=\"application\/ld+json\" class=\"yoast-schema-graph\">{\"@context\":\"https:\\\/\\\/schema.org\",\"@graph\":[{\"@type\":\"Article\",\"@id\":\"https:\\\/\\\/www.museum.de\\\/blog\\\/ein-neues-kapitel-in-coyoacan-das-museo-casa-kahlo-casa-roja-eroeffnet-im-september-2025\\\/#article\",\"isPartOf\":{\"@id\":\"https:\\\/\\\/www.museum.de\\\/blog\\\/ein-neues-kapitel-in-coyoacan-das-museo-casa-kahlo-casa-roja-eroeffnet-im-september-2025\\\/\"},\"author\":{\"name\":\"Redaktion\",\"@id\":\"https:\\\/\\\/www.museum.de\\\/blog\\\/#\\\/schema\\\/person\\\/c09a0aea9ac127965257ff6115957332\"},\"headline\":\"Ein neues Kapitel in Coyoac\u00e1n: Das Museo Casa Kahlo \u2013 \u201eCasa Roja\u201c er\u00f6ffnet im September 2025\",\"datePublished\":\"2025-06-13T09:25:08+00:00\",\"dateModified\":\"2025-06-13T09:31:40+00:00\",\"mainEntityOfPage\":{\"@id\":\"https:\\\/\\\/www.museum.de\\\/blog\\\/ein-neues-kapitel-in-coyoacan-das-museo-casa-kahlo-casa-roja-eroeffnet-im-september-2025\\\/\"},\"wordCount\":700,\"publisher\":{\"@id\":\"https:\\\/\\\/www.museum.de\\\/blog\\\/#organization\"},\"image\":{\"@id\":\"https:\\\/\\\/www.museum.de\\\/blog\\\/ein-neues-kapitel-in-coyoacan-das-museo-casa-kahlo-casa-roja-eroeffnet-im-september-2025\\\/#primaryimage\"},\"thumbnailUrl\":\"https:\\\/\\\/www.museum.de\\\/blog\\\/wp-content\\\/uploads\\\/2025\\\/03\\\/Frida_Kahlo_by_Guillermo_Kahlo.jpg\",\"keywords\":[\"Frida Kahlo\",\"Mexico\",\"Museen\"],\"articleSection\":[\"Museumsticker\"],\"inLanguage\":\"de\"},{\"@type\":\"WebPage\",\"@id\":\"https:\\\/\\\/www.museum.de\\\/blog\\\/ein-neues-kapitel-in-coyoacan-das-museo-casa-kahlo-casa-roja-eroeffnet-im-september-2025\\\/\",\"url\":\"https:\\\/\\\/www.museum.de\\\/blog\\\/ein-neues-kapitel-in-coyoacan-das-museo-casa-kahlo-casa-roja-eroeffnet-im-september-2025\\\/\",\"name\":\"Ein neues Kapitel in Coyoac\u00e1n: Das Museo Casa Kahlo \u2013 \u201eCasa Roja\u201c er\u00f6ffnet im September 2025 - Der Museumsblog\",\"isPartOf\":{\"@id\":\"https:\\\/\\\/www.museum.de\\\/blog\\\/#website\"},\"primaryImageOfPage\":{\"@id\":\"https:\\\/\\\/www.museum.de\\\/blog\\\/ein-neues-kapitel-in-coyoacan-das-museo-casa-kahlo-casa-roja-eroeffnet-im-september-2025\\\/#primaryimage\"},\"image\":{\"@id\":\"https:\\\/\\\/www.museum.de\\\/blog\\\/ein-neues-kapitel-in-coyoacan-das-museo-casa-kahlo-casa-roja-eroeffnet-im-september-2025\\\/#primaryimage\"},\"thumbnailUrl\":\"https:\\\/\\\/www.museum.de\\\/blog\\\/wp-content\\\/uploads\\\/2025\\\/03\\\/Frida_Kahlo_by_Guillermo_Kahlo.jpg\",\"datePublished\":\"2025-06-13T09:25:08+00:00\",\"dateModified\":\"2025-06-13T09:31:40+00:00\",\"breadcrumb\":{\"@id\":\"https:\\\/\\\/www.museum.de\\\/blog\\\/ein-neues-kapitel-in-coyoacan-das-museo-casa-kahlo-casa-roja-eroeffnet-im-september-2025\\\/#breadcrumb\"},\"inLanguage\":\"de\",\"potentialAction\":[{\"@type\":\"ReadAction\",\"target\":[\"https:\\\/\\\/www.museum.de\\\/blog\\\/ein-neues-kapitel-in-coyoacan-das-museo-casa-kahlo-casa-roja-eroeffnet-im-september-2025\\\/\"]}]},{\"@type\":\"ImageObject\",\"inLanguage\":\"de\",\"@id\":\"https:\\\/\\\/www.museum.de\\\/blog\\\/ein-neues-kapitel-in-coyoacan-das-museo-casa-kahlo-casa-roja-eroeffnet-im-september-2025\\\/#primaryimage\",\"url\":\"https:\\\/\\\/www.museum.de\\\/blog\\\/wp-content\\\/uploads\\\/2025\\\/03\\\/Frida_Kahlo_by_Guillermo_Kahlo.jpg\",\"contentUrl\":\"https:\\\/\\\/www.museum.de\\\/blog\\\/wp-content\\\/uploads\\\/2025\\\/03\\\/Frida_Kahlo_by_Guillermo_Kahlo.jpg\",\"width\":1067,\"height\":1600,\"caption\":\"Frida Kahlo *gelatin silver print *Oct. 16 \\\/ 1932\"},{\"@type\":\"BreadcrumbList\",\"@id\":\"https:\\\/\\\/www.museum.de\\\/blog\\\/ein-neues-kapitel-in-coyoacan-das-museo-casa-kahlo-casa-roja-eroeffnet-im-september-2025\\\/#breadcrumb\",\"itemListElement\":[{\"@type\":\"ListItem\",\"position\":1,\"name\":\"Startseite\",\"item\":\"https:\\\/\\\/www.museum.de\\\/blog\\\/\"},{\"@type\":\"ListItem\",\"position\":2,\"name\":\"Ein neues Kapitel in Coyoac\u00e1n: Das Museo Casa Kahlo \u2013 \u201eCasa Roja\u201c er\u00f6ffnet im September 2025\"}]},{\"@type\":\"WebSite\",\"@id\":\"https:\\\/\\\/www.museum.de\\\/blog\\\/#website\",\"url\":\"https:\\\/\\\/www.museum.de\\\/blog\\\/\",\"name\":\"Der Museumsblog\",\"description\":\"Der Blog\",\"publisher\":{\"@id\":\"https:\\\/\\\/www.museum.de\\\/blog\\\/#organization\"},\"alternateName\":\"museum.de - Der Museumsblog\",\"potentialAction\":[{\"@type\":\"SearchAction\",\"target\":{\"@type\":\"EntryPoint\",\"urlTemplate\":\"https:\\\/\\\/www.museum.de\\\/blog\\\/?s={search_term_string}\"},\"query-input\":{\"@type\":\"PropertyValueSpecification\",\"valueRequired\":true,\"valueName\":\"search_term_string\"}}],\"inLanguage\":\"de\"},{\"@type\":\"Organization\",\"@id\":\"https:\\\/\\\/www.museum.de\\\/blog\\\/#organization\",\"name\":\"Der Museumsblog\",\"url\":\"https:\\\/\\\/www.museum.de\\\/blog\\\/\",\"logo\":{\"@type\":\"ImageObject\",\"inLanguage\":\"de\",\"@id\":\"https:\\\/\\\/www.museum.de\\\/blog\\\/#\\\/schema\\\/logo\\\/image\\\/\",\"url\":\"https:\\\/\\\/www.museum.de\\\/blog\\\/wp-content\\\/uploads\\\/2019\\\/03\\\/cropped-Audioguide_Titelseite-1.jpg\",\"contentUrl\":\"https:\\\/\\\/www.museum.de\\\/blog\\\/wp-content\\\/uploads\\\/2019\\\/03\\\/cropped-Audioguide_Titelseite-1.jpg\",\"width\":512,\"height\":512,\"caption\":\"Der Museumsblog\"},\"image\":{\"@id\":\"https:\\\/\\\/www.museum.de\\\/blog\\\/#\\\/schema\\\/logo\\\/image\\\/\"}},{\"@type\":\"Person\",\"@id\":\"https:\\\/\\\/www.museum.de\\\/blog\\\/#\\\/schema\\\/person\\\/c09a0aea9ac127965257ff6115957332\",\"name\":\"Redaktion\",\"description\":\"Das Redaktionsteam von museum.de\",\"url\":\"https:\\\/\\\/www.museum.de\\\/blog\\\/author\\\/msupervisor\\\/\"}]}<\/script>\n<!-- \/ Yoast SEO plugin. -->","yoast_head_json":{"title":"Ein neues Kapitel in Coyoac\u00e1n: Das Museo Casa Kahlo \u2013 \u201eCasa Roja\u201c er\u00f6ffnet im September 2025 - Der Museumsblog","robots":{"index":"index","follow":"follow","max-snippet":"max-snippet:-1","max-image-preview":"max-image-preview:large","max-video-preview":"max-video-preview:-1"},"canonical":"https:\/\/www.museum.de\/blog\/ein-neues-kapitel-in-coyoacan-das-museo-casa-kahlo-casa-roja-eroeffnet-im-september-2025\/","og_locale":"de_DE","og_type":"article","og_title":"Ein neues Kapitel in Coyoac\u00e1n: Das Museo Casa Kahlo \u2013 \u201eCasa Roja\u201c er\u00f6ffnet im September 2025 - Der Museumsblog","og_description":"Am 27. September 2025 feiert Coyoac\u00e1n, das kulturelle Herz Mexiko-Stadts, gleich zwei Meilensteine: Seit 1958 zieht die Casa Azul Besucher aus aller Welt an, ab Herbst bereichert nun mit der Museo Casa Kahlo, liebevoll \u201eCasa Roja\u201c genannt, ein zweiter Ort das Erbe Frida Kahlos \u2013 und das erstmals in direkter Tr\u00e4gerschaft ihrer eigenen Familie. Vom [&hellip;]","og_url":"https:\/\/www.museum.de\/blog\/ein-neues-kapitel-in-coyoacan-das-museo-casa-kahlo-casa-roja-eroeffnet-im-september-2025\/","og_site_name":"Der Museumsblog","article_published_time":"2025-06-13T09:25:08+00:00","article_modified_time":"2025-06-13T09:31:40+00:00","og_image":[{"width":1197,"height":1795,"url":"https:\/\/www.museum.de\/blog\/wp-content\/uploads\/2025\/03\/Frida_Kahlo_by_Guillermo_Kahlo.jpg","type":"image\/jpeg"}],"author":"Redaktion","twitter_card":"summary_large_image","schema":{"@context":"https:\/\/schema.org","@graph":[{"@type":"Article","@id":"https:\/\/www.museum.de\/blog\/ein-neues-kapitel-in-coyoacan-das-museo-casa-kahlo-casa-roja-eroeffnet-im-september-2025\/#article","isPartOf":{"@id":"https:\/\/www.museum.de\/blog\/ein-neues-kapitel-in-coyoacan-das-museo-casa-kahlo-casa-roja-eroeffnet-im-september-2025\/"},"author":{"name":"Redaktion","@id":"https:\/\/www.museum.de\/blog\/#\/schema\/person\/c09a0aea9ac127965257ff6115957332"},"headline":"Ein neues Kapitel in Coyoac\u00e1n: Das Museo Casa Kahlo \u2013 \u201eCasa Roja\u201c er\u00f6ffnet im September 2025","datePublished":"2025-06-13T09:25:08+00:00","dateModified":"2025-06-13T09:31:40+00:00","mainEntityOfPage":{"@id":"https:\/\/www.museum.de\/blog\/ein-neues-kapitel-in-coyoacan-das-museo-casa-kahlo-casa-roja-eroeffnet-im-september-2025\/"},"wordCount":700,"publisher":{"@id":"https:\/\/www.museum.de\/blog\/#organization"},"image":{"@id":"https:\/\/www.museum.de\/blog\/ein-neues-kapitel-in-coyoacan-das-museo-casa-kahlo-casa-roja-eroeffnet-im-september-2025\/#primaryimage"},"thumbnailUrl":"https:\/\/www.museum.de\/blog\/wp-content\/uploads\/2025\/03\/Frida_Kahlo_by_Guillermo_Kahlo.jpg","keywords":["Frida Kahlo","Mexico","Museen"],"articleSection":["Museumsticker"],"inLanguage":"de"},{"@type":"WebPage","@id":"https:\/\/www.museum.de\/blog\/ein-neues-kapitel-in-coyoacan-das-museo-casa-kahlo-casa-roja-eroeffnet-im-september-2025\/","url":"https:\/\/www.museum.de\/blog\/ein-neues-kapitel-in-coyoacan-das-museo-casa-kahlo-casa-roja-eroeffnet-im-september-2025\/","name":"Ein neues Kapitel in Coyoac\u00e1n: Das Museo Casa Kahlo \u2013 \u201eCasa Roja\u201c er\u00f6ffnet im September 2025 - Der Museumsblog","isPartOf":{"@id":"https:\/\/www.museum.de\/blog\/#website"},"primaryImageOfPage":{"@id":"https:\/\/www.museum.de\/blog\/ein-neues-kapitel-in-coyoacan-das-museo-casa-kahlo-casa-roja-eroeffnet-im-september-2025\/#primaryimage"},"image":{"@id":"https:\/\/www.museum.de\/blog\/ein-neues-kapitel-in-coyoacan-das-museo-casa-kahlo-casa-roja-eroeffnet-im-september-2025\/#primaryimage"},"thumbnailUrl":"https:\/\/www.museum.de\/blog\/wp-content\/uploads\/2025\/03\/Frida_Kahlo_by_Guillermo_Kahlo.jpg","datePublished":"2025-06-13T09:25:08+00:00","dateModified":"2025-06-13T09:31:40+00:00","breadcrumb":{"@id":"https:\/\/www.museum.de\/blog\/ein-neues-kapitel-in-coyoacan-das-museo-casa-kahlo-casa-roja-eroeffnet-im-september-2025\/#breadcrumb"},"inLanguage":"de","potentialAction":[{"@type":"ReadAction","target":["https:\/\/www.museum.de\/blog\/ein-neues-kapitel-in-coyoacan-das-museo-casa-kahlo-casa-roja-eroeffnet-im-september-2025\/"]}]},{"@type":"ImageObject","inLanguage":"de","@id":"https:\/\/www.museum.de\/blog\/ein-neues-kapitel-in-coyoacan-das-museo-casa-kahlo-casa-roja-eroeffnet-im-september-2025\/#primaryimage","url":"https:\/\/www.museum.de\/blog\/wp-content\/uploads\/2025\/03\/Frida_Kahlo_by_Guillermo_Kahlo.jpg","contentUrl":"https:\/\/www.museum.de\/blog\/wp-content\/uploads\/2025\/03\/Frida_Kahlo_by_Guillermo_Kahlo.jpg","width":1067,"height":1600,"caption":"Frida Kahlo *gelatin silver print *Oct. 16 \/ 1932"},{"@type":"BreadcrumbList","@id":"https:\/\/www.museum.de\/blog\/ein-neues-kapitel-in-coyoacan-das-museo-casa-kahlo-casa-roja-eroeffnet-im-september-2025\/#breadcrumb","itemListElement":[{"@type":"ListItem","position":1,"name":"Startseite","item":"https:\/\/www.museum.de\/blog\/"},{"@type":"ListItem","position":2,"name":"Ein neues Kapitel in Coyoac\u00e1n: Das Museo Casa Kahlo \u2013 \u201eCasa Roja\u201c er\u00f6ffnet im September 2025"}]},{"@type":"WebSite","@id":"https:\/\/www.museum.de\/blog\/#website","url":"https:\/\/www.museum.de\/blog\/","name":"Der Museumsblog","description":"Der Blog","publisher":{"@id":"https:\/\/www.museum.de\/blog\/#organization"},"alternateName":"museum.de - Der Museumsblog","potentialAction":[{"@type":"SearchAction","target":{"@type":"EntryPoint","urlTemplate":"https:\/\/www.museum.de\/blog\/?s={search_term_string}"},"query-input":{"@type":"PropertyValueSpecification","valueRequired":true,"valueName":"search_term_string"}}],"inLanguage":"de"},{"@type":"Organization","@id":"https:\/\/www.museum.de\/blog\/#organization","name":"Der Museumsblog","url":"https:\/\/www.museum.de\/blog\/","logo":{"@type":"ImageObject","inLanguage":"de","@id":"https:\/\/www.museum.de\/blog\/#\/schema\/logo\/image\/","url":"https:\/\/www.museum.de\/blog\/wp-content\/uploads\/2019\/03\/cropped-Audioguide_Titelseite-1.jpg","contentUrl":"https:\/\/www.museum.de\/blog\/wp-content\/uploads\/2019\/03\/cropped-Audioguide_Titelseite-1.jpg","width":512,"height":512,"caption":"Der Museumsblog"},"image":{"@id":"https:\/\/www.museum.de\/blog\/#\/schema\/logo\/image\/"}},{"@type":"Person","@id":"https:\/\/www.museum.de\/blog\/#\/schema\/person\/c09a0aea9ac127965257ff6115957332","name":"Redaktion","description":"Das Redaktionsteam von museum.de","url":"https:\/\/www.museum.de\/blog\/author\/msupervisor\/"}]}},"_links":{"self":[{"href":"https:\/\/www.museum.de\/blog\/wp-json\/wp\/v2\/posts\/3699","targetHints":{"allow":["GET"]}}],"collection":[{"href":"https:\/\/www.museum.de\/blog\/wp-json\/wp\/v2\/posts"}],"about":[{"href":"https:\/\/www.museum.de\/blog\/wp-json\/wp\/v2\/types\/post"}],"author":[{"embeddable":true,"href":"https:\/\/www.museum.de\/blog\/wp-json\/wp\/v2\/users\/1"}],"replies":[{"embeddable":true,"href":"https:\/\/www.museum.de\/blog\/wp-json\/wp\/v2\/comments?post=3699"}],"version-history":[{"count":3,"href":"https:\/\/www.museum.de\/blog\/wp-json\/wp\/v2\/posts\/3699\/revisions"}],"predecessor-version":[{"id":3704,"href":"https:\/\/www.museum.de\/blog\/wp-json\/wp\/v2\/posts\/3699\/revisions\/3704"}],"wp:featuredmedia":[{"embeddable":true,"href":"https:\/\/www.museum.de\/blog\/wp-json\/wp\/v2\/media\/3633"}],"wp:attachment":[{"href":"https:\/\/www.museum.de\/blog\/wp-json\/wp\/v2\/media?parent=3699"}],"wp:term":[{"taxonomy":"category","embeddable":true,"href":"https:\/\/www.museum.de\/blog\/wp-json\/wp\/v2\/categories?post=3699"},{"taxonomy":"post_tag","embeddable":true,"href":"https:\/\/www.museum.de\/blog\/wp-json\/wp\/v2\/tags?post=3699"}],"curies":[{"name":"wp","href":"https:\/\/api.w.org\/{rel}","templated":true}]}}