{"id":3706,"date":"2025-06-14T08:03:14","date_gmt":"2025-06-14T08:03:14","guid":{"rendered":"https:\/\/www.museum.de\/blog\/?p=3706"},"modified":"2025-06-14T08:03:20","modified_gmt":"2025-06-14T08:03:20","slug":"40-jahre-schengener-abkommen-freiheit-in-bewegung-im-schengen-museum","status":"publish","type":"post","link":"https:\/\/www.museum.de\/blog\/40-jahre-schengener-abkommen-freiheit-in-bewegung-im-schengen-museum\/","title":{"rendered":"40 Jahre Schengener Abkommen \u2013 Freiheit in Bewegung im Schengen-Museum"},"content":{"rendered":"\n<div class=\"wp-block-cover\"><img decoding=\"async\" width=\"1024\" height=\"683\" loading=\"lazy\" class=\"wp-block-cover__image-background wp-image-3708 size-full\" alt=\"\" src=\"https:\/\/www.museum.de\/blog\/wp-content\/uploads\/2025\/06\/schengen-museum-1024x683-1.jpg\" data-object-fit=\"cover\" srcset=\"https:\/\/www.museum.de\/blog\/wp-content\/uploads\/2025\/06\/schengen-museum-1024x683-1.jpg 1024w, https:\/\/www.museum.de\/blog\/wp-content\/uploads\/2025\/06\/schengen-museum-1024x683-1-300x200.jpg 300w, https:\/\/www.museum.de\/blog\/wp-content\/uploads\/2025\/06\/schengen-museum-1024x683-1-768x512.jpg 768w\" sizes=\"auto, (max-width: 1024px) 100vw, 1024px\" \/><span aria-hidden=\"true\" class=\"wp-block-cover__background has-background-dim\" style=\"background-color:#7c7d7d\"><\/span><div class=\"wp-block-cover__inner-container is-layout-constrained wp-block-cover-is-layout-constrained\">\n<h1 class=\"wp-block-heading has-text-align-center has-ast-global-color-4-color has-text-color has-link-color has-x-large-font-size wp-elements-d2c29249161a8260b342109bc4d4a228\">40 Jahre Schengener Abkommen \u2013 Freiheit in Bewegung im Schengen-Museum<\/h1>\n<\/div><\/div>\n\n\n\n<div style=\"height:3rem\" aria-hidden=\"true\" class=\"wp-block-spacer\"><\/div>\n\n\n\n<p>Am 14. Juni 1985 unterzeichneten Vertreter von Deutschland, Frankreich, Luxemburg, den Niederlanden und Belgien das wegweisende <strong>Schengener Abkommen<\/strong>, das den Grundstein f\u00fcr einen grenzenlosen europ\u00e4ischen Binnenraum legte. Vier Jahrzehnte sp\u00e4ter feiert Europa diesen Meilenstein \u2013 und das <strong>Centre Europ\u00e9en Schengen<\/strong> in Luxemburg l\u00e4dt mit seinem frisch renovierten Museum zu einer Zeitreise in die Geschichte der Freiz\u00fcgigkeit ein.<\/p>\n\n\n\n<h2 class=\"wp-block-heading\">Wiederer\u00f6ffnung: 14. Juni 2025<\/h2>\n\n\n\n<p>Nach umfassenden Modernisierungsarbeiten \u00f6ffnet das Schengen-Museum am Moselufer in Schengen seine T\u00fcren neu:<\/p>\n\n\n\n<ul class=\"wp-block-list\">\n<li><strong>Tag der offenen T\u00fcr<\/strong><br>\u2022 14. Juni, 14:00\u201318:00 Uhr<br>\u2022 15. Juni, 10:00\u201318:00 Uhr<\/li>\n\n\n\n<li><strong>Offizieller Start<\/strong><br>Ab dem 14. Juni 2025 t\u00e4glich ge\u00f6ffnet<\/li>\n<\/ul>\n\n\n\n<h2 class=\"wp-block-heading\">Das Highlight: Die \u201ePrinzessin Marie-Astrid Europa\u201c<\/h2>\n\n\n\n<p>Im Zentrum der neuen Ausstellung steht das historische Flussschiff <strong>Prinzessin Marie-Astrid Europa<\/strong>, auf dem 1985 die Unterschriften geleistet wurden. Nach aufw\u00e4ndiger Restaurierung kehrt es an seinen angestammten Liegeplatz zur\u00fcck und dient nun als immersive Kulisse:<\/p>\n\n\n\n<ul class=\"wp-block-list\">\n<li>Nachstellung der Original-Signaturprozesse<\/li>\n\n\n\n<li>Szenische Film- und Toninstallationen mit Zeitzeugen-Berichten<\/li>\n\n\n\n<li>Interaktive Stationen zum Thema \u201eFreiheit in Bewegung\u201c<\/li>\n<\/ul>\n\n\n\n<h2 class=\"wp-block-heading\">Immersive Ausstellung \u201e40 Years of Freedom in Motion\u201c<\/h2>\n\n\n\n<p>Die \u00fcberarbeitete Dauerausstellung erz\u00e4hlt die Geschichte des Schengener Abkommens in drei Kapiteln:<\/p>\n\n\n\n<ol class=\"wp-block-list\">\n<li><strong>Vision von 1985<\/strong><br>Politische Hintergr\u00fcnde, Abkommenstexte und Zeitdokumente<\/li>\n\n\n\n<li><strong>Die \u00d6ffnung der Grenzen<\/strong><br>Multimediale Inszenierungen \u2013 vom ersten Passkontrollstopp bis zum heutigen Schengen-Raum<\/li>\n\n\n\n<li><strong>Ausblick Europa 2045<\/strong><br>Diskussionsforum zu k\u00fcnftigen Herausforderungen und Chancen der Freiz\u00fcgigkeit<\/li>\n<\/ol>\n\n\n\n<p>Gro\u00dfformatige Projektionen, interaktive Touchscreens und Hologramm-Stationen machen Geschichte zum Erlebnis.<\/p>\n\n\n\n<h2 class=\"wp-block-heading\">F\u00fchrungen und Gruppenangebote<\/h2>\n\n\n\n<p>Auch w\u00e4hrend der Umbauphase wurden bereits gef\u00fchrte Touren angeboten \u2013 nach Wiederer\u00f6ffnung k\u00f6nnen Gruppen noch st\u00e4rker profitieren:<\/p>\n\n\n\n<ul class=\"wp-block-list\">\n<li>Ma\u00dfgeschneiderte Rundg\u00e4nge mit offiziellen Guides<\/li>\n\n\n\n<li>P\u00e4dagogische Programme f\u00fcr Schulklassen<\/li>\n\n\n\n<li>Exklusive Hintergrundgeschichten und Anekdoten zu den Verhandlungen von 1985<\/li>\n\n\n\n<li>Voranmeldung zwingend erforderlich unter <a href=\"mailto:welcome@visitschengen.lu\" target=\"_blank\" rel=\"noreferrer noopener\">welcome@visitschengen.lu<\/a><\/li>\n<\/ul>\n\n\n\n<h2 class=\"wp-block-heading\">Praktische Informationen<\/h2>\n\n\n\n<p>Centre Europ\u00e9en Schengen a.s.b.l.<br>6, rue Robert Goebbels, L-5444 Schengen (Luxemburg)<br>Telefon: +352 26 66 58 10<br>E-Mail: <a href=\"mailto:welcome@visitschengen.lu\" target=\"_blank\" rel=\"noreferrer noopener\">welcome@visitschengen.lu<\/a><br>Web: visitschengen.lu<\/p>\n\n\n\n<p>Anreise &amp; Parken: Gut ausgeschilderte Parkpl\u00e4tze direkt am Museum.<br>Barrierefreiheit: Das Museum und das Schiff sind auch f\u00fcr Besucher:innen mit eingeschr\u00e4nkter Mobilit\u00e4t zug\u00e4nglich.<\/p>\n\n\n\n<h2 class=\"wp-block-heading\">Warum Sie das Schengen-Museum besuchen sollten<\/h2>\n\n\n\n<ul class=\"wp-block-list\">\n<li><strong>Historischer Ort<\/strong>: Originalschauplatz der Unterschrift<\/li>\n\n\n\n<li><strong>Innovative Inszenierung<\/strong>: Modernste Medientechnik zum Anfassen<\/li>\n\n\n\n<li><strong>Feier zum 40. Jubil\u00e4um<\/strong>: Sonderprogramme und Zeitzeugen-Talks<\/li>\n\n\n\n<li><strong>Inspirierender Ort<\/strong>: Ein Symbol f\u00fcr europ\u00e4ische Einheit und Freiheit<\/li>\n\n\n\n<li><strong>Quelle:<\/strong> <a href=\"https:\/\/www.visitschengen.lu\/de\/planen-sie-ihren-besuch\/\">https:\/\/www.visitschengen.lu\/de\/planen-sie-ihren-besuch\/<\/a><\/li>\n<\/ul>\n\n\n\n<p>Vierzig Jahre nach Unterzeichnung des Schengener Abkommens ist das Schengen-Museum mehr als ein Museum \u2013 es ist ein lebendiges Zeugnis f\u00fcr gelebte Freiheit in Europa. Planen Sie Ihren Besuch, feiern Sie mit und erleben Sie hautnah, wie Geschichte in Bewegung bleibt!<\/p>\n","protected":false},"excerpt":{"rendered":"<p>Am 14. Juni 1985 unterzeichneten Vertreter von Deutschland, Frankreich, Luxemburg, den Niederlanden und Belgien das wegweisende Schengener Abkommen, das den Grundstein f\u00fcr einen grenzenlosen europ\u00e4ischen Binnenraum legte. Vier Jahrzehnte sp\u00e4ter feiert Europa diesen Meilenstein \u2013 und das Centre Europ\u00e9en Schengen in Luxemburg l\u00e4dt mit seinem frisch renovierten Museum zu einer Zeitreise in die Geschichte der [&hellip;]<\/p>\n","protected":false},"author":1,"featured_media":3708,"comment_status":"closed","ping_status":"closed","sticky":false,"template":"","format":"standard","meta":{"site-sidebar-layout":"default","site-content-layout":"","ast-site-content-layout":"default","site-content-style":"default","site-sidebar-style":"default","ast-global-header-display":"","ast-banner-title-visibility":"","ast-main-header-display":"","ast-hfb-above-header-display":"","ast-hfb-below-header-display":"","ast-hfb-mobile-header-display":"","site-post-title":"disabled","ast-breadcrumbs-content":"","ast-featured-img":"disabled","footer-sml-layout":"","ast-disable-related-posts":"","theme-transparent-header-meta":"","adv-header-id-meta":"","stick-header-meta":"","header-above-stick-meta":"","header-main-stick-meta":"","header-below-stick-meta":"","astra-migrate-meta-layouts":"set","ast-page-background-enabled":"default","ast-page-background-meta":{"desktop":{"background-color":"var(--ast-global-color-4)","background-image":"","background-repeat":"repeat","background-position":"center center","background-size":"auto","background-attachment":"scroll","background-type":"","background-media":"","overlay-type":"","overlay-color":"","overlay-opacity":"","overlay-gradient":""},"tablet":{"background-color":"","background-image":"","background-repeat":"repeat","background-position":"center center","background-size":"auto","background-attachment":"scroll","background-type":"","background-media":"","overlay-type":"","overlay-color":"","overlay-opacity":"","overlay-gradient":""},"mobile":{"background-color":"","background-image":"","background-repeat":"repeat","background-position":"center center","background-size":"auto","background-attachment":"scroll","background-type":"","background-media":"","overlay-type":"","overlay-color":"","overlay-opacity":"","overlay-gradient":""}},"ast-content-background-meta":{"desktop":{"background-color":"var(--ast-global-color-5)","background-image":"","background-repeat":"repeat","background-position":"center center","background-size":"auto","background-attachment":"scroll","background-type":"","background-media":"","overlay-type":"","overlay-color":"","overlay-opacity":"","overlay-gradient":""},"tablet":{"background-color":"var(--ast-global-color-5)","background-image":"","background-repeat":"repeat","background-position":"center center","background-size":"auto","background-attachment":"scroll","background-type":"","background-media":"","overlay-type":"","overlay-color":"","overlay-opacity":"","overlay-gradient":""},"mobile":{"background-color":"var(--ast-global-color-5)","background-image":"","background-repeat":"repeat","background-position":"center center","background-size":"auto","background-attachment":"scroll","background-type":"","background-media":"","overlay-type":"","overlay-color":"","overlay-opacity":"","overlay-gradient":""}},"episode_type":"","audio_file":"","podmotor_file_id":"","podmotor_episode_id":"","cover_image":"","cover_image_id":"","duration":"","filesize":"","filesize_raw":"","date_recorded":"","explicit":"","block":"","itunes_episode_number":"","itunes_title":"","itunes_season_number":"","itunes_episode_type":"","footnotes":""},"categories":[27],"tags":[398,400,399],"class_list":["post-3706","post","type-post","status-publish","format-standard","has-post-thumbnail","hentry","category-museumsticker","tag-eu","tag-luxemburg","tag-schengen"],"yoast_head":"<!-- This site is optimized with the Yoast SEO plugin v27.5 - https:\/\/yoast.com\/product\/yoast-seo-wordpress\/ -->\n<title>40 Jahre Schengener Abkommen \u2013 Freiheit in Bewegung im Schengen-Museum - Der Museumsblog<\/title>\n<meta name=\"robots\" content=\"index, follow, max-snippet:-1, max-image-preview:large, max-video-preview:-1\" \/>\n<link rel=\"canonical\" href=\"https:\/\/www.museum.de\/blog\/40-jahre-schengener-abkommen-freiheit-in-bewegung-im-schengen-museum\/\" \/>\n<meta property=\"og:locale\" content=\"de_DE\" \/>\n<meta property=\"og:type\" content=\"article\" \/>\n<meta property=\"og:title\" content=\"40 Jahre Schengener Abkommen \u2013 Freiheit in Bewegung im Schengen-Museum - Der Museumsblog\" \/>\n<meta property=\"og:description\" content=\"Am 14. Juni 1985 unterzeichneten Vertreter von Deutschland, Frankreich, Luxemburg, den Niederlanden und Belgien das wegweisende Schengener Abkommen, das den Grundstein f\u00fcr einen grenzenlosen europ\u00e4ischen Binnenraum legte. Vier Jahrzehnte sp\u00e4ter feiert Europa diesen Meilenstein \u2013 und das Centre Europ\u00e9en Schengen in Luxemburg l\u00e4dt mit seinem frisch renovierten Museum zu einer Zeitreise in die Geschichte der [&hellip;]\" \/>\n<meta property=\"og:url\" content=\"https:\/\/www.museum.de\/blog\/40-jahre-schengener-abkommen-freiheit-in-bewegung-im-schengen-museum\/\" \/>\n<meta property=\"og:site_name\" content=\"Der Museumsblog\" \/>\n<meta property=\"article:published_time\" content=\"2025-06-14T08:03:14+00:00\" \/>\n<meta property=\"article:modified_time\" content=\"2025-06-14T08:03:20+00:00\" \/>\n<meta property=\"og:image\" content=\"https:\/\/www.museum.de\/blog\/wp-content\/uploads\/2025\/06\/schengen-museum-1024x683-1.jpg\" \/>\n\t<meta property=\"og:image:width\" content=\"1024\" \/>\n\t<meta property=\"og:image:height\" content=\"683\" \/>\n\t<meta property=\"og:image:type\" content=\"image\/jpeg\" \/>\n<meta name=\"author\" content=\"Redaktion\" \/>\n<meta name=\"twitter:card\" content=\"summary_large_image\" \/>\n<script type=\"application\/ld+json\" class=\"yoast-schema-graph\">{\"@context\":\"https:\\\/\\\/schema.org\",\"@graph\":[{\"@type\":\"Article\",\"@id\":\"https:\\\/\\\/www.museum.de\\\/blog\\\/40-jahre-schengener-abkommen-freiheit-in-bewegung-im-schengen-museum\\\/#article\",\"isPartOf\":{\"@id\":\"https:\\\/\\\/www.museum.de\\\/blog\\\/40-jahre-schengener-abkommen-freiheit-in-bewegung-im-schengen-museum\\\/\"},\"author\":{\"name\":\"Redaktion\",\"@id\":\"https:\\\/\\\/www.museum.de\\\/blog\\\/#\\\/schema\\\/person\\\/c09a0aea9ac127965257ff6115957332\"},\"headline\":\"40 Jahre Schengener Abkommen \u2013 Freiheit in Bewegung im Schengen-Museum\",\"datePublished\":\"2025-06-14T08:03:14+00:00\",\"dateModified\":\"2025-06-14T08:03:20+00:00\",\"mainEntityOfPage\":{\"@id\":\"https:\\\/\\\/www.museum.de\\\/blog\\\/40-jahre-schengener-abkommen-freiheit-in-bewegung-im-schengen-museum\\\/\"},\"wordCount\":422,\"publisher\":{\"@id\":\"https:\\\/\\\/www.museum.de\\\/blog\\\/#organization\"},\"image\":{\"@id\":\"https:\\\/\\\/www.museum.de\\\/blog\\\/40-jahre-schengener-abkommen-freiheit-in-bewegung-im-schengen-museum\\\/#primaryimage\"},\"thumbnailUrl\":\"https:\\\/\\\/www.museum.de\\\/blog\\\/wp-content\\\/uploads\\\/2025\\\/06\\\/schengen-museum-1024x683-1.jpg\",\"keywords\":[\"EU\",\"Luxemburg\",\"Schengen\"],\"articleSection\":[\"Museumsticker\"],\"inLanguage\":\"de\"},{\"@type\":\"WebPage\",\"@id\":\"https:\\\/\\\/www.museum.de\\\/blog\\\/40-jahre-schengener-abkommen-freiheit-in-bewegung-im-schengen-museum\\\/\",\"url\":\"https:\\\/\\\/www.museum.de\\\/blog\\\/40-jahre-schengener-abkommen-freiheit-in-bewegung-im-schengen-museum\\\/\",\"name\":\"40 Jahre Schengener Abkommen \u2013 Freiheit in Bewegung im Schengen-Museum - Der Museumsblog\",\"isPartOf\":{\"@id\":\"https:\\\/\\\/www.museum.de\\\/blog\\\/#website\"},\"primaryImageOfPage\":{\"@id\":\"https:\\\/\\\/www.museum.de\\\/blog\\\/40-jahre-schengener-abkommen-freiheit-in-bewegung-im-schengen-museum\\\/#primaryimage\"},\"image\":{\"@id\":\"https:\\\/\\\/www.museum.de\\\/blog\\\/40-jahre-schengener-abkommen-freiheit-in-bewegung-im-schengen-museum\\\/#primaryimage\"},\"thumbnailUrl\":\"https:\\\/\\\/www.museum.de\\\/blog\\\/wp-content\\\/uploads\\\/2025\\\/06\\\/schengen-museum-1024x683-1.jpg\",\"datePublished\":\"2025-06-14T08:03:14+00:00\",\"dateModified\":\"2025-06-14T08:03:20+00:00\",\"breadcrumb\":{\"@id\":\"https:\\\/\\\/www.museum.de\\\/blog\\\/40-jahre-schengener-abkommen-freiheit-in-bewegung-im-schengen-museum\\\/#breadcrumb\"},\"inLanguage\":\"de\",\"potentialAction\":[{\"@type\":\"ReadAction\",\"target\":[\"https:\\\/\\\/www.museum.de\\\/blog\\\/40-jahre-schengener-abkommen-freiheit-in-bewegung-im-schengen-museum\\\/\"]}]},{\"@type\":\"ImageObject\",\"inLanguage\":\"de\",\"@id\":\"https:\\\/\\\/www.museum.de\\\/blog\\\/40-jahre-schengener-abkommen-freiheit-in-bewegung-im-schengen-museum\\\/#primaryimage\",\"url\":\"https:\\\/\\\/www.museum.de\\\/blog\\\/wp-content\\\/uploads\\\/2025\\\/06\\\/schengen-museum-1024x683-1.jpg\",\"contentUrl\":\"https:\\\/\\\/www.museum.de\\\/blog\\\/wp-content\\\/uploads\\\/2025\\\/06\\\/schengen-museum-1024x683-1.jpg\",\"width\":1024,\"height\":683,\"caption\":\"Aussenansicht Schengenmuseum\"},{\"@type\":\"BreadcrumbList\",\"@id\":\"https:\\\/\\\/www.museum.de\\\/blog\\\/40-jahre-schengener-abkommen-freiheit-in-bewegung-im-schengen-museum\\\/#breadcrumb\",\"itemListElement\":[{\"@type\":\"ListItem\",\"position\":1,\"name\":\"Startseite\",\"item\":\"https:\\\/\\\/www.museum.de\\\/blog\\\/\"},{\"@type\":\"ListItem\",\"position\":2,\"name\":\"40 Jahre Schengener Abkommen \u2013 Freiheit in Bewegung im Schengen-Museum\"}]},{\"@type\":\"WebSite\",\"@id\":\"https:\\\/\\\/www.museum.de\\\/blog\\\/#website\",\"url\":\"https:\\\/\\\/www.museum.de\\\/blog\\\/\",\"name\":\"Der Museumsblog\",\"description\":\"Der Blog\",\"publisher\":{\"@id\":\"https:\\\/\\\/www.museum.de\\\/blog\\\/#organization\"},\"alternateName\":\"museum.de - Der Museumsblog\",\"potentialAction\":[{\"@type\":\"SearchAction\",\"target\":{\"@type\":\"EntryPoint\",\"urlTemplate\":\"https:\\\/\\\/www.museum.de\\\/blog\\\/?s={search_term_string}\"},\"query-input\":{\"@type\":\"PropertyValueSpecification\",\"valueRequired\":true,\"valueName\":\"search_term_string\"}}],\"inLanguage\":\"de\"},{\"@type\":\"Organization\",\"@id\":\"https:\\\/\\\/www.museum.de\\\/blog\\\/#organization\",\"name\":\"Der Museumsblog\",\"url\":\"https:\\\/\\\/www.museum.de\\\/blog\\\/\",\"logo\":{\"@type\":\"ImageObject\",\"inLanguage\":\"de\",\"@id\":\"https:\\\/\\\/www.museum.de\\\/blog\\\/#\\\/schema\\\/logo\\\/image\\\/\",\"url\":\"https:\\\/\\\/www.museum.de\\\/blog\\\/wp-content\\\/uploads\\\/2019\\\/03\\\/cropped-Audioguide_Titelseite-1.jpg\",\"contentUrl\":\"https:\\\/\\\/www.museum.de\\\/blog\\\/wp-content\\\/uploads\\\/2019\\\/03\\\/cropped-Audioguide_Titelseite-1.jpg\",\"width\":512,\"height\":512,\"caption\":\"Der Museumsblog\"},\"image\":{\"@id\":\"https:\\\/\\\/www.museum.de\\\/blog\\\/#\\\/schema\\\/logo\\\/image\\\/\"}},{\"@type\":\"Person\",\"@id\":\"https:\\\/\\\/www.museum.de\\\/blog\\\/#\\\/schema\\\/person\\\/c09a0aea9ac127965257ff6115957332\",\"name\":\"Redaktion\",\"description\":\"Das Redaktionsteam von museum.de\",\"url\":\"https:\\\/\\\/www.museum.de\\\/blog\\\/author\\\/msupervisor\\\/\"}]}<\/script>\n<!-- \/ Yoast SEO plugin. -->","yoast_head_json":{"title":"40 Jahre Schengener Abkommen \u2013 Freiheit in Bewegung im Schengen-Museum - Der Museumsblog","robots":{"index":"index","follow":"follow","max-snippet":"max-snippet:-1","max-image-preview":"max-image-preview:large","max-video-preview":"max-video-preview:-1"},"canonical":"https:\/\/www.museum.de\/blog\/40-jahre-schengener-abkommen-freiheit-in-bewegung-im-schengen-museum\/","og_locale":"de_DE","og_type":"article","og_title":"40 Jahre Schengener Abkommen \u2013 Freiheit in Bewegung im Schengen-Museum - Der Museumsblog","og_description":"Am 14. Juni 1985 unterzeichneten Vertreter von Deutschland, Frankreich, Luxemburg, den Niederlanden und Belgien das wegweisende Schengener Abkommen, das den Grundstein f\u00fcr einen grenzenlosen europ\u00e4ischen Binnenraum legte. Vier Jahrzehnte sp\u00e4ter feiert Europa diesen Meilenstein \u2013 und das Centre Europ\u00e9en Schengen in Luxemburg l\u00e4dt mit seinem frisch renovierten Museum zu einer Zeitreise in die Geschichte der [&hellip;]","og_url":"https:\/\/www.museum.de\/blog\/40-jahre-schengener-abkommen-freiheit-in-bewegung-im-schengen-museum\/","og_site_name":"Der Museumsblog","article_published_time":"2025-06-14T08:03:14+00:00","article_modified_time":"2025-06-14T08:03:20+00:00","og_image":[{"width":1024,"height":683,"url":"https:\/\/www.museum.de\/blog\/wp-content\/uploads\/2025\/06\/schengen-museum-1024x683-1.jpg","type":"image\/jpeg"}],"author":"Redaktion","twitter_card":"summary_large_image","schema":{"@context":"https:\/\/schema.org","@graph":[{"@type":"Article","@id":"https:\/\/www.museum.de\/blog\/40-jahre-schengener-abkommen-freiheit-in-bewegung-im-schengen-museum\/#article","isPartOf":{"@id":"https:\/\/www.museum.de\/blog\/40-jahre-schengener-abkommen-freiheit-in-bewegung-im-schengen-museum\/"},"author":{"name":"Redaktion","@id":"https:\/\/www.museum.de\/blog\/#\/schema\/person\/c09a0aea9ac127965257ff6115957332"},"headline":"40 Jahre Schengener Abkommen \u2013 Freiheit in Bewegung im Schengen-Museum","datePublished":"2025-06-14T08:03:14+00:00","dateModified":"2025-06-14T08:03:20+00:00","mainEntityOfPage":{"@id":"https:\/\/www.museum.de\/blog\/40-jahre-schengener-abkommen-freiheit-in-bewegung-im-schengen-museum\/"},"wordCount":422,"publisher":{"@id":"https:\/\/www.museum.de\/blog\/#organization"},"image":{"@id":"https:\/\/www.museum.de\/blog\/40-jahre-schengener-abkommen-freiheit-in-bewegung-im-schengen-museum\/#primaryimage"},"thumbnailUrl":"https:\/\/www.museum.de\/blog\/wp-content\/uploads\/2025\/06\/schengen-museum-1024x683-1.jpg","keywords":["EU","Luxemburg","Schengen"],"articleSection":["Museumsticker"],"inLanguage":"de"},{"@type":"WebPage","@id":"https:\/\/www.museum.de\/blog\/40-jahre-schengener-abkommen-freiheit-in-bewegung-im-schengen-museum\/","url":"https:\/\/www.museum.de\/blog\/40-jahre-schengener-abkommen-freiheit-in-bewegung-im-schengen-museum\/","name":"40 Jahre Schengener Abkommen \u2013 Freiheit in Bewegung im Schengen-Museum - Der Museumsblog","isPartOf":{"@id":"https:\/\/www.museum.de\/blog\/#website"},"primaryImageOfPage":{"@id":"https:\/\/www.museum.de\/blog\/40-jahre-schengener-abkommen-freiheit-in-bewegung-im-schengen-museum\/#primaryimage"},"image":{"@id":"https:\/\/www.museum.de\/blog\/40-jahre-schengener-abkommen-freiheit-in-bewegung-im-schengen-museum\/#primaryimage"},"thumbnailUrl":"https:\/\/www.museum.de\/blog\/wp-content\/uploads\/2025\/06\/schengen-museum-1024x683-1.jpg","datePublished":"2025-06-14T08:03:14+00:00","dateModified":"2025-06-14T08:03:20+00:00","breadcrumb":{"@id":"https:\/\/www.museum.de\/blog\/40-jahre-schengener-abkommen-freiheit-in-bewegung-im-schengen-museum\/#breadcrumb"},"inLanguage":"de","potentialAction":[{"@type":"ReadAction","target":["https:\/\/www.museum.de\/blog\/40-jahre-schengener-abkommen-freiheit-in-bewegung-im-schengen-museum\/"]}]},{"@type":"ImageObject","inLanguage":"de","@id":"https:\/\/www.museum.de\/blog\/40-jahre-schengener-abkommen-freiheit-in-bewegung-im-schengen-museum\/#primaryimage","url":"https:\/\/www.museum.de\/blog\/wp-content\/uploads\/2025\/06\/schengen-museum-1024x683-1.jpg","contentUrl":"https:\/\/www.museum.de\/blog\/wp-content\/uploads\/2025\/06\/schengen-museum-1024x683-1.jpg","width":1024,"height":683,"caption":"Aussenansicht Schengenmuseum"},{"@type":"BreadcrumbList","@id":"https:\/\/www.museum.de\/blog\/40-jahre-schengener-abkommen-freiheit-in-bewegung-im-schengen-museum\/#breadcrumb","itemListElement":[{"@type":"ListItem","position":1,"name":"Startseite","item":"https:\/\/www.museum.de\/blog\/"},{"@type":"ListItem","position":2,"name":"40 Jahre Schengener Abkommen \u2013 Freiheit in Bewegung im Schengen-Museum"}]},{"@type":"WebSite","@id":"https:\/\/www.museum.de\/blog\/#website","url":"https:\/\/www.museum.de\/blog\/","name":"Der Museumsblog","description":"Der Blog","publisher":{"@id":"https:\/\/www.museum.de\/blog\/#organization"},"alternateName":"museum.de - Der Museumsblog","potentialAction":[{"@type":"SearchAction","target":{"@type":"EntryPoint","urlTemplate":"https:\/\/www.museum.de\/blog\/?s={search_term_string}"},"query-input":{"@type":"PropertyValueSpecification","valueRequired":true,"valueName":"search_term_string"}}],"inLanguage":"de"},{"@type":"Organization","@id":"https:\/\/www.museum.de\/blog\/#organization","name":"Der Museumsblog","url":"https:\/\/www.museum.de\/blog\/","logo":{"@type":"ImageObject","inLanguage":"de","@id":"https:\/\/www.museum.de\/blog\/#\/schema\/logo\/image\/","url":"https:\/\/www.museum.de\/blog\/wp-content\/uploads\/2019\/03\/cropped-Audioguide_Titelseite-1.jpg","contentUrl":"https:\/\/www.museum.de\/blog\/wp-content\/uploads\/2019\/03\/cropped-Audioguide_Titelseite-1.jpg","width":512,"height":512,"caption":"Der Museumsblog"},"image":{"@id":"https:\/\/www.museum.de\/blog\/#\/schema\/logo\/image\/"}},{"@type":"Person","@id":"https:\/\/www.museum.de\/blog\/#\/schema\/person\/c09a0aea9ac127965257ff6115957332","name":"Redaktion","description":"Das Redaktionsteam von museum.de","url":"https:\/\/www.museum.de\/blog\/author\/msupervisor\/"}]}},"_links":{"self":[{"href":"https:\/\/www.museum.de\/blog\/wp-json\/wp\/v2\/posts\/3706","targetHints":{"allow":["GET"]}}],"collection":[{"href":"https:\/\/www.museum.de\/blog\/wp-json\/wp\/v2\/posts"}],"about":[{"href":"https:\/\/www.museum.de\/blog\/wp-json\/wp\/v2\/types\/post"}],"author":[{"embeddable":true,"href":"https:\/\/www.museum.de\/blog\/wp-json\/wp\/v2\/users\/1"}],"replies":[{"embeddable":true,"href":"https:\/\/www.museum.de\/blog\/wp-json\/wp\/v2\/comments?post=3706"}],"version-history":[{"count":2,"href":"https:\/\/www.museum.de\/blog\/wp-json\/wp\/v2\/posts\/3706\/revisions"}],"predecessor-version":[{"id":3709,"href":"https:\/\/www.museum.de\/blog\/wp-json\/wp\/v2\/posts\/3706\/revisions\/3709"}],"wp:featuredmedia":[{"embeddable":true,"href":"https:\/\/www.museum.de\/blog\/wp-json\/wp\/v2\/media\/3708"}],"wp:attachment":[{"href":"https:\/\/www.museum.de\/blog\/wp-json\/wp\/v2\/media?parent=3706"}],"wp:term":[{"taxonomy":"category","embeddable":true,"href":"https:\/\/www.museum.de\/blog\/wp-json\/wp\/v2\/categories?post=3706"},{"taxonomy":"post_tag","embeddable":true,"href":"https:\/\/www.museum.de\/blog\/wp-json\/wp\/v2\/tags?post=3706"}],"curies":[{"name":"wp","href":"https:\/\/api.w.org\/{rel}","templated":true}]}}