{"id":3761,"date":"2025-07-19T09:05:52","date_gmt":"2025-07-19T09:05:52","guid":{"rendered":"https:\/\/www.museum.de\/blog\/?p=3761"},"modified":"2025-07-22T07:23:34","modified_gmt":"2025-07-22T07:23:34","slug":"kunst-fuer-alle-die-bedeutung-der-public-domain-und-die-digitale-oeffnung-von-museen","status":"publish","type":"post","link":"https:\/\/www.museum.de\/blog\/kunst-fuer-alle-die-bedeutung-der-public-domain-und-die-digitale-oeffnung-von-museen\/","title":{"rendered":"Kunst f\u00fcr alle: Die Bedeutung der Public Domain und die digitale \u00d6ffnung von Museen"},"content":{"rendered":"\n<div class=\"wp-block-cover\"><img decoding=\"async\" width=\"1248\" height=\"634\" loading=\"lazy\" class=\"wp-block-cover__image-background wp-image-3762 size-large\" alt=\"Nursery on Schenkweg Vincent van Gogh\" src=\"https:\/\/www.museum.de\/blog\/wp-content\/uploads\/2025\/07\/vincent-van-gogh-1248x634.jpg\" data-object-fit=\"cover\" srcset=\"https:\/\/www.museum.de\/blog\/wp-content\/uploads\/2025\/07\/vincent-van-gogh-1248x634.jpg 1248w, https:\/\/www.museum.de\/blog\/wp-content\/uploads\/2025\/07\/vincent-van-gogh-300x152.jpg 300w, https:\/\/www.museum.de\/blog\/wp-content\/uploads\/2025\/07\/vincent-van-gogh-768x390.jpg 768w, https:\/\/www.museum.de\/blog\/wp-content\/uploads\/2025\/07\/vincent-van-gogh-1536x780.jpg 1536w, https:\/\/www.museum.de\/blog\/wp-content\/uploads\/2025\/07\/vincent-van-gogh-2048x1041.jpg 2048w, https:\/\/www.museum.de\/blog\/wp-content\/uploads\/2025\/07\/vincent-van-gogh-scaled.jpg 1600w\" sizes=\"auto, (max-width: 1248px) 100vw, 1248px\" \/><span aria-hidden=\"true\" class=\"wp-block-cover__background has-background-dim\" style=\"background-color:#7b776b\"><\/span><div class=\"wp-block-cover__inner-container is-layout-constrained wp-block-cover-is-layout-constrained\">\n<h1 class=\"wp-block-heading has-text-align-center has-ast-global-color-5-color has-text-color has-link-color has-x-large-font-size wp-elements-35619dddb395871d294be7bd167edbdb\">Kunst f\u00fcr alle: Die Bedeutung der Public Domain und die digitale \u00d6ffnung von Museen<\/h1>\n<\/div><\/div>\n\n\n\n<div style=\"height:3rem\" aria-hidden=\"true\" class=\"wp-block-spacer\"><\/div>\n\n\n\n<p>Die Idee der <strong>Public Domain<\/strong> \u2013 jener Sammlung von Werken, die nicht mehr durch Urheberrechte gesch\u00fctzt sind und somit uneingeschr\u00e4nkt genutzt werden k\u00f6nnen \u2013 ist weit mehr als nur ein rechtliches Konzept. Sie ist Ausdruck eines kulturellen Ideals: der freien Verf\u00fcgbarkeit von Wissen und Kunst f\u00fcr die Allgemeinheit. In einer Zeit, in der digitale Technologien Zugangsschranken abbauen, nehmen Museen weltweit zunehmend eine Vorreiterrolle ein, um ihre Sammlungen einem globalen Publikum zug\u00e4nglich zu machen. Einen der j\u00fcngsten und beeindruckendsten Schritte in diese Richtung hat das renommierte <strong>Metropolitan Museum of Art in New York<\/strong><sup>1<\/sup> unternommen.<\/p>\n\n\n\n<h3 class=\"wp-block-heading\">Ein epochaler Schritt in die digitale Zukunft<\/h3>\n\n\n\n<p>Mit der Ver\u00f6ffentlichung von 492.000 hochaufl\u00f6senden Bildern aus ihrer Sammlung hat die \u201eMet\u201c die Messlatte hochgelegt. Diese Werke, die von antiken Artefakten bis zu Meisterwerken der Moderne reichen, wurden in die Public Domain \u00fcberf\u00fchrt und stehen nun f\u00fcr die uneingeschr\u00e4nkte Nutzung zur Verf\u00fcgung. Die Initiative ist Teil eines umfassenderen Trends, den auch andere Institutionen wie das Rijksmuseum in Amsterdam, die National Gallery in London und das British Museum aufgegriffen haben. Durch die Digitalisierung ihrer Best\u00e4nde und die \u00d6ffnung dieser Sch\u00e4tze f\u00fcr die Allgemeinheit leisten diese H\u00e4user einen entscheidenden Beitrag zur Demokratisierung von Kunst und Kultur.<\/p>\n\n\n\n<h3 class=\"wp-block-heading\">Die Kuratierung des digitalen Raums<\/h3>\n\n\n\n<p>Das kuratorische Konzept hinter der digitalen Ver\u00f6ffentlichung der Met-Sammlung ist ebenso bemerkenswert wie die schiere Anzahl der Werke. Im digitalen Archiv k\u00f6nnen Nutzer nach K\u00fcnstlern, Epochen, Stilen oder geografischen Regionen suchen. Die Navigation ist intuitiv gestaltet, und die Bilder selbst beeindrucken durch ihre Detailgenauigkeit, die es erm\u00f6glicht, Werke wie Manets <em>\u201eBoating\u201c<\/em> oder Rembrandts <em>\u201eSelbstbildnis\u201c<\/em> in ihrer ganzen Pracht zu erleben \u2013 bis hin zu den feinsten Nuancen von Pinselstrichen oder Texturen.<\/p>\n\n\n\n<p>Ein weiterer H\u00f6hepunkt der Sammlung ist Alfred Stieglitz\u2019 ikonische Fotografie <em>\u201eThe Steerage\u201c<\/em> von 1907, die exemplarisch f\u00fcr die Verschmelzung von Kunst und dokumentarischer Fotografie steht. Solche Werke, die einst nur in den Hallen des Museums zu sehen waren, k\u00f6nnen nun von Kunstliebhabern, Forschern und Kreativen gleicherma\u00dfen erkundet und genutzt werden.<\/p>\n\n\n\n<h3 class=\"wp-block-heading\">Public Domain: Freiheit mit Verantwortung<\/h3>\n\n\n\n<p>Die Entscheidung, diese Werke in die Public Domain zu \u00fcberf\u00fchren, ist nicht nur ein rechtlicher, sondern auch ein kultureller Meilenstein. Public Domain bedeutet hier nicht nur, dass die Bilder heruntergeladen und f\u00fcr private oder kommerzielle Projekte genutzt werden k\u00f6nnen, sondern auch, dass sie neu interpretiert, erforscht und in neue Kontexte gestellt werden d\u00fcrfen. Gleichzeitig stellt sich die Frage nach der Verantwortung: Wie gehen wir mit dieser Freiheit um? Die Nutzung und Weiterverwendung der Werke erfordert nicht nur Respekt gegen\u00fcber den K\u00fcnstlern, sondern auch ein Bewusstsein f\u00fcr den kulturellen und historischen Wert dieser Sch\u00e4tze.<\/p>\n\n\n\n<h3 class=\"wp-block-heading\">Ein Blick in die Zukunft<\/h3>\n\n\n\n<p>Die digitale \u00d6ffnung von Museen wie der Met ist ein Schritt hin zu einer inklusiveren Kunstwelt, in der geografische und soziale Barrieren \u00fcberwunden werden. Doch sie ist auch eine Einladung, \u00fcber die Rolle von Museen im 21. Jahrhundert nachzudenken: Sind sie Bewahrer von Artefakten oder aktive Akteure in der Vermittlung und Neugestaltung von Kultur? Die Antwort liegt wohl irgendwo dazwischen.<\/p>\n\n\n\n<p>Die M\u00f6glichkeit, Kunst aus der Ferne zu erleben, ersetzt nicht die physische Pr\u00e4senz vor einem Werk. Doch sie schafft neue Wege des Zugangs und neue Formen des Dialogs \u2013 zwischen den Werken, den Institutionen und einem globalen Publikum, das mehr denn je nach kultureller Teilhabe strebt.<\/p>\n\n\n\n<h3 class=\"wp-block-heading\">Fazit<\/h3>\n\n\n\n<p>Die Initiative der Metropolitan Museum of Art ist ein Musterbeispiel f\u00fcr den verantwortungsvollen Umgang mit kulturellem Erbe in der digitalen \u00c4ra. Sie zeigt, wie Tradition und Innovation miteinander verschmelzen k\u00f6nnen, um die Kunst nicht nur zu bewahren, sondern sie lebendig zu halten und f\u00fcr alle zug\u00e4nglich zu machen. In einer Welt, in der sich die Grenzen von physischem und digitalem Raum immer mehr aufl\u00f6sen, sind solche Projekte nicht nur w\u00fcnschenswert, sondern essenziell f\u00fcr den Fortbestand einer offenen, vielf\u00e4ltigen und global vernetzten Kultur.<\/p>\n\n\n\n<p>Wer sich selbst ein Bild machen m\u00f6chte, kann die digitale Sammlung der Met unter folgendem Link durchst\u00f6bern: <a href=\"https:\/\/www.metmuseum.org\/art\/collection\" target=\"_blank\" rel=\"noreferrer noopener\">Metropolitan Museum of Art Open Access<\/a>.<\/p>\n\n\n\n<p>1 Artikel \u00fcber das MET im Online Magazin <a href=\"https:\/\/www.openculture.com\/2024\/11\/the-metropolitan-museum-of-art-puts-490000-high-res-images-online.html\">OpenCulture<\/a><\/p>\n\n\n\n<p><strong>Bildnachweis:<\/strong><br><a href=\"https:\/\/www.metmuseum.org\/art\/collection\/search\/335538\" target=\"_blank\" rel=\"noreferrer noopener\">https:\/\/www.metmuseum.org\/art\/collection\/search\/335538<\/a><\/p>\n","protected":false},"excerpt":{"rendered":"<p>Die Idee der Public Domain \u2013 jener Sammlung von Werken, die nicht mehr durch Urheberrechte gesch\u00fctzt sind und somit uneingeschr\u00e4nkt genutzt werden k\u00f6nnen \u2013 ist weit mehr als nur ein rechtliches Konzept. Sie ist Ausdruck eines kulturellen Ideals: der freien Verf\u00fcgbarkeit von Wissen und Kunst f\u00fcr die Allgemeinheit. In einer Zeit, in der digitale Technologien [&hellip;]<\/p>\n","protected":false},"author":1,"featured_media":3762,"comment_status":"closed","ping_status":"closed","sticky":false,"template":"","format":"standard","meta":{"site-sidebar-layout":"default","site-content-layout":"","ast-site-content-layout":"default","site-content-style":"default","site-sidebar-style":"default","ast-global-header-display":"","ast-banner-title-visibility":"","ast-main-header-display":"","ast-hfb-above-header-display":"","ast-hfb-below-header-display":"","ast-hfb-mobile-header-display":"","site-post-title":"disabled","ast-breadcrumbs-content":"","ast-featured-img":"","footer-sml-layout":"","ast-disable-related-posts":"","theme-transparent-header-meta":"","adv-header-id-meta":"","stick-header-meta":"","header-above-stick-meta":"","header-main-stick-meta":"","header-below-stick-meta":"","astra-migrate-meta-layouts":"set","ast-page-background-enabled":"default","ast-page-background-meta":{"desktop":{"background-color":"var(--ast-global-color-4)","background-image":"","background-repeat":"repeat","background-position":"center center","background-size":"auto","background-attachment":"scroll","background-type":"","background-media":"","overlay-type":"","overlay-color":"","overlay-opacity":"","overlay-gradient":""},"tablet":{"background-color":"","background-image":"","background-repeat":"repeat","background-position":"center center","background-size":"auto","background-attachment":"scroll","background-type":"","background-media":"","overlay-type":"","overlay-color":"","overlay-opacity":"","overlay-gradient":""},"mobile":{"background-color":"","background-image":"","background-repeat":"repeat","background-position":"center center","background-size":"auto","background-attachment":"scroll","background-type":"","background-media":"","overlay-type":"","overlay-color":"","overlay-opacity":"","overlay-gradient":""}},"ast-content-background-meta":{"desktop":{"background-color":"var(--ast-global-color-5)","background-image":"","background-repeat":"repeat","background-position":"center center","background-size":"auto","background-attachment":"scroll","background-type":"","background-media":"","overlay-type":"","overlay-color":"","overlay-opacity":"","overlay-gradient":""},"tablet":{"background-color":"var(--ast-global-color-5)","background-image":"","background-repeat":"repeat","background-position":"center center","background-size":"auto","background-attachment":"scroll","background-type":"","background-media":"","overlay-type":"","overlay-color":"","overlay-opacity":"","overlay-gradient":""},"mobile":{"background-color":"var(--ast-global-color-5)","background-image":"","background-repeat":"repeat","background-position":"center center","background-size":"auto","background-attachment":"scroll","background-type":"","background-media":"","overlay-type":"","overlay-color":"","overlay-opacity":"","overlay-gradient":""}},"episode_type":"","audio_file":"","podmotor_file_id":"","podmotor_episode_id":"","cover_image":"","cover_image_id":"","duration":"","filesize":"","filesize_raw":"","date_recorded":"","explicit":"","block":"","itunes_episode_number":"","itunes_title":"","itunes_season_number":"","itunes_episode_type":"","footnotes":""},"categories":[12],"tags":[157,158,412],"class_list":["post-3761","post","type-post","status-publish","format-standard","has-post-thumbnail","hentry","category-museumswelt","tag-metropolitan-museum-of-art","tag-new-york","tag-public-domain"],"yoast_head":"<!-- This site is optimized with the Yoast SEO plugin v27.5 - https:\/\/yoast.com\/product\/yoast-seo-wordpress\/ -->\n<title>Kunst f\u00fcr alle: Die Bedeutung der Public Domain und die digitale \u00d6ffnung von Museen - Der Museumsblog<\/title>\n<meta name=\"robots\" content=\"index, follow, max-snippet:-1, max-image-preview:large, max-video-preview:-1\" \/>\n<link rel=\"canonical\" href=\"https:\/\/www.museum.de\/blog\/kunst-fuer-alle-die-bedeutung-der-public-domain-und-die-digitale-oeffnung-von-museen\/\" \/>\n<meta property=\"og:locale\" content=\"de_DE\" \/>\n<meta property=\"og:type\" content=\"article\" \/>\n<meta property=\"og:title\" content=\"Kunst f\u00fcr alle: Die Bedeutung der Public Domain und die digitale \u00d6ffnung von Museen - Der Museumsblog\" \/>\n<meta property=\"og:description\" content=\"Die Idee der Public Domain \u2013 jener Sammlung von Werken, die nicht mehr durch Urheberrechte gesch\u00fctzt sind und somit uneingeschr\u00e4nkt genutzt werden k\u00f6nnen \u2013 ist weit mehr als nur ein rechtliches Konzept. Sie ist Ausdruck eines kulturellen Ideals: der freien Verf\u00fcgbarkeit von Wissen und Kunst f\u00fcr die Allgemeinheit. In einer Zeit, in der digitale Technologien [&hellip;]\" \/>\n<meta property=\"og:url\" content=\"https:\/\/www.museum.de\/blog\/kunst-fuer-alle-die-bedeutung-der-public-domain-und-die-digitale-oeffnung-von-museen\/\" \/>\n<meta property=\"og:site_name\" content=\"Der Museumsblog\" \/>\n<meta property=\"article:published_time\" content=\"2025-07-19T09:05:52+00:00\" \/>\n<meta property=\"article:modified_time\" content=\"2025-07-22T07:23:34+00:00\" \/>\n<meta property=\"og:image\" content=\"https:\/\/www.museum.de\/blog\/wp-content\/uploads\/2025\/07\/vincent-van-gogh-scaled.jpg\" \/>\n\t<meta property=\"og:image:width\" content=\"2560\" \/>\n\t<meta property=\"og:image:height\" content=\"1301\" \/>\n\t<meta property=\"og:image:type\" content=\"image\/jpeg\" \/>\n<meta name=\"author\" content=\"Redaktion\" \/>\n<meta name=\"twitter:card\" content=\"summary_large_image\" \/>\n<script type=\"application\/ld+json\" class=\"yoast-schema-graph\">{\"@context\":\"https:\\\/\\\/schema.org\",\"@graph\":[{\"@type\":\"Article\",\"@id\":\"https:\\\/\\\/www.museum.de\\\/blog\\\/kunst-fuer-alle-die-bedeutung-der-public-domain-und-die-digitale-oeffnung-von-museen\\\/#article\",\"isPartOf\":{\"@id\":\"https:\\\/\\\/www.museum.de\\\/blog\\\/kunst-fuer-alle-die-bedeutung-der-public-domain-und-die-digitale-oeffnung-von-museen\\\/\"},\"author\":{\"name\":\"Redaktion\",\"@id\":\"https:\\\/\\\/www.museum.de\\\/blog\\\/#\\\/schema\\\/person\\\/c09a0aea9ac127965257ff6115957332\"},\"headline\":\"Kunst f\u00fcr alle: Die Bedeutung der Public Domain und die digitale \u00d6ffnung von Museen\",\"datePublished\":\"2025-07-19T09:05:52+00:00\",\"dateModified\":\"2025-07-22T07:23:34+00:00\",\"mainEntityOfPage\":{\"@id\":\"https:\\\/\\\/www.museum.de\\\/blog\\\/kunst-fuer-alle-die-bedeutung-der-public-domain-und-die-digitale-oeffnung-von-museen\\\/\"},\"wordCount\":720,\"publisher\":{\"@id\":\"https:\\\/\\\/www.museum.de\\\/blog\\\/#organization\"},\"image\":{\"@id\":\"https:\\\/\\\/www.museum.de\\\/blog\\\/kunst-fuer-alle-die-bedeutung-der-public-domain-und-die-digitale-oeffnung-von-museen\\\/#primaryimage\"},\"thumbnailUrl\":\"https:\\\/\\\/www.museum.de\\\/blog\\\/wp-content\\\/uploads\\\/2025\\\/07\\\/vincent-van-gogh-scaled.jpg\",\"keywords\":[\"Metropolitan Museum of Art\",\"New York\",\"Public Domain\"],\"articleSection\":[\"Museumswelt\"],\"inLanguage\":\"de\"},{\"@type\":\"WebPage\",\"@id\":\"https:\\\/\\\/www.museum.de\\\/blog\\\/kunst-fuer-alle-die-bedeutung-der-public-domain-und-die-digitale-oeffnung-von-museen\\\/\",\"url\":\"https:\\\/\\\/www.museum.de\\\/blog\\\/kunst-fuer-alle-die-bedeutung-der-public-domain-und-die-digitale-oeffnung-von-museen\\\/\",\"name\":\"Kunst f\u00fcr alle: Die Bedeutung der Public Domain und die digitale \u00d6ffnung von Museen - Der Museumsblog\",\"isPartOf\":{\"@id\":\"https:\\\/\\\/www.museum.de\\\/blog\\\/#website\"},\"primaryImageOfPage\":{\"@id\":\"https:\\\/\\\/www.museum.de\\\/blog\\\/kunst-fuer-alle-die-bedeutung-der-public-domain-und-die-digitale-oeffnung-von-museen\\\/#primaryimage\"},\"image\":{\"@id\":\"https:\\\/\\\/www.museum.de\\\/blog\\\/kunst-fuer-alle-die-bedeutung-der-public-domain-und-die-digitale-oeffnung-von-museen\\\/#primaryimage\"},\"thumbnailUrl\":\"https:\\\/\\\/www.museum.de\\\/blog\\\/wp-content\\\/uploads\\\/2025\\\/07\\\/vincent-van-gogh-scaled.jpg\",\"datePublished\":\"2025-07-19T09:05:52+00:00\",\"dateModified\":\"2025-07-22T07:23:34+00:00\",\"breadcrumb\":{\"@id\":\"https:\\\/\\\/www.museum.de\\\/blog\\\/kunst-fuer-alle-die-bedeutung-der-public-domain-und-die-digitale-oeffnung-von-museen\\\/#breadcrumb\"},\"inLanguage\":\"de\",\"potentialAction\":[{\"@type\":\"ReadAction\",\"target\":[\"https:\\\/\\\/www.museum.de\\\/blog\\\/kunst-fuer-alle-die-bedeutung-der-public-domain-und-die-digitale-oeffnung-von-museen\\\/\"]}]},{\"@type\":\"ImageObject\",\"inLanguage\":\"de\",\"@id\":\"https:\\\/\\\/www.museum.de\\\/blog\\\/kunst-fuer-alle-die-bedeutung-der-public-domain-und-die-digitale-oeffnung-von-museen\\\/#primaryimage\",\"url\":\"https:\\\/\\\/www.museum.de\\\/blog\\\/wp-content\\\/uploads\\\/2025\\\/07\\\/vincent-van-gogh-scaled.jpg\",\"contentUrl\":\"https:\\\/\\\/www.museum.de\\\/blog\\\/wp-content\\\/uploads\\\/2025\\\/07\\\/vincent-van-gogh-scaled.jpg\",\"width\":1600,\"height\":813,\"caption\":\"Nursery on Schenkweg Vincent van Gogh\"},{\"@type\":\"BreadcrumbList\",\"@id\":\"https:\\\/\\\/www.museum.de\\\/blog\\\/kunst-fuer-alle-die-bedeutung-der-public-domain-und-die-digitale-oeffnung-von-museen\\\/#breadcrumb\",\"itemListElement\":[{\"@type\":\"ListItem\",\"position\":1,\"name\":\"Startseite\",\"item\":\"https:\\\/\\\/www.museum.de\\\/blog\\\/\"},{\"@type\":\"ListItem\",\"position\":2,\"name\":\"Kunst f\u00fcr alle: Die Bedeutung der Public Domain und die digitale \u00d6ffnung von Museen\"}]},{\"@type\":\"WebSite\",\"@id\":\"https:\\\/\\\/www.museum.de\\\/blog\\\/#website\",\"url\":\"https:\\\/\\\/www.museum.de\\\/blog\\\/\",\"name\":\"Der Museumsblog\",\"description\":\"Der Blog\",\"publisher\":{\"@id\":\"https:\\\/\\\/www.museum.de\\\/blog\\\/#organization\"},\"alternateName\":\"museum.de - Der Museumsblog\",\"potentialAction\":[{\"@type\":\"SearchAction\",\"target\":{\"@type\":\"EntryPoint\",\"urlTemplate\":\"https:\\\/\\\/www.museum.de\\\/blog\\\/?s={search_term_string}\"},\"query-input\":{\"@type\":\"PropertyValueSpecification\",\"valueRequired\":true,\"valueName\":\"search_term_string\"}}],\"inLanguage\":\"de\"},{\"@type\":\"Organization\",\"@id\":\"https:\\\/\\\/www.museum.de\\\/blog\\\/#organization\",\"name\":\"Der Museumsblog\",\"url\":\"https:\\\/\\\/www.museum.de\\\/blog\\\/\",\"logo\":{\"@type\":\"ImageObject\",\"inLanguage\":\"de\",\"@id\":\"https:\\\/\\\/www.museum.de\\\/blog\\\/#\\\/schema\\\/logo\\\/image\\\/\",\"url\":\"https:\\\/\\\/www.museum.de\\\/blog\\\/wp-content\\\/uploads\\\/2019\\\/03\\\/cropped-Audioguide_Titelseite-1.jpg\",\"contentUrl\":\"https:\\\/\\\/www.museum.de\\\/blog\\\/wp-content\\\/uploads\\\/2019\\\/03\\\/cropped-Audioguide_Titelseite-1.jpg\",\"width\":512,\"height\":512,\"caption\":\"Der Museumsblog\"},\"image\":{\"@id\":\"https:\\\/\\\/www.museum.de\\\/blog\\\/#\\\/schema\\\/logo\\\/image\\\/\"}},{\"@type\":\"Person\",\"@id\":\"https:\\\/\\\/www.museum.de\\\/blog\\\/#\\\/schema\\\/person\\\/c09a0aea9ac127965257ff6115957332\",\"name\":\"Redaktion\",\"description\":\"Das Redaktionsteam von museum.de\",\"url\":\"https:\\\/\\\/www.museum.de\\\/blog\\\/author\\\/msupervisor\\\/\"}]}<\/script>\n<!-- \/ Yoast SEO plugin. -->","yoast_head_json":{"title":"Kunst f\u00fcr alle: Die Bedeutung der Public Domain und die digitale \u00d6ffnung von Museen - Der Museumsblog","robots":{"index":"index","follow":"follow","max-snippet":"max-snippet:-1","max-image-preview":"max-image-preview:large","max-video-preview":"max-video-preview:-1"},"canonical":"https:\/\/www.museum.de\/blog\/kunst-fuer-alle-die-bedeutung-der-public-domain-und-die-digitale-oeffnung-von-museen\/","og_locale":"de_DE","og_type":"article","og_title":"Kunst f\u00fcr alle: Die Bedeutung der Public Domain und die digitale \u00d6ffnung von Museen - Der Museumsblog","og_description":"Die Idee der Public Domain \u2013 jener Sammlung von Werken, die nicht mehr durch Urheberrechte gesch\u00fctzt sind und somit uneingeschr\u00e4nkt genutzt werden k\u00f6nnen \u2013 ist weit mehr als nur ein rechtliches Konzept. Sie ist Ausdruck eines kulturellen Ideals: der freien Verf\u00fcgbarkeit von Wissen und Kunst f\u00fcr die Allgemeinheit. In einer Zeit, in der digitale Technologien [&hellip;]","og_url":"https:\/\/www.museum.de\/blog\/kunst-fuer-alle-die-bedeutung-der-public-domain-und-die-digitale-oeffnung-von-museen\/","og_site_name":"Der Museumsblog","article_published_time":"2025-07-19T09:05:52+00:00","article_modified_time":"2025-07-22T07:23:34+00:00","og_image":[{"width":2560,"height":1301,"url":"https:\/\/www.museum.de\/blog\/wp-content\/uploads\/2025\/07\/vincent-van-gogh-scaled.jpg","type":"image\/jpeg"}],"author":"Redaktion","twitter_card":"summary_large_image","schema":{"@context":"https:\/\/schema.org","@graph":[{"@type":"Article","@id":"https:\/\/www.museum.de\/blog\/kunst-fuer-alle-die-bedeutung-der-public-domain-und-die-digitale-oeffnung-von-museen\/#article","isPartOf":{"@id":"https:\/\/www.museum.de\/blog\/kunst-fuer-alle-die-bedeutung-der-public-domain-und-die-digitale-oeffnung-von-museen\/"},"author":{"name":"Redaktion","@id":"https:\/\/www.museum.de\/blog\/#\/schema\/person\/c09a0aea9ac127965257ff6115957332"},"headline":"Kunst f\u00fcr alle: Die Bedeutung der Public Domain und die digitale \u00d6ffnung von Museen","datePublished":"2025-07-19T09:05:52+00:00","dateModified":"2025-07-22T07:23:34+00:00","mainEntityOfPage":{"@id":"https:\/\/www.museum.de\/blog\/kunst-fuer-alle-die-bedeutung-der-public-domain-und-die-digitale-oeffnung-von-museen\/"},"wordCount":720,"publisher":{"@id":"https:\/\/www.museum.de\/blog\/#organization"},"image":{"@id":"https:\/\/www.museum.de\/blog\/kunst-fuer-alle-die-bedeutung-der-public-domain-und-die-digitale-oeffnung-von-museen\/#primaryimage"},"thumbnailUrl":"https:\/\/www.museum.de\/blog\/wp-content\/uploads\/2025\/07\/vincent-van-gogh-scaled.jpg","keywords":["Metropolitan Museum of Art","New York","Public Domain"],"articleSection":["Museumswelt"],"inLanguage":"de"},{"@type":"WebPage","@id":"https:\/\/www.museum.de\/blog\/kunst-fuer-alle-die-bedeutung-der-public-domain-und-die-digitale-oeffnung-von-museen\/","url":"https:\/\/www.museum.de\/blog\/kunst-fuer-alle-die-bedeutung-der-public-domain-und-die-digitale-oeffnung-von-museen\/","name":"Kunst f\u00fcr alle: Die Bedeutung der Public Domain und die digitale \u00d6ffnung von Museen - Der Museumsblog","isPartOf":{"@id":"https:\/\/www.museum.de\/blog\/#website"},"primaryImageOfPage":{"@id":"https:\/\/www.museum.de\/blog\/kunst-fuer-alle-die-bedeutung-der-public-domain-und-die-digitale-oeffnung-von-museen\/#primaryimage"},"image":{"@id":"https:\/\/www.museum.de\/blog\/kunst-fuer-alle-die-bedeutung-der-public-domain-und-die-digitale-oeffnung-von-museen\/#primaryimage"},"thumbnailUrl":"https:\/\/www.museum.de\/blog\/wp-content\/uploads\/2025\/07\/vincent-van-gogh-scaled.jpg","datePublished":"2025-07-19T09:05:52+00:00","dateModified":"2025-07-22T07:23:34+00:00","breadcrumb":{"@id":"https:\/\/www.museum.de\/blog\/kunst-fuer-alle-die-bedeutung-der-public-domain-und-die-digitale-oeffnung-von-museen\/#breadcrumb"},"inLanguage":"de","potentialAction":[{"@type":"ReadAction","target":["https:\/\/www.museum.de\/blog\/kunst-fuer-alle-die-bedeutung-der-public-domain-und-die-digitale-oeffnung-von-museen\/"]}]},{"@type":"ImageObject","inLanguage":"de","@id":"https:\/\/www.museum.de\/blog\/kunst-fuer-alle-die-bedeutung-der-public-domain-und-die-digitale-oeffnung-von-museen\/#primaryimage","url":"https:\/\/www.museum.de\/blog\/wp-content\/uploads\/2025\/07\/vincent-van-gogh-scaled.jpg","contentUrl":"https:\/\/www.museum.de\/blog\/wp-content\/uploads\/2025\/07\/vincent-van-gogh-scaled.jpg","width":1600,"height":813,"caption":"Nursery on Schenkweg Vincent van Gogh"},{"@type":"BreadcrumbList","@id":"https:\/\/www.museum.de\/blog\/kunst-fuer-alle-die-bedeutung-der-public-domain-und-die-digitale-oeffnung-von-museen\/#breadcrumb","itemListElement":[{"@type":"ListItem","position":1,"name":"Startseite","item":"https:\/\/www.museum.de\/blog\/"},{"@type":"ListItem","position":2,"name":"Kunst f\u00fcr alle: Die Bedeutung der Public Domain und die digitale \u00d6ffnung von Museen"}]},{"@type":"WebSite","@id":"https:\/\/www.museum.de\/blog\/#website","url":"https:\/\/www.museum.de\/blog\/","name":"Der Museumsblog","description":"Der Blog","publisher":{"@id":"https:\/\/www.museum.de\/blog\/#organization"},"alternateName":"museum.de - Der Museumsblog","potentialAction":[{"@type":"SearchAction","target":{"@type":"EntryPoint","urlTemplate":"https:\/\/www.museum.de\/blog\/?s={search_term_string}"},"query-input":{"@type":"PropertyValueSpecification","valueRequired":true,"valueName":"search_term_string"}}],"inLanguage":"de"},{"@type":"Organization","@id":"https:\/\/www.museum.de\/blog\/#organization","name":"Der Museumsblog","url":"https:\/\/www.museum.de\/blog\/","logo":{"@type":"ImageObject","inLanguage":"de","@id":"https:\/\/www.museum.de\/blog\/#\/schema\/logo\/image\/","url":"https:\/\/www.museum.de\/blog\/wp-content\/uploads\/2019\/03\/cropped-Audioguide_Titelseite-1.jpg","contentUrl":"https:\/\/www.museum.de\/blog\/wp-content\/uploads\/2019\/03\/cropped-Audioguide_Titelseite-1.jpg","width":512,"height":512,"caption":"Der Museumsblog"},"image":{"@id":"https:\/\/www.museum.de\/blog\/#\/schema\/logo\/image\/"}},{"@type":"Person","@id":"https:\/\/www.museum.de\/blog\/#\/schema\/person\/c09a0aea9ac127965257ff6115957332","name":"Redaktion","description":"Das Redaktionsteam von museum.de","url":"https:\/\/www.museum.de\/blog\/author\/msupervisor\/"}]}},"_links":{"self":[{"href":"https:\/\/www.museum.de\/blog\/wp-json\/wp\/v2\/posts\/3761","targetHints":{"allow":["GET"]}}],"collection":[{"href":"https:\/\/www.museum.de\/blog\/wp-json\/wp\/v2\/posts"}],"about":[{"href":"https:\/\/www.museum.de\/blog\/wp-json\/wp\/v2\/types\/post"}],"author":[{"embeddable":true,"href":"https:\/\/www.museum.de\/blog\/wp-json\/wp\/v2\/users\/1"}],"replies":[{"embeddable":true,"href":"https:\/\/www.museum.de\/blog\/wp-json\/wp\/v2\/comments?post=3761"}],"version-history":[{"count":7,"href":"https:\/\/www.museum.de\/blog\/wp-json\/wp\/v2\/posts\/3761\/revisions"}],"predecessor-version":[{"id":3785,"href":"https:\/\/www.museum.de\/blog\/wp-json\/wp\/v2\/posts\/3761\/revisions\/3785"}],"wp:featuredmedia":[{"embeddable":true,"href":"https:\/\/www.museum.de\/blog\/wp-json\/wp\/v2\/media\/3762"}],"wp:attachment":[{"href":"https:\/\/www.museum.de\/blog\/wp-json\/wp\/v2\/media?parent=3761"}],"wp:term":[{"taxonomy":"category","embeddable":true,"href":"https:\/\/www.museum.de\/blog\/wp-json\/wp\/v2\/categories?post=3761"},{"taxonomy":"post_tag","embeddable":true,"href":"https:\/\/www.museum.de\/blog\/wp-json\/wp\/v2\/tags?post=3761"}],"curies":[{"name":"wp","href":"https:\/\/api.w.org\/{rel}","templated":true}]}}