{"id":3787,"date":"2025-07-27T15:03:19","date_gmt":"2025-07-27T15:03:19","guid":{"rendered":"https:\/\/www.museum.de\/blog\/?p=3787"},"modified":"2025-11-09T16:31:18","modified_gmt":"2025-11-09T16:31:18","slug":"neue-stimmen-im-audiolab-von-museum-de","status":"publish","type":"post","link":"https:\/\/www.museum.de\/blog\/neue-stimmen-im-audiolab-von-museum-de\/","title":{"rendered":"Podcast: Neue Stimmen im AudioLab von museum.de"},"content":{"rendered":"\n<div class=\"wp-block-cover\"><img decoding=\"async\" width=\"1200\" height=\"686\" loading=\"lazy\" class=\"wp-block-cover__image-background wp-image-3973 size-full\" alt=\"\" src=\"https:\/\/www.museum.de\/blog\/wp-content\/uploads\/2025\/11\/podcast-bot.jpg\" data-object-fit=\"cover\" srcset=\"https:\/\/www.museum.de\/blog\/wp-content\/uploads\/2025\/11\/podcast-bot.jpg 1200w, https:\/\/www.museum.de\/blog\/wp-content\/uploads\/2025\/11\/podcast-bot-300x172.jpg 300w, https:\/\/www.museum.de\/blog\/wp-content\/uploads\/2025\/11\/podcast-bot-768x439.jpg 768w\" sizes=\"auto, (max-width: 1200px) 100vw, 1200px\" \/><span aria-hidden=\"true\" class=\"wp-block-cover__background has-background-dim\" style=\"background-color:#914b4d\"><\/span><div class=\"wp-block-cover__inner-container is-layout-constrained wp-block-cover-is-layout-constrained\">\n<h1 class=\"wp-block-heading has-text-align-center has-ast-global-color-5-color has-text-color has-link-color has-x-large-font-size wp-elements-881489138ec8fb09ff3107d955de4fb5\">Neue Stimmen im AudioLab von museum.de<\/h1>\n<\/div><\/div>\n\n\n\n<div style=\"height:3rem\" aria-hidden=\"true\" class=\"wp-block-spacer\"><\/div>\n\n\n\n<h2 class=\"wp-block-heading\">1. Intro<\/h2>\n\n\n\n<figure class=\"wp-block-audio\"><audio controls src=\"https:\/\/www.museum.de\/blog\/wp-content\/uploads\/2025\/07\/podcast-2.mp3\"><\/audio><\/figure>\n\n\n\n<div class=\"wp-block-columns is-layout-flex wp-container-core-columns-is-layout-a5331a9e wp-block-columns-is-layout-flex\" style=\"padding-top:0;padding-right:0;padding-bottom:0;padding-left:0\">\n<div class=\"wp-block-column is-layout-flow wp-block-column-is-layout-flow\" style=\"flex-basis:70%\">\n<p><strong>Natalie (Host):<\/strong><br>Herzlich willkommen zur heutigen Folge unseres museum.de Podcasts! Ich bin eure Moderatorin Natalie, und heute dreht sich alles um unsere KI-Stimmen im AudioLab: Wie entstehen sie? Was k\u00f6nnen sie? Und vor allem: Wie bereichern sie moderne Audioguides f\u00fcr Museen?<\/p>\n\n\n\n<p>In den kommenden Minuten lernt ihr sechs unserer KI-Stimmen kennen \u2013 Aria, Christian, Lily, Mila, Otto und Petra \u2013 und erfahrt, wie sie im AudioLab von Museum.de arbeiten.<\/p>\n\n\n\n<p>Los geht\u2019s!<\/p>\n<\/div>\n\n\n\n<div class=\"wp-block-column is-layout-flow wp-block-column-is-layout-flow\" style=\"flex-basis:30%\">\n<figure class=\"wp-block-image size-medium\" style=\"margin-top:0;margin-right:0;margin-bottom:0;margin-left:0\"><img decoding=\"async\" width=\"300\" height=\"300\" loading=\"lazy\" src=\"https:\/\/www.museum.de\/blog\/wp-content\/uploads\/2025\/07\/Natalie-300x300.png\" alt=\"KI-Stimmer Natalie\" class=\"wp-image-3850\" srcset=\"https:\/\/www.museum.de\/blog\/wp-content\/uploads\/2025\/07\/Natalie-300x300.png 300w, https:\/\/www.museum.de\/blog\/wp-content\/uploads\/2025\/07\/Natalie-150x150.png 150w, https:\/\/www.museum.de\/blog\/wp-content\/uploads\/2025\/07\/Natalie-768x768.png 768w, https:\/\/www.museum.de\/blog\/wp-content\/uploads\/2025\/07\/Natalie.png 1024w\" sizes=\"auto, (max-width: 300px) 100vw, 300px\" \/><\/figure>\n<\/div>\n<\/div>\n\n\n\n<hr class=\"wp-block-separator has-alpha-channel-opacity\"\/>\n\n\n\n<h2 class=\"wp-block-heading\">2. Was ist das AudioLab?<\/h2>\n\n\n\n<p><strong>Natalie:<\/strong><br>Bevor wir unsere Stimmen interviewen, kurz zum Hintergrund:<br>Mit dem KI-Audioguide erweitern wir unser Portfolio um eine super-flexible, kosteng\u00fcnstige L\u00f6sung. Museen erstellen ihre F\u00fchrungen selbstgesteuert im Datenpflegebereich von Museum.de \u2013 mit Skripterstellung, \u00dcbersetzungen und Vertonung per k\u00fcnstlicher Intelligenz. Bald sogar komplett ohne manuellen Aufwand: unser AudioLab wird die zentrale Plattform daf\u00fcr sein.<\/p>\n\n\n\n<hr class=\"wp-block-separator has-alpha-channel-opacity\"\/>\n\n\n\n<h2 class=\"wp-block-heading\">3. Interviews mit den KI-Stimmen<\/h2>\n\n\n\n<h3 class=\"wp-block-heading\">3.1 Aria<\/h3>\n\n\n\n<div class=\"wp-block-columns is-layout-flex wp-container-core-columns-is-layout-a5331a9e wp-block-columns-is-layout-flex\" style=\"padding-top:0;padding-right:0;padding-bottom:0;padding-left:0\">\n<div class=\"wp-block-column is-layout-flow wp-block-column-is-layout-flow\" style=\"flex-basis:70%\">\n<p><strong>Natalie:<\/strong><br>Aria, du bist unsere helle, freundliche Hauptstimme f\u00fcr Einf\u00fchrungen und Allgemeines. Erz\u00e4hl doch mal, wie sieht dein Tag im AudioLab aus?<\/p>\n\n\n\n<p><strong>Aria:<\/strong><br>Gerne, Natalie! Ich werde vor allem f\u00fcr generelle Begr\u00fc\u00dfungen, Lagepl\u00e4ne-Erkl\u00e4rungen und \u00dcberblickstexte eingesetzt. Als weibliche KI-Stimme lege ich Wert auf gute Verst\u00e4ndlichkeit und eine freundliche Ansprache \u2013 ideal, um die Besucherinnen und Besucher zu begr\u00fc\u00dfen und ihnen Orientierung zu geben. In unserem AudioLab passe ich Tempo und Betonung individuell an die Museums-Bed\u00fcrfnisse an.<\/p>\n<\/div>\n\n\n\n<div class=\"wp-block-column is-layout-flow wp-block-column-is-layout-flow\" style=\"flex-basis:30%\">\n<figure class=\"wp-block-image size-medium\"><img decoding=\"async\" width=\"300\" height=\"300\" loading=\"lazy\" src=\"https:\/\/www.museum.de\/blog\/wp-content\/uploads\/2025\/07\/Aria-300x300.png\" alt=\"\" class=\"wp-image-3852\" srcset=\"https:\/\/www.museum.de\/blog\/wp-content\/uploads\/2025\/07\/Aria-300x300.png 300w, https:\/\/www.museum.de\/blog\/wp-content\/uploads\/2025\/07\/Aria-150x150.png 150w, https:\/\/www.museum.de\/blog\/wp-content\/uploads\/2025\/07\/Aria-768x768.png 768w, https:\/\/www.museum.de\/blog\/wp-content\/uploads\/2025\/07\/Aria.png 1024w\" sizes=\"auto, (max-width: 300px) 100vw, 300px\" \/><\/figure>\n<\/div>\n<\/div>\n\n\n\n<hr class=\"wp-block-separator has-alpha-channel-opacity\"\/>\n\n\n\n<h3 class=\"wp-block-heading\">3.2 Christian<\/h3>\n\n\n\n<div class=\"wp-block-columns is-layout-flex wp-container-core-columns-is-layout-a5331a9e wp-block-columns-is-layout-flex\" style=\"padding-top:0;padding-right:0;padding-bottom:0;padding-left:0\">\n<div class=\"wp-block-column is-layout-flow wp-block-column-is-layout-flow\" style=\"flex-basis:70%\">\n<p><strong>Natalie:<\/strong><br>Christian, du bist die tiefe, beruhigende Stimme f\u00fcr Chroniken und historische Erz\u00e4hlungen. Was macht denn deine Arbeit besonders?<\/p>\n\n\n\n<p><strong>Christian:<\/strong><br>Meine St\u00e4rke liegt in der ruhigen, souver\u00e4nen Betonung. Historische Fakten, Jahreszahlen oder komplexe Zusammenh\u00e4nge werden so angenehm transportiert. Im AudioLab profiliere ich mich durch variable Sprechgeschwindigkeiten \u2013 von gem\u00e4chlich-feierlich bis informativ-dynamisch. So wird jede Epoche lebendig erz\u00e4hlt.<\/p>\n<\/div>\n\n\n\n<div class=\"wp-block-column is-layout-flow wp-block-column-is-layout-flow\" style=\"flex-basis:30%\">\n<figure class=\"wp-block-image size-medium\"><img decoding=\"async\" width=\"300\" height=\"300\" loading=\"lazy\" src=\"https:\/\/www.museum.de\/blog\/wp-content\/uploads\/2025\/07\/Christian-300x300.png\" alt=\"\" class=\"wp-image-3853\" srcset=\"https:\/\/www.museum.de\/blog\/wp-content\/uploads\/2025\/07\/Christian-300x300.png 300w, https:\/\/www.museum.de\/blog\/wp-content\/uploads\/2025\/07\/Christian-150x150.png 150w, https:\/\/www.museum.de\/blog\/wp-content\/uploads\/2025\/07\/Christian-768x768.png 768w, https:\/\/www.museum.de\/blog\/wp-content\/uploads\/2025\/07\/Christian.png 1024w\" sizes=\"auto, (max-width: 300px) 100vw, 300px\" \/><\/figure>\n<\/div>\n<\/div>\n\n\n\n<hr class=\"wp-block-separator has-alpha-channel-opacity\"\/>\n\n\n\n<h3 class=\"wp-block-heading\">3.3 Lily<\/h3>\n\n\n\n<div class=\"wp-block-columns is-layout-flex wp-container-core-columns-is-layout-a5331a9e wp-block-columns-is-layout-flex\" style=\"padding-top:0;padding-right:0;padding-bottom:0;padding-left:0\">\n<div class=\"wp-block-column is-layout-flow wp-block-column-is-layout-flow\" style=\"flex-basis:70%\">\n<p><strong>Natalie:<\/strong><br>Lily, du \u00fcbernimmst \u00dcbersetzungen und mehrsprachige Aufnahmen. Wie funktioniert das konkret?<\/p>\n\n\n\n<p><strong>Lily:<\/strong><br>Ich kombiniere die KI-gest\u00fctzte \u00dcbersetzung mit meiner englischen Muttersprache-Stimme. Zuerst erh\u00e4lt das AudioLab den deutschen Skript-Text, dann \u00fcbersetze ich ihn in Englisch \u2013 stilistisch angepasst, nat\u00fcrlich. Anschlie\u00dfend generiere ich die vertonte Datei. Bald wird das AudioLab auch weitere Sprachen unterst\u00fctzen, sodass ich demn\u00e4chst vielleicht Spanisch oder Franz\u00f6sisch lernen darf!<\/p>\n<\/div>\n\n\n\n<div class=\"wp-block-column is-layout-flow wp-block-column-is-layout-flow\" style=\"flex-basis:30%\">\n<figure class=\"wp-block-image size-medium\"><img decoding=\"async\" width=\"300\" height=\"300\" loading=\"lazy\" src=\"https:\/\/www.museum.de\/blog\/wp-content\/uploads\/2025\/07\/Lily-300x300.png\" alt=\"\" class=\"wp-image-3854\" srcset=\"https:\/\/www.museum.de\/blog\/wp-content\/uploads\/2025\/07\/Lily-300x300.png 300w, https:\/\/www.museum.de\/blog\/wp-content\/uploads\/2025\/07\/Lily-150x150.png 150w, https:\/\/www.museum.de\/blog\/wp-content\/uploads\/2025\/07\/Lily-768x768.png 768w, https:\/\/www.museum.de\/blog\/wp-content\/uploads\/2025\/07\/Lily.png 1024w\" sizes=\"auto, (max-width: 300px) 100vw, 300px\" \/><\/figure>\n<\/div>\n<\/div>\n\n\n\n<hr class=\"wp-block-separator has-alpha-channel-opacity\"\/>\n\n\n\n<h3 class=\"wp-block-heading\">3.4 Mila<\/h3>\n\n\n\n<div class=\"wp-block-columns is-layout-flex wp-container-core-columns-is-layout-a5331a9e wp-block-columns-is-layout-flex\" style=\"padding-top:0;padding-right:0;padding-bottom:0;padding-left:0\">\n<div class=\"wp-block-column is-layout-flow wp-block-column-is-layout-flow\" style=\"flex-basis:70%\">\n<p><strong>Natalie:<\/strong><br>Und nun zu Mila, du bist unser \u201ejunge\u201c Stimmenprofil \u2013 ideal f\u00fcr Kinderf\u00fchrungen. Was macht dein Profil aus?<\/p>\n\n\n\n<p><strong>Mila:<\/strong><br>Ganz genau: Mit meiner freundlichen, lebhaften Stimme gestalte ich kindgerechte Touren spannend und kurzweilig. Im AudioLab w\u00e4hle ich einen locker-verspielten Tonfall, setze bewusst Pausen zum Mitmachen ein und stelle Quizfragen. So macht Lernen im Museum Spa\u00df!<\/p>\n<\/div>\n\n\n\n<div class=\"wp-block-column is-layout-flow wp-block-column-is-layout-flow\" style=\"flex-basis:30%\">\n<figure class=\"wp-block-image size-medium\"><img decoding=\"async\" width=\"300\" height=\"300\" loading=\"lazy\" src=\"https:\/\/www.museum.de\/blog\/wp-content\/uploads\/2025\/07\/Mila-300x300.png\" alt=\"\" class=\"wp-image-3855\" srcset=\"https:\/\/www.museum.de\/blog\/wp-content\/uploads\/2025\/07\/Mila-300x300.png 300w, https:\/\/www.museum.de\/blog\/wp-content\/uploads\/2025\/07\/Mila-150x150.png 150w, https:\/\/www.museum.de\/blog\/wp-content\/uploads\/2025\/07\/Mila-768x768.png 768w, https:\/\/www.museum.de\/blog\/wp-content\/uploads\/2025\/07\/Mila.png 1024w\" sizes=\"auto, (max-width: 300px) 100vw, 300px\" \/><\/figure>\n<\/div>\n<\/div>\n\n\n\n<hr class=\"wp-block-separator has-alpha-channel-opacity\"\/>\n\n\n\n<h3 class=\"wp-block-heading\">3.5 Otto<\/h3>\n\n\n\n<div class=\"wp-block-columns is-layout-flex wp-container-core-columns-is-layout-a5331a9e wp-block-columns-is-layout-flex\" style=\"padding-top:0;padding-right:0;padding-bottom:0;padding-left:0\">\n<div class=\"wp-block-column is-layout-flow wp-block-column-is-layout-flow\" style=\"flex-basis:70%\">\n<p><strong>Natalie:<\/strong><br>Otto, du pr\u00e4sentierst dich als sachlicher, technischer Sprecher. Wo liegt dein Fokus?<\/p>\n\n\n\n<p><strong>Otto:<\/strong><br>Ich begleite vor allem Sonderausstellungen zu Wissenschaft und Technik. Mein neutraler, klarer Ton eignet sich hervorragend f\u00fcr detailgenaue Erl\u00e4uterungen von Exponaten. Im AudioLab automatisiere ich auch die Einbindung von Hintergrundger\u00e4uschen und kurzen Musikjingles, um Atmosph\u00e4re zu schaffen.<\/p>\n<\/div>\n\n\n\n<div class=\"wp-block-column is-layout-flow wp-block-column-is-layout-flow\" style=\"flex-basis:30%\">\n<figure class=\"wp-block-image size-medium\"><img decoding=\"async\" width=\"300\" height=\"300\" loading=\"lazy\" src=\"https:\/\/www.museum.de\/blog\/wp-content\/uploads\/2025\/07\/Otto-300x300.png\" alt=\"\" class=\"wp-image-3856\" srcset=\"https:\/\/www.museum.de\/blog\/wp-content\/uploads\/2025\/07\/Otto-300x300.png 300w, https:\/\/www.museum.de\/blog\/wp-content\/uploads\/2025\/07\/Otto-150x150.png 150w, https:\/\/www.museum.de\/blog\/wp-content\/uploads\/2025\/07\/Otto-768x768.png 768w, https:\/\/www.museum.de\/blog\/wp-content\/uploads\/2025\/07\/Otto.png 1024w\" sizes=\"auto, (max-width: 300px) 100vw, 300px\" \/><\/figure>\n<\/div>\n<\/div>\n\n\n\n<hr class=\"wp-block-separator has-alpha-channel-opacity\"\/>\n\n\n\n<h3 class=\"wp-block-heading\">3.6 Petra<\/h3>\n\n\n\n<div class=\"wp-block-columns is-layout-flex wp-container-core-columns-is-layout-a5331a9e wp-block-columns-is-layout-flex\" style=\"padding-top:0;padding-right:0;padding-bottom:0;padding-left:0\">\n<div class=\"wp-block-column is-layout-flow wp-block-column-is-layout-flow\" style=\"flex-basis:70%\">\n<p><strong>Natalie:<\/strong><br>Last but not least kommen wir zu Petra, du bist unsere neueste KI-Stimme mit anatomisch pr\u00e4ziser Artikulation. Wie setzt das das AudioLab um?<\/p>\n\n\n\n<p><strong>Petra:<\/strong><br>Dank modernster KI-Modelle kann ich sehr nat\u00fcrlich klingen. Im AudioLab wird mein starker Akzent auf vokalische Harmonie analysiert und optimiert. Ich \u00fcbernehme oft feine Beschreibungen von Kunstwerken \u2013 etwa die Farbnuancen eines Gem\u00e4ldes oder die Maserung einer Skulptur. Da kommt es auf h\u00f6chste Pr\u00e4zision an.<\/p>\n<\/div>\n\n\n\n<div class=\"wp-block-column is-layout-flow wp-block-column-is-layout-flow\" style=\"flex-basis:30%\">\n<figure class=\"wp-block-image size-medium\"><img decoding=\"async\" width=\"300\" height=\"300\" loading=\"lazy\" src=\"https:\/\/www.museum.de\/blog\/wp-content\/uploads\/2025\/07\/Petra-300x300.png\" alt=\"\" class=\"wp-image-3857\" srcset=\"https:\/\/www.museum.de\/blog\/wp-content\/uploads\/2025\/07\/Petra-300x300.png 300w, https:\/\/www.museum.de\/blog\/wp-content\/uploads\/2025\/07\/Petra-150x150.png 150w, https:\/\/www.museum.de\/blog\/wp-content\/uploads\/2025\/07\/Petra-768x768.png 768w, https:\/\/www.museum.de\/blog\/wp-content\/uploads\/2025\/07\/Petra.png 1024w\" sizes=\"auto, (max-width: 300px) 100vw, 300px\" \/><\/figure>\n<\/div>\n<\/div>\n\n\n\n<hr class=\"wp-block-separator has-alpha-channel-opacity\"\/>\n\n\n\n<h2 class=\"wp-block-heading\">4. Der Produktionsprozess im AudioLab<\/h2>\n\n\n\n<div class=\"wp-block-columns is-layout-flex wp-container-core-columns-is-layout-a5331a9e wp-block-columns-is-layout-flex\" style=\"padding-top:0;padding-right:0;padding-bottom:0;padding-left:0\">\n<div class=\"wp-block-column is-layout-flow wp-block-column-is-layout-flow\" style=\"flex-basis:70%\">\n<p><strong>Natalie:<\/strong><br>Vielen Dank an euch alle! Fassen wir kurz zusammen, wie das im AudioLab abl\u00e4uft:<\/p>\n\n\n\n<ol class=\"wp-block-list\">\n<li>Bei<strong> <\/strong>der<strong> <\/strong>Skripterstellung geben Museen ihren Grundtext ein \u2013 oder lassen ihn per KI unterst\u00fctzt generieren.<\/li>\n\n\n\n<li>Dann \u00fcbersetzen wir in alle g\u00e4ngigen Sprachen mit DeepL.<\/li>\n\n\n\n<li>Bei der Vertonung werden dann die passenden Stimmen generiert und stehen f\u00fcr jede Sprache als Audiofile zur Verf\u00fcgung.<\/li>\n\n\n\n<li>Beim Audioguide-Hosting auf Museum.de werden die Touren mit QR-Codes, Bildern und Grundrissen f\u00fcr die Besucher in der App zur Verf\u00fcgung gestellt.<\/li>\n\n\n\n<li>Museumskunden w\u00e4hlen zwischen Komplett-Service (Premium Audioguide mit Lektorat, \u00dcbersetzung und Vertonung durch Profisprecher) oder dem flexiblen Self-Service im AudioLab mit KI-Stimmen.<\/li>\n<\/ol>\n<\/div>\n\n\n\n<div class=\"wp-block-column is-layout-flow wp-block-column-is-layout-flow\" style=\"flex-basis:30%\">\n<figure class=\"wp-block-image size-medium\"><img decoding=\"async\" width=\"300\" height=\"300\" loading=\"lazy\" src=\"https:\/\/www.museum.de\/blog\/wp-content\/uploads\/2025\/07\/Natalie-300x300.png\" alt=\"\" class=\"wp-image-3850\" srcset=\"https:\/\/www.museum.de\/blog\/wp-content\/uploads\/2025\/07\/Natalie-300x300.png 300w, https:\/\/www.museum.de\/blog\/wp-content\/uploads\/2025\/07\/Natalie-150x150.png 150w, https:\/\/www.museum.de\/blog\/wp-content\/uploads\/2025\/07\/Natalie-768x768.png 768w, https:\/\/www.museum.de\/blog\/wp-content\/uploads\/2025\/07\/Natalie.png 1024w\" sizes=\"auto, (max-width: 300px) 100vw, 300px\" \/><\/figure>\n<\/div>\n<\/div>\n\n\n\n<hr class=\"wp-block-separator has-alpha-channel-opacity\"\/>\n\n\n\n<h2 class=\"wp-block-heading\">5. Ausblick &amp; Verabschiedung<\/h2>\n\n\n\n<p><strong>Natalie:<\/strong><br>Das AudioLab von Museum.de wird bald live gehen \u2013 und ihr alle k\u00f6nnt eure F\u00fchrungen jederzeit selbst gestalten. Unsere KI-Stimmen stehen bereit: Ob Aria, Christian, Lily, Mila, Otto oder Petra \u2013 jede bringt ihre besondere St\u00e4rke ins Museumserlebnis.<\/p>\n\n\n\n<p>Vielen Dank f\u00fcrs Zuh\u00f6ren und bis zur n\u00e4chsten Folge!<br>Bleibt neugierig und entdeckt eure Museen immer wieder neu \u2013 mit einem perfekten KI-Audioguide.<\/p>\n\n\n\n<p><em>Hinweis: Dieser Podcast wurde gesprochen mit den KI-Stimmen Natalie, Aria, Christian, Lily, Mila, Otto und Petra. Diese kommen auch in unseren Audioguides zum Einsatz.<\/em><\/p>\n","protected":false},"excerpt":{"rendered":"<p>1. Intro Natalie (Host):Herzlich willkommen zur heutigen Folge unseres museum.de Podcasts! Ich bin eure Moderatorin Natalie, und heute dreht sich alles um unsere KI-Stimmen im AudioLab: Wie entstehen sie? Was k\u00f6nnen sie? Und vor allem: Wie bereichern sie moderne Audioguides f\u00fcr Museen? In den kommenden Minuten lernt ihr sechs unserer KI-Stimmen kennen \u2013 Aria, Christian, [&hellip;]<\/p>\n","protected":false},"author":1,"featured_media":3973,"comment_status":"closed","ping_status":"closed","sticky":false,"template":"","format":"standard","meta":{"site-sidebar-layout":"default","site-content-layout":"","ast-site-content-layout":"default","site-content-style":"default","site-sidebar-style":"default","ast-global-header-display":"","ast-banner-title-visibility":"","ast-main-header-display":"","ast-hfb-above-header-display":"","ast-hfb-below-header-display":"","ast-hfb-mobile-header-display":"","site-post-title":"disabled","ast-breadcrumbs-content":"","ast-featured-img":"disabled","footer-sml-layout":"","ast-disable-related-posts":"","theme-transparent-header-meta":"","adv-header-id-meta":"","stick-header-meta":"","header-above-stick-meta":"","header-main-stick-meta":"","header-below-stick-meta":"","astra-migrate-meta-layouts":"set","ast-page-background-enabled":"default","ast-page-background-meta":{"desktop":{"background-color":"var(--ast-global-color-4)","background-image":"","background-repeat":"repeat","background-position":"center center","background-size":"auto","background-attachment":"scroll","background-type":"","background-media":"","overlay-type":"","overlay-color":"","overlay-opacity":"","overlay-gradient":""},"tablet":{"background-color":"","background-image":"","background-repeat":"repeat","background-position":"center center","background-size":"auto","background-attachment":"scroll","background-type":"","background-media":"","overlay-type":"","overlay-color":"","overlay-opacity":"","overlay-gradient":""},"mobile":{"background-color":"","background-image":"","background-repeat":"repeat","background-position":"center center","background-size":"auto","background-attachment":"scroll","background-type":"","background-media":"","overlay-type":"","overlay-color":"","overlay-opacity":"","overlay-gradient":""}},"ast-content-background-meta":{"desktop":{"background-color":"var(--ast-global-color-5)","background-image":"","background-repeat":"repeat","background-position":"center center","background-size":"auto","background-attachment":"scroll","background-type":"","background-media":"","overlay-type":"","overlay-color":"","overlay-opacity":"","overlay-gradient":""},"tablet":{"background-color":"var(--ast-global-color-5)","background-image":"","background-repeat":"repeat","background-position":"center center","background-size":"auto","background-attachment":"scroll","background-type":"","background-media":"","overlay-type":"","overlay-color":"","overlay-opacity":"","overlay-gradient":""},"mobile":{"background-color":"var(--ast-global-color-5)","background-image":"","background-repeat":"repeat","background-position":"center center","background-size":"auto","background-attachment":"scroll","background-type":"","background-media":"","overlay-type":"","overlay-color":"","overlay-opacity":"","overlay-gradient":""}},"episode_type":"","audio_file":"","podmotor_file_id":"","podmotor_episode_id":"","cover_image":"","cover_image_id":"","duration":"","filesize":"","filesize_raw":"","date_recorded":"","explicit":"","block":"","itunes_episode_number":"","itunes_title":"","itunes_season_number":"","itunes_episode_type":"","footnotes":""},"categories":[8,237,421],"tags":[202,186,417],"class_list":["post-3787","post","type-post","status-publish","format-standard","has-post-thumbnail","hentry","category-audioguides","category-kuenstliche-intelligenz","category-podcast","tag-audioguide","tag-ki","tag-stimmen"],"yoast_head":"<!-- This site is optimized with the Yoast SEO plugin v27.4 - https:\/\/yoast.com\/product\/yoast-seo-wordpress\/ -->\n<title>Podcast: Neue Stimmen im AudioLab von museum.de - Der Museumsblog<\/title>\n<meta name=\"robots\" content=\"index, follow, max-snippet:-1, max-image-preview:large, max-video-preview:-1\" \/>\n<link rel=\"canonical\" href=\"https:\/\/www.museum.de\/blog\/neue-stimmen-im-audiolab-von-museum-de\/\" \/>\n<meta property=\"og:locale\" content=\"de_DE\" \/>\n<meta property=\"og:type\" content=\"article\" \/>\n<meta property=\"og:title\" content=\"Podcast: Neue Stimmen im AudioLab von museum.de - Der Museumsblog\" \/>\n<meta property=\"og:description\" content=\"1. Intro Natalie (Host):Herzlich willkommen zur heutigen Folge unseres museum.de Podcasts! Ich bin eure Moderatorin Natalie, und heute dreht sich alles um unsere KI-Stimmen im AudioLab: Wie entstehen sie? Was k\u00f6nnen sie? Und vor allem: Wie bereichern sie moderne Audioguides f\u00fcr Museen? In den kommenden Minuten lernt ihr sechs unserer KI-Stimmen kennen \u2013 Aria, Christian, [&hellip;]\" \/>\n<meta property=\"og:url\" content=\"https:\/\/www.museum.de\/blog\/neue-stimmen-im-audiolab-von-museum-de\/\" \/>\n<meta property=\"og:site_name\" content=\"Der Museumsblog\" \/>\n<meta property=\"article:published_time\" content=\"2025-07-27T15:03:19+00:00\" \/>\n<meta property=\"article:modified_time\" content=\"2025-11-09T16:31:18+00:00\" \/>\n<meta property=\"og:image\" content=\"https:\/\/www.museum.de\/blog\/wp-content\/uploads\/2025\/11\/podcast-bot.jpg\" \/>\n\t<meta property=\"og:image:width\" content=\"1200\" \/>\n\t<meta property=\"og:image:height\" content=\"686\" \/>\n\t<meta property=\"og:image:type\" content=\"image\/jpeg\" \/>\n<meta name=\"author\" content=\"Redaktion\" \/>\n<meta name=\"twitter:card\" content=\"summary_large_image\" \/>\n<script type=\"application\/ld+json\" class=\"yoast-schema-graph\">{\"@context\":\"https:\\\/\\\/schema.org\",\"@graph\":[{\"@type\":\"Article\",\"@id\":\"https:\\\/\\\/www.museum.de\\\/blog\\\/neue-stimmen-im-audiolab-von-museum-de\\\/#article\",\"isPartOf\":{\"@id\":\"https:\\\/\\\/www.museum.de\\\/blog\\\/neue-stimmen-im-audiolab-von-museum-de\\\/\"},\"author\":{\"name\":\"Redaktion\",\"@id\":\"https:\\\/\\\/www.museum.de\\\/blog\\\/#\\\/schema\\\/person\\\/c09a0aea9ac127965257ff6115957332\"},\"headline\":\"Podcast: Neue Stimmen im AudioLab von museum.de\",\"datePublished\":\"2025-07-27T15:03:19+00:00\",\"dateModified\":\"2025-11-09T16:31:18+00:00\",\"mainEntityOfPage\":{\"@id\":\"https:\\\/\\\/www.museum.de\\\/blog\\\/neue-stimmen-im-audiolab-von-museum-de\\\/\"},\"wordCount\":771,\"publisher\":{\"@id\":\"https:\\\/\\\/www.museum.de\\\/blog\\\/#organization\"},\"image\":{\"@id\":\"https:\\\/\\\/www.museum.de\\\/blog\\\/neue-stimmen-im-audiolab-von-museum-de\\\/#primaryimage\"},\"thumbnailUrl\":\"https:\\\/\\\/www.museum.de\\\/blog\\\/wp-content\\\/uploads\\\/2025\\\/11\\\/podcast-bot.jpg\",\"keywords\":[\"Audioguide\",\"KI\",\"Stimmen\"],\"articleSection\":[\"Audioguides\",\"K\u00fcnstliche Intelligenz\",\"Podcast\"],\"inLanguage\":\"de\"},{\"@type\":\"WebPage\",\"@id\":\"https:\\\/\\\/www.museum.de\\\/blog\\\/neue-stimmen-im-audiolab-von-museum-de\\\/\",\"url\":\"https:\\\/\\\/www.museum.de\\\/blog\\\/neue-stimmen-im-audiolab-von-museum-de\\\/\",\"name\":\"Podcast: Neue Stimmen im AudioLab von museum.de - Der Museumsblog\",\"isPartOf\":{\"@id\":\"https:\\\/\\\/www.museum.de\\\/blog\\\/#website\"},\"primaryImageOfPage\":{\"@id\":\"https:\\\/\\\/www.museum.de\\\/blog\\\/neue-stimmen-im-audiolab-von-museum-de\\\/#primaryimage\"},\"image\":{\"@id\":\"https:\\\/\\\/www.museum.de\\\/blog\\\/neue-stimmen-im-audiolab-von-museum-de\\\/#primaryimage\"},\"thumbnailUrl\":\"https:\\\/\\\/www.museum.de\\\/blog\\\/wp-content\\\/uploads\\\/2025\\\/11\\\/podcast-bot.jpg\",\"datePublished\":\"2025-07-27T15:03:19+00:00\",\"dateModified\":\"2025-11-09T16:31:18+00:00\",\"breadcrumb\":{\"@id\":\"https:\\\/\\\/www.museum.de\\\/blog\\\/neue-stimmen-im-audiolab-von-museum-de\\\/#breadcrumb\"},\"inLanguage\":\"de\",\"potentialAction\":[{\"@type\":\"ReadAction\",\"target\":[\"https:\\\/\\\/www.museum.de\\\/blog\\\/neue-stimmen-im-audiolab-von-museum-de\\\/\"]}]},{\"@type\":\"ImageObject\",\"inLanguage\":\"de\",\"@id\":\"https:\\\/\\\/www.museum.de\\\/blog\\\/neue-stimmen-im-audiolab-von-museum-de\\\/#primaryimage\",\"url\":\"https:\\\/\\\/www.museum.de\\\/blog\\\/wp-content\\\/uploads\\\/2025\\\/11\\\/podcast-bot.jpg\",\"contentUrl\":\"https:\\\/\\\/www.museum.de\\\/blog\\\/wp-content\\\/uploads\\\/2025\\\/11\\\/podcast-bot.jpg\",\"width\":1200,\"height\":686},{\"@type\":\"BreadcrumbList\",\"@id\":\"https:\\\/\\\/www.museum.de\\\/blog\\\/neue-stimmen-im-audiolab-von-museum-de\\\/#breadcrumb\",\"itemListElement\":[{\"@type\":\"ListItem\",\"position\":1,\"name\":\"Startseite\",\"item\":\"https:\\\/\\\/www.museum.de\\\/blog\\\/\"},{\"@type\":\"ListItem\",\"position\":2,\"name\":\"Podcast: Neue Stimmen im AudioLab von museum.de\"}]},{\"@type\":\"WebSite\",\"@id\":\"https:\\\/\\\/www.museum.de\\\/blog\\\/#website\",\"url\":\"https:\\\/\\\/www.museum.de\\\/blog\\\/\",\"name\":\"Der Museumsblog\",\"description\":\"Der Blog\",\"publisher\":{\"@id\":\"https:\\\/\\\/www.museum.de\\\/blog\\\/#organization\"},\"alternateName\":\"museum.de - Der Museumsblog\",\"potentialAction\":[{\"@type\":\"SearchAction\",\"target\":{\"@type\":\"EntryPoint\",\"urlTemplate\":\"https:\\\/\\\/www.museum.de\\\/blog\\\/?s={search_term_string}\"},\"query-input\":{\"@type\":\"PropertyValueSpecification\",\"valueRequired\":true,\"valueName\":\"search_term_string\"}}],\"inLanguage\":\"de\"},{\"@type\":\"Organization\",\"@id\":\"https:\\\/\\\/www.museum.de\\\/blog\\\/#organization\",\"name\":\"Der Museumsblog\",\"url\":\"https:\\\/\\\/www.museum.de\\\/blog\\\/\",\"logo\":{\"@type\":\"ImageObject\",\"inLanguage\":\"de\",\"@id\":\"https:\\\/\\\/www.museum.de\\\/blog\\\/#\\\/schema\\\/logo\\\/image\\\/\",\"url\":\"https:\\\/\\\/www.museum.de\\\/blog\\\/wp-content\\\/uploads\\\/2019\\\/03\\\/cropped-Audioguide_Titelseite-1.jpg\",\"contentUrl\":\"https:\\\/\\\/www.museum.de\\\/blog\\\/wp-content\\\/uploads\\\/2019\\\/03\\\/cropped-Audioguide_Titelseite-1.jpg\",\"width\":512,\"height\":512,\"caption\":\"Der Museumsblog\"},\"image\":{\"@id\":\"https:\\\/\\\/www.museum.de\\\/blog\\\/#\\\/schema\\\/logo\\\/image\\\/\"}},{\"@type\":\"Person\",\"@id\":\"https:\\\/\\\/www.museum.de\\\/blog\\\/#\\\/schema\\\/person\\\/c09a0aea9ac127965257ff6115957332\",\"name\":\"Redaktion\",\"description\":\"Das Redaktionsteam von museum.de\",\"url\":\"https:\\\/\\\/www.museum.de\\\/blog\\\/author\\\/msupervisor\\\/\"}]}<\/script>\n<!-- \/ Yoast SEO plugin. -->","yoast_head_json":{"title":"Podcast: Neue Stimmen im AudioLab von museum.de - Der Museumsblog","robots":{"index":"index","follow":"follow","max-snippet":"max-snippet:-1","max-image-preview":"max-image-preview:large","max-video-preview":"max-video-preview:-1"},"canonical":"https:\/\/www.museum.de\/blog\/neue-stimmen-im-audiolab-von-museum-de\/","og_locale":"de_DE","og_type":"article","og_title":"Podcast: Neue Stimmen im AudioLab von museum.de - Der Museumsblog","og_description":"1. Intro Natalie (Host):Herzlich willkommen zur heutigen Folge unseres museum.de Podcasts! Ich bin eure Moderatorin Natalie, und heute dreht sich alles um unsere KI-Stimmen im AudioLab: Wie entstehen sie? Was k\u00f6nnen sie? Und vor allem: Wie bereichern sie moderne Audioguides f\u00fcr Museen? In den kommenden Minuten lernt ihr sechs unserer KI-Stimmen kennen \u2013 Aria, Christian, [&hellip;]","og_url":"https:\/\/www.museum.de\/blog\/neue-stimmen-im-audiolab-von-museum-de\/","og_site_name":"Der Museumsblog","article_published_time":"2025-07-27T15:03:19+00:00","article_modified_time":"2025-11-09T16:31:18+00:00","og_image":[{"width":1200,"height":686,"url":"https:\/\/www.museum.de\/blog\/wp-content\/uploads\/2025\/11\/podcast-bot.jpg","type":"image\/jpeg"}],"author":"Redaktion","twitter_card":"summary_large_image","schema":{"@context":"https:\/\/schema.org","@graph":[{"@type":"Article","@id":"https:\/\/www.museum.de\/blog\/neue-stimmen-im-audiolab-von-museum-de\/#article","isPartOf":{"@id":"https:\/\/www.museum.de\/blog\/neue-stimmen-im-audiolab-von-museum-de\/"},"author":{"name":"Redaktion","@id":"https:\/\/www.museum.de\/blog\/#\/schema\/person\/c09a0aea9ac127965257ff6115957332"},"headline":"Podcast: Neue Stimmen im AudioLab von museum.de","datePublished":"2025-07-27T15:03:19+00:00","dateModified":"2025-11-09T16:31:18+00:00","mainEntityOfPage":{"@id":"https:\/\/www.museum.de\/blog\/neue-stimmen-im-audiolab-von-museum-de\/"},"wordCount":771,"publisher":{"@id":"https:\/\/www.museum.de\/blog\/#organization"},"image":{"@id":"https:\/\/www.museum.de\/blog\/neue-stimmen-im-audiolab-von-museum-de\/#primaryimage"},"thumbnailUrl":"https:\/\/www.museum.de\/blog\/wp-content\/uploads\/2025\/11\/podcast-bot.jpg","keywords":["Audioguide","KI","Stimmen"],"articleSection":["Audioguides","K\u00fcnstliche Intelligenz","Podcast"],"inLanguage":"de"},{"@type":"WebPage","@id":"https:\/\/www.museum.de\/blog\/neue-stimmen-im-audiolab-von-museum-de\/","url":"https:\/\/www.museum.de\/blog\/neue-stimmen-im-audiolab-von-museum-de\/","name":"Podcast: Neue Stimmen im AudioLab von museum.de - Der Museumsblog","isPartOf":{"@id":"https:\/\/www.museum.de\/blog\/#website"},"primaryImageOfPage":{"@id":"https:\/\/www.museum.de\/blog\/neue-stimmen-im-audiolab-von-museum-de\/#primaryimage"},"image":{"@id":"https:\/\/www.museum.de\/blog\/neue-stimmen-im-audiolab-von-museum-de\/#primaryimage"},"thumbnailUrl":"https:\/\/www.museum.de\/blog\/wp-content\/uploads\/2025\/11\/podcast-bot.jpg","datePublished":"2025-07-27T15:03:19+00:00","dateModified":"2025-11-09T16:31:18+00:00","breadcrumb":{"@id":"https:\/\/www.museum.de\/blog\/neue-stimmen-im-audiolab-von-museum-de\/#breadcrumb"},"inLanguage":"de","potentialAction":[{"@type":"ReadAction","target":["https:\/\/www.museum.de\/blog\/neue-stimmen-im-audiolab-von-museum-de\/"]}]},{"@type":"ImageObject","inLanguage":"de","@id":"https:\/\/www.museum.de\/blog\/neue-stimmen-im-audiolab-von-museum-de\/#primaryimage","url":"https:\/\/www.museum.de\/blog\/wp-content\/uploads\/2025\/11\/podcast-bot.jpg","contentUrl":"https:\/\/www.museum.de\/blog\/wp-content\/uploads\/2025\/11\/podcast-bot.jpg","width":1200,"height":686},{"@type":"BreadcrumbList","@id":"https:\/\/www.museum.de\/blog\/neue-stimmen-im-audiolab-von-museum-de\/#breadcrumb","itemListElement":[{"@type":"ListItem","position":1,"name":"Startseite","item":"https:\/\/www.museum.de\/blog\/"},{"@type":"ListItem","position":2,"name":"Podcast: Neue Stimmen im AudioLab von museum.de"}]},{"@type":"WebSite","@id":"https:\/\/www.museum.de\/blog\/#website","url":"https:\/\/www.museum.de\/blog\/","name":"Der Museumsblog","description":"Der Blog","publisher":{"@id":"https:\/\/www.museum.de\/blog\/#organization"},"alternateName":"museum.de - Der Museumsblog","potentialAction":[{"@type":"SearchAction","target":{"@type":"EntryPoint","urlTemplate":"https:\/\/www.museum.de\/blog\/?s={search_term_string}"},"query-input":{"@type":"PropertyValueSpecification","valueRequired":true,"valueName":"search_term_string"}}],"inLanguage":"de"},{"@type":"Organization","@id":"https:\/\/www.museum.de\/blog\/#organization","name":"Der Museumsblog","url":"https:\/\/www.museum.de\/blog\/","logo":{"@type":"ImageObject","inLanguage":"de","@id":"https:\/\/www.museum.de\/blog\/#\/schema\/logo\/image\/","url":"https:\/\/www.museum.de\/blog\/wp-content\/uploads\/2019\/03\/cropped-Audioguide_Titelseite-1.jpg","contentUrl":"https:\/\/www.museum.de\/blog\/wp-content\/uploads\/2019\/03\/cropped-Audioguide_Titelseite-1.jpg","width":512,"height":512,"caption":"Der Museumsblog"},"image":{"@id":"https:\/\/www.museum.de\/blog\/#\/schema\/logo\/image\/"}},{"@type":"Person","@id":"https:\/\/www.museum.de\/blog\/#\/schema\/person\/c09a0aea9ac127965257ff6115957332","name":"Redaktion","description":"Das Redaktionsteam von museum.de","url":"https:\/\/www.museum.de\/blog\/author\/msupervisor\/"}]}},"_links":{"self":[{"href":"https:\/\/www.museum.de\/blog\/wp-json\/wp\/v2\/posts\/3787","targetHints":{"allow":["GET"]}}],"collection":[{"href":"https:\/\/www.museum.de\/blog\/wp-json\/wp\/v2\/posts"}],"about":[{"href":"https:\/\/www.museum.de\/blog\/wp-json\/wp\/v2\/types\/post"}],"author":[{"embeddable":true,"href":"https:\/\/www.museum.de\/blog\/wp-json\/wp\/v2\/users\/1"}],"replies":[{"embeddable":true,"href":"https:\/\/www.museum.de\/blog\/wp-json\/wp\/v2\/comments?post=3787"}],"version-history":[{"count":17,"href":"https:\/\/www.museum.de\/blog\/wp-json\/wp\/v2\/posts\/3787\/revisions"}],"predecessor-version":[{"id":3974,"href":"https:\/\/www.museum.de\/blog\/wp-json\/wp\/v2\/posts\/3787\/revisions\/3974"}],"wp:featuredmedia":[{"embeddable":true,"href":"https:\/\/www.museum.de\/blog\/wp-json\/wp\/v2\/media\/3973"}],"wp:attachment":[{"href":"https:\/\/www.museum.de\/blog\/wp-json\/wp\/v2\/media?parent=3787"}],"wp:term":[{"taxonomy":"category","embeddable":true,"href":"https:\/\/www.museum.de\/blog\/wp-json\/wp\/v2\/categories?post=3787"},{"taxonomy":"post_tag","embeddable":true,"href":"https:\/\/www.museum.de\/blog\/wp-json\/wp\/v2\/tags?post=3787"}],"curies":[{"name":"wp","href":"https:\/\/api.w.org\/{rel}","templated":true}]}}