{"id":3892,"date":"2025-09-05T10:08:59","date_gmt":"2025-09-05T10:08:59","guid":{"rendered":"https:\/\/www.museum.de\/blog\/?p=3892"},"modified":"2025-09-14T16:08:33","modified_gmt":"2025-09-14T16:08:33","slug":"die-strahlkraft-von-niki-de-saint-phalle-eine-herbstsaison-der-besonderen-art-im-musee-national-des-beaux-arts-du-quebec-mnbaq","status":"publish","type":"post","link":"https:\/\/www.museum.de\/blog\/die-strahlkraft-von-niki-de-saint-phalle-eine-herbstsaison-der-besonderen-art-im-musee-national-des-beaux-arts-du-quebec-mnbaq\/","title":{"rendered":"Die Strahlkraft von Niki de Saint Phalle: Eine Herbstsaison der besonderen Art im Mus\u00e9e national des beaux-arts du Qu\u00e9bec (MNBAQ)"},"content":{"rendered":"\n<div class=\"wp-block-cover\" style=\"margin-top:2rem;margin-bottom:2rem\"><span aria-hidden=\"true\" class=\"wp-block-cover__background has-ast-global-color-2-background-color has-background-dim\"><\/span><img decoding=\"async\" loading=\"lazy\" width=\"1600\" height=\"1067\" src=\"https:\/\/www.museum.de\/blog\/wp-content\/uploads\/2025\/09\/Nanas-by-Niki-de-Saint-Phalle-exhibit-at-the-Guggenheim-Museum.jpg\" class=\"wp-block-cover__image-background wp-post-image\" alt=\"Nanas by Niki de Saint Phalle, exhibit at the Guggenheim Museum.\" data-object-fit=\"cover\" srcset=\"https:\/\/www.museum.de\/blog\/wp-content\/uploads\/2025\/09\/Nanas-by-Niki-de-Saint-Phalle-exhibit-at-the-Guggenheim-Museum.jpg 1600w, https:\/\/www.museum.de\/blog\/wp-content\/uploads\/2025\/09\/Nanas-by-Niki-de-Saint-Phalle-exhibit-at-the-Guggenheim-Museum-300x200.jpg 300w, https:\/\/www.museum.de\/blog\/wp-content\/uploads\/2025\/09\/Nanas-by-Niki-de-Saint-Phalle-exhibit-at-the-Guggenheim-Museum-1248x832.jpg 1248w, https:\/\/www.museum.de\/blog\/wp-content\/uploads\/2025\/09\/Nanas-by-Niki-de-Saint-Phalle-exhibit-at-the-Guggenheim-Museum-768x512.jpg 768w, https:\/\/www.museum.de\/blog\/wp-content\/uploads\/2025\/09\/Nanas-by-Niki-de-Saint-Phalle-exhibit-at-the-Guggenheim-Museum-1536x1024.jpg 1536w\" sizes=\"auto, (max-width: 1600px) 100vw, 1600px\" \/><div class=\"wp-block-cover__inner-container is-layout-constrained wp-block-cover-is-layout-constrained\">\n<h1 class=\"wp-block-heading has-text-align-center has-ast-global-color-5-color has-text-color has-link-color has-x-large-font-size wp-elements-03beaf33c8dd68808e540a0e994e6df7\">Die Strahlkraft von Niki de Saint Phalle: Eine Herbstsaison der besonderen Art im Mus\u00e9e national des beaux-arts du Qu\u00e9bec (MNBAQ)<\/h1>\n<\/div><\/div>\n\n\n\n<p>Niki de Saint Phalle, eine der bedeutendsten K\u00fcnstlerinnen des 20. Jahrhunderts, ist weit mehr als nur eine Ikone der Pop-Art oder feministisch gepr\u00e4gter Kunst. Ihre Werke, die sich in einem Spannungsfeld von Fantasie, Provokation und sozialer Reflexion bewegen, haben eine unvergleichliche visuelle Sprache geschaffen. Mit ihrer bahnbrechenden Serie der &#8222;Nanas&#8220; und monumentalen Skulpturen wie im Tarotgarten in der Toskana hat sie die Grenzen zwischen Kunst und \u00f6ffentlichem Raum aufgel\u00f6st. Dass das <a href=\"https:\/\/www.museum.de\/museen\/musee-national-des-beaux-arts-du-quebec\">Mus\u00e9e national des beaux-arts du Qu\u00e9bec<\/a> (MNBAQ) diese au\u00dfergew\u00f6hnliche K\u00fcnstlerin zum Zentrum seiner Herbstsaison 2025 macht, ist ein Gl\u00fccksfall f\u00fcr alle, die sich f\u00fcr Kunst interessieren, die sowohl \u00e4sthetisch verzaubert als auch gesellschaftlich relevante Fragen aufwirft.<\/p>\n\n\n\n<h3 class=\"wp-block-heading\">Inhaltliche Schwerpunkte der Ausstellung<\/h3>\n\n\n\n<p>Die Ausstellung widmet sich den vielf\u00e4ltigen Facetten von Niki de Saint Phalles Schaffen und beleuchtet ihre k\u00fcnstlerische Entwicklung von den fr\u00fchen Jahren bis hin zu ihren ikonischen Gro\u00dfprojekten. Besondere Aufmerksamkeit wird ihren &#8222;Nanas&#8220; geschenkt, diesen kraftvollen, farbenfrohen weiblichen Figuren, die nicht nur die Freude am Leben, sondern auch die St\u00e4rke und Selbstbestimmung der Frau symbolisieren. Dar\u00fcber hinaus werden Werke aus ihrer Auseinandersetzung mit Themen wie Gewalt, Ungerechtigkeit und Umweltschutz gezeigt, die ihre politische und gesellschaftskritische Haltung unterstreichen.<\/p>\n\n\n\n<h3 class=\"wp-block-heading\">Kuratorisches Konzept und Inszenierung<\/h3>\n\n\n\n<p>Die Ausstellung folgt einem narrativen Ansatz, der die Besucher auf eine Reise durch Saint Phalles Leben und Werk mitnimmt. Die kuratorische Gestaltung setzt auf immersive R\u00e4ume, die den Betrachter in die farbenpr\u00e4chtige und symboltr\u00e4chtige Welt der K\u00fcnstlerin eintauchen lassen. Ob es sich um gro\u00dfformatige Skulpturen oder um intime Arbeiten auf Papier handelt, jedes Werk wird in einen Kontext gestellt, der sowohl biografische als auch zeitgeschichtliche Dimensionen sichtbar macht.<\/p>\n\n\n\n<h3 class=\"wp-block-heading\">Besondere Werke oder Leihgaben<\/h3>\n\n\n\n<p>Ein besonderes Highlight der Ausstellung ist die Pr\u00e4sentation einiger monumentaler Skulpturen, die eigens f\u00fcr diese Schau aus europ\u00e4ischen und nordamerikanischen Sammlungen nach Qu\u00e9bec gelangt sind. Dazu geh\u00f6ren selten gezeigte Werke aus Saint Phalles Tarotgarten, deren komplexe Symbolik die Verbindung von Mythologie, Spiritualit\u00e4t und Kunst eindrucksvoll verdeutlicht.<\/p>\n\n\n\n<h3 class=\"wp-block-heading\">Einordnung im Werk der K\u00fcnstlerin und in die Gegenwart<\/h3>\n\n\n\n<p>Niki de Saint Phalles Oeuvre spricht auf universelle Weise Themen an, die in der heutigen Zeit nichts von ihrer Relevanz eingeb\u00fc\u00dft haben. Ihr Engagement f\u00fcr Frauenrechte, ihre Kritik an patriarchalen Strukturen und ihr Umweltbewusstsein machen sie zu einer Vordenkerin, deren Werk gerade in unserer Gegenwart neue Bedeutungsebenen er\u00f6ffnet.<\/p>\n\n\n\n<h3 class=\"wp-block-heading\">Das Mus\u00e9e national des beaux-arts du Qu\u00e9bec<\/h3>\n\n\n\n<p>Das MNBAQ ist nicht nur eines der f\u00fchrenden Kunstmuseen Kanadas, sondern auch ein architektonisches Juwel, das Moderne und Tradition harmonisch verbindet. Die Erweiterung durch den Pavillon Pierre Lassonde, entworfen von OMA (Office for Metropolitan Architecture), hat das Haus zu einer kulturellen Landmarke gemacht. Mit seinen vielf\u00e4ltigen Sammlungen, die von der Kunst der First Nations bis hin zur zeitgen\u00f6ssischen Kunst reichen, leistet das Museum einen wesentlichen Beitrag zur kulturellen Identit\u00e4t der Region Qu\u00e9bec.<\/p>\n\n\n\n<h3 class=\"wp-block-heading\">Praktische Informationen<\/h3>\n\n\n\n<p>Die Ausstellung zu Niki de Saint Phalle ist vom Herbst 2025 an im MNBAQ zu sehen. Das Museum \u00f6ffnet von Dienstag bis Sonntag, n\u00e4here Informationen zu den \u00d6ffnungszeiten und Eintrittspreisen sind auf der Website des Museums verf\u00fcgbar. Zudem wird ein breites Begleitprogramm mit F\u00fchrungen, Vortr\u00e4gen und Workshops angeboten, um die Besucher noch tiefer in die Welt der K\u00fcnstlerin einzuf\u00fchren.<\/p>\n\n\n\n<div class=\"wp-block-group has-background is-layout-constrained wp-block-group-is-layout-constrained\" style=\"background-color:#cce9fa;margin-top:0;margin-bottom:2rem\">\n<h4 class=\"wp-block-heading\">Praktische Informationen f\u00fcr den Besuch<\/h4>\n\n\n\n<ul class=\"wp-block-list\">\n<li><strong>Ort:<\/strong> <strong>Mus\u00e9e national des beaux-arts du Qu\u00e9bec<\/strong>, 179 Grande All\u00e9e Ouest, Qu\u00e9bec City, QC&nbsp; G1R 2H1,Canada<\/li>\n\n\n\n<li><strong>Ausstellungszeitraum:<\/strong> 12.06.2025 \u2013 04.01.2026<\/li>\n\n\n\n<li><strong>\u00d6ffnungszeiten:<\/strong> Dienstag, Donnerstag \u2013 Sonntag, Feiertag 10 \u2013 17 Uhr, Mittwoch 10 \u2013 21<\/li>\n<\/ul>\n<\/div>\n\n\n\n<h3 class=\"wp-block-heading\">Fazit<\/h3>\n\n\n\n<p>Mit der Ausstellung zu Niki de Saint Phalle setzt das MNBAQ ein starkes Zeichen f\u00fcr die Bedeutung von Kunst als gesellschaftlichem Diskursraum. Die Inszenierung ist ebenso ambitioniert wie zug\u00e4nglich, und die ausgew\u00e4hlten Werke entfalten eine Strahlkraft, die weit \u00fcber den musealen Raum hinausreicht. Eine Ausstellung, die nicht nur Kunstliebhaber, sondern auch gesellschaftlich interessierte Besucher begeistern wird \u2013 und ein Muss f\u00fcr alle, die sich von der unersch\u00f6pflichen Kreativit\u00e4t und der vision\u00e4ren Kraft dieser au\u00dfergew\u00f6hnlichen K\u00fcnstlerin inspirieren lassen m\u00f6chten.<\/p>\n\n\n\n<p>Weitere Informationen sind auf der offiziellen Website des MNBAQ zu finden: <a href=\"https:\/\/s3.ca-central-1.amazonaws.com\/mnbaq-assets\/production\/A-propos\/Salle-de-presse\/COMM.Automne2025_ANG.pdf\" target=\"_blank\" rel=\"noreferrer noopener\">Zur Ausstellung<\/a>.<\/p>\n\n\n\n<p>Bildenachweis:<br><a href=\"https:\/\/www.flickr.com\/photos\/koalie\/26072146140\/\">https:\/\/www.flickr.com\/photos\/koalie\/26072146140\/<\/a><\/p>\n","protected":false},"excerpt":{"rendered":"<p>Niki de Saint Phalle, eine der bedeutendsten K\u00fcnstlerinnen des 20. Jahrhunderts, ist weit mehr als nur eine Ikone der Pop-Art oder feministisch gepr\u00e4gter Kunst. Ihre Werke, die sich in einem Spannungsfeld von Fantasie, Provokation und sozialer Reflexion bewegen, haben eine unvergleichliche visuelle Sprache geschaffen. Mit ihrer bahnbrechenden Serie der &#8222;Nanas&#8220; und monumentalen Skulpturen wie im [&hellip;]<\/p>\n","protected":false},"author":1,"featured_media":3893,"comment_status":"closed","ping_status":"closed","sticky":false,"template":"","format":"standard","meta":{"site-sidebar-layout":"default","site-content-layout":"","ast-site-content-layout":"default","site-content-style":"default","site-sidebar-style":"default","ast-global-header-display":"","ast-banner-title-visibility":"","ast-main-header-display":"","ast-hfb-above-header-display":"","ast-hfb-below-header-display":"","ast-hfb-mobile-header-display":"","site-post-title":"disabled","ast-breadcrumbs-content":"","ast-featured-img":"","footer-sml-layout":"","ast-disable-related-posts":"","theme-transparent-header-meta":"","adv-header-id-meta":"","stick-header-meta":"","header-above-stick-meta":"","header-main-stick-meta":"","header-below-stick-meta":"","astra-migrate-meta-layouts":"set","ast-page-background-enabled":"default","ast-page-background-meta":{"desktop":{"background-color":"var(--ast-global-color-4)","background-image":"","background-repeat":"repeat","background-position":"center center","background-size":"auto","background-attachment":"scroll","background-type":"","background-media":"","overlay-type":"","overlay-color":"","overlay-opacity":"","overlay-gradient":""},"tablet":{"background-color":"","background-image":"","background-repeat":"repeat","background-position":"center center","background-size":"auto","background-attachment":"scroll","background-type":"","background-media":"","overlay-type":"","overlay-color":"","overlay-opacity":"","overlay-gradient":""},"mobile":{"background-color":"","background-image":"","background-repeat":"repeat","background-position":"center center","background-size":"auto","background-attachment":"scroll","background-type":"","background-media":"","overlay-type":"","overlay-color":"","overlay-opacity":"","overlay-gradient":""}},"ast-content-background-meta":{"desktop":{"background-color":"var(--ast-global-color-5)","background-image":"","background-repeat":"repeat","background-position":"center center","background-size":"auto","background-attachment":"scroll","background-type":"","background-media":"","overlay-type":"","overlay-color":"","overlay-opacity":"","overlay-gradient":""},"tablet":{"background-color":"var(--ast-global-color-5)","background-image":"","background-repeat":"repeat","background-position":"center center","background-size":"auto","background-attachment":"scroll","background-type":"","background-media":"","overlay-type":"","overlay-color":"","overlay-opacity":"","overlay-gradient":""},"mobile":{"background-color":"var(--ast-global-color-5)","background-image":"","background-repeat":"repeat","background-position":"center center","background-size":"auto","background-attachment":"scroll","background-type":"","background-media":"","overlay-type":"","overlay-color":"","overlay-opacity":"","overlay-gradient":""}},"episode_type":"","audio_file":"","podmotor_file_id":"","podmotor_episode_id":"","cover_image":"","cover_image_id":"","duration":"","filesize":"","filesize_raw":"","date_recorded":"","explicit":"","block":"","itunes_episode_number":"","itunes_title":"","itunes_season_number":"","itunes_episode_type":"","footnotes":""},"categories":[125],"tags":[427,354,426],"class_list":["post-3892","post","type-post","status-publish","format-standard","has-post-thumbnail","hentry","category-ausstellungen","tag-canada","tag-niki-de-saint-phalle","tag-quebeck"],"yoast_head":"<!-- This site is optimized with the Yoast SEO plugin v27.5 - https:\/\/yoast.com\/product\/yoast-seo-wordpress\/ -->\n<title>Die Strahlkraft von Niki de Saint Phalle: Eine Herbstsaison der besonderen Art im Mus\u00e9e national des beaux-arts du Qu\u00e9bec (MNBAQ) - Der Museumsblog<\/title>\n<meta name=\"robots\" content=\"index, follow, max-snippet:-1, max-image-preview:large, max-video-preview:-1\" \/>\n<link rel=\"canonical\" href=\"https:\/\/www.museum.de\/blog\/die-strahlkraft-von-niki-de-saint-phalle-eine-herbstsaison-der-besonderen-art-im-musee-national-des-beaux-arts-du-quebec-mnbaq\/\" \/>\n<meta property=\"og:locale\" content=\"de_DE\" \/>\n<meta property=\"og:type\" content=\"article\" \/>\n<meta property=\"og:title\" content=\"Die Strahlkraft von Niki de Saint Phalle: Eine Herbstsaison der besonderen Art im Mus\u00e9e national des beaux-arts du Qu\u00e9bec (MNBAQ) - Der Museumsblog\" \/>\n<meta property=\"og:description\" content=\"Niki de Saint Phalle, eine der bedeutendsten K\u00fcnstlerinnen des 20. Jahrhunderts, ist weit mehr als nur eine Ikone der Pop-Art oder feministisch gepr\u00e4gter Kunst. Ihre Werke, die sich in einem Spannungsfeld von Fantasie, Provokation und sozialer Reflexion bewegen, haben eine unvergleichliche visuelle Sprache geschaffen. Mit ihrer bahnbrechenden Serie der &#8222;Nanas&#8220; und monumentalen Skulpturen wie im [&hellip;]\" \/>\n<meta property=\"og:url\" content=\"https:\/\/www.museum.de\/blog\/die-strahlkraft-von-niki-de-saint-phalle-eine-herbstsaison-der-besonderen-art-im-musee-national-des-beaux-arts-du-quebec-mnbaq\/\" \/>\n<meta property=\"og:site_name\" content=\"Der Museumsblog\" \/>\n<meta property=\"article:published_time\" content=\"2025-09-05T10:08:59+00:00\" \/>\n<meta property=\"article:modified_time\" content=\"2025-09-14T16:08:33+00:00\" \/>\n<meta property=\"og:image\" content=\"https:\/\/www.museum.de\/blog\/wp-content\/uploads\/2025\/09\/Nanas-by-Niki-de-Saint-Phalle-exhibit-at-the-Guggenheim-Museum.jpg\" \/>\n\t<meta property=\"og:image:width\" content=\"2047\" \/>\n\t<meta property=\"og:image:height\" content=\"1365\" \/>\n\t<meta property=\"og:image:type\" content=\"image\/jpeg\" \/>\n<meta name=\"author\" content=\"Redaktion\" \/>\n<meta name=\"twitter:card\" content=\"summary_large_image\" \/>\n<script type=\"application\/ld+json\" class=\"yoast-schema-graph\">{\"@context\":\"https:\\\/\\\/schema.org\",\"@graph\":[{\"@type\":\"Article\",\"@id\":\"https:\\\/\\\/www.museum.de\\\/blog\\\/die-strahlkraft-von-niki-de-saint-phalle-eine-herbstsaison-der-besonderen-art-im-musee-national-des-beaux-arts-du-quebec-mnbaq\\\/#article\",\"isPartOf\":{\"@id\":\"https:\\\/\\\/www.museum.de\\\/blog\\\/die-strahlkraft-von-niki-de-saint-phalle-eine-herbstsaison-der-besonderen-art-im-musee-national-des-beaux-arts-du-quebec-mnbaq\\\/\"},\"author\":{\"name\":\"Redaktion\",\"@id\":\"https:\\\/\\\/www.museum.de\\\/blog\\\/#\\\/schema\\\/person\\\/c09a0aea9ac127965257ff6115957332\"},\"headline\":\"Die Strahlkraft von Niki de Saint Phalle: Eine Herbstsaison der besonderen Art im Mus\u00e9e national des beaux-arts du Qu\u00e9bec (MNBAQ)\",\"datePublished\":\"2025-09-05T10:08:59+00:00\",\"dateModified\":\"2025-09-14T16:08:33+00:00\",\"mainEntityOfPage\":{\"@id\":\"https:\\\/\\\/www.museum.de\\\/blog\\\/die-strahlkraft-von-niki-de-saint-phalle-eine-herbstsaison-der-besonderen-art-im-musee-national-des-beaux-arts-du-quebec-mnbaq\\\/\"},\"wordCount\":738,\"publisher\":{\"@id\":\"https:\\\/\\\/www.museum.de\\\/blog\\\/#organization\"},\"image\":{\"@id\":\"https:\\\/\\\/www.museum.de\\\/blog\\\/die-strahlkraft-von-niki-de-saint-phalle-eine-herbstsaison-der-besonderen-art-im-musee-national-des-beaux-arts-du-quebec-mnbaq\\\/#primaryimage\"},\"thumbnailUrl\":\"https:\\\/\\\/www.museum.de\\\/blog\\\/wp-content\\\/uploads\\\/2025\\\/09\\\/Nanas-by-Niki-de-Saint-Phalle-exhibit-at-the-Guggenheim-Museum.jpg\",\"keywords\":[\"Canada\",\"Niki de Saint Phalle\",\"Quebeck\"],\"articleSection\":[\"Ausstellungen\"],\"inLanguage\":\"de\"},{\"@type\":\"WebPage\",\"@id\":\"https:\\\/\\\/www.museum.de\\\/blog\\\/die-strahlkraft-von-niki-de-saint-phalle-eine-herbstsaison-der-besonderen-art-im-musee-national-des-beaux-arts-du-quebec-mnbaq\\\/\",\"url\":\"https:\\\/\\\/www.museum.de\\\/blog\\\/die-strahlkraft-von-niki-de-saint-phalle-eine-herbstsaison-der-besonderen-art-im-musee-national-des-beaux-arts-du-quebec-mnbaq\\\/\",\"name\":\"Die Strahlkraft von Niki de Saint Phalle: Eine Herbstsaison der besonderen Art im Mus\u00e9e national des beaux-arts du Qu\u00e9bec (MNBAQ) - Der Museumsblog\",\"isPartOf\":{\"@id\":\"https:\\\/\\\/www.museum.de\\\/blog\\\/#website\"},\"primaryImageOfPage\":{\"@id\":\"https:\\\/\\\/www.museum.de\\\/blog\\\/die-strahlkraft-von-niki-de-saint-phalle-eine-herbstsaison-der-besonderen-art-im-musee-national-des-beaux-arts-du-quebec-mnbaq\\\/#primaryimage\"},\"image\":{\"@id\":\"https:\\\/\\\/www.museum.de\\\/blog\\\/die-strahlkraft-von-niki-de-saint-phalle-eine-herbstsaison-der-besonderen-art-im-musee-national-des-beaux-arts-du-quebec-mnbaq\\\/#primaryimage\"},\"thumbnailUrl\":\"https:\\\/\\\/www.museum.de\\\/blog\\\/wp-content\\\/uploads\\\/2025\\\/09\\\/Nanas-by-Niki-de-Saint-Phalle-exhibit-at-the-Guggenheim-Museum.jpg\",\"datePublished\":\"2025-09-05T10:08:59+00:00\",\"dateModified\":\"2025-09-14T16:08:33+00:00\",\"breadcrumb\":{\"@id\":\"https:\\\/\\\/www.museum.de\\\/blog\\\/die-strahlkraft-von-niki-de-saint-phalle-eine-herbstsaison-der-besonderen-art-im-musee-national-des-beaux-arts-du-quebec-mnbaq\\\/#breadcrumb\"},\"inLanguage\":\"de\",\"potentialAction\":[{\"@type\":\"ReadAction\",\"target\":[\"https:\\\/\\\/www.museum.de\\\/blog\\\/die-strahlkraft-von-niki-de-saint-phalle-eine-herbstsaison-der-besonderen-art-im-musee-national-des-beaux-arts-du-quebec-mnbaq\\\/\"]}]},{\"@type\":\"ImageObject\",\"inLanguage\":\"de\",\"@id\":\"https:\\\/\\\/www.museum.de\\\/blog\\\/die-strahlkraft-von-niki-de-saint-phalle-eine-herbstsaison-der-besonderen-art-im-musee-national-des-beaux-arts-du-quebec-mnbaq\\\/#primaryimage\",\"url\":\"https:\\\/\\\/www.museum.de\\\/blog\\\/wp-content\\\/uploads\\\/2025\\\/09\\\/Nanas-by-Niki-de-Saint-Phalle-exhibit-at-the-Guggenheim-Museum.jpg\",\"contentUrl\":\"https:\\\/\\\/www.museum.de\\\/blog\\\/wp-content\\\/uploads\\\/2025\\\/09\\\/Nanas-by-Niki-de-Saint-Phalle-exhibit-at-the-Guggenheim-Museum.jpg\",\"width\":1600,\"height\":1067,\"caption\":\"Nanas by Niki de Saint Phalle, exhibit at the Guggenheim Museum.\"},{\"@type\":\"BreadcrumbList\",\"@id\":\"https:\\\/\\\/www.museum.de\\\/blog\\\/die-strahlkraft-von-niki-de-saint-phalle-eine-herbstsaison-der-besonderen-art-im-musee-national-des-beaux-arts-du-quebec-mnbaq\\\/#breadcrumb\",\"itemListElement\":[{\"@type\":\"ListItem\",\"position\":1,\"name\":\"Startseite\",\"item\":\"https:\\\/\\\/www.museum.de\\\/blog\\\/\"},{\"@type\":\"ListItem\",\"position\":2,\"name\":\"Die Strahlkraft von Niki de Saint Phalle: Eine Herbstsaison der besonderen Art im Mus\u00e9e national des beaux-arts du Qu\u00e9bec (MNBAQ)\"}]},{\"@type\":\"WebSite\",\"@id\":\"https:\\\/\\\/www.museum.de\\\/blog\\\/#website\",\"url\":\"https:\\\/\\\/www.museum.de\\\/blog\\\/\",\"name\":\"Der Museumsblog\",\"description\":\"Der Blog\",\"publisher\":{\"@id\":\"https:\\\/\\\/www.museum.de\\\/blog\\\/#organization\"},\"alternateName\":\"museum.de - Der Museumsblog\",\"potentialAction\":[{\"@type\":\"SearchAction\",\"target\":{\"@type\":\"EntryPoint\",\"urlTemplate\":\"https:\\\/\\\/www.museum.de\\\/blog\\\/?s={search_term_string}\"},\"query-input\":{\"@type\":\"PropertyValueSpecification\",\"valueRequired\":true,\"valueName\":\"search_term_string\"}}],\"inLanguage\":\"de\"},{\"@type\":\"Organization\",\"@id\":\"https:\\\/\\\/www.museum.de\\\/blog\\\/#organization\",\"name\":\"Der Museumsblog\",\"url\":\"https:\\\/\\\/www.museum.de\\\/blog\\\/\",\"logo\":{\"@type\":\"ImageObject\",\"inLanguage\":\"de\",\"@id\":\"https:\\\/\\\/www.museum.de\\\/blog\\\/#\\\/schema\\\/logo\\\/image\\\/\",\"url\":\"https:\\\/\\\/www.museum.de\\\/blog\\\/wp-content\\\/uploads\\\/2019\\\/03\\\/cropped-Audioguide_Titelseite-1.jpg\",\"contentUrl\":\"https:\\\/\\\/www.museum.de\\\/blog\\\/wp-content\\\/uploads\\\/2019\\\/03\\\/cropped-Audioguide_Titelseite-1.jpg\",\"width\":512,\"height\":512,\"caption\":\"Der Museumsblog\"},\"image\":{\"@id\":\"https:\\\/\\\/www.museum.de\\\/blog\\\/#\\\/schema\\\/logo\\\/image\\\/\"}},{\"@type\":\"Person\",\"@id\":\"https:\\\/\\\/www.museum.de\\\/blog\\\/#\\\/schema\\\/person\\\/c09a0aea9ac127965257ff6115957332\",\"name\":\"Redaktion\",\"description\":\"Das Redaktionsteam von museum.de\",\"url\":\"https:\\\/\\\/www.museum.de\\\/blog\\\/author\\\/msupervisor\\\/\"}]}<\/script>\n<!-- \/ Yoast SEO plugin. -->","yoast_head_json":{"title":"Die Strahlkraft von Niki de Saint Phalle: Eine Herbstsaison der besonderen Art im Mus\u00e9e national des beaux-arts du Qu\u00e9bec (MNBAQ) - Der Museumsblog","robots":{"index":"index","follow":"follow","max-snippet":"max-snippet:-1","max-image-preview":"max-image-preview:large","max-video-preview":"max-video-preview:-1"},"canonical":"https:\/\/www.museum.de\/blog\/die-strahlkraft-von-niki-de-saint-phalle-eine-herbstsaison-der-besonderen-art-im-musee-national-des-beaux-arts-du-quebec-mnbaq\/","og_locale":"de_DE","og_type":"article","og_title":"Die Strahlkraft von Niki de Saint Phalle: Eine Herbstsaison der besonderen Art im Mus\u00e9e national des beaux-arts du Qu\u00e9bec (MNBAQ) - Der Museumsblog","og_description":"Niki de Saint Phalle, eine der bedeutendsten K\u00fcnstlerinnen des 20. Jahrhunderts, ist weit mehr als nur eine Ikone der Pop-Art oder feministisch gepr\u00e4gter Kunst. Ihre Werke, die sich in einem Spannungsfeld von Fantasie, Provokation und sozialer Reflexion bewegen, haben eine unvergleichliche visuelle Sprache geschaffen. Mit ihrer bahnbrechenden Serie der &#8222;Nanas&#8220; und monumentalen Skulpturen wie im [&hellip;]","og_url":"https:\/\/www.museum.de\/blog\/die-strahlkraft-von-niki-de-saint-phalle-eine-herbstsaison-der-besonderen-art-im-musee-national-des-beaux-arts-du-quebec-mnbaq\/","og_site_name":"Der Museumsblog","article_published_time":"2025-09-05T10:08:59+00:00","article_modified_time":"2025-09-14T16:08:33+00:00","og_image":[{"width":2047,"height":1365,"url":"https:\/\/www.museum.de\/blog\/wp-content\/uploads\/2025\/09\/Nanas-by-Niki-de-Saint-Phalle-exhibit-at-the-Guggenheim-Museum.jpg","type":"image\/jpeg"}],"author":"Redaktion","twitter_card":"summary_large_image","schema":{"@context":"https:\/\/schema.org","@graph":[{"@type":"Article","@id":"https:\/\/www.museum.de\/blog\/die-strahlkraft-von-niki-de-saint-phalle-eine-herbstsaison-der-besonderen-art-im-musee-national-des-beaux-arts-du-quebec-mnbaq\/#article","isPartOf":{"@id":"https:\/\/www.museum.de\/blog\/die-strahlkraft-von-niki-de-saint-phalle-eine-herbstsaison-der-besonderen-art-im-musee-national-des-beaux-arts-du-quebec-mnbaq\/"},"author":{"name":"Redaktion","@id":"https:\/\/www.museum.de\/blog\/#\/schema\/person\/c09a0aea9ac127965257ff6115957332"},"headline":"Die Strahlkraft von Niki de Saint Phalle: Eine Herbstsaison der besonderen Art im Mus\u00e9e national des beaux-arts du Qu\u00e9bec (MNBAQ)","datePublished":"2025-09-05T10:08:59+00:00","dateModified":"2025-09-14T16:08:33+00:00","mainEntityOfPage":{"@id":"https:\/\/www.museum.de\/blog\/die-strahlkraft-von-niki-de-saint-phalle-eine-herbstsaison-der-besonderen-art-im-musee-national-des-beaux-arts-du-quebec-mnbaq\/"},"wordCount":738,"publisher":{"@id":"https:\/\/www.museum.de\/blog\/#organization"},"image":{"@id":"https:\/\/www.museum.de\/blog\/die-strahlkraft-von-niki-de-saint-phalle-eine-herbstsaison-der-besonderen-art-im-musee-national-des-beaux-arts-du-quebec-mnbaq\/#primaryimage"},"thumbnailUrl":"https:\/\/www.museum.de\/blog\/wp-content\/uploads\/2025\/09\/Nanas-by-Niki-de-Saint-Phalle-exhibit-at-the-Guggenheim-Museum.jpg","keywords":["Canada","Niki de Saint Phalle","Quebeck"],"articleSection":["Ausstellungen"],"inLanguage":"de"},{"@type":"WebPage","@id":"https:\/\/www.museum.de\/blog\/die-strahlkraft-von-niki-de-saint-phalle-eine-herbstsaison-der-besonderen-art-im-musee-national-des-beaux-arts-du-quebec-mnbaq\/","url":"https:\/\/www.museum.de\/blog\/die-strahlkraft-von-niki-de-saint-phalle-eine-herbstsaison-der-besonderen-art-im-musee-national-des-beaux-arts-du-quebec-mnbaq\/","name":"Die Strahlkraft von Niki de Saint Phalle: Eine Herbstsaison der besonderen Art im Mus\u00e9e national des beaux-arts du Qu\u00e9bec (MNBAQ) - Der Museumsblog","isPartOf":{"@id":"https:\/\/www.museum.de\/blog\/#website"},"primaryImageOfPage":{"@id":"https:\/\/www.museum.de\/blog\/die-strahlkraft-von-niki-de-saint-phalle-eine-herbstsaison-der-besonderen-art-im-musee-national-des-beaux-arts-du-quebec-mnbaq\/#primaryimage"},"image":{"@id":"https:\/\/www.museum.de\/blog\/die-strahlkraft-von-niki-de-saint-phalle-eine-herbstsaison-der-besonderen-art-im-musee-national-des-beaux-arts-du-quebec-mnbaq\/#primaryimage"},"thumbnailUrl":"https:\/\/www.museum.de\/blog\/wp-content\/uploads\/2025\/09\/Nanas-by-Niki-de-Saint-Phalle-exhibit-at-the-Guggenheim-Museum.jpg","datePublished":"2025-09-05T10:08:59+00:00","dateModified":"2025-09-14T16:08:33+00:00","breadcrumb":{"@id":"https:\/\/www.museum.de\/blog\/die-strahlkraft-von-niki-de-saint-phalle-eine-herbstsaison-der-besonderen-art-im-musee-national-des-beaux-arts-du-quebec-mnbaq\/#breadcrumb"},"inLanguage":"de","potentialAction":[{"@type":"ReadAction","target":["https:\/\/www.museum.de\/blog\/die-strahlkraft-von-niki-de-saint-phalle-eine-herbstsaison-der-besonderen-art-im-musee-national-des-beaux-arts-du-quebec-mnbaq\/"]}]},{"@type":"ImageObject","inLanguage":"de","@id":"https:\/\/www.museum.de\/blog\/die-strahlkraft-von-niki-de-saint-phalle-eine-herbstsaison-der-besonderen-art-im-musee-national-des-beaux-arts-du-quebec-mnbaq\/#primaryimage","url":"https:\/\/www.museum.de\/blog\/wp-content\/uploads\/2025\/09\/Nanas-by-Niki-de-Saint-Phalle-exhibit-at-the-Guggenheim-Museum.jpg","contentUrl":"https:\/\/www.museum.de\/blog\/wp-content\/uploads\/2025\/09\/Nanas-by-Niki-de-Saint-Phalle-exhibit-at-the-Guggenheim-Museum.jpg","width":1600,"height":1067,"caption":"Nanas by Niki de Saint Phalle, exhibit at the Guggenheim Museum."},{"@type":"BreadcrumbList","@id":"https:\/\/www.museum.de\/blog\/die-strahlkraft-von-niki-de-saint-phalle-eine-herbstsaison-der-besonderen-art-im-musee-national-des-beaux-arts-du-quebec-mnbaq\/#breadcrumb","itemListElement":[{"@type":"ListItem","position":1,"name":"Startseite","item":"https:\/\/www.museum.de\/blog\/"},{"@type":"ListItem","position":2,"name":"Die Strahlkraft von Niki de Saint Phalle: Eine Herbstsaison der besonderen Art im Mus\u00e9e national des beaux-arts du Qu\u00e9bec (MNBAQ)"}]},{"@type":"WebSite","@id":"https:\/\/www.museum.de\/blog\/#website","url":"https:\/\/www.museum.de\/blog\/","name":"Der Museumsblog","description":"Der Blog","publisher":{"@id":"https:\/\/www.museum.de\/blog\/#organization"},"alternateName":"museum.de - Der Museumsblog","potentialAction":[{"@type":"SearchAction","target":{"@type":"EntryPoint","urlTemplate":"https:\/\/www.museum.de\/blog\/?s={search_term_string}"},"query-input":{"@type":"PropertyValueSpecification","valueRequired":true,"valueName":"search_term_string"}}],"inLanguage":"de"},{"@type":"Organization","@id":"https:\/\/www.museum.de\/blog\/#organization","name":"Der Museumsblog","url":"https:\/\/www.museum.de\/blog\/","logo":{"@type":"ImageObject","inLanguage":"de","@id":"https:\/\/www.museum.de\/blog\/#\/schema\/logo\/image\/","url":"https:\/\/www.museum.de\/blog\/wp-content\/uploads\/2019\/03\/cropped-Audioguide_Titelseite-1.jpg","contentUrl":"https:\/\/www.museum.de\/blog\/wp-content\/uploads\/2019\/03\/cropped-Audioguide_Titelseite-1.jpg","width":512,"height":512,"caption":"Der Museumsblog"},"image":{"@id":"https:\/\/www.museum.de\/blog\/#\/schema\/logo\/image\/"}},{"@type":"Person","@id":"https:\/\/www.museum.de\/blog\/#\/schema\/person\/c09a0aea9ac127965257ff6115957332","name":"Redaktion","description":"Das Redaktionsteam von museum.de","url":"https:\/\/www.museum.de\/blog\/author\/msupervisor\/"}]}},"_links":{"self":[{"href":"https:\/\/www.museum.de\/blog\/wp-json\/wp\/v2\/posts\/3892","targetHints":{"allow":["GET"]}}],"collection":[{"href":"https:\/\/www.museum.de\/blog\/wp-json\/wp\/v2\/posts"}],"about":[{"href":"https:\/\/www.museum.de\/blog\/wp-json\/wp\/v2\/types\/post"}],"author":[{"embeddable":true,"href":"https:\/\/www.museum.de\/blog\/wp-json\/wp\/v2\/users\/1"}],"replies":[{"embeddable":true,"href":"https:\/\/www.museum.de\/blog\/wp-json\/wp\/v2\/comments?post=3892"}],"version-history":[{"count":3,"href":"https:\/\/www.museum.de\/blog\/wp-json\/wp\/v2\/posts\/3892\/revisions"}],"predecessor-version":[{"id":3902,"href":"https:\/\/www.museum.de\/blog\/wp-json\/wp\/v2\/posts\/3892\/revisions\/3902"}],"wp:featuredmedia":[{"embeddable":true,"href":"https:\/\/www.museum.de\/blog\/wp-json\/wp\/v2\/media\/3893"}],"wp:attachment":[{"href":"https:\/\/www.museum.de\/blog\/wp-json\/wp\/v2\/media?parent=3892"}],"wp:term":[{"taxonomy":"category","embeddable":true,"href":"https:\/\/www.museum.de\/blog\/wp-json\/wp\/v2\/categories?post=3892"},{"taxonomy":"post_tag","embeddable":true,"href":"https:\/\/www.museum.de\/blog\/wp-json\/wp\/v2\/tags?post=3892"}],"curies":[{"name":"wp","href":"https:\/\/api.w.org\/{rel}","templated":true}]}}