{"id":3898,"date":"2025-09-14T15:33:02","date_gmt":"2025-09-14T15:33:02","guid":{"rendered":"https:\/\/www.museum.de\/blog\/?p=3898"},"modified":"2025-10-26T05:50:24","modified_gmt":"2025-10-26T05:50:24","slug":"man-ray-wenn-objekte-traeumen-eine-neuvermessung-des-mediums-in-der-avantgarde","status":"publish","type":"post","link":"https:\/\/www.museum.de\/blog\/man-ray-wenn-objekte-traeumen-eine-neuvermessung-des-mediums-in-der-avantgarde\/","title":{"rendered":"Man Ray: Wenn Objekte tr\u00e4umen \u2013 Eine Neuvermessung des Mediums in der Avantgarde"},"content":{"rendered":"\n<div class=\"wp-block-cover is-light\" style=\"margin-top:0rem;margin-bottom:3rem\"><span aria-hidden=\"true\" class=\"wp-block-cover__background has-background-dim\" style=\"background-color:#858585\"><\/span><img decoding=\"async\" loading=\"lazy\" width=\"1600\" height=\"1012\" src=\"https:\/\/www.museum.de\/blog\/wp-content\/uploads\/2025\/09\/Man_Ray_1934.jpg\" class=\"wp-block-cover__image-background wp-post-image\" alt=\"\" data-object-fit=\"cover\" srcset=\"https:\/\/www.museum.de\/blog\/wp-content\/uploads\/2025\/09\/Man_Ray_1934.jpg 1600w, https:\/\/www.museum.de\/blog\/wp-content\/uploads\/2025\/09\/Man_Ray_1934-300x190.jpg 300w, https:\/\/www.museum.de\/blog\/wp-content\/uploads\/2025\/09\/Man_Ray_1934-1248x789.jpg 1248w, https:\/\/www.museum.de\/blog\/wp-content\/uploads\/2025\/09\/Man_Ray_1934-768x486.jpg 768w, https:\/\/www.museum.de\/blog\/wp-content\/uploads\/2025\/09\/Man_Ray_1934-1536x972.jpg 1536w\" sizes=\"auto, (max-width: 1600px) 100vw, 1600px\" \/><div class=\"wp-block-cover__inner-container is-layout-constrained wp-block-cover-is-layout-constrained\">\n<h1 class=\"wp-block-heading has-text-align-center has-ast-global-color-5-color has-text-color has-link-color has-x-large-font-size wp-elements-abacdf601f4d42d82ec4f2aa50375198\">Man Ray: Wenn Objekte tr\u00e4umen \u2013 Eine Neuvermessung des Mediums in der Avantgarde<\/h1>\n<\/div><\/div>\n\n\n\n<p>Die Kunst des fr\u00fchen 20. Jahrhunderts war gepr\u00e4gt von einer tiefgreifenden Suche nach neuen Ausdrucksformen, die tradierte Grenzen sprengten. Inmitten dieser revolution\u00e4ren Umw\u00e4lzungen stand Man Ray (1890\u20131976), ein K\u00fcnstler, der durch seine medien\u00fcbergreifenden Experimente und konzeptionellen Ans\u00e4tze die k\u00fcnstlerische Praxis nachhaltig beeinflusste. Mit der Ausstellung <em>Man Ray: When Objects Dream<\/em> widmet sich das Metropolitan Museum of Art in New York erstmals umfassend dem Ph\u00e4nomen der Rayographien \u2013 jenen kameralosen Fotografien, die Man Ray als eines seiner signifikantesten k\u00fcnstlerischen Verm\u00e4chtnisse etablieren sollte.<\/p>\n\n\n\n<h3 class=\"wp-block-heading\"><strong>Die Rayographie als Schl\u00fcssel zur Avantgarde<\/strong><\/h3>\n\n\n\n<p>Die Rayographie, die Man Ray 1921 in seinem Pariser Atelier scheinbar zuf\u00e4llig entdeckte, entwickelte sich rasch zu einem zentralen Medium seines Schaffens. Indem er Objekte auf lichtempfindliches Papier legte und belichtete, schuf er negative Silhouetten, die durch Verzerrungen und Lichtbrechungen eine fast surrealistische Aura erhielten. In dieser Technik kulminieren die Prinzipien der Dada- und Surrealismus-Bewegungen, deren Vertreter \u2013 darunter Tristan Tzara und Louis Aragon \u2013 die Rayographien als poetische Manifestationen eines \u201etr\u00e4umenden Objekts\u201c feierten.<\/p>\n\n\n\n<p>Die Ausstellung, die sich \u00fcber mehrere thematische Abschnitte erstreckt, beleuchtet nicht nur die \u00e4sthetische und technische Innovation der Rayographien, sondern verkn\u00fcpft diese mit Man Rays Arbeiten in anderen Medien. So werden Verbindungen zu seinen Assemblagen, Gem\u00e4lden und Filmen hergestellt, die von einer gemeinsamen Faszination f\u00fcr das Experimentelle und Grenz\u00fcberschreitende zeugen.<\/p>\n\n\n\n<h3 class=\"wp-block-heading\"><strong>Kuratorisches Konzept und Inszenierung<\/strong><\/h3>\n\n\n\n<p>Kuratiert von Stephanie D\u2019Alessandro und Stephen C. Pinson, setzt die Ausstellung auf eine dynamische Inszenierung, die die Rayographien in den Mittelpunkt r\u00fcckt. Mehr als 60 dieser Werke, erg\u00e4nzt durch rund 100 Gem\u00e4lde, Objekte, Drucke, Zeichnungen und Fotografien, entfalten eine narrative Struktur, die sich entlang zentraler Motive wie Tr\u00e4ume, K\u00f6rper oder Spiel entwickelt. Besonders bemerkenswert ist die interdisziplin\u00e4re Zusammenarbeit mit dem Lens Media Lab der Yale University und weiteren Institutionen, die neue wissenschaftliche Erkenntnisse \u00fcber die Herstellung und Materialit\u00e4t der Rayographien erm\u00f6glicht hat.<\/p>\n\n\n\n<p>Die Pr\u00e4sentation wird von ikonischen Werken wie <em>Gift<\/em> (1921), einem B\u00fcgeleisen mit N\u00e4geln, und <em>Object to be Destroyed<\/em> (1923), einem Metronom mit einem schwingenden Auge, flankiert. Auch das ber\u00fchmte Fotografie-Meisterwerk <em>Violon d\u2019Ingres<\/em> (1924) \u2013 eine Hommage an die K\u00fcnstlermuse Kiki de Montparnasse \u2013 ist Teil der Schau. Besonders spannend ist die Gegen\u00fcberstellung von Rayographien mit Malereien wie <em>Swedish Landscape<\/em> (1926), in denen Man Ray Pigmente ohne Pinsel auf die Leinwand auftrug und so Parallelen zu den Techniken seiner Fotogramme zog.<\/p>\n\n\n\n<h3 class=\"wp-block-heading\"><strong>Man Ray im Kontext der Moderne<\/strong><\/h3>\n\n\n\n<p>Man Rays Rayographien markieren einen entscheidenden Moment in der Kunstgeschichte, da sie die Fotografie von ihrer dokumentarischen Funktion emanzipierten und als autonomes Medium etablierten. Ihre experimentelle Natur verweist auf eine k\u00fcnstlerische Haltung, die sich zwischen den Str\u00f6mungen von Dada und Surrealismus bewegte und die Grenzen zwischen Kunst und Wissenschaft, Illusion und Realit\u00e4t auslotete. In einer Zeit, in der digitale Technologien die Bildproduktion dominieren, wirken seine Arbeiten \u00fcberraschend zeitgen\u00f6ssisch und scheinen Fragen nach Materialit\u00e4t und Authentizit\u00e4t in der Kunst vorwegzunehmen.<\/p>\n\n\n\n<h3 class=\"wp-block-heading\"><strong>Das Metropolitan Museum of Art als Schauplatz<\/strong><\/h3>\n\n\n\n<p>Das Metropolitan Museum of Art, eine der bedeutendsten Kulturinstitutionen der Welt, bietet mit seiner architektonischen Erhabenheit und seinem breiten Sammlungsprofil die ideale B\u00fchne f\u00fcr diese Ausstellung. Die Schau wird in Galerie 199 im Erdgeschoss pr\u00e4sentiert, einem Raum, der durch seine offene Gestaltung eine intime und dennoch dialogische Betrachtung der Werke erm\u00f6glicht.<\/p>\n\n\n\n<div class=\"wp-block-group has-background is-layout-constrained wp-block-group-is-layout-constrained\" style=\"background-color:#cce9fa;margin-top:2rem;margin-bottom:2rem\">\n<h4 class=\"wp-block-heading\">Praktische Informationen f\u00fcr den Besuch<\/h4>\n\n\n\n<ul class=\"wp-block-list\">\n<li><strong>Ort:<\/strong> 1000 Fifth Avenue, New York, NY 10028<\/li>\n\n\n\n<li><strong>Ausstellungszeitraum:<\/strong> 14. September 2025 bis zum 1. Februar 2026<\/li>\n\n\n\n<li><strong>\u00d6ffnungszeiten:<\/strong> sonntags bis dienstags sowie donnerstags und freitags von 10:00 bis 17:00 Uhr und samstags von 10:00 bis 21:00 Uhr<\/li>\n<\/ul>\n<\/div>\n\n\n\n<h3 class=\"wp-block-heading\"><strong>Fazit<\/strong><\/h3>\n\n\n\n<p>Mit <em>Man Ray: When Objects Dream<\/em> gelingt dem Metropolitan Museum of Art eine wegweisende Ausstellung, die durch ihre wissenschaftliche Fundierung und \u00e4sthetische Inszenierung gleicherma\u00dfen beeindruckt. Sie l\u00e4dt ein, nicht nur die Kunst Man Rays neu zu entdecken, sondern auch die radikale Kraft der Avantgarde im Spiegel der Gegenwart zu reflektieren. Ein Pflichttermin f\u00fcr Kunstliebhaber und ein Meilenstein in der Auseinandersetzung mit dem Werk eines der einflussreichsten K\u00fcnstler des 20. Jahrhunderts.<\/p>\n\n\n\n<p>Weitere Informationen zur Ausstellung finden sich auf der <a href=\"https:\/\/www.metmuseum.org\/press-releases\/man-ray\" target=\"_blank\" rel=\"noreferrer noopener\">offiziellen Website des Museums<\/a>.<\/p>\n\n\n\n<p><strong>Bildquelle:<\/strong><\/p>\n\n\n\n<p><a href=\"https:\/\/www.loc.gov\/pictures\/collection\/van\/item\/2004663496\/\"> Van Vechten Collection at Library of Congress<\/a><\/p>\n","protected":false},"excerpt":{"rendered":"<p>Die Kunst des fr\u00fchen 20. Jahrhunderts war gepr\u00e4gt von einer tiefgreifenden Suche nach neuen Ausdrucksformen, die tradierte Grenzen sprengten. Inmitten dieser revolution\u00e4ren Umw\u00e4lzungen stand Man Ray (1890\u20131976), ein K\u00fcnstler, der durch seine medien\u00fcbergreifenden Experimente und konzeptionellen Ans\u00e4tze die k\u00fcnstlerische Praxis nachhaltig beeinflusste. Mit der Ausstellung Man Ray: When Objects Dream widmet sich das Metropolitan Museum [&hellip;]<\/p>\n","protected":false},"author":1,"featured_media":3899,"comment_status":"closed","ping_status":"closed","sticky":false,"template":"","format":"standard","meta":{"site-sidebar-layout":"default","site-content-layout":"","ast-site-content-layout":"default","site-content-style":"default","site-sidebar-style":"default","ast-global-header-display":"","ast-banner-title-visibility":"","ast-main-header-display":"","ast-hfb-above-header-display":"","ast-hfb-below-header-display":"","ast-hfb-mobile-header-display":"","site-post-title":"disabled","ast-breadcrumbs-content":"","ast-featured-img":"","footer-sml-layout":"","ast-disable-related-posts":"","theme-transparent-header-meta":"","adv-header-id-meta":"","stick-header-meta":"","header-above-stick-meta":"","header-main-stick-meta":"","header-below-stick-meta":"","astra-migrate-meta-layouts":"set","ast-page-background-enabled":"default","ast-page-background-meta":{"desktop":{"background-color":"var(--ast-global-color-4)","background-image":"","background-repeat":"repeat","background-position":"center center","background-size":"auto","background-attachment":"scroll","background-type":"","background-media":"","overlay-type":"","overlay-color":"","overlay-opacity":"","overlay-gradient":""},"tablet":{"background-color":"","background-image":"","background-repeat":"repeat","background-position":"center center","background-size":"auto","background-attachment":"scroll","background-type":"","background-media":"","overlay-type":"","overlay-color":"","overlay-opacity":"","overlay-gradient":""},"mobile":{"background-color":"","background-image":"","background-repeat":"repeat","background-position":"center center","background-size":"auto","background-attachment":"scroll","background-type":"","background-media":"","overlay-type":"","overlay-color":"","overlay-opacity":"","overlay-gradient":""}},"ast-content-background-meta":{"desktop":{"background-color":"var(--ast-global-color-5)","background-image":"","background-repeat":"repeat","background-position":"center center","background-size":"auto","background-attachment":"scroll","background-type":"","background-media":"","overlay-type":"","overlay-color":"","overlay-opacity":"","overlay-gradient":""},"tablet":{"background-color":"var(--ast-global-color-5)","background-image":"","background-repeat":"repeat","background-position":"center center","background-size":"auto","background-attachment":"scroll","background-type":"","background-media":"","overlay-type":"","overlay-color":"","overlay-opacity":"","overlay-gradient":""},"mobile":{"background-color":"var(--ast-global-color-5)","background-image":"","background-repeat":"repeat","background-position":"center center","background-size":"auto","background-attachment":"scroll","background-type":"","background-media":"","overlay-type":"","overlay-color":"","overlay-opacity":"","overlay-gradient":""}},"episode_type":"","audio_file":"","podmotor_file_id":"","podmotor_episode_id":"","cover_image":"","cover_image_id":"","duration":"","filesize":"","filesize_raw":"","date_recorded":"","explicit":"","block":"","itunes_episode_number":"","itunes_title":"","itunes_season_number":"","itunes_episode_type":"","footnotes":""},"categories":[125],"tags":[428,157,158,429],"class_list":["post-3898","post","type-post","status-publish","format-standard","has-post-thumbnail","hentry","category-ausstellungen","tag-man-ray","tag-metropolitan-museum-of-art","tag-new-york","tag-surrealismus"],"yoast_head":"<!-- This site is optimized with the Yoast SEO plugin v27.5 - https:\/\/yoast.com\/product\/yoast-seo-wordpress\/ -->\n<title>Man Ray: Wenn Objekte tr\u00e4umen \u2013 Eine Neuvermessung des Mediums in der Avantgarde - Der Museumsblog<\/title>\n<meta name=\"robots\" content=\"index, follow, max-snippet:-1, max-image-preview:large, max-video-preview:-1\" \/>\n<link rel=\"canonical\" href=\"https:\/\/www.museum.de\/blog\/man-ray-wenn-objekte-traeumen-eine-neuvermessung-des-mediums-in-der-avantgarde\/\" \/>\n<meta property=\"og:locale\" content=\"de_DE\" \/>\n<meta property=\"og:type\" content=\"article\" \/>\n<meta property=\"og:title\" content=\"Man Ray: Wenn Objekte tr\u00e4umen \u2013 Eine Neuvermessung des Mediums in der Avantgarde - Der Museumsblog\" \/>\n<meta property=\"og:description\" content=\"Die Kunst des fr\u00fchen 20. Jahrhunderts war gepr\u00e4gt von einer tiefgreifenden Suche nach neuen Ausdrucksformen, die tradierte Grenzen sprengten. Inmitten dieser revolution\u00e4ren Umw\u00e4lzungen stand Man Ray (1890\u20131976), ein K\u00fcnstler, der durch seine medien\u00fcbergreifenden Experimente und konzeptionellen Ans\u00e4tze die k\u00fcnstlerische Praxis nachhaltig beeinflusste. Mit der Ausstellung Man Ray: When Objects Dream widmet sich das Metropolitan Museum [&hellip;]\" \/>\n<meta property=\"og:url\" content=\"https:\/\/www.museum.de\/blog\/man-ray-wenn-objekte-traeumen-eine-neuvermessung-des-mediums-in-der-avantgarde\/\" \/>\n<meta property=\"og:site_name\" content=\"Der Museumsblog\" \/>\n<meta property=\"article:published_time\" content=\"2025-09-14T15:33:02+00:00\" \/>\n<meta property=\"article:modified_time\" content=\"2025-10-26T05:50:24+00:00\" \/>\n<meta property=\"og:image\" content=\"https:\/\/www.museum.de\/blog\/wp-content\/uploads\/2025\/09\/Man_Ray_1934.jpg\" \/>\n\t<meta property=\"og:image:width\" content=\"1600\" \/>\n\t<meta property=\"og:image:height\" content=\"1012\" \/>\n\t<meta property=\"og:image:type\" content=\"image\/jpeg\" \/>\n<meta name=\"author\" content=\"Redaktion\" \/>\n<meta name=\"twitter:card\" content=\"summary_large_image\" \/>\n<script type=\"application\/ld+json\" class=\"yoast-schema-graph\">{\"@context\":\"https:\\\/\\\/schema.org\",\"@graph\":[{\"@type\":\"Article\",\"@id\":\"https:\\\/\\\/www.museum.de\\\/blog\\\/man-ray-wenn-objekte-traeumen-eine-neuvermessung-des-mediums-in-der-avantgarde\\\/#article\",\"isPartOf\":{\"@id\":\"https:\\\/\\\/www.museum.de\\\/blog\\\/man-ray-wenn-objekte-traeumen-eine-neuvermessung-des-mediums-in-der-avantgarde\\\/\"},\"author\":{\"name\":\"Redaktion\",\"@id\":\"https:\\\/\\\/www.museum.de\\\/blog\\\/#\\\/schema\\\/person\\\/c09a0aea9ac127965257ff6115957332\"},\"headline\":\"Man Ray: Wenn Objekte tr\u00e4umen \u2013 Eine Neuvermessung des Mediums in der Avantgarde\",\"datePublished\":\"2025-09-14T15:33:02+00:00\",\"dateModified\":\"2025-10-26T05:50:24+00:00\",\"mainEntityOfPage\":{\"@id\":\"https:\\\/\\\/www.museum.de\\\/blog\\\/man-ray-wenn-objekte-traeumen-eine-neuvermessung-des-mediums-in-der-avantgarde\\\/\"},\"wordCount\":702,\"publisher\":{\"@id\":\"https:\\\/\\\/www.museum.de\\\/blog\\\/#organization\"},\"image\":{\"@id\":\"https:\\\/\\\/www.museum.de\\\/blog\\\/man-ray-wenn-objekte-traeumen-eine-neuvermessung-des-mediums-in-der-avantgarde\\\/#primaryimage\"},\"thumbnailUrl\":\"https:\\\/\\\/www.museum.de\\\/blog\\\/wp-content\\\/uploads\\\/2025\\\/09\\\/Man_Ray_1934.jpg\",\"keywords\":[\"Man Ray\",\"Metropolitan Museum of Art\",\"New York\",\"Surrealismus\"],\"articleSection\":[\"Ausstellungen\"],\"inLanguage\":\"de\"},{\"@type\":\"WebPage\",\"@id\":\"https:\\\/\\\/www.museum.de\\\/blog\\\/man-ray-wenn-objekte-traeumen-eine-neuvermessung-des-mediums-in-der-avantgarde\\\/\",\"url\":\"https:\\\/\\\/www.museum.de\\\/blog\\\/man-ray-wenn-objekte-traeumen-eine-neuvermessung-des-mediums-in-der-avantgarde\\\/\",\"name\":\"Man Ray: Wenn Objekte tr\u00e4umen \u2013 Eine Neuvermessung des Mediums in der Avantgarde - Der Museumsblog\",\"isPartOf\":{\"@id\":\"https:\\\/\\\/www.museum.de\\\/blog\\\/#website\"},\"primaryImageOfPage\":{\"@id\":\"https:\\\/\\\/www.museum.de\\\/blog\\\/man-ray-wenn-objekte-traeumen-eine-neuvermessung-des-mediums-in-der-avantgarde\\\/#primaryimage\"},\"image\":{\"@id\":\"https:\\\/\\\/www.museum.de\\\/blog\\\/man-ray-wenn-objekte-traeumen-eine-neuvermessung-des-mediums-in-der-avantgarde\\\/#primaryimage\"},\"thumbnailUrl\":\"https:\\\/\\\/www.museum.de\\\/blog\\\/wp-content\\\/uploads\\\/2025\\\/09\\\/Man_Ray_1934.jpg\",\"datePublished\":\"2025-09-14T15:33:02+00:00\",\"dateModified\":\"2025-10-26T05:50:24+00:00\",\"breadcrumb\":{\"@id\":\"https:\\\/\\\/www.museum.de\\\/blog\\\/man-ray-wenn-objekte-traeumen-eine-neuvermessung-des-mediums-in-der-avantgarde\\\/#breadcrumb\"},\"inLanguage\":\"de\",\"potentialAction\":[{\"@type\":\"ReadAction\",\"target\":[\"https:\\\/\\\/www.museum.de\\\/blog\\\/man-ray-wenn-objekte-traeumen-eine-neuvermessung-des-mediums-in-der-avantgarde\\\/\"]}]},{\"@type\":\"ImageObject\",\"inLanguage\":\"de\",\"@id\":\"https:\\\/\\\/www.museum.de\\\/blog\\\/man-ray-wenn-objekte-traeumen-eine-neuvermessung-des-mediums-in-der-avantgarde\\\/#primaryimage\",\"url\":\"https:\\\/\\\/www.museum.de\\\/blog\\\/wp-content\\\/uploads\\\/2025\\\/09\\\/Man_Ray_1934.jpg\",\"contentUrl\":\"https:\\\/\\\/www.museum.de\\\/blog\\\/wp-content\\\/uploads\\\/2025\\\/09\\\/Man_Ray_1934.jpg\",\"width\":1600,\"height\":1012},{\"@type\":\"BreadcrumbList\",\"@id\":\"https:\\\/\\\/www.museum.de\\\/blog\\\/man-ray-wenn-objekte-traeumen-eine-neuvermessung-des-mediums-in-der-avantgarde\\\/#breadcrumb\",\"itemListElement\":[{\"@type\":\"ListItem\",\"position\":1,\"name\":\"Startseite\",\"item\":\"https:\\\/\\\/www.museum.de\\\/blog\\\/\"},{\"@type\":\"ListItem\",\"position\":2,\"name\":\"Man Ray: Wenn Objekte tr\u00e4umen \u2013 Eine Neuvermessung des Mediums in der Avantgarde\"}]},{\"@type\":\"WebSite\",\"@id\":\"https:\\\/\\\/www.museum.de\\\/blog\\\/#website\",\"url\":\"https:\\\/\\\/www.museum.de\\\/blog\\\/\",\"name\":\"Der Museumsblog\",\"description\":\"Der Blog\",\"publisher\":{\"@id\":\"https:\\\/\\\/www.museum.de\\\/blog\\\/#organization\"},\"alternateName\":\"museum.de - Der Museumsblog\",\"potentialAction\":[{\"@type\":\"SearchAction\",\"target\":{\"@type\":\"EntryPoint\",\"urlTemplate\":\"https:\\\/\\\/www.museum.de\\\/blog\\\/?s={search_term_string}\"},\"query-input\":{\"@type\":\"PropertyValueSpecification\",\"valueRequired\":true,\"valueName\":\"search_term_string\"}}],\"inLanguage\":\"de\"},{\"@type\":\"Organization\",\"@id\":\"https:\\\/\\\/www.museum.de\\\/blog\\\/#organization\",\"name\":\"Der Museumsblog\",\"url\":\"https:\\\/\\\/www.museum.de\\\/blog\\\/\",\"logo\":{\"@type\":\"ImageObject\",\"inLanguage\":\"de\",\"@id\":\"https:\\\/\\\/www.museum.de\\\/blog\\\/#\\\/schema\\\/logo\\\/image\\\/\",\"url\":\"https:\\\/\\\/www.museum.de\\\/blog\\\/wp-content\\\/uploads\\\/2019\\\/03\\\/cropped-Audioguide_Titelseite-1.jpg\",\"contentUrl\":\"https:\\\/\\\/www.museum.de\\\/blog\\\/wp-content\\\/uploads\\\/2019\\\/03\\\/cropped-Audioguide_Titelseite-1.jpg\",\"width\":512,\"height\":512,\"caption\":\"Der Museumsblog\"},\"image\":{\"@id\":\"https:\\\/\\\/www.museum.de\\\/blog\\\/#\\\/schema\\\/logo\\\/image\\\/\"}},{\"@type\":\"Person\",\"@id\":\"https:\\\/\\\/www.museum.de\\\/blog\\\/#\\\/schema\\\/person\\\/c09a0aea9ac127965257ff6115957332\",\"name\":\"Redaktion\",\"description\":\"Das Redaktionsteam von museum.de\",\"url\":\"https:\\\/\\\/www.museum.de\\\/blog\\\/author\\\/msupervisor\\\/\"}]}<\/script>\n<!-- \/ Yoast SEO plugin. -->","yoast_head_json":{"title":"Man Ray: Wenn Objekte tr\u00e4umen \u2013 Eine Neuvermessung des Mediums in der Avantgarde - Der Museumsblog","robots":{"index":"index","follow":"follow","max-snippet":"max-snippet:-1","max-image-preview":"max-image-preview:large","max-video-preview":"max-video-preview:-1"},"canonical":"https:\/\/www.museum.de\/blog\/man-ray-wenn-objekte-traeumen-eine-neuvermessung-des-mediums-in-der-avantgarde\/","og_locale":"de_DE","og_type":"article","og_title":"Man Ray: Wenn Objekte tr\u00e4umen \u2013 Eine Neuvermessung des Mediums in der Avantgarde - Der Museumsblog","og_description":"Die Kunst des fr\u00fchen 20. Jahrhunderts war gepr\u00e4gt von einer tiefgreifenden Suche nach neuen Ausdrucksformen, die tradierte Grenzen sprengten. Inmitten dieser revolution\u00e4ren Umw\u00e4lzungen stand Man Ray (1890\u20131976), ein K\u00fcnstler, der durch seine medien\u00fcbergreifenden Experimente und konzeptionellen Ans\u00e4tze die k\u00fcnstlerische Praxis nachhaltig beeinflusste. Mit der Ausstellung Man Ray: When Objects Dream widmet sich das Metropolitan Museum [&hellip;]","og_url":"https:\/\/www.museum.de\/blog\/man-ray-wenn-objekte-traeumen-eine-neuvermessung-des-mediums-in-der-avantgarde\/","og_site_name":"Der Museumsblog","article_published_time":"2025-09-14T15:33:02+00:00","article_modified_time":"2025-10-26T05:50:24+00:00","og_image":[{"width":1600,"height":1012,"url":"https:\/\/www.museum.de\/blog\/wp-content\/uploads\/2025\/09\/Man_Ray_1934.jpg","type":"image\/jpeg"}],"author":"Redaktion","twitter_card":"summary_large_image","schema":{"@context":"https:\/\/schema.org","@graph":[{"@type":"Article","@id":"https:\/\/www.museum.de\/blog\/man-ray-wenn-objekte-traeumen-eine-neuvermessung-des-mediums-in-der-avantgarde\/#article","isPartOf":{"@id":"https:\/\/www.museum.de\/blog\/man-ray-wenn-objekte-traeumen-eine-neuvermessung-des-mediums-in-der-avantgarde\/"},"author":{"name":"Redaktion","@id":"https:\/\/www.museum.de\/blog\/#\/schema\/person\/c09a0aea9ac127965257ff6115957332"},"headline":"Man Ray: Wenn Objekte tr\u00e4umen \u2013 Eine Neuvermessung des Mediums in der Avantgarde","datePublished":"2025-09-14T15:33:02+00:00","dateModified":"2025-10-26T05:50:24+00:00","mainEntityOfPage":{"@id":"https:\/\/www.museum.de\/blog\/man-ray-wenn-objekte-traeumen-eine-neuvermessung-des-mediums-in-der-avantgarde\/"},"wordCount":702,"publisher":{"@id":"https:\/\/www.museum.de\/blog\/#organization"},"image":{"@id":"https:\/\/www.museum.de\/blog\/man-ray-wenn-objekte-traeumen-eine-neuvermessung-des-mediums-in-der-avantgarde\/#primaryimage"},"thumbnailUrl":"https:\/\/www.museum.de\/blog\/wp-content\/uploads\/2025\/09\/Man_Ray_1934.jpg","keywords":["Man Ray","Metropolitan Museum of Art","New York","Surrealismus"],"articleSection":["Ausstellungen"],"inLanguage":"de"},{"@type":"WebPage","@id":"https:\/\/www.museum.de\/blog\/man-ray-wenn-objekte-traeumen-eine-neuvermessung-des-mediums-in-der-avantgarde\/","url":"https:\/\/www.museum.de\/blog\/man-ray-wenn-objekte-traeumen-eine-neuvermessung-des-mediums-in-der-avantgarde\/","name":"Man Ray: Wenn Objekte tr\u00e4umen \u2013 Eine Neuvermessung des Mediums in der Avantgarde - Der Museumsblog","isPartOf":{"@id":"https:\/\/www.museum.de\/blog\/#website"},"primaryImageOfPage":{"@id":"https:\/\/www.museum.de\/blog\/man-ray-wenn-objekte-traeumen-eine-neuvermessung-des-mediums-in-der-avantgarde\/#primaryimage"},"image":{"@id":"https:\/\/www.museum.de\/blog\/man-ray-wenn-objekte-traeumen-eine-neuvermessung-des-mediums-in-der-avantgarde\/#primaryimage"},"thumbnailUrl":"https:\/\/www.museum.de\/blog\/wp-content\/uploads\/2025\/09\/Man_Ray_1934.jpg","datePublished":"2025-09-14T15:33:02+00:00","dateModified":"2025-10-26T05:50:24+00:00","breadcrumb":{"@id":"https:\/\/www.museum.de\/blog\/man-ray-wenn-objekte-traeumen-eine-neuvermessung-des-mediums-in-der-avantgarde\/#breadcrumb"},"inLanguage":"de","potentialAction":[{"@type":"ReadAction","target":["https:\/\/www.museum.de\/blog\/man-ray-wenn-objekte-traeumen-eine-neuvermessung-des-mediums-in-der-avantgarde\/"]}]},{"@type":"ImageObject","inLanguage":"de","@id":"https:\/\/www.museum.de\/blog\/man-ray-wenn-objekte-traeumen-eine-neuvermessung-des-mediums-in-der-avantgarde\/#primaryimage","url":"https:\/\/www.museum.de\/blog\/wp-content\/uploads\/2025\/09\/Man_Ray_1934.jpg","contentUrl":"https:\/\/www.museum.de\/blog\/wp-content\/uploads\/2025\/09\/Man_Ray_1934.jpg","width":1600,"height":1012},{"@type":"BreadcrumbList","@id":"https:\/\/www.museum.de\/blog\/man-ray-wenn-objekte-traeumen-eine-neuvermessung-des-mediums-in-der-avantgarde\/#breadcrumb","itemListElement":[{"@type":"ListItem","position":1,"name":"Startseite","item":"https:\/\/www.museum.de\/blog\/"},{"@type":"ListItem","position":2,"name":"Man Ray: Wenn Objekte tr\u00e4umen \u2013 Eine Neuvermessung des Mediums in der Avantgarde"}]},{"@type":"WebSite","@id":"https:\/\/www.museum.de\/blog\/#website","url":"https:\/\/www.museum.de\/blog\/","name":"Der Museumsblog","description":"Der Blog","publisher":{"@id":"https:\/\/www.museum.de\/blog\/#organization"},"alternateName":"museum.de - Der Museumsblog","potentialAction":[{"@type":"SearchAction","target":{"@type":"EntryPoint","urlTemplate":"https:\/\/www.museum.de\/blog\/?s={search_term_string}"},"query-input":{"@type":"PropertyValueSpecification","valueRequired":true,"valueName":"search_term_string"}}],"inLanguage":"de"},{"@type":"Organization","@id":"https:\/\/www.museum.de\/blog\/#organization","name":"Der Museumsblog","url":"https:\/\/www.museum.de\/blog\/","logo":{"@type":"ImageObject","inLanguage":"de","@id":"https:\/\/www.museum.de\/blog\/#\/schema\/logo\/image\/","url":"https:\/\/www.museum.de\/blog\/wp-content\/uploads\/2019\/03\/cropped-Audioguide_Titelseite-1.jpg","contentUrl":"https:\/\/www.museum.de\/blog\/wp-content\/uploads\/2019\/03\/cropped-Audioguide_Titelseite-1.jpg","width":512,"height":512,"caption":"Der Museumsblog"},"image":{"@id":"https:\/\/www.museum.de\/blog\/#\/schema\/logo\/image\/"}},{"@type":"Person","@id":"https:\/\/www.museum.de\/blog\/#\/schema\/person\/c09a0aea9ac127965257ff6115957332","name":"Redaktion","description":"Das Redaktionsteam von museum.de","url":"https:\/\/www.museum.de\/blog\/author\/msupervisor\/"}]}},"_links":{"self":[{"href":"https:\/\/www.museum.de\/blog\/wp-json\/wp\/v2\/posts\/3898","targetHints":{"allow":["GET"]}}],"collection":[{"href":"https:\/\/www.museum.de\/blog\/wp-json\/wp\/v2\/posts"}],"about":[{"href":"https:\/\/www.museum.de\/blog\/wp-json\/wp\/v2\/types\/post"}],"author":[{"embeddable":true,"href":"https:\/\/www.museum.de\/blog\/wp-json\/wp\/v2\/users\/1"}],"replies":[{"embeddable":true,"href":"https:\/\/www.museum.de\/blog\/wp-json\/wp\/v2\/comments?post=3898"}],"version-history":[{"count":2,"href":"https:\/\/www.museum.de\/blog\/wp-json\/wp\/v2\/posts\/3898\/revisions"}],"predecessor-version":[{"id":3946,"href":"https:\/\/www.museum.de\/blog\/wp-json\/wp\/v2\/posts\/3898\/revisions\/3946"}],"wp:featuredmedia":[{"embeddable":true,"href":"https:\/\/www.museum.de\/blog\/wp-json\/wp\/v2\/media\/3899"}],"wp:attachment":[{"href":"https:\/\/www.museum.de\/blog\/wp-json\/wp\/v2\/media?parent=3898"}],"wp:term":[{"taxonomy":"category","embeddable":true,"href":"https:\/\/www.museum.de\/blog\/wp-json\/wp\/v2\/categories?post=3898"},{"taxonomy":"post_tag","embeddable":true,"href":"https:\/\/www.museum.de\/blog\/wp-json\/wp\/v2\/tags?post=3898"}],"curies":[{"name":"wp","href":"https:\/\/api.w.org\/{rel}","templated":true}]}}