{"id":4011,"date":"2025-11-29T06:51:39","date_gmt":"2025-11-29T06:51:39","guid":{"rendered":"https:\/\/www.museum.de\/blog\/?p=4011"},"modified":"2025-11-29T06:54:48","modified_gmt":"2025-11-29T06:54:48","slug":"europaeische-kulturhauptstadt-2026-eine-reise-zwischen-nord-und-mitteleuropa","status":"publish","type":"post","link":"https:\/\/www.museum.de\/blog\/europaeische-kulturhauptstadt-2026-eine-reise-zwischen-nord-und-mitteleuropa\/","title":{"rendered":"Europ\u00e4ische Kulturhauptstadt 2026: Eine Reise zwischen Nord und Mitteleuropa"},"content":{"rendered":"\n<div class=\"wp-block-cover\" style=\"margin-top:2rem;margin-bottom:2rem\"><span aria-hidden=\"true\" class=\"wp-block-cover__background has-ast-global-color-3-background-color has-background-dim\"><\/span><img decoding=\"async\" loading=\"lazy\" width=\"1600\" height=\"1066\" src=\"https:\/\/www.museum.de\/blog\/wp-content\/uploads\/2025\/11\/EcoC-Family-meeting-2025-Photo_-Linnea-Laatikainen-29.jpg\" class=\"wp-block-cover__image-background wp-post-image\" alt=\"\" data-object-fit=\"cover\" srcset=\"https:\/\/www.museum.de\/blog\/wp-content\/uploads\/2025\/11\/EcoC-Family-meeting-2025-Photo_-Linnea-Laatikainen-29.jpg 1600w, https:\/\/www.museum.de\/blog\/wp-content\/uploads\/2025\/11\/EcoC-Family-meeting-2025-Photo_-Linnea-Laatikainen-29-300x200.jpg 300w, https:\/\/www.museum.de\/blog\/wp-content\/uploads\/2025\/11\/EcoC-Family-meeting-2025-Photo_-Linnea-Laatikainen-29-1248x832.jpg 1248w, https:\/\/www.museum.de\/blog\/wp-content\/uploads\/2025\/11\/EcoC-Family-meeting-2025-Photo_-Linnea-Laatikainen-29-768x512.jpg 768w, https:\/\/www.museum.de\/blog\/wp-content\/uploads\/2025\/11\/EcoC-Family-meeting-2025-Photo_-Linnea-Laatikainen-29-1536x1024.jpg 1536w\" sizes=\"auto, (max-width: 1600px) 100vw, 1600px\" \/><div class=\"wp-block-cover__inner-container is-layout-constrained wp-block-cover-is-layout-constrained\">\n<h1 class=\"wp-block-heading has-text-align-center has-ast-global-color-5-color has-text-color has-link-color has-large-font-size wp-elements-aaca6394f5ee890a9ad916040a9c6c10\">Europ\u00e4ische Kulturhauptstadt 2026: Eine Reise zwischen Nord und Mitteleuropa<\/h1>\n<\/div><\/div>\n\n\n\n<p>Die Initiative der Europ\u00e4ischen Kulturhauptstadt, eine der bedeutendsten kulturellen Auszeichnungen Europas, l\u00e4dt 2026 gleich zwei St\u00e4dte ein, ihre kulturelle Vielfalt und Kreativit\u00e4t auf der internationalen B\u00fchne zu pr\u00e4sentieren. Oulu in Finnland und Tren\u010d\u00edn in der Slowakei bilden ein spannendes Duo, das nicht nur geografisch, sondern auch kulturell kontrastierende Perspektiven vereint. W\u00e4hrend Oulu mit seiner Lage im hohen Norden eine Symbiose aus Technologie, Natur und Kunst bietet, fokussiert sich Tren\u010d\u00edn auf die Verbindung von Geschichte, Gemeinschaft und Innovation. Beide St\u00e4dte eint jedoch das Ziel, durch Kultur nachhaltige Ver\u00e4nderungen zu schaffen.<\/p>\n\n\n\n<hr class=\"wp-block-separator has-alpha-channel-opacity\"\/>\n\n\n\n<h3 class=\"wp-block-heading\"><strong>Oulu: Kultur als Klimawandel<\/strong><\/h3>\n\n\n\n<figure class=\"wp-block-image aligncenter size-large\"><img decoding=\"async\" width=\"1248\" height=\"832\" loading=\"lazy\" src=\"https:\/\/www.museum.de\/blog\/wp-content\/uploads\/2025\/11\/EcoC-Family-meeting-2025-Photo_-Linnea-Laatikainen-29-1248x832.jpg\" alt=\"\" class=\"wp-image-4012\" srcset=\"https:\/\/www.museum.de\/blog\/wp-content\/uploads\/2025\/11\/EcoC-Family-meeting-2025-Photo_-Linnea-Laatikainen-29-1248x832.jpg 1248w, https:\/\/www.museum.de\/blog\/wp-content\/uploads\/2025\/11\/EcoC-Family-meeting-2025-Photo_-Linnea-Laatikainen-29-300x200.jpg 300w, https:\/\/www.museum.de\/blog\/wp-content\/uploads\/2025\/11\/EcoC-Family-meeting-2025-Photo_-Linnea-Laatikainen-29-768x512.jpg 768w, https:\/\/www.museum.de\/blog\/wp-content\/uploads\/2025\/11\/EcoC-Family-meeting-2025-Photo_-Linnea-Laatikainen-29-1536x1024.jpg 1536w, https:\/\/www.museum.de\/blog\/wp-content\/uploads\/2025\/11\/EcoC-Family-meeting-2025-Photo_-Linnea-Laatikainen-29.jpg 1600w\" sizes=\"auto, (max-width: 1248px) 100vw, 1248px\" \/><\/figure>\n\n\n\n<p>Oulu, die gr\u00f6\u00dfte Stadt Nordfinnlands, pr\u00e4sentiert sich 2026 als Ort des \u201eCultural Climate Change\u201c. Diese Leitidee verbindet die Herausforderungen des Klimawandels mit der Kraft kultureller Transformation. Die Region, die als \u201eFinnland im Miniaturformat\u201c beschrieben wird, bringt 39 Kommunen zusammen, um ein vielf\u00e4ltiges Programm in der einzigartigen Kulisse der nordischen Natur zu gestalten.<\/p>\n\n\n\n<p>Besonders hervorzuheben ist das \u201eOulu2026 Opening Festival\u201c im Januar, das mit \u00fcber 200 Veranstaltungen den Auftakt f\u00fcr das Kulturjahr bildet. Hier treffen internationale K\u00fcnstler auf lokale Talente, und moderne Technologien verschmelzen mit traditionellen Ausdrucksformen. Die Kunstinstallation \u201eLayers in the Peace Machine\u201c, die im Oulu City Hall er\u00f6ffnet wird, l\u00e4dt dazu ein, physisch und virtuell teilzunehmen \u2013 ein Beispiel f\u00fcr die innovative Nutzung digitaler R\u00e4ume. Auch der \u201eClimate Clock Art Trail\u201c, der im Sommer 2026 startet, verbindet Kunstwerke entlang eines Weges und thematisiert die Dringlichkeit des Klimaschutzes.<\/p>\n\n\n\n<p>Das kuratorische Konzept Oulus legt gro\u00dfen Wert auf Interdisziplinarit\u00e4t. Besonders spannend ist die Verbindung von Technologie und Kunst, wie sie etwa beim \u201eNokia Lumo Art &amp; Tech Festival\u201c thematisiert wird. Hier zeigt sich, wie Technologie nicht nur als Werkzeug, sondern auch als k\u00fcnstlerisches Medium genutzt werden kann, um neue Perspektiven zu er\u00f6ffnen.<\/p>\n\n\n\n<hr class=\"wp-block-separator has-alpha-channel-opacity\"\/>\n\n\n\n<h3 class=\"wp-block-heading\"><strong>Tren\u010d\u00edn: Geschichte und Gemeinschaft im Fokus<\/strong><\/h3>\n\n\n\n<figure class=\"wp-block-image size-large\"><img decoding=\"async\" width=\"1248\" height=\"832\" loading=\"lazy\" src=\"https:\/\/www.museum.de\/blog\/wp-content\/uploads\/2025\/11\/INSCRIPTION-TRENCIN-2026-UNDER-THE-CASTLE_NAPIS-TRENCIN-2026-POD-HRADOM_01-2048x1366-1-1248x832.jpg\" alt=\"\" class=\"wp-image-4013\" srcset=\"https:\/\/www.museum.de\/blog\/wp-content\/uploads\/2025\/11\/INSCRIPTION-TRENCIN-2026-UNDER-THE-CASTLE_NAPIS-TRENCIN-2026-POD-HRADOM_01-2048x1366-1-1248x832.jpg 1248w, https:\/\/www.museum.de\/blog\/wp-content\/uploads\/2025\/11\/INSCRIPTION-TRENCIN-2026-UNDER-THE-CASTLE_NAPIS-TRENCIN-2026-POD-HRADOM_01-2048x1366-1-300x200.jpg 300w, https:\/\/www.museum.de\/blog\/wp-content\/uploads\/2025\/11\/INSCRIPTION-TRENCIN-2026-UNDER-THE-CASTLE_NAPIS-TRENCIN-2026-POD-HRADOM_01-2048x1366-1-768x512.jpg 768w, https:\/\/www.museum.de\/blog\/wp-content\/uploads\/2025\/11\/INSCRIPTION-TRENCIN-2026-UNDER-THE-CASTLE_NAPIS-TRENCIN-2026-POD-HRADOM_01-2048x1366-1-1536x1025.jpg 1536w, https:\/\/www.museum.de\/blog\/wp-content\/uploads\/2025\/11\/INSCRIPTION-TRENCIN-2026-UNDER-THE-CASTLE_NAPIS-TRENCIN-2026-POD-HRADOM_01-2048x1366-1.jpg 1600w\" sizes=\"auto, (max-width: 1248px) 100vw, 1248px\" \/><\/figure>\n\n\n\n<p>W\u00e4hrend Oulu futuristisch anmutet, schl\u00e4gt Tren\u010d\u00edn eine Br\u00fccke in die Vergangenheit, ohne die Zukunft aus den Augen zu verlieren. Die slowakische Stadt, in der sich die Spuren des r\u00f6mischen Imperiums mit mittelalterlicher Pracht vereinen, nutzt ihr reiches historisches Erbe, um aktuelle und zuk\u00fcnftige gesellschaftliche Fragen zu beleuchten. Das Motto \u201eZvedavos\u0165\u201c (Neugier) beschreibt treffend die Haltung, mit der Tren\u010d\u00edn und die umliegende Region das Kulturhauptstadtjahr gestalten.<\/p>\n\n\n\n<p>Tren\u010d\u00edn nutzt dieses Jahr, um brachliegende R\u00e4ume zu aktivieren, Gemeinschaften zu st\u00e4rken und eine Plattform f\u00fcr k\u00fcnstlerische Innovation zu schaffen. Besonders bemerkenswert ist die Ausstellung \u201eThe Trace &amp; Trash of Fashion\u201c, die von Oktober bis Dezember 2025 l\u00e4uft. Sie untersucht die \u00f6kologischen und kulturellen Auswirkungen der Modeindustrie \u2013 ein Thema, das globale Relevanz besitzt. Ebenso beeindruckend ist die Schau \u201eUHER: STOPY\/TRACES\u201c, die das Werk eines der bedeutendsten slowakischen K\u00fcnstler des 20. Jahrhunderts in den Kontext aktueller Fragestellungen stellt.<\/p>\n\n\n\n<p>Die kulturelle Erz\u00e4hlung Tren\u010d\u00edns ist dabei stark von der F\u00f6rderung lokaler Gemeinschaften gepr\u00e4gt. Initiativen wie \u201eKomunitn\u00ed l\u00eddri\u201c zielen darauf ab, Menschen zu vernetzen und Teilhabe zu st\u00e4rken \u2013 eine Botschaft, die weit \u00fcber die Region hinausstrahlt.<\/p>\n\n\n\n<hr class=\"wp-block-separator has-alpha-channel-opacity\"\/>\n\n\n\n<h3 class=\"wp-block-heading\"><strong>Zwei St\u00e4dte, ein Ziel: Transformation durch Kultur<\/strong><\/h3>\n\n\n\n<p>Oulu und Tren\u010d\u00edn stehen exemplarisch f\u00fcr die Vielfalt Europas und die transformative Kraft der Kultur. W\u00e4hrend Oulu den Fokus auf den Klimawandel und technologische Innovationen legt, zeigt Tren\u010d\u00edn, wie Geschichte und Gemeinschaft als Motoren f\u00fcr positive Ver\u00e4nderungen dienen k\u00f6nnen. Gemeinsam verdeutlichen sie, dass die europ\u00e4ische Idee in der kulturellen Zusammenarbeit ihren st\u00e4rksten Ausdruck findet.<\/p>\n\n\n\n<p>Die Europ\u00e4ische Kulturhauptstadt 2026 ist mehr als ein kulturelles Prestigeprojekt. Sie bietet beiden St\u00e4dten die M\u00f6glichkeit, nicht nur auf ihre eigene Identit\u00e4t zu blicken, sondern auch einen Dialog mit Europa und der Welt zu f\u00fchren. Dabei stehen Themen wie Nachhaltigkeit, Gemeinschaft und Innovation im Mittelpunkt \u2013 Werte, die Europa in seiner Diversit\u00e4t vereinen.<\/p>\n\n\n\n<hr class=\"wp-block-separator has-alpha-channel-opacity\"\/>\n\n\n\n<div class=\"wp-block-group has-background is-layout-constrained wp-block-group-is-layout-constrained\" style=\"background-color:#cce9fa\">\n<h4 class=\"wp-block-heading\">Praktische Informationen f\u00fcr den Besuch<\/h4>\n\n\n\n<ul class=\"wp-block-list\">\n<li><strong>Oulu 2026<\/strong>: Er\u00f6ffnung vom 16. bis 18. Januar 2026. Weitere Informationen finden sich auf der offiziellen Website (<a href=\"https:\/\/oulu2026.eu\/en\/\" target=\"_blank\" rel=\"noreferrer noopener\">oulu2026.eu<\/a>).<\/li>\n\n\n\n<li><strong>Tren\u010d\u00edn 2026<\/strong>: Das Programm startet ebenfalls Anfang 2026. Details sind auf der Homepage (<a href=\"https:\/\/www.trencin2026.eu\/\" target=\"_blank\" rel=\"noreferrer noopener\">trencin2026.eu<\/a>) verf\u00fcgbar.<\/li>\n\n\n\n<li>Anreise: Beide St\u00e4dte sind gut erreichbar. Oulu liegt in der N\u00e4he des Polarkreises und ist per Flugzeug und Bahn an Helsinki angebunden. Tren\u010d\u00edn befindet sich in der Westslowakei und ist \u00fcber Bratislava oder Wien leicht zu erreichen.<\/li>\n<\/ul>\n<\/div>\n\n\n\n<hr class=\"wp-block-separator has-alpha-channel-opacity\"\/>\n\n\n\n<h3 class=\"wp-block-heading\"><strong>Fazit<\/strong><\/h3>\n\n\n\n<p>Die Kulturhauptstadt-Initiative beweist erneut ihre F\u00e4higkeit, St\u00e4dte und Regionen zu transformieren und kulturelle Br\u00fccken zu schlagen. Oulu und Tren\u010d\u00edn laden dazu ein, nicht nur ihre einzigartigen Programme zu erleben, sondern auch \u00fcber die Rolle von Kultur in einer sich wandelnden Welt nachzudenken. Die Reise zu den Kulturhauptst\u00e4dten 2026 verspricht eine inspirierende Begegnung mit der Vielfalt Europas \u2013 und eine Erinnerung daran, wie Kunst, Geschichte und Innovation unser Leben bereichern k\u00f6nnen.<\/p>\n","protected":false},"excerpt":{"rendered":"<p>Die Initiative der Europ\u00e4ischen Kulturhauptstadt, eine der bedeutendsten kulturellen Auszeichnungen Europas, l\u00e4dt 2026 gleich zwei St\u00e4dte ein, ihre kulturelle Vielfalt und Kreativit\u00e4t auf der internationalen B\u00fchne zu pr\u00e4sentieren. Oulu in Finnland und Tren\u010d\u00edn in der Slowakei bilden ein spannendes Duo, das nicht nur geografisch, sondern auch kulturell kontrastierende Perspektiven vereint. W\u00e4hrend Oulu mit seiner Lage [&hellip;]<\/p>\n","protected":false},"author":1,"featured_media":4012,"comment_status":"closed","ping_status":"closed","sticky":false,"template":"","format":"standard","meta":{"site-sidebar-layout":"default","site-content-layout":"","ast-site-content-layout":"default","site-content-style":"default","site-sidebar-style":"default","ast-global-header-display":"","ast-banner-title-visibility":"","ast-main-header-display":"","ast-hfb-above-header-display":"","ast-hfb-below-header-display":"","ast-hfb-mobile-header-display":"","site-post-title":"","ast-breadcrumbs-content":"","ast-featured-img":"","footer-sml-layout":"","ast-disable-related-posts":"","theme-transparent-header-meta":"","adv-header-id-meta":"","stick-header-meta":"","header-above-stick-meta":"","header-main-stick-meta":"","header-below-stick-meta":"","astra-migrate-meta-layouts":"set","ast-page-background-enabled":"default","ast-page-background-meta":{"desktop":{"background-color":"var(--ast-global-color-4)","background-image":"","background-repeat":"repeat","background-position":"center center","background-size":"auto","background-attachment":"scroll","background-type":"","background-media":"","overlay-type":"","overlay-color":"","overlay-opacity":"","overlay-gradient":""},"tablet":{"background-color":"","background-image":"","background-repeat":"repeat","background-position":"center center","background-size":"auto","background-attachment":"scroll","background-type":"","background-media":"","overlay-type":"","overlay-color":"","overlay-opacity":"","overlay-gradient":""},"mobile":{"background-color":"","background-image":"","background-repeat":"repeat","background-position":"center center","background-size":"auto","background-attachment":"scroll","background-type":"","background-media":"","overlay-type":"","overlay-color":"","overlay-opacity":"","overlay-gradient":""}},"ast-content-background-meta":{"desktop":{"background-color":"var(--ast-global-color-5)","background-image":"","background-repeat":"repeat","background-position":"center center","background-size":"auto","background-attachment":"scroll","background-type":"","background-media":"","overlay-type":"","overlay-color":"","overlay-opacity":"","overlay-gradient":""},"tablet":{"background-color":"var(--ast-global-color-5)","background-image":"","background-repeat":"repeat","background-position":"center center","background-size":"auto","background-attachment":"scroll","background-type":"","background-media":"","overlay-type":"","overlay-color":"","overlay-opacity":"","overlay-gradient":""},"mobile":{"background-color":"var(--ast-global-color-5)","background-image":"","background-repeat":"repeat","background-position":"center center","background-size":"auto","background-attachment":"scroll","background-type":"","background-media":"","overlay-type":"","overlay-color":"","overlay-opacity":"","overlay-gradient":""}},"episode_type":"","audio_file":"","podmotor_file_id":"","podmotor_episode_id":"","cover_image":"","cover_image_id":"","duration":"","filesize":"","filesize_raw":"","date_recorded":"","explicit":"","block":"","itunes_episode_number":"","itunes_title":"","itunes_season_number":"","itunes_episode_type":"","footnotes":""},"categories":[317],"tags":[319,438,439],"class_list":["post-4011","post","type-post","status-publish","format-standard","has-post-thumbnail","hentry","category-kulturhauptstadt","tag-kulturhauptstadt","tag-oulu","tag-trencin"],"yoast_head":"<!-- This site is optimized with the Yoast SEO plugin v27.4 - https:\/\/yoast.com\/product\/yoast-seo-wordpress\/ -->\n<title>Europ\u00e4ische Kulturhauptstadt 2026: Eine Reise zwischen Nord und Mitteleuropa - Der Museumsblog<\/title>\n<meta name=\"robots\" content=\"index, follow, max-snippet:-1, max-image-preview:large, max-video-preview:-1\" \/>\n<link rel=\"canonical\" href=\"https:\/\/www.museum.de\/blog\/europaeische-kulturhauptstadt-2026-eine-reise-zwischen-nord-und-mitteleuropa\/\" \/>\n<meta property=\"og:locale\" content=\"de_DE\" \/>\n<meta property=\"og:type\" content=\"article\" \/>\n<meta property=\"og:title\" content=\"Europ\u00e4ische Kulturhauptstadt 2026: Eine Reise zwischen Nord und Mitteleuropa - Der Museumsblog\" \/>\n<meta property=\"og:description\" content=\"Die Initiative der Europ\u00e4ischen Kulturhauptstadt, eine der bedeutendsten kulturellen Auszeichnungen Europas, l\u00e4dt 2026 gleich zwei St\u00e4dte ein, ihre kulturelle Vielfalt und Kreativit\u00e4t auf der internationalen B\u00fchne zu pr\u00e4sentieren. Oulu in Finnland und Tren\u010d\u00edn in der Slowakei bilden ein spannendes Duo, das nicht nur geografisch, sondern auch kulturell kontrastierende Perspektiven vereint. W\u00e4hrend Oulu mit seiner Lage [&hellip;]\" \/>\n<meta property=\"og:url\" content=\"https:\/\/www.museum.de\/blog\/europaeische-kulturhauptstadt-2026-eine-reise-zwischen-nord-und-mitteleuropa\/\" \/>\n<meta property=\"og:site_name\" content=\"Der Museumsblog\" \/>\n<meta property=\"article:published_time\" content=\"2025-11-29T06:51:39+00:00\" \/>\n<meta property=\"article:modified_time\" content=\"2025-11-29T06:54:48+00:00\" \/>\n<meta property=\"og:image\" content=\"https:\/\/www.museum.de\/blog\/wp-content\/uploads\/2025\/11\/EcoC-Family-meeting-2025-Photo_-Linnea-Laatikainen-29.jpg\" \/>\n\t<meta property=\"og:image:width\" content=\"2048\" \/>\n\t<meta property=\"og:image:height\" content=\"1365\" \/>\n\t<meta property=\"og:image:type\" content=\"image\/jpeg\" \/>\n<meta name=\"author\" content=\"Redaktion\" \/>\n<meta name=\"twitter:card\" content=\"summary_large_image\" \/>\n<script type=\"application\/ld+json\" class=\"yoast-schema-graph\">{\"@context\":\"https:\\\/\\\/schema.org\",\"@graph\":[{\"@type\":\"Article\",\"@id\":\"https:\\\/\\\/www.museum.de\\\/blog\\\/europaeische-kulturhauptstadt-2026-eine-reise-zwischen-nord-und-mitteleuropa\\\/#article\",\"isPartOf\":{\"@id\":\"https:\\\/\\\/www.museum.de\\\/blog\\\/europaeische-kulturhauptstadt-2026-eine-reise-zwischen-nord-und-mitteleuropa\\\/\"},\"author\":{\"name\":\"Redaktion\",\"@id\":\"https:\\\/\\\/www.museum.de\\\/blog\\\/#\\\/schema\\\/person\\\/c09a0aea9ac127965257ff6115957332\"},\"headline\":\"Europ\u00e4ische Kulturhauptstadt 2026: Eine Reise zwischen Nord und Mitteleuropa\",\"datePublished\":\"2025-11-29T06:51:39+00:00\",\"dateModified\":\"2025-11-29T06:54:48+00:00\",\"mainEntityOfPage\":{\"@id\":\"https:\\\/\\\/www.museum.de\\\/blog\\\/europaeische-kulturhauptstadt-2026-eine-reise-zwischen-nord-und-mitteleuropa\\\/\"},\"wordCount\":803,\"publisher\":{\"@id\":\"https:\\\/\\\/www.museum.de\\\/blog\\\/#organization\"},\"image\":{\"@id\":\"https:\\\/\\\/www.museum.de\\\/blog\\\/europaeische-kulturhauptstadt-2026-eine-reise-zwischen-nord-und-mitteleuropa\\\/#primaryimage\"},\"thumbnailUrl\":\"https:\\\/\\\/www.museum.de\\\/blog\\\/wp-content\\\/uploads\\\/2025\\\/11\\\/EcoC-Family-meeting-2025-Photo_-Linnea-Laatikainen-29.jpg\",\"keywords\":[\"Kulturhauptstadt\",\"Oulu\",\"Tren\u010d\u00edn\"],\"articleSection\":[\"Kulturhauptstadt\"],\"inLanguage\":\"de\"},{\"@type\":\"WebPage\",\"@id\":\"https:\\\/\\\/www.museum.de\\\/blog\\\/europaeische-kulturhauptstadt-2026-eine-reise-zwischen-nord-und-mitteleuropa\\\/\",\"url\":\"https:\\\/\\\/www.museum.de\\\/blog\\\/europaeische-kulturhauptstadt-2026-eine-reise-zwischen-nord-und-mitteleuropa\\\/\",\"name\":\"Europ\u00e4ische Kulturhauptstadt 2026: Eine Reise zwischen Nord und Mitteleuropa - Der Museumsblog\",\"isPartOf\":{\"@id\":\"https:\\\/\\\/www.museum.de\\\/blog\\\/#website\"},\"primaryImageOfPage\":{\"@id\":\"https:\\\/\\\/www.museum.de\\\/blog\\\/europaeische-kulturhauptstadt-2026-eine-reise-zwischen-nord-und-mitteleuropa\\\/#primaryimage\"},\"image\":{\"@id\":\"https:\\\/\\\/www.museum.de\\\/blog\\\/europaeische-kulturhauptstadt-2026-eine-reise-zwischen-nord-und-mitteleuropa\\\/#primaryimage\"},\"thumbnailUrl\":\"https:\\\/\\\/www.museum.de\\\/blog\\\/wp-content\\\/uploads\\\/2025\\\/11\\\/EcoC-Family-meeting-2025-Photo_-Linnea-Laatikainen-29.jpg\",\"datePublished\":\"2025-11-29T06:51:39+00:00\",\"dateModified\":\"2025-11-29T06:54:48+00:00\",\"breadcrumb\":{\"@id\":\"https:\\\/\\\/www.museum.de\\\/blog\\\/europaeische-kulturhauptstadt-2026-eine-reise-zwischen-nord-und-mitteleuropa\\\/#breadcrumb\"},\"inLanguage\":\"de\",\"potentialAction\":[{\"@type\":\"ReadAction\",\"target\":[\"https:\\\/\\\/www.museum.de\\\/blog\\\/europaeische-kulturhauptstadt-2026-eine-reise-zwischen-nord-und-mitteleuropa\\\/\"]}]},{\"@type\":\"ImageObject\",\"inLanguage\":\"de\",\"@id\":\"https:\\\/\\\/www.museum.de\\\/blog\\\/europaeische-kulturhauptstadt-2026-eine-reise-zwischen-nord-und-mitteleuropa\\\/#primaryimage\",\"url\":\"https:\\\/\\\/www.museum.de\\\/blog\\\/wp-content\\\/uploads\\\/2025\\\/11\\\/EcoC-Family-meeting-2025-Photo_-Linnea-Laatikainen-29.jpg\",\"contentUrl\":\"https:\\\/\\\/www.museum.de\\\/blog\\\/wp-content\\\/uploads\\\/2025\\\/11\\\/EcoC-Family-meeting-2025-Photo_-Linnea-Laatikainen-29.jpg\",\"width\":1600,\"height\":1066},{\"@type\":\"BreadcrumbList\",\"@id\":\"https:\\\/\\\/www.museum.de\\\/blog\\\/europaeische-kulturhauptstadt-2026-eine-reise-zwischen-nord-und-mitteleuropa\\\/#breadcrumb\",\"itemListElement\":[{\"@type\":\"ListItem\",\"position\":1,\"name\":\"Startseite\",\"item\":\"https:\\\/\\\/www.museum.de\\\/blog\\\/\"},{\"@type\":\"ListItem\",\"position\":2,\"name\":\"Europ\u00e4ische Kulturhauptstadt 2026: Eine Reise zwischen Nord und Mitteleuropa\"}]},{\"@type\":\"WebSite\",\"@id\":\"https:\\\/\\\/www.museum.de\\\/blog\\\/#website\",\"url\":\"https:\\\/\\\/www.museum.de\\\/blog\\\/\",\"name\":\"Der Museumsblog\",\"description\":\"Der Blog\",\"publisher\":{\"@id\":\"https:\\\/\\\/www.museum.de\\\/blog\\\/#organization\"},\"alternateName\":\"museum.de - Der Museumsblog\",\"potentialAction\":[{\"@type\":\"SearchAction\",\"target\":{\"@type\":\"EntryPoint\",\"urlTemplate\":\"https:\\\/\\\/www.museum.de\\\/blog\\\/?s={search_term_string}\"},\"query-input\":{\"@type\":\"PropertyValueSpecification\",\"valueRequired\":true,\"valueName\":\"search_term_string\"}}],\"inLanguage\":\"de\"},{\"@type\":\"Organization\",\"@id\":\"https:\\\/\\\/www.museum.de\\\/blog\\\/#organization\",\"name\":\"Der Museumsblog\",\"url\":\"https:\\\/\\\/www.museum.de\\\/blog\\\/\",\"logo\":{\"@type\":\"ImageObject\",\"inLanguage\":\"de\",\"@id\":\"https:\\\/\\\/www.museum.de\\\/blog\\\/#\\\/schema\\\/logo\\\/image\\\/\",\"url\":\"https:\\\/\\\/www.museum.de\\\/blog\\\/wp-content\\\/uploads\\\/2019\\\/03\\\/cropped-Audioguide_Titelseite-1.jpg\",\"contentUrl\":\"https:\\\/\\\/www.museum.de\\\/blog\\\/wp-content\\\/uploads\\\/2019\\\/03\\\/cropped-Audioguide_Titelseite-1.jpg\",\"width\":512,\"height\":512,\"caption\":\"Der Museumsblog\"},\"image\":{\"@id\":\"https:\\\/\\\/www.museum.de\\\/blog\\\/#\\\/schema\\\/logo\\\/image\\\/\"}},{\"@type\":\"Person\",\"@id\":\"https:\\\/\\\/www.museum.de\\\/blog\\\/#\\\/schema\\\/person\\\/c09a0aea9ac127965257ff6115957332\",\"name\":\"Redaktion\",\"description\":\"Das Redaktionsteam von museum.de\",\"url\":\"https:\\\/\\\/www.museum.de\\\/blog\\\/author\\\/msupervisor\\\/\"}]}<\/script>\n<!-- \/ Yoast SEO plugin. -->","yoast_head_json":{"title":"Europ\u00e4ische Kulturhauptstadt 2026: Eine Reise zwischen Nord und Mitteleuropa - Der Museumsblog","robots":{"index":"index","follow":"follow","max-snippet":"max-snippet:-1","max-image-preview":"max-image-preview:large","max-video-preview":"max-video-preview:-1"},"canonical":"https:\/\/www.museum.de\/blog\/europaeische-kulturhauptstadt-2026-eine-reise-zwischen-nord-und-mitteleuropa\/","og_locale":"de_DE","og_type":"article","og_title":"Europ\u00e4ische Kulturhauptstadt 2026: Eine Reise zwischen Nord und Mitteleuropa - Der Museumsblog","og_description":"Die Initiative der Europ\u00e4ischen Kulturhauptstadt, eine der bedeutendsten kulturellen Auszeichnungen Europas, l\u00e4dt 2026 gleich zwei St\u00e4dte ein, ihre kulturelle Vielfalt und Kreativit\u00e4t auf der internationalen B\u00fchne zu pr\u00e4sentieren. Oulu in Finnland und Tren\u010d\u00edn in der Slowakei bilden ein spannendes Duo, das nicht nur geografisch, sondern auch kulturell kontrastierende Perspektiven vereint. W\u00e4hrend Oulu mit seiner Lage [&hellip;]","og_url":"https:\/\/www.museum.de\/blog\/europaeische-kulturhauptstadt-2026-eine-reise-zwischen-nord-und-mitteleuropa\/","og_site_name":"Der Museumsblog","article_published_time":"2025-11-29T06:51:39+00:00","article_modified_time":"2025-11-29T06:54:48+00:00","og_image":[{"width":2048,"height":1365,"url":"https:\/\/www.museum.de\/blog\/wp-content\/uploads\/2025\/11\/EcoC-Family-meeting-2025-Photo_-Linnea-Laatikainen-29.jpg","type":"image\/jpeg"}],"author":"Redaktion","twitter_card":"summary_large_image","schema":{"@context":"https:\/\/schema.org","@graph":[{"@type":"Article","@id":"https:\/\/www.museum.de\/blog\/europaeische-kulturhauptstadt-2026-eine-reise-zwischen-nord-und-mitteleuropa\/#article","isPartOf":{"@id":"https:\/\/www.museum.de\/blog\/europaeische-kulturhauptstadt-2026-eine-reise-zwischen-nord-und-mitteleuropa\/"},"author":{"name":"Redaktion","@id":"https:\/\/www.museum.de\/blog\/#\/schema\/person\/c09a0aea9ac127965257ff6115957332"},"headline":"Europ\u00e4ische Kulturhauptstadt 2026: Eine Reise zwischen Nord und Mitteleuropa","datePublished":"2025-11-29T06:51:39+00:00","dateModified":"2025-11-29T06:54:48+00:00","mainEntityOfPage":{"@id":"https:\/\/www.museum.de\/blog\/europaeische-kulturhauptstadt-2026-eine-reise-zwischen-nord-und-mitteleuropa\/"},"wordCount":803,"publisher":{"@id":"https:\/\/www.museum.de\/blog\/#organization"},"image":{"@id":"https:\/\/www.museum.de\/blog\/europaeische-kulturhauptstadt-2026-eine-reise-zwischen-nord-und-mitteleuropa\/#primaryimage"},"thumbnailUrl":"https:\/\/www.museum.de\/blog\/wp-content\/uploads\/2025\/11\/EcoC-Family-meeting-2025-Photo_-Linnea-Laatikainen-29.jpg","keywords":["Kulturhauptstadt","Oulu","Tren\u010d\u00edn"],"articleSection":["Kulturhauptstadt"],"inLanguage":"de"},{"@type":"WebPage","@id":"https:\/\/www.museum.de\/blog\/europaeische-kulturhauptstadt-2026-eine-reise-zwischen-nord-und-mitteleuropa\/","url":"https:\/\/www.museum.de\/blog\/europaeische-kulturhauptstadt-2026-eine-reise-zwischen-nord-und-mitteleuropa\/","name":"Europ\u00e4ische Kulturhauptstadt 2026: Eine Reise zwischen Nord und Mitteleuropa - Der Museumsblog","isPartOf":{"@id":"https:\/\/www.museum.de\/blog\/#website"},"primaryImageOfPage":{"@id":"https:\/\/www.museum.de\/blog\/europaeische-kulturhauptstadt-2026-eine-reise-zwischen-nord-und-mitteleuropa\/#primaryimage"},"image":{"@id":"https:\/\/www.museum.de\/blog\/europaeische-kulturhauptstadt-2026-eine-reise-zwischen-nord-und-mitteleuropa\/#primaryimage"},"thumbnailUrl":"https:\/\/www.museum.de\/blog\/wp-content\/uploads\/2025\/11\/EcoC-Family-meeting-2025-Photo_-Linnea-Laatikainen-29.jpg","datePublished":"2025-11-29T06:51:39+00:00","dateModified":"2025-11-29T06:54:48+00:00","breadcrumb":{"@id":"https:\/\/www.museum.de\/blog\/europaeische-kulturhauptstadt-2026-eine-reise-zwischen-nord-und-mitteleuropa\/#breadcrumb"},"inLanguage":"de","potentialAction":[{"@type":"ReadAction","target":["https:\/\/www.museum.de\/blog\/europaeische-kulturhauptstadt-2026-eine-reise-zwischen-nord-und-mitteleuropa\/"]}]},{"@type":"ImageObject","inLanguage":"de","@id":"https:\/\/www.museum.de\/blog\/europaeische-kulturhauptstadt-2026-eine-reise-zwischen-nord-und-mitteleuropa\/#primaryimage","url":"https:\/\/www.museum.de\/blog\/wp-content\/uploads\/2025\/11\/EcoC-Family-meeting-2025-Photo_-Linnea-Laatikainen-29.jpg","contentUrl":"https:\/\/www.museum.de\/blog\/wp-content\/uploads\/2025\/11\/EcoC-Family-meeting-2025-Photo_-Linnea-Laatikainen-29.jpg","width":1600,"height":1066},{"@type":"BreadcrumbList","@id":"https:\/\/www.museum.de\/blog\/europaeische-kulturhauptstadt-2026-eine-reise-zwischen-nord-und-mitteleuropa\/#breadcrumb","itemListElement":[{"@type":"ListItem","position":1,"name":"Startseite","item":"https:\/\/www.museum.de\/blog\/"},{"@type":"ListItem","position":2,"name":"Europ\u00e4ische Kulturhauptstadt 2026: Eine Reise zwischen Nord und Mitteleuropa"}]},{"@type":"WebSite","@id":"https:\/\/www.museum.de\/blog\/#website","url":"https:\/\/www.museum.de\/blog\/","name":"Der Museumsblog","description":"Der Blog","publisher":{"@id":"https:\/\/www.museum.de\/blog\/#organization"},"alternateName":"museum.de - Der Museumsblog","potentialAction":[{"@type":"SearchAction","target":{"@type":"EntryPoint","urlTemplate":"https:\/\/www.museum.de\/blog\/?s={search_term_string}"},"query-input":{"@type":"PropertyValueSpecification","valueRequired":true,"valueName":"search_term_string"}}],"inLanguage":"de"},{"@type":"Organization","@id":"https:\/\/www.museum.de\/blog\/#organization","name":"Der Museumsblog","url":"https:\/\/www.museum.de\/blog\/","logo":{"@type":"ImageObject","inLanguage":"de","@id":"https:\/\/www.museum.de\/blog\/#\/schema\/logo\/image\/","url":"https:\/\/www.museum.de\/blog\/wp-content\/uploads\/2019\/03\/cropped-Audioguide_Titelseite-1.jpg","contentUrl":"https:\/\/www.museum.de\/blog\/wp-content\/uploads\/2019\/03\/cropped-Audioguide_Titelseite-1.jpg","width":512,"height":512,"caption":"Der Museumsblog"},"image":{"@id":"https:\/\/www.museum.de\/blog\/#\/schema\/logo\/image\/"}},{"@type":"Person","@id":"https:\/\/www.museum.de\/blog\/#\/schema\/person\/c09a0aea9ac127965257ff6115957332","name":"Redaktion","description":"Das Redaktionsteam von museum.de","url":"https:\/\/www.museum.de\/blog\/author\/msupervisor\/"}]}},"_links":{"self":[{"href":"https:\/\/www.museum.de\/blog\/wp-json\/wp\/v2\/posts\/4011","targetHints":{"allow":["GET"]}}],"collection":[{"href":"https:\/\/www.museum.de\/blog\/wp-json\/wp\/v2\/posts"}],"about":[{"href":"https:\/\/www.museum.de\/blog\/wp-json\/wp\/v2\/types\/post"}],"author":[{"embeddable":true,"href":"https:\/\/www.museum.de\/blog\/wp-json\/wp\/v2\/users\/1"}],"replies":[{"embeddable":true,"href":"https:\/\/www.museum.de\/blog\/wp-json\/wp\/v2\/comments?post=4011"}],"version-history":[{"count":3,"href":"https:\/\/www.museum.de\/blog\/wp-json\/wp\/v2\/posts\/4011\/revisions"}],"predecessor-version":[{"id":4016,"href":"https:\/\/www.museum.de\/blog\/wp-json\/wp\/v2\/posts\/4011\/revisions\/4016"}],"wp:featuredmedia":[{"embeddable":true,"href":"https:\/\/www.museum.de\/blog\/wp-json\/wp\/v2\/media\/4012"}],"wp:attachment":[{"href":"https:\/\/www.museum.de\/blog\/wp-json\/wp\/v2\/media?parent=4011"}],"wp:term":[{"taxonomy":"category","embeddable":true,"href":"https:\/\/www.museum.de\/blog\/wp-json\/wp\/v2\/categories?post=4011"},{"taxonomy":"post_tag","embeddable":true,"href":"https:\/\/www.museum.de\/blog\/wp-json\/wp\/v2\/tags?post=4011"}],"curies":[{"name":"wp","href":"https:\/\/api.w.org\/{rel}","templated":true}]}}