{"id":4023,"date":"2025-12-05T08:31:28","date_gmt":"2025-12-05T08:31:28","guid":{"rendered":"https:\/\/www.museum.de\/blog\/?p=4023"},"modified":"2025-12-04T08:31:44","modified_gmt":"2025-12-04T08:31:44","slug":"zwei-perspektiven-auf-eine-epoche-los-angeles-county-museum-of-art-feiert-impressionismus-und-moderne","status":"publish","type":"post","link":"https:\/\/www.museum.de\/blog\/zwei-perspektiven-auf-eine-epoche-los-angeles-county-museum-of-art-feiert-impressionismus-und-moderne\/","title":{"rendered":"Zwei Perspektiven auf eine Epoche: Los Angeles County Museum of Art feiert Impressionismus und Moderne"},"content":{"rendered":"\n<div class=\"wp-block-cover\" style=\"margin-top:2rem;margin-bottom:2rem\"><span aria-hidden=\"true\" class=\"wp-block-cover__background has-background-dim\" style=\"background-color:#807778\"><\/span><img decoding=\"async\" loading=\"lazy\" width=\"1200\" height=\"571\" src=\"https:\/\/www.museum.de\/blog\/wp-content\/uploads\/2025\/12\/lacma-exhibition.jpg\" class=\"wp-block-cover__image-background wp-post-image\" alt=\"\" data-object-fit=\"cover\" srcset=\"https:\/\/www.museum.de\/blog\/wp-content\/uploads\/2025\/12\/lacma-exhibition.jpg 1200w, https:\/\/www.museum.de\/blog\/wp-content\/uploads\/2025\/12\/lacma-exhibition-300x143.jpg 300w, https:\/\/www.museum.de\/blog\/wp-content\/uploads\/2025\/12\/lacma-exhibition-768x365.jpg 768w\" sizes=\"auto, (max-width: 1200px) 100vw, 1200px\" \/><div class=\"wp-block-cover__inner-container is-layout-constrained wp-block-cover-is-layout-constrained\">\n<h1 class=\"wp-block-heading has-text-align-center has-ast-global-color-5-color has-text-color has-link-color has-large-font-size wp-elements-594e5d623c25838fb825a25f936e9085\">Zwei Perspektiven auf eine Epoche: Los Angeles County Museum of Art feiert Impressionismus und Moderne<\/h1>\n<\/div><\/div>\n\n\n\n<p>Die Los Angeles County Museum of Art (LACMA) l\u00e4dt in diesem Winter zu einem beeindruckenden Doppelschlag ein, der die Kunstgeschichte des Impressionismus und der Moderne in den Mittelpunkt r\u00fcckt. Die beiden Ausstellungen \u201eCollecting Impressionism\u201c und \u201eVillage Square: Gifts of Modern Art from the Pearlman Collection\u201c erz\u00e4hlen eine facettenreiche Geschichte von Sammlerleidenschaft, k\u00fcnstlerischer Innovation und der kulturellen Entwicklung einer Metropole, die sich zu einem Zentrum der globalen Kunstwelt etabliert hat.<\/p>\n\n\n\n<h3 class=\"wp-block-heading\">Historischer Kontext: Impressionismus und Moderne als Wendepunkte<\/h3>\n\n\n\n<p>Der Impressionismus markierte gegen Ende des 19. Jahrhunderts einen radikalen Bruch mit akademischen Traditionen. Er feierte die Fl\u00fcchtigkeit des Augenblicks, das Spiel von Licht und Farbe sowie die Darstellung des modernen Lebens. Die darauffolgende Moderne weitete diese Experimente aus und lotete die Grenzen der Form, des Mediums und der Themen aus. Beide Bewegungen wurden durch die Leidenschaft der Sammler weltweit verbreitet \u2013 und genau hier setzt das kuratorische Konzept der beiden Ausstellungen an.<\/p>\n\n\n\n<h3 class=\"wp-block-heading\">Die Schwerpunkte der Ausstellungen<\/h3>\n\n\n\n<p>\u201eCollecting Impressionism\u201c (21. Dezember 2025 bis 7. Januar 2027) blickt in die Geschichte der Impressionismus-Sammlung des LACMA, die sich \u00fcber Jahrzehnte hinweg durch Schenkungen, gezielte Ank\u00e4ufe und strategisches Sammlungsmanagement entwickelt hat. Pr\u00e4sentiert werden \u00fcber 100 Werke, darunter Claude Monets \u201eThe Artist\u2019s Garden, V\u00e9theuil\u201c (1881) oder Vincent van Goghs \u201eTarascon Stagecoach\u201c (1888) \u2013 beide k\u00fcrzlich erworbene Meisterwerke. Neben Gem\u00e4lden stehen auch Fotografien, Drucke, Mode und dekorative Kunst im Zentrum der Schau, was den interdisziplin\u00e4ren Charakter der Sammlung unterstreicht.<\/p>\n\n\n\n<p>\u201eVillage Square\u201c (22. Februar bis 5. Juli 2026) nimmt die Pearlman Collection in den Fokus, eine der bedeutendsten privaten Sammlungen der Postimpressionisten und der fr\u00fchen Moderne. Unter den H\u00f6hepunkten finden sich Paul C\u00e9zannes \u201eMont Sainte-Victoire\u201c (ca. 1904\u201306) sowie Werke von Edgar Degas, Henri de Toulouse-Lautrec und Amedeo Modigliani. Die Ausstellung zeichnet nicht nur die Entwicklung der Moderne nach, sondern beleuchtet auch die Rolle des Sammlers Henry Pearlman, der durch enge Beziehungen zu K\u00fcnstlern wie Oskar Kokoschka selbst Teil dieser Geschichte wurde.<\/p>\n\n\n\n<h3 class=\"wp-block-heading\">Das kuratorische Konzept und Inszenierung<\/h3>\n\n\n\n<p>Beide Ausstellungen setzen auf einen narrativen Ansatz, der die Entwicklung der jeweiligen Sammlungen betont. \u201eCollecting Impressionism\u201c ist nach Erwerbsdaten strukturiert und hebt damit die wechselnden Geschm\u00e4cker und Priorit\u00e4ten des Museums hervor. Die Ausstellung integriert Fallstudien zu Provenienz und Technik einzelner Werke, die das Verst\u00e4ndnis f\u00fcr die spezifischen Kontexte der Sammlung vertiefen.<\/p>\n\n\n\n<p>\u201eVillage Square\u201c hingegen betont die pers\u00f6nliche Dimension einer Privatsammlung. Die Inszenierung verkn\u00fcpft kunsthistorische Entwicklungen mit den biografischen Geschichten des Sammlers und der K\u00fcnstler selbst. Eine besondere St\u00e4rke der Ausstellung liegt in der Verbindung von Werken und deren Herkunftsgeschichten \u2013 etwa Modiglianis \u201ePortrait of Jean Cocteau\u201c (ca. 1916), das die Pariser K\u00fcnstlerszene jener Zeit lebendig werden l\u00e4sst.<\/p>\n\n\n\n<h3 class=\"wp-block-heading\">Herausragende Werke und Leihgaben<\/h3>\n\n\n\n<p>Zu den absoluten H\u00f6hepunkten z\u00e4hlen Monets \u201eNymph\u00e9as\u201c (1897\u201398) und C\u00e9zannes \u201eMont Sainte-Victoire\u201c, die exemplarisch die Bandbreite der beiden Bewegungen illustrieren. Auch die Einbindung von Modeobjekten wie einem Kleid von Maison Rouff (ca. 1897) erweitert die Perspektive auf den Impressionismus, indem die k\u00fcnstlerische Auseinandersetzung mit Mode und Bewegung hervorgehoben wird.<\/p>\n\n\n\n<h3 class=\"wp-block-heading\">Einordnung in die Gegenwart<\/h3>\n\n\n\n<p>Beide Ausstellungen reflektieren nicht nur die kunsthistorische Bedeutung ihrer Werke, sondern auch die Rolle von Museen als lebendige Archive kultureller und sozialer Dynamiken. In einer Zeit, in der kulturelle Institutionen zunehmend auf Diversit\u00e4t und neue Perspektiven setzen, zeigt LACMA, wie historische Sammlungen kritisch hinterfragt und neu interpretiert werden k\u00f6nnen.<\/p>\n\n\n\n<figure class=\"wp-block-image size-large\"><img decoding=\"async\" width=\"1248\" height=\"416\" loading=\"lazy\" src=\"https:\/\/www.museum.de\/blog\/wp-content\/uploads\/2025\/12\/building-lacma-1248x416.jpg\" alt=\"\" class=\"wp-image-4027\" srcset=\"https:\/\/www.museum.de\/blog\/wp-content\/uploads\/2025\/12\/building-lacma-1248x416.jpg 1248w, https:\/\/www.museum.de\/blog\/wp-content\/uploads\/2025\/12\/building-lacma-300x100.jpg 300w, https:\/\/www.museum.de\/blog\/wp-content\/uploads\/2025\/12\/building-lacma-768x256.jpg 768w, https:\/\/www.museum.de\/blog\/wp-content\/uploads\/2025\/12\/building-lacma-1536x512.jpg 1536w, https:\/\/www.museum.de\/blog\/wp-content\/uploads\/2025\/12\/building-lacma.jpg 1600w\" sizes=\"auto, (max-width: 1248px) 100vw, 1248px\" \/><\/figure>\n\n\n\n<h3 class=\"wp-block-heading\">Das LACMA: Ein architektonisches und kulturelles Juwel<\/h3>\n\n\n\n<p>LACMA, das gr\u00f6\u00dfte Kunstmuseum der westlichen USA, bietet mit seinem Resnick Pavilion die ideale Kulisse f\u00fcr diese beiden Ausstellungen. Die klare, lichtdurchflutete Architektur des Pavilions hebt die Werke hervor und schafft ein kontemplatives Umfeld f\u00fcr die Auseinandersetzung mit der Kunst. Mit einer Sammlung, die \u00fcber 150.000 Objekte umfasst, ist LACMA ein unverzichtbarer Ankerpunkt in der internationalen Kunstlandschaft.<\/p>\n\n\n\n<div class=\"wp-block-group has-background is-layout-constrained wp-block-group-is-layout-constrained\" style=\"background-color:#cce9fa\">\n<h4 class=\"wp-block-heading\">Praktische Informationen f\u00fcr den Besuch<\/h4>\n\n\n\n<ul class=\"wp-block-list\">\n<li><strong>\u201eCollecting Impressionism\u201c:<\/strong> 21. Dezember 2025 bis 7. Januar 2027<\/li>\n\n\n\n<li><strong>\u201eVillage Square\u201c:<\/strong> 22. Februar bis 5. Juli 2026<\/li>\n\n\n\n<li><strong>Ort:<\/strong> Resnick Pavilion, LACMA, 5905 Wilshire Boulevard, Los Angeles, CA 90036<\/li>\n\n\n\n<li><strong>\u00d6ffnungszeiten:<\/strong> Montags, dienstags und donnerstags 11:00\u201317:00 Uhr, freitags bis sonntags 10:00\u201319:00 Uhr, mittwochs geschlossen.<\/li>\n\n\n\n<li><strong>Eintritt:<\/strong> 25 USD (Erm\u00e4\u00dfigt: 16 USD), Kinder unter 17 Jahren frei.<\/li>\n\n\n\n<li><strong>Anreise:<\/strong> Gut erreichbar mit \u00f6ffentlichen Verkehrsmitteln oder Parkm\u00f6glichkeiten vor Ort.<\/li>\n<\/ul>\n<\/div>\n\n\n\n<h3 class=\"wp-block-heading\">Fazit<\/h3>\n\n\n\n<p>Mit den beiden Ausstellungen gelingt LACMA ein eindrucksvoller Blick auf zwei zentrale Epochen der Kunstgeschichte. W\u00e4hrend \u201eCollecting Impressionism\u201c die institutionelle Sammlergeschichte reflektiert, bietet \u201eVillage Square\u201c eine pers\u00f6nliche Ann\u00e4herung an die Moderne. Beide Schauen erg\u00e4nzen sich und zeigen, wie lebendig und relevant die Auseinandersetzung mit der Kunst des 19. und fr\u00fchen 20. Jahrhunderts heute noch ist. Ein Pflichttermin f\u00fcr Kunstliebhaber und ein eindrucksvolles Zeugnis f\u00fcr die kulturelle Strahlkraft von Los Angeles.<\/p>\n\n\n\n<p><strong>Weitere Informationen:<\/strong> <a href=\"https:\/\/www-images.lacma.org\/s3fs-public\/press\/2025-11\/Collecting%20Impressionism%20and%20Village%20Square%20-%20Exhibition%20Advisory_0.pdf?VersionId=MOAWwh9iDjBgRAshH8.08NtjeivDgpos\" target=\"_blank\" rel=\"noreferrer noopener\">LACMA \u2013 Collecting Impressionism<\/a><br><strong>Bildnachweis:<\/strong> Jean B\u00e9raud,\u00a0<em>A Parisian Street Scene: Boulevard des Capucines<\/em>, c. late 1897\u2013early 1898, Los Angeles County Museum of Art, gift of the 2024 Collectors Committee with additional funds provided by Rob Levine and Larry Ginsberg, photo \u00a9 Museum Associates\/LACMA<\/p>\n","protected":false},"excerpt":{"rendered":"<p>Die Los Angeles County Museum of Art (LACMA) l\u00e4dt in diesem Winter zu einem beeindruckenden Doppelschlag ein, der die Kunstgeschichte des Impressionismus und der Moderne in den Mittelpunkt r\u00fcckt. Die beiden Ausstellungen \u201eCollecting Impressionism\u201c und \u201eVillage Square: Gifts of Modern Art from the Pearlman Collection\u201c erz\u00e4hlen eine facettenreiche Geschichte von Sammlerleidenschaft, k\u00fcnstlerischer Innovation und der [&hellip;]<\/p>\n","protected":false},"author":1,"featured_media":4025,"comment_status":"closed","ping_status":"closed","sticky":false,"template":"","format":"standard","meta":{"site-sidebar-layout":"default","site-content-layout":"","ast-site-content-layout":"default","site-content-style":"default","site-sidebar-style":"default","ast-global-header-display":"","ast-banner-title-visibility":"","ast-main-header-display":"","ast-hfb-above-header-display":"","ast-hfb-below-header-display":"","ast-hfb-mobile-header-display":"","site-post-title":"disabled","ast-breadcrumbs-content":"","ast-featured-img":"","footer-sml-layout":"","ast-disable-related-posts":"","theme-transparent-header-meta":"","adv-header-id-meta":"","stick-header-meta":"","header-above-stick-meta":"","header-main-stick-meta":"","header-below-stick-meta":"","astra-migrate-meta-layouts":"set","ast-page-background-enabled":"default","ast-page-background-meta":{"desktop":{"background-color":"var(--ast-global-color-4)","background-image":"","background-repeat":"repeat","background-position":"center center","background-size":"auto","background-attachment":"scroll","background-type":"","background-media":"","overlay-type":"","overlay-color":"","overlay-opacity":"","overlay-gradient":""},"tablet":{"background-color":"","background-image":"","background-repeat":"repeat","background-position":"center center","background-size":"auto","background-attachment":"scroll","background-type":"","background-media":"","overlay-type":"","overlay-color":"","overlay-opacity":"","overlay-gradient":""},"mobile":{"background-color":"","background-image":"","background-repeat":"repeat","background-position":"center center","background-size":"auto","background-attachment":"scroll","background-type":"","background-media":"","overlay-type":"","overlay-color":"","overlay-opacity":"","overlay-gradient":""}},"ast-content-background-meta":{"desktop":{"background-color":"var(--ast-global-color-5)","background-image":"","background-repeat":"repeat","background-position":"center center","background-size":"auto","background-attachment":"scroll","background-type":"","background-media":"","overlay-type":"","overlay-color":"","overlay-opacity":"","overlay-gradient":""},"tablet":{"background-color":"var(--ast-global-color-5)","background-image":"","background-repeat":"repeat","background-position":"center center","background-size":"auto","background-attachment":"scroll","background-type":"","background-media":"","overlay-type":"","overlay-color":"","overlay-opacity":"","overlay-gradient":""},"mobile":{"background-color":"var(--ast-global-color-5)","background-image":"","background-repeat":"repeat","background-position":"center center","background-size":"auto","background-attachment":"scroll","background-type":"","background-media":"","overlay-type":"","overlay-color":"","overlay-opacity":"","overlay-gradient":""}},"episode_type":"","audio_file":"","podmotor_file_id":"","podmotor_episode_id":"","cover_image":"","cover_image_id":"","duration":"","filesize":"","filesize_raw":"","date_recorded":"","explicit":"","block":"","itunes_episode_number":"","itunes_title":"","itunes_season_number":"","itunes_episode_type":"","footnotes":""},"categories":[125],"tags":[301,441,440],"class_list":["post-4023","post","type-post","status-publish","format-standard","has-post-thumbnail","hentry","category-ausstellungen","tag-impressionismus","tag-lacma","tag-los-angeles"],"yoast_head":"<!-- This site is optimized with the Yoast SEO plugin v27.4 - https:\/\/yoast.com\/product\/yoast-seo-wordpress\/ -->\n<title>Zwei Perspektiven auf eine Epoche: Los Angeles County Museum of Art feiert Impressionismus und Moderne - Der Museumsblog<\/title>\n<meta name=\"robots\" content=\"index, follow, max-snippet:-1, max-image-preview:large, max-video-preview:-1\" \/>\n<link rel=\"canonical\" href=\"https:\/\/www.museum.de\/blog\/zwei-perspektiven-auf-eine-epoche-los-angeles-county-museum-of-art-feiert-impressionismus-und-moderne\/\" \/>\n<meta property=\"og:locale\" content=\"de_DE\" \/>\n<meta property=\"og:type\" content=\"article\" \/>\n<meta property=\"og:title\" content=\"Zwei Perspektiven auf eine Epoche: Los Angeles County Museum of Art feiert Impressionismus und Moderne - Der Museumsblog\" \/>\n<meta property=\"og:description\" content=\"Die Los Angeles County Museum of Art (LACMA) l\u00e4dt in diesem Winter zu einem beeindruckenden Doppelschlag ein, der die Kunstgeschichte des Impressionismus und der Moderne in den Mittelpunkt r\u00fcckt. Die beiden Ausstellungen \u201eCollecting Impressionism\u201c und \u201eVillage Square: Gifts of Modern Art from the Pearlman Collection\u201c erz\u00e4hlen eine facettenreiche Geschichte von Sammlerleidenschaft, k\u00fcnstlerischer Innovation und der [&hellip;]\" \/>\n<meta property=\"og:url\" content=\"https:\/\/www.museum.de\/blog\/zwei-perspektiven-auf-eine-epoche-los-angeles-county-museum-of-art-feiert-impressionismus-und-moderne\/\" \/>\n<meta property=\"og:site_name\" content=\"Der Museumsblog\" \/>\n<meta property=\"article:published_time\" content=\"2025-12-05T08:31:28+00:00\" \/>\n<meta property=\"og:image\" content=\"https:\/\/www.museum.de\/blog\/wp-content\/uploads\/2025\/12\/lacma-exhibition.jpg\" \/>\n\t<meta property=\"og:image:width\" content=\"1200\" \/>\n\t<meta property=\"og:image:height\" content=\"571\" \/>\n\t<meta property=\"og:image:type\" content=\"image\/jpeg\" \/>\n<meta name=\"author\" content=\"Redaktion\" \/>\n<meta name=\"twitter:card\" content=\"summary_large_image\" \/>\n<script type=\"application\/ld+json\" class=\"yoast-schema-graph\">{\"@context\":\"https:\\\/\\\/schema.org\",\"@graph\":[{\"@type\":\"Article\",\"@id\":\"https:\\\/\\\/www.museum.de\\\/blog\\\/zwei-perspektiven-auf-eine-epoche-los-angeles-county-museum-of-art-feiert-impressionismus-und-moderne\\\/#article\",\"isPartOf\":{\"@id\":\"https:\\\/\\\/www.museum.de\\\/blog\\\/zwei-perspektiven-auf-eine-epoche-los-angeles-county-museum-of-art-feiert-impressionismus-und-moderne\\\/\"},\"author\":{\"name\":\"Redaktion\",\"@id\":\"https:\\\/\\\/www.museum.de\\\/blog\\\/#\\\/schema\\\/person\\\/c09a0aea9ac127965257ff6115957332\"},\"headline\":\"Zwei Perspektiven auf eine Epoche: Los Angeles County Museum of Art feiert Impressionismus und Moderne\",\"datePublished\":\"2025-12-05T08:31:28+00:00\",\"mainEntityOfPage\":{\"@id\":\"https:\\\/\\\/www.museum.de\\\/blog\\\/zwei-perspektiven-auf-eine-epoche-los-angeles-county-museum-of-art-feiert-impressionismus-und-moderne\\\/\"},\"wordCount\":817,\"publisher\":{\"@id\":\"https:\\\/\\\/www.museum.de\\\/blog\\\/#organization\"},\"image\":{\"@id\":\"https:\\\/\\\/www.museum.de\\\/blog\\\/zwei-perspektiven-auf-eine-epoche-los-angeles-county-museum-of-art-feiert-impressionismus-und-moderne\\\/#primaryimage\"},\"thumbnailUrl\":\"https:\\\/\\\/www.museum.de\\\/blog\\\/wp-content\\\/uploads\\\/2025\\\/12\\\/lacma-exhibition.jpg\",\"keywords\":[\"Impressionismus\",\"LACMA\",\"Los Angeles\"],\"articleSection\":[\"Ausstellungen\"],\"inLanguage\":\"de\"},{\"@type\":\"WebPage\",\"@id\":\"https:\\\/\\\/www.museum.de\\\/blog\\\/zwei-perspektiven-auf-eine-epoche-los-angeles-county-museum-of-art-feiert-impressionismus-und-moderne\\\/\",\"url\":\"https:\\\/\\\/www.museum.de\\\/blog\\\/zwei-perspektiven-auf-eine-epoche-los-angeles-county-museum-of-art-feiert-impressionismus-und-moderne\\\/\",\"name\":\"Zwei Perspektiven auf eine Epoche: Los Angeles County Museum of Art feiert Impressionismus und Moderne - Der Museumsblog\",\"isPartOf\":{\"@id\":\"https:\\\/\\\/www.museum.de\\\/blog\\\/#website\"},\"primaryImageOfPage\":{\"@id\":\"https:\\\/\\\/www.museum.de\\\/blog\\\/zwei-perspektiven-auf-eine-epoche-los-angeles-county-museum-of-art-feiert-impressionismus-und-moderne\\\/#primaryimage\"},\"image\":{\"@id\":\"https:\\\/\\\/www.museum.de\\\/blog\\\/zwei-perspektiven-auf-eine-epoche-los-angeles-county-museum-of-art-feiert-impressionismus-und-moderne\\\/#primaryimage\"},\"thumbnailUrl\":\"https:\\\/\\\/www.museum.de\\\/blog\\\/wp-content\\\/uploads\\\/2025\\\/12\\\/lacma-exhibition.jpg\",\"datePublished\":\"2025-12-05T08:31:28+00:00\",\"breadcrumb\":{\"@id\":\"https:\\\/\\\/www.museum.de\\\/blog\\\/zwei-perspektiven-auf-eine-epoche-los-angeles-county-museum-of-art-feiert-impressionismus-und-moderne\\\/#breadcrumb\"},\"inLanguage\":\"de\",\"potentialAction\":[{\"@type\":\"ReadAction\",\"target\":[\"https:\\\/\\\/www.museum.de\\\/blog\\\/zwei-perspektiven-auf-eine-epoche-los-angeles-county-museum-of-art-feiert-impressionismus-und-moderne\\\/\"]}]},{\"@type\":\"ImageObject\",\"inLanguage\":\"de\",\"@id\":\"https:\\\/\\\/www.museum.de\\\/blog\\\/zwei-perspektiven-auf-eine-epoche-los-angeles-county-museum-of-art-feiert-impressionismus-und-moderne\\\/#primaryimage\",\"url\":\"https:\\\/\\\/www.museum.de\\\/blog\\\/wp-content\\\/uploads\\\/2025\\\/12\\\/lacma-exhibition.jpg\",\"contentUrl\":\"https:\\\/\\\/www.museum.de\\\/blog\\\/wp-content\\\/uploads\\\/2025\\\/12\\\/lacma-exhibition.jpg\",\"width\":1200,\"height\":571},{\"@type\":\"BreadcrumbList\",\"@id\":\"https:\\\/\\\/www.museum.de\\\/blog\\\/zwei-perspektiven-auf-eine-epoche-los-angeles-county-museum-of-art-feiert-impressionismus-und-moderne\\\/#breadcrumb\",\"itemListElement\":[{\"@type\":\"ListItem\",\"position\":1,\"name\":\"Startseite\",\"item\":\"https:\\\/\\\/www.museum.de\\\/blog\\\/\"},{\"@type\":\"ListItem\",\"position\":2,\"name\":\"Zwei Perspektiven auf eine Epoche: Los Angeles County Museum of Art feiert Impressionismus und Moderne\"}]},{\"@type\":\"WebSite\",\"@id\":\"https:\\\/\\\/www.museum.de\\\/blog\\\/#website\",\"url\":\"https:\\\/\\\/www.museum.de\\\/blog\\\/\",\"name\":\"Der Museumsblog\",\"description\":\"Der Blog\",\"publisher\":{\"@id\":\"https:\\\/\\\/www.museum.de\\\/blog\\\/#organization\"},\"alternateName\":\"museum.de - Der Museumsblog\",\"potentialAction\":[{\"@type\":\"SearchAction\",\"target\":{\"@type\":\"EntryPoint\",\"urlTemplate\":\"https:\\\/\\\/www.museum.de\\\/blog\\\/?s={search_term_string}\"},\"query-input\":{\"@type\":\"PropertyValueSpecification\",\"valueRequired\":true,\"valueName\":\"search_term_string\"}}],\"inLanguage\":\"de\"},{\"@type\":\"Organization\",\"@id\":\"https:\\\/\\\/www.museum.de\\\/blog\\\/#organization\",\"name\":\"Der Museumsblog\",\"url\":\"https:\\\/\\\/www.museum.de\\\/blog\\\/\",\"logo\":{\"@type\":\"ImageObject\",\"inLanguage\":\"de\",\"@id\":\"https:\\\/\\\/www.museum.de\\\/blog\\\/#\\\/schema\\\/logo\\\/image\\\/\",\"url\":\"https:\\\/\\\/www.museum.de\\\/blog\\\/wp-content\\\/uploads\\\/2019\\\/03\\\/cropped-Audioguide_Titelseite-1.jpg\",\"contentUrl\":\"https:\\\/\\\/www.museum.de\\\/blog\\\/wp-content\\\/uploads\\\/2019\\\/03\\\/cropped-Audioguide_Titelseite-1.jpg\",\"width\":512,\"height\":512,\"caption\":\"Der Museumsblog\"},\"image\":{\"@id\":\"https:\\\/\\\/www.museum.de\\\/blog\\\/#\\\/schema\\\/logo\\\/image\\\/\"}},{\"@type\":\"Person\",\"@id\":\"https:\\\/\\\/www.museum.de\\\/blog\\\/#\\\/schema\\\/person\\\/c09a0aea9ac127965257ff6115957332\",\"name\":\"Redaktion\",\"description\":\"Das Redaktionsteam von museum.de\",\"url\":\"https:\\\/\\\/www.museum.de\\\/blog\\\/author\\\/msupervisor\\\/\"}]}<\/script>\n<!-- \/ Yoast SEO plugin. -->","yoast_head_json":{"title":"Zwei Perspektiven auf eine Epoche: Los Angeles County Museum of Art feiert Impressionismus und Moderne - Der Museumsblog","robots":{"index":"index","follow":"follow","max-snippet":"max-snippet:-1","max-image-preview":"max-image-preview:large","max-video-preview":"max-video-preview:-1"},"canonical":"https:\/\/www.museum.de\/blog\/zwei-perspektiven-auf-eine-epoche-los-angeles-county-museum-of-art-feiert-impressionismus-und-moderne\/","og_locale":"de_DE","og_type":"article","og_title":"Zwei Perspektiven auf eine Epoche: Los Angeles County Museum of Art feiert Impressionismus und Moderne - Der Museumsblog","og_description":"Die Los Angeles County Museum of Art (LACMA) l\u00e4dt in diesem Winter zu einem beeindruckenden Doppelschlag ein, der die Kunstgeschichte des Impressionismus und der Moderne in den Mittelpunkt r\u00fcckt. Die beiden Ausstellungen \u201eCollecting Impressionism\u201c und \u201eVillage Square: Gifts of Modern Art from the Pearlman Collection\u201c erz\u00e4hlen eine facettenreiche Geschichte von Sammlerleidenschaft, k\u00fcnstlerischer Innovation und der [&hellip;]","og_url":"https:\/\/www.museum.de\/blog\/zwei-perspektiven-auf-eine-epoche-los-angeles-county-museum-of-art-feiert-impressionismus-und-moderne\/","og_site_name":"Der Museumsblog","article_published_time":"2025-12-05T08:31:28+00:00","og_image":[{"width":1200,"height":571,"url":"https:\/\/www.museum.de\/blog\/wp-content\/uploads\/2025\/12\/lacma-exhibition.jpg","type":"image\/jpeg"}],"author":"Redaktion","twitter_card":"summary_large_image","schema":{"@context":"https:\/\/schema.org","@graph":[{"@type":"Article","@id":"https:\/\/www.museum.de\/blog\/zwei-perspektiven-auf-eine-epoche-los-angeles-county-museum-of-art-feiert-impressionismus-und-moderne\/#article","isPartOf":{"@id":"https:\/\/www.museum.de\/blog\/zwei-perspektiven-auf-eine-epoche-los-angeles-county-museum-of-art-feiert-impressionismus-und-moderne\/"},"author":{"name":"Redaktion","@id":"https:\/\/www.museum.de\/blog\/#\/schema\/person\/c09a0aea9ac127965257ff6115957332"},"headline":"Zwei Perspektiven auf eine Epoche: Los Angeles County Museum of Art feiert Impressionismus und Moderne","datePublished":"2025-12-05T08:31:28+00:00","mainEntityOfPage":{"@id":"https:\/\/www.museum.de\/blog\/zwei-perspektiven-auf-eine-epoche-los-angeles-county-museum-of-art-feiert-impressionismus-und-moderne\/"},"wordCount":817,"publisher":{"@id":"https:\/\/www.museum.de\/blog\/#organization"},"image":{"@id":"https:\/\/www.museum.de\/blog\/zwei-perspektiven-auf-eine-epoche-los-angeles-county-museum-of-art-feiert-impressionismus-und-moderne\/#primaryimage"},"thumbnailUrl":"https:\/\/www.museum.de\/blog\/wp-content\/uploads\/2025\/12\/lacma-exhibition.jpg","keywords":["Impressionismus","LACMA","Los Angeles"],"articleSection":["Ausstellungen"],"inLanguage":"de"},{"@type":"WebPage","@id":"https:\/\/www.museum.de\/blog\/zwei-perspektiven-auf-eine-epoche-los-angeles-county-museum-of-art-feiert-impressionismus-und-moderne\/","url":"https:\/\/www.museum.de\/blog\/zwei-perspektiven-auf-eine-epoche-los-angeles-county-museum-of-art-feiert-impressionismus-und-moderne\/","name":"Zwei Perspektiven auf eine Epoche: Los Angeles County Museum of Art feiert Impressionismus und Moderne - Der Museumsblog","isPartOf":{"@id":"https:\/\/www.museum.de\/blog\/#website"},"primaryImageOfPage":{"@id":"https:\/\/www.museum.de\/blog\/zwei-perspektiven-auf-eine-epoche-los-angeles-county-museum-of-art-feiert-impressionismus-und-moderne\/#primaryimage"},"image":{"@id":"https:\/\/www.museum.de\/blog\/zwei-perspektiven-auf-eine-epoche-los-angeles-county-museum-of-art-feiert-impressionismus-und-moderne\/#primaryimage"},"thumbnailUrl":"https:\/\/www.museum.de\/blog\/wp-content\/uploads\/2025\/12\/lacma-exhibition.jpg","datePublished":"2025-12-05T08:31:28+00:00","breadcrumb":{"@id":"https:\/\/www.museum.de\/blog\/zwei-perspektiven-auf-eine-epoche-los-angeles-county-museum-of-art-feiert-impressionismus-und-moderne\/#breadcrumb"},"inLanguage":"de","potentialAction":[{"@type":"ReadAction","target":["https:\/\/www.museum.de\/blog\/zwei-perspektiven-auf-eine-epoche-los-angeles-county-museum-of-art-feiert-impressionismus-und-moderne\/"]}]},{"@type":"ImageObject","inLanguage":"de","@id":"https:\/\/www.museum.de\/blog\/zwei-perspektiven-auf-eine-epoche-los-angeles-county-museum-of-art-feiert-impressionismus-und-moderne\/#primaryimage","url":"https:\/\/www.museum.de\/blog\/wp-content\/uploads\/2025\/12\/lacma-exhibition.jpg","contentUrl":"https:\/\/www.museum.de\/blog\/wp-content\/uploads\/2025\/12\/lacma-exhibition.jpg","width":1200,"height":571},{"@type":"BreadcrumbList","@id":"https:\/\/www.museum.de\/blog\/zwei-perspektiven-auf-eine-epoche-los-angeles-county-museum-of-art-feiert-impressionismus-und-moderne\/#breadcrumb","itemListElement":[{"@type":"ListItem","position":1,"name":"Startseite","item":"https:\/\/www.museum.de\/blog\/"},{"@type":"ListItem","position":2,"name":"Zwei Perspektiven auf eine Epoche: Los Angeles County Museum of Art feiert Impressionismus und Moderne"}]},{"@type":"WebSite","@id":"https:\/\/www.museum.de\/blog\/#website","url":"https:\/\/www.museum.de\/blog\/","name":"Der Museumsblog","description":"Der Blog","publisher":{"@id":"https:\/\/www.museum.de\/blog\/#organization"},"alternateName":"museum.de - Der Museumsblog","potentialAction":[{"@type":"SearchAction","target":{"@type":"EntryPoint","urlTemplate":"https:\/\/www.museum.de\/blog\/?s={search_term_string}"},"query-input":{"@type":"PropertyValueSpecification","valueRequired":true,"valueName":"search_term_string"}}],"inLanguage":"de"},{"@type":"Organization","@id":"https:\/\/www.museum.de\/blog\/#organization","name":"Der Museumsblog","url":"https:\/\/www.museum.de\/blog\/","logo":{"@type":"ImageObject","inLanguage":"de","@id":"https:\/\/www.museum.de\/blog\/#\/schema\/logo\/image\/","url":"https:\/\/www.museum.de\/blog\/wp-content\/uploads\/2019\/03\/cropped-Audioguide_Titelseite-1.jpg","contentUrl":"https:\/\/www.museum.de\/blog\/wp-content\/uploads\/2019\/03\/cropped-Audioguide_Titelseite-1.jpg","width":512,"height":512,"caption":"Der Museumsblog"},"image":{"@id":"https:\/\/www.museum.de\/blog\/#\/schema\/logo\/image\/"}},{"@type":"Person","@id":"https:\/\/www.museum.de\/blog\/#\/schema\/person\/c09a0aea9ac127965257ff6115957332","name":"Redaktion","description":"Das Redaktionsteam von museum.de","url":"https:\/\/www.museum.de\/blog\/author\/msupervisor\/"}]}},"_links":{"self":[{"href":"https:\/\/www.museum.de\/blog\/wp-json\/wp\/v2\/posts\/4023","targetHints":{"allow":["GET"]}}],"collection":[{"href":"https:\/\/www.museum.de\/blog\/wp-json\/wp\/v2\/posts"}],"about":[{"href":"https:\/\/www.museum.de\/blog\/wp-json\/wp\/v2\/types\/post"}],"author":[{"embeddable":true,"href":"https:\/\/www.museum.de\/blog\/wp-json\/wp\/v2\/users\/1"}],"replies":[{"embeddable":true,"href":"https:\/\/www.museum.de\/blog\/wp-json\/wp\/v2\/comments?post=4023"}],"version-history":[{"count":3,"href":"https:\/\/www.museum.de\/blog\/wp-json\/wp\/v2\/posts\/4023\/revisions"}],"predecessor-version":[{"id":4028,"href":"https:\/\/www.museum.de\/blog\/wp-json\/wp\/v2\/posts\/4023\/revisions\/4028"}],"wp:featuredmedia":[{"embeddable":true,"href":"https:\/\/www.museum.de\/blog\/wp-json\/wp\/v2\/media\/4025"}],"wp:attachment":[{"href":"https:\/\/www.museum.de\/blog\/wp-json\/wp\/v2\/media?parent=4023"}],"wp:term":[{"taxonomy":"category","embeddable":true,"href":"https:\/\/www.museum.de\/blog\/wp-json\/wp\/v2\/categories?post=4023"},{"taxonomy":"post_tag","embeddable":true,"href":"https:\/\/www.museum.de\/blog\/wp-json\/wp\/v2\/tags?post=4023"}],"curies":[{"name":"wp","href":"https:\/\/api.w.org\/{rel}","templated":true}]}}