{"id":4030,"date":"2025-12-05T20:56:29","date_gmt":"2025-12-05T20:56:29","guid":{"rendered":"https:\/\/www.museum.de\/blog\/?p=4030"},"modified":"2025-12-06T07:20:44","modified_gmt":"2025-12-06T07:20:44","slug":"frank-gehry-1929-2025-ein-nachruf-auf-den-meister-des-museumbaus","status":"publish","type":"post","link":"https:\/\/www.museum.de\/blog\/frank-gehry-1929-2025-ein-nachruf-auf-den-meister-des-museumbaus\/","title":{"rendered":"Frank Gehry (1929\u20132025): Der Architekt, der Museen neu erfand"},"content":{"rendered":"\n<div class=\"wp-block-cover\"><span aria-hidden=\"true\" class=\"wp-block-cover__background has-ast-global-color-2-background-color has-background-dim\"><\/span><img decoding=\"async\" loading=\"lazy\" width=\"1600\" height=\"900\" src=\"https:\/\/www.museum.de\/blog\/wp-content\/uploads\/2024\/10\/Frank-Gehry.png\" class=\"wp-block-cover__image-background wp-post-image\" alt=\"Foto von Frank Gehry in seinem Atelier\" data-object-fit=\"cover\" srcset=\"https:\/\/www.museum.de\/blog\/wp-content\/uploads\/2024\/10\/Frank-Gehry.png 1600w, https:\/\/www.museum.de\/blog\/wp-content\/uploads\/2024\/10\/Frank-Gehry-300x169.png 300w, https:\/\/www.museum.de\/blog\/wp-content\/uploads\/2024\/10\/Frank-Gehry-1248x702.png 1248w, https:\/\/www.museum.de\/blog\/wp-content\/uploads\/2024\/10\/Frank-Gehry-768x432.png 768w, https:\/\/www.museum.de\/blog\/wp-content\/uploads\/2024\/10\/Frank-Gehry-1536x864.png 1536w, https:\/\/www.museum.de\/blog\/wp-content\/uploads\/2024\/10\/Frank-Gehry-2048x1152.png 2048w\" sizes=\"auto, (max-width: 1600px) 100vw, 1600px\" \/><div class=\"wp-block-cover__inner-container is-layout-constrained wp-block-cover-is-layout-constrained\">\n<h1 class=\"wp-block-heading has-text-align-center has-ast-global-color-5-color has-text-color has-link-color has-x-large-font-size wp-elements-9d5fa7794e3f80562df8ca8e3d0bf28d\">Frank Gehry (1929\u20132025): Der Architekt, der Museen neu erfand<\/h1>\n<\/div><\/div>\n\n\n\n<p>Der vision\u00e4re Architekt Frank Gehry ist am 5. Dezember 2025 im Alter von 96 Jahren in Santa Monica gestorben. Sein Tod markiert das Ende einer \u00c4ra \u2014 wir blicken zur\u00fcck auf ein Leben voller architektonischer \u00adRevolutionen und musealer Ikonen.<\/p>\n\n\n\n<h2 class=\"wp-block-heading\">Kurze Biografie<\/h2>\n\n\n\n<p>Frank Owen Gehry wurde 1929 in Toronto geboren, als Sohn j\u00fcdischer Einwanderer aus Polen. In jungen Jahren zog seine Familie nach Los Angeles, wo er sich entscheidend der Architektur widmete. Seine fr\u00fchen Jahre waren gepr\u00e4gt von pragmatischen Bauten \u2014 doch bald entwickelte Gehry einen v\u00f6llig eigenen Stil, der klassisches Bauen hinter sich lie\u00df. Sein Ansatz war gepr\u00e4gt von Experimentierfreude, skulpturalen Formen, der Sichtbarmachung von Struktur und Material \u2014 er gilt heute als einer der Wegbereiter des sogenannten Dekonstruktivismus. <\/p>\n\n\n\n<p>1989 wurde er mit dem renommierten Pritzker-Preis ausgezeichnet \u2014 eine W\u00fcrdigung f\u00fcr sein bis dahin bereits bahnbrechendes Schaffen. Mit zunehmender Erfahrung und wachsender Popularit\u00e4t setzte er Ma\u00dfst\u00e4be weit \u00fcber den Nordamerikanischen Kontinent hinaus. Seine Karriere umfasste Jahrzehnte, in denen er immer wieder neu dachte, Materialien und Formen kombinierte, und bis ins hohe Alter aktiv blieb.<\/p>\n\n\n\n<hr class=\"wp-block-separator has-alpha-channel-opacity\"\/>\n\n\n\n<h2 class=\"wp-block-heading\">Wirkung auf den Museumsbau<\/h2>\n\n\n\n<p>Gehrys Einfluss auf den Museumsbau ist kaum \u00fcbersch\u00e4tzbar. Er verstand Architektur nicht nur als Funktion, sondern als Erlebnis \u2014 seine Geb\u00e4ude wurden selbst zu Kunstwerken. Damit \u00f6ffnete er neue kuratorische M\u00f6glichkeiten: Die skulpturalen R\u00e4ume erlaubten anspruchsvolle Inszenierungen, boten aber auch eine B\u00fchne, in der Architektur und Ausstellung miteinander verschmolzen. Besonders f\u00fcr die Besucherinnen und Besucher ver\u00e4nderte sich das Museums\u00aderlebnis: Geb\u00e4ude wie das Guggenheim Museum Bilbao wurden zum Reiz \u00fcber das Kunstwerk hinaus \u2014 sie waren selbst Destination, Ereignis und Identit\u00e4t zugleich.<\/p>\n\n\n\n<p>Auf st\u00e4dtebaulicher Ebene l\u00f6ste Gehry mit seinen Museen und Kulturbauten oft neue Dynamiken aus: Er zeigte, wie ein einzelnes, ungew\u00f6hnliches Geb\u00e4ude eine Stadt verwandeln, Tourismus anregen und neue Impulse f\u00fcr Stadtentwicklung setzen kann \u2014 bis hin zu dem heute ber\u00fchmten \u201eBilbao-Effekt\u201c. Gleichzeitig zwang seine avantgardistische Formensprache viele St\u00e4dte und Kommunen zur Auseinandersetzung mit Kosten, Machbarkeit und dem Verh\u00e4ltnis von Funktionalit\u00e4t und ikonischer Wirkung.<\/p>\n\n\n\n<hr class=\"wp-block-separator has-alpha-channel-opacity\"\/>\n\n\n\n<h2 class=\"wp-block-heading\">Museumsbauten von Frank Gehry (weltweit)<\/h2>\n\n\n\n<figure class=\"wp-block-table\"><table class=\"has-fixed-layout\"><thead><tr><th>Museum (offizieller Name)<\/th><th>Ort (Stadt, Land)<\/th><th>Projektart<\/th><th>Jahr Er\u00f6ffnung \/ Fertigstellung<\/th><th>Offizielle Website<\/th><\/tr><\/thead><tbody><tr><td>Guggenheim Museum Bilbao<\/td><td>Bilbao, Spanien<\/td><td>Neubau<\/td><td>1997 <\/td><td><a href=\"https:\/\/www.guggenheim-bilbao.eus\/en\">https:\/\/www.guggenheim-bilbao.eus\/en<\/a><\/td><\/tr><tr><td>Vitra Design Museum<\/td><td>Weil am Rhein, Deutschland<\/td><td>Neubau<\/td><td>1989<\/td><td><a>https:\/\/www.design-museum.de\/<\/a><\/td><\/tr><tr><td>MARTa Herford<\/td><td>Herford, Deutschland<\/td><td>Neubau<\/td><td>2005 (Er\u00f6ffnung 7. Mai 2005) <\/td><td><a href=\"https:\/\/marta-herford.de\/en\/\">https:\/\/marta-herford.de\/en\/<\/a> <\/td><\/tr><tr><td>Weisman Art Museum<\/td><td>Minneapolis, USA<\/td><td>Neubau \/ Standort neuhaus<\/td><td>1993 (Neubau der Sammlungseinrichtung) <\/td><td><a href=\"https:\/\/wam.umn.edu\/\">https:\/\/wam.umn.edu\/<\/a><\/td><\/tr><tr><td>Museum of Pop Culture (MoPOP, ehem. Experience Music Project)<\/td><td>Seattle, USA<\/td><td>Neubau<\/td><td>2000<\/td><td><a>https:\/\/mopop.org\/<\/a> <\/td><\/tr><tr><td>Luma<\/td><td>Arles, Frankreich<\/td><td>Neubau (Turm) \/ Umnutzung (ehem. Industriegel\u00e4nde)<\/td><td>2021<\/td><td><a href=\"https:\/\/www.luma.org\/arles\">https:\/\/www.luma.org\/arles<\/a><\/td><\/tr><tr><td>California Aerospace Museum \/ Air and Space Gallery (California Science Center)<\/td><td>Los Angeles, USA<\/td><td>Neubau \/ Museumserweiterung (ehemaliges Luft-\/Raumfahrtmuseum)<\/td><td>1984<\/td><td><a href=\"https:\/\/californiasciencecenter.org\/\" target=\"_blank\" rel=\"noreferrer noopener\">https:\/\/californiasciencecenter.org\/<\/a><\/td><\/tr><tr><td>Cin\u00e9math\u00e8que fran\u00e7aise (ehem. American Center)<\/td><td>Paris, Frankreich<\/td><td>Neubau \/ Kultur-\/Museumszentrum<\/td><td>1994 (American Center), seit 2005 Nutzung als Cin\u00e9math\u00e8que<\/td><td><a href=\"https:\/\/www.cinematheque.fr\/\" target=\"_blank\" rel=\"noreferrer noopener\">https:\/\/www.cinematheque.fr\/<\/a><\/td><\/tr><tr><td>Art Gallery of Ontario (AGO) \u2013 Erweiterung\/Renovierung durch Frank Gehry<\/td><td>Toronto, Kanada<\/td><td>Erweiterung \/ Sanierung<\/td><td>2008 (Reopening nach Renovierung\/Erweiterung)<\/td><td><a href=\"https:\/\/ago.ca\/\" target=\"_blank\" rel=\"noreferrer noopener\">https:\/\/ago.ca\/<\/a><\/td><\/tr><tr><td>BioMuseo (Museo de la Biodiversidad)<\/td><td>Panama-Stadt, Panama<\/td><td>Neubau \/ Museumsbau<\/td><td>2014 (offizielle Er\u00f6ffnung)<\/td><td><a href=\"https:\/\/www.biomuseopanama.org\/\" target=\"_blank\" rel=\"noreferrer noopener\">https:\/\/www.biomuseopanama.org\/<\/a><\/td><\/tr><\/tbody><\/table><\/figure>\n\n\n\n<p><em>Hinweis: Diese Liste stellt die zentralen musealen Geb\u00e4ude dar, die n\u00fcchtern dokumentiert Gehry zugeschrieben werden und derzeit in Betrieb sind. Aufgrund der globalen Vielzahl von Projekten k\u00f6nnen sehr kleine oder wenig dokumentierte Einrichtungen eventuell fehlen \u2014 im Sinne der Transparenz handelt es sich dennoch um eine streng \u00fcberpr\u00fcfbare Auswahl.<\/em><\/p>\n\n\n\n<h4 class=\"wp-block-heading\">Warum diese f\u00fcnf als besonders einflussreich gelten<\/h4>\n\n\n\n<ul class=\"wp-block-list\">\n<li><strong>Guggenheim Museum Bilbao<\/strong> \u2013 Mit seiner markanten Titan- und Glasarchitektur definierte es, was ein Museum sein kann: nicht nur Ausstellungsort, sondern kulturelles Monument und Stadtmagnet zugleich. Der \u201eBilbao-Effekt\u201c inspirierte weltweit St\u00e4dte, \u00fcber Architektur als Impuls f\u00fcr Stadterneuerung nachzudenken.<\/li>\n\n\n\n<li><strong>Vitra Design Museum<\/strong> \u2013 Gehrys erster europ\u00e4ischer Museumsbau. Hier begegnet sich Industrie-Design und Architektur auf Augenh\u00f6he: Der Bau selbst \u2013 mit skulpturalen Formen und Materialexperimente \u2013 reflektiert den kreativen Anspruch des Museums.<\/li>\n\n\n\n<li><strong>MARTa Herford<\/strong> \u2013 Ein Beispiel daf\u00fcr, wie Gehry auch im Kontext kleinerer St\u00e4dte und in Deutschland Museen zu architektonischen Landmarken machte und dem Raum eine neue Identit\u00e4t verlieh.<\/li>\n\n\n\n<li><strong>Weisman Art Museum<\/strong> \u2013 Bereits 1993 bewies Gehry seine F\u00e4higkeit, auch in kleinerem Ma\u00dfstab expressives Design mit Museumsfunktionalit\u00e4t zu verbinden; das Geb\u00e4ude gilt als fr\u00fches Zeugnis seiner gesteigerten Formensprache vor der CAD-\u00c4ra.<\/li>\n\n\n\n<li><strong>Museum of Pop Culture (MoPOP)<\/strong> \u2013 Mit einer dynamischen, expressiven Formensprache \u00fcbersetzte Gehry Musik- und Popkultur in Architektur. Hier wurde Planung und Raumgestaltung zum Teil der kuratorischen Inszenierung \u2014 und setzte Standards f\u00fcr Museen abseits klassischer Kunst.<\/li>\n<\/ul>\n\n\n\n<hr class=\"wp-block-separator has-alpha-channel-opacity\"\/>\n\n\n\n<h2 class=\"wp-block-heading\">Unvollendete \/ in Planung befindliche Projekte (Auswahl)<\/h2>\n\n\n\n<figure class=\"wp-block-table\"><table class=\"has-fixed-layout\"><thead><tr><th>Projektname<\/th><th>Ort<\/th><th>Status (unvollendet \/ Planung \/ verz\u00f6gert)<\/th><th>Anmerkung \/ voraussichtliche Er\u00f6ffnung (falls belegt)<\/th><\/tr><\/thead><tbody><tr><td>Guggenheim Abu Dhabi<\/td><td>Abu Dhabi, VAE<\/td><td>in Planung \/ ausgesetzt<\/td><td>Bauarbeiten seit 2011, mehrfach verz\u00f6gert; neues Er\u00f6ffnungsdatum offen <\/td><\/tr><\/tbody><\/table><\/figure>\n\n\n\n<p><em>(Stand: \u00f6ffentlich verf\u00fcgbare Dokumentation, Dezember 2025)<\/em><\/p>\n\n\n\n<hr class=\"wp-block-separator has-alpha-channel-opacity\"\/>\n\n\n\n<h2 class=\"wp-block-heading\">Rezeption und Kontroversen<\/h2>\n\n\n\n<p>Die Architektur Gehrys wurde und wird vielfach gefeiert \u2014 doch nicht selten auch kritisch betrachtet. Seine musealen Bauten werfen Fragen auf:<\/p>\n\n\n\n<ul class=\"wp-block-list\">\n<li><strong>Baukosten und Werthaltigkeit<\/strong>: Auff\u00e4llige, skulpturale Geb\u00e4ude erfordern oft erhebliche Budgets \u2014 f\u00fcr St\u00e4dte und Stiftungen ein Risiko. Kritiker warfen Gehrys Entw\u00fcrfen gelegentlich \u00dcberdimensionierung vor.<\/li>\n\n\n\n<li><strong>St\u00e4dtebauliche Debatte<\/strong>: Der \u201eBilbao-Effekt\u201c weckte Begehrlichkeiten \u2014 nicht alle St\u00e4dte, die Gehry-Museen planten, konnten die immensen Infrastruktur- und Folgekosten stemmen. Der ikonische Bau allein garantiert keinen nachhaltigen Strukturwandel.<\/li>\n\n\n\n<li><strong>Materialit\u00e4t und Nachhaltigkeit<\/strong>: Gehrys Materialwahl \u2014 h\u00e4ufig Metallverkleidungen, geschwungene Fl\u00e4chen \u2014 stellt Anforderungen an Wartung, Energieverbrauch und Langzeitpflege. In Zeiten steigender Anspr\u00fcche an Nachhaltigkeit werden solche Bauten teilweise kritisch hinterfragt.<\/li>\n<\/ul>\n\n\n\n<p>Dennoch: Gehrys Ansatz \u00f6ffnete Raum f\u00fcr Diskussionen \u00fcber das Verh\u00e4ltnis von Funktion, Form und Wirkung im Museumsbau \u2014 eine Debatte, die bis heute relevant ist.<\/p>\n\n\n\n<hr class=\"wp-block-separator has-alpha-channel-opacity\"\/>\n\n\n\n<h2 class=\"wp-block-heading\">Verm\u00e4chtnis<\/h2>\n\n\n\n<p>Gehrys gr\u00f6\u00dftes Verm\u00e4chtnis besteht nicht nur in Geb\u00e4uden \u2014 sondern in der Idee, dass Architektur selbst Teil der Ausstellung sein kann. Er hat eine Generation von Architektinnen und Architekten gepr\u00e4gt, die nicht nur R\u00e4ume schaffen, sondern Atmosph\u00e4ren, Erlebnisse, Identit\u00e4ten. Sein Einfluss wirkt nach in Museen, Kulturzentren und St\u00e4dten weltweit.<\/p>\n\n\n\n<p>Ein oft zitiertes Wort von Gehry lautet:<\/p>\n\n\n\n<blockquote class=\"wp-block-quote is-layout-flow wp-block-quote-is-layout-flow\">\n<p>\u201eIch liebe es zu arbeiten. Ich liebe es, Dinge zu entwerfen.\u201c<\/p>\n<\/blockquote>\n\n\n\n<p>Dieses lebenslange Engagement f\u00fcr Gestaltung, Material und Raum ist sein Erbe.<\/p>\n\n\n\n<hr class=\"wp-block-separator has-alpha-channel-opacity\"\/>\n\n\n\n<h2 class=\"wp-block-heading\">Schlusswort<\/h2>\n\n\n\n<p>Wir nehmen mit Dankbarkeit Abschied von Frank Gehry. Sein vision\u00e4res Denken, seine Architektur und seine mutige Formensprache haben das, was ein Museum sein kann, neu definiert \u2014 nicht nur als Aufbewahrungsort von Kunst, sondern als Kunst selbst. In unseren Museen tragen wir sein Erbe weiter, wenn wir R\u00e4ume schaffen, die \u00fcberraschen, fordern und verbinden.<\/p>\n\n\n\n<p>M\u00f6ge sein Werk weiterhin inspirieren \u2014 und m\u00f6gen die Mauern, die er entworfen hat, Orte des Staunens und der Begegnung bleiben.<\/p>\n","protected":false},"excerpt":{"rendered":"<p>Der vision\u00e4re Architekt Frank Gehry ist am 5. Dezember 2025 im Alter von 96 Jahren in Santa Monica gestorben. Sein Tod markiert das Ende einer \u00c4ra \u2014 wir blicken zur\u00fcck auf ein Leben voller architektonischer \u00adRevolutionen und musealer Ikonen. Kurze Biografie Frank Owen Gehry wurde 1929 in Toronto geboren, als Sohn j\u00fcdischer Einwanderer aus Polen. [&hellip;]<\/p>\n","protected":false},"author":1,"featured_media":3077,"comment_status":"closed","ping_status":"closed","sticky":false,"template":"","format":"standard","meta":{"site-sidebar-layout":"default","site-content-layout":"","ast-site-content-layout":"default","site-content-style":"default","site-sidebar-style":"default","ast-global-header-display":"","ast-banner-title-visibility":"","ast-main-header-display":"","ast-hfb-above-header-display":"","ast-hfb-below-header-display":"","ast-hfb-mobile-header-display":"","site-post-title":"","ast-breadcrumbs-content":"","ast-featured-img":"","footer-sml-layout":"","ast-disable-related-posts":"","theme-transparent-header-meta":"","adv-header-id-meta":"","stick-header-meta":"","header-above-stick-meta":"","header-main-stick-meta":"","header-below-stick-meta":"","astra-migrate-meta-layouts":"set","ast-page-background-enabled":"default","ast-page-background-meta":{"desktop":{"background-color":"var(--ast-global-color-4)","background-image":"","background-repeat":"repeat","background-position":"center center","background-size":"auto","background-attachment":"scroll","background-type":"","background-media":"","overlay-type":"","overlay-color":"","overlay-opacity":"","overlay-gradient":""},"tablet":{"background-color":"","background-image":"","background-repeat":"repeat","background-position":"center center","background-size":"auto","background-attachment":"scroll","background-type":"","background-media":"","overlay-type":"","overlay-color":"","overlay-opacity":"","overlay-gradient":""},"mobile":{"background-color":"","background-image":"","background-repeat":"repeat","background-position":"center center","background-size":"auto","background-attachment":"scroll","background-type":"","background-media":"","overlay-type":"","overlay-color":"","overlay-opacity":"","overlay-gradient":""}},"ast-content-background-meta":{"desktop":{"background-color":"var(--ast-global-color-5)","background-image":"","background-repeat":"repeat","background-position":"center center","background-size":"auto","background-attachment":"scroll","background-type":"","background-media":"","overlay-type":"","overlay-color":"","overlay-opacity":"","overlay-gradient":""},"tablet":{"background-color":"var(--ast-global-color-5)","background-image":"","background-repeat":"repeat","background-position":"center center","background-size":"auto","background-attachment":"scroll","background-type":"","background-media":"","overlay-type":"","overlay-color":"","overlay-opacity":"","overlay-gradient":""},"mobile":{"background-color":"var(--ast-global-color-5)","background-image":"","background-repeat":"repeat","background-position":"center center","background-size":"auto","background-attachment":"scroll","background-type":"","background-media":"","overlay-type":"","overlay-color":"","overlay-opacity":"","overlay-gradient":""}},"episode_type":"","audio_file":"","podmotor_file_id":"","podmotor_episode_id":"","cover_image":"","cover_image_id":"","duration":"","filesize":"","filesize_raw":"","date_recorded":"","explicit":"","block":"","itunes_episode_number":"","itunes_title":"","itunes_season_number":"","itunes_episode_type":"","footnotes":""},"categories":[27],"tags":[447,296,445,443,442,446,444],"class_list":["post-4030","post","type-post","status-publish","format-standard","has-post-thumbnail","hentry","category-museumsticker","tag-dekonstruktivismus","tag-frank-gehry","tag-guggenheim-bilbao","tag-marta-herford","tag-museum-architektur","tag-museum-baukunst","tag-vitra-design-museum"],"yoast_head":"<!-- This site is optimized with the Yoast SEO plugin v27.4 - https:\/\/yoast.com\/product\/yoast-seo-wordpress\/ -->\n<title>Frank Gehry (1929\u20132025): Der Architekt, der Museen neu erfand - Der Museumsblog<\/title>\n<meta name=\"description\" content=\"Zum Tod von Frank Gehry: W\u00fcrdigung seines Lebens und Einflusses, \u00dcberblick \u00fcber alle weltweit realisierten Museumsbauten und sein nachhaltiges architektonisches Erbe.\" \/>\n<meta name=\"robots\" content=\"index, follow, max-snippet:-1, max-image-preview:large, max-video-preview:-1\" \/>\n<link rel=\"canonical\" href=\"https:\/\/www.museum.de\/blog\/frank-gehry-1929-2025-ein-nachruf-auf-den-meister-des-museumbaus\/\" \/>\n<meta property=\"og:locale\" content=\"de_DE\" \/>\n<meta property=\"og:type\" content=\"article\" \/>\n<meta property=\"og:title\" content=\"Frank Gehry (1929\u20132025): Der Architekt, der Museen neu erfand - Der Museumsblog\" \/>\n<meta property=\"og:description\" content=\"Zum Tod von Frank Gehry: W\u00fcrdigung seines Lebens und Einflusses, \u00dcberblick \u00fcber alle weltweit realisierten Museumsbauten und sein nachhaltiges architektonisches Erbe.\" \/>\n<meta property=\"og:url\" content=\"https:\/\/www.museum.de\/blog\/frank-gehry-1929-2025-ein-nachruf-auf-den-meister-des-museumbaus\/\" \/>\n<meta property=\"og:site_name\" content=\"Der Museumsblog\" \/>\n<meta property=\"article:published_time\" content=\"2025-12-05T20:56:29+00:00\" \/>\n<meta property=\"article:modified_time\" content=\"2025-12-06T07:20:44+00:00\" \/>\n<meta property=\"og:image\" content=\"https:\/\/www.museum.de\/blog\/wp-content\/uploads\/2024\/10\/Frank-Gehry.png\" \/>\n\t<meta property=\"og:image:width\" content=\"2240\" \/>\n\t<meta property=\"og:image:height\" content=\"1260\" \/>\n\t<meta property=\"og:image:type\" content=\"image\/png\" \/>\n<meta name=\"author\" content=\"Redaktion\" \/>\n<meta name=\"twitter:card\" content=\"summary_large_image\" \/>\n<script type=\"application\/ld+json\" class=\"yoast-schema-graph\">{\"@context\":\"https:\\\/\\\/schema.org\",\"@graph\":[{\"@type\":\"Article\",\"@id\":\"https:\\\/\\\/www.museum.de\\\/blog\\\/frank-gehry-1929-2025-ein-nachruf-auf-den-meister-des-museumbaus\\\/#article\",\"isPartOf\":{\"@id\":\"https:\\\/\\\/www.museum.de\\\/blog\\\/frank-gehry-1929-2025-ein-nachruf-auf-den-meister-des-museumbaus\\\/\"},\"author\":{\"name\":\"Redaktion\",\"@id\":\"https:\\\/\\\/www.museum.de\\\/blog\\\/#\\\/schema\\\/person\\\/c09a0aea9ac127965257ff6115957332\"},\"headline\":\"Frank Gehry (1929\u20132025): Der Architekt, der Museen neu erfand\",\"datePublished\":\"2025-12-05T20:56:29+00:00\",\"dateModified\":\"2025-12-06T07:20:44+00:00\",\"mainEntityOfPage\":{\"@id\":\"https:\\\/\\\/www.museum.de\\\/blog\\\/frank-gehry-1929-2025-ein-nachruf-auf-den-meister-des-museumbaus\\\/\"},\"wordCount\":1116,\"publisher\":{\"@id\":\"https:\\\/\\\/www.museum.de\\\/blog\\\/#organization\"},\"image\":{\"@id\":\"https:\\\/\\\/www.museum.de\\\/blog\\\/frank-gehry-1929-2025-ein-nachruf-auf-den-meister-des-museumbaus\\\/#primaryimage\"},\"thumbnailUrl\":\"https:\\\/\\\/www.museum.de\\\/blog\\\/wp-content\\\/uploads\\\/2024\\\/10\\\/Frank-Gehry.png\",\"keywords\":[\"Dekonstruktivismus\",\"Frank Gehry\",\"Guggenheim Bilbao\",\"MARTa Herford\",\"Museum Architektur\",\"Museum Baukunst\",\"Vitra Design Museum\"],\"articleSection\":[\"Museumsticker\"],\"inLanguage\":\"de\"},{\"@type\":\"WebPage\",\"@id\":\"https:\\\/\\\/www.museum.de\\\/blog\\\/frank-gehry-1929-2025-ein-nachruf-auf-den-meister-des-museumbaus\\\/\",\"url\":\"https:\\\/\\\/www.museum.de\\\/blog\\\/frank-gehry-1929-2025-ein-nachruf-auf-den-meister-des-museumbaus\\\/\",\"name\":\"Frank Gehry (1929\u20132025): Der Architekt, der Museen neu erfand - Der Museumsblog\",\"isPartOf\":{\"@id\":\"https:\\\/\\\/www.museum.de\\\/blog\\\/#website\"},\"primaryImageOfPage\":{\"@id\":\"https:\\\/\\\/www.museum.de\\\/blog\\\/frank-gehry-1929-2025-ein-nachruf-auf-den-meister-des-museumbaus\\\/#primaryimage\"},\"image\":{\"@id\":\"https:\\\/\\\/www.museum.de\\\/blog\\\/frank-gehry-1929-2025-ein-nachruf-auf-den-meister-des-museumbaus\\\/#primaryimage\"},\"thumbnailUrl\":\"https:\\\/\\\/www.museum.de\\\/blog\\\/wp-content\\\/uploads\\\/2024\\\/10\\\/Frank-Gehry.png\",\"datePublished\":\"2025-12-05T20:56:29+00:00\",\"dateModified\":\"2025-12-06T07:20:44+00:00\",\"description\":\"Zum Tod von Frank Gehry: W\u00fcrdigung seines Lebens und Einflusses, \u00dcberblick \u00fcber alle weltweit realisierten Museumsbauten und sein nachhaltiges architektonisches Erbe.\",\"breadcrumb\":{\"@id\":\"https:\\\/\\\/www.museum.de\\\/blog\\\/frank-gehry-1929-2025-ein-nachruf-auf-den-meister-des-museumbaus\\\/#breadcrumb\"},\"inLanguage\":\"de\",\"potentialAction\":[{\"@type\":\"ReadAction\",\"target\":[\"https:\\\/\\\/www.museum.de\\\/blog\\\/frank-gehry-1929-2025-ein-nachruf-auf-den-meister-des-museumbaus\\\/\"]}]},{\"@type\":\"ImageObject\",\"inLanguage\":\"de\",\"@id\":\"https:\\\/\\\/www.museum.de\\\/blog\\\/frank-gehry-1929-2025-ein-nachruf-auf-den-meister-des-museumbaus\\\/#primaryimage\",\"url\":\"https:\\\/\\\/www.museum.de\\\/blog\\\/wp-content\\\/uploads\\\/2024\\\/10\\\/Frank-Gehry.png\",\"contentUrl\":\"https:\\\/\\\/www.museum.de\\\/blog\\\/wp-content\\\/uploads\\\/2024\\\/10\\\/Frank-Gehry.png\",\"width\":1600,\"height\":900,\"caption\":\"Foto von Frank Gehry in seinem Atelier\"},{\"@type\":\"BreadcrumbList\",\"@id\":\"https:\\\/\\\/www.museum.de\\\/blog\\\/frank-gehry-1929-2025-ein-nachruf-auf-den-meister-des-museumbaus\\\/#breadcrumb\",\"itemListElement\":[{\"@type\":\"ListItem\",\"position\":1,\"name\":\"Startseite\",\"item\":\"https:\\\/\\\/www.museum.de\\\/blog\\\/\"},{\"@type\":\"ListItem\",\"position\":2,\"name\":\"Frank Gehry (1929\u20132025): Der Architekt, der Museen neu erfand\"}]},{\"@type\":\"WebSite\",\"@id\":\"https:\\\/\\\/www.museum.de\\\/blog\\\/#website\",\"url\":\"https:\\\/\\\/www.museum.de\\\/blog\\\/\",\"name\":\"Der Museumsblog\",\"description\":\"Der Blog\",\"publisher\":{\"@id\":\"https:\\\/\\\/www.museum.de\\\/blog\\\/#organization\"},\"alternateName\":\"museum.de - Der Museumsblog\",\"potentialAction\":[{\"@type\":\"SearchAction\",\"target\":{\"@type\":\"EntryPoint\",\"urlTemplate\":\"https:\\\/\\\/www.museum.de\\\/blog\\\/?s={search_term_string}\"},\"query-input\":{\"@type\":\"PropertyValueSpecification\",\"valueRequired\":true,\"valueName\":\"search_term_string\"}}],\"inLanguage\":\"de\"},{\"@type\":\"Organization\",\"@id\":\"https:\\\/\\\/www.museum.de\\\/blog\\\/#organization\",\"name\":\"Der Museumsblog\",\"url\":\"https:\\\/\\\/www.museum.de\\\/blog\\\/\",\"logo\":{\"@type\":\"ImageObject\",\"inLanguage\":\"de\",\"@id\":\"https:\\\/\\\/www.museum.de\\\/blog\\\/#\\\/schema\\\/logo\\\/image\\\/\",\"url\":\"https:\\\/\\\/www.museum.de\\\/blog\\\/wp-content\\\/uploads\\\/2019\\\/03\\\/cropped-Audioguide_Titelseite-1.jpg\",\"contentUrl\":\"https:\\\/\\\/www.museum.de\\\/blog\\\/wp-content\\\/uploads\\\/2019\\\/03\\\/cropped-Audioguide_Titelseite-1.jpg\",\"width\":512,\"height\":512,\"caption\":\"Der Museumsblog\"},\"image\":{\"@id\":\"https:\\\/\\\/www.museum.de\\\/blog\\\/#\\\/schema\\\/logo\\\/image\\\/\"}},{\"@type\":\"Person\",\"@id\":\"https:\\\/\\\/www.museum.de\\\/blog\\\/#\\\/schema\\\/person\\\/c09a0aea9ac127965257ff6115957332\",\"name\":\"Redaktion\",\"description\":\"Das Redaktionsteam von museum.de\",\"url\":\"https:\\\/\\\/www.museum.de\\\/blog\\\/author\\\/msupervisor\\\/\"}]}<\/script>\n<!-- \/ Yoast SEO plugin. -->","yoast_head_json":{"title":"Frank Gehry (1929\u20132025): Der Architekt, der Museen neu erfand - Der Museumsblog","description":"Zum Tod von Frank Gehry: W\u00fcrdigung seines Lebens und Einflusses, \u00dcberblick \u00fcber alle weltweit realisierten Museumsbauten und sein nachhaltiges architektonisches Erbe.","robots":{"index":"index","follow":"follow","max-snippet":"max-snippet:-1","max-image-preview":"max-image-preview:large","max-video-preview":"max-video-preview:-1"},"canonical":"https:\/\/www.museum.de\/blog\/frank-gehry-1929-2025-ein-nachruf-auf-den-meister-des-museumbaus\/","og_locale":"de_DE","og_type":"article","og_title":"Frank Gehry (1929\u20132025): Der Architekt, der Museen neu erfand - Der Museumsblog","og_description":"Zum Tod von Frank Gehry: W\u00fcrdigung seines Lebens und Einflusses, \u00dcberblick \u00fcber alle weltweit realisierten Museumsbauten und sein nachhaltiges architektonisches Erbe.","og_url":"https:\/\/www.museum.de\/blog\/frank-gehry-1929-2025-ein-nachruf-auf-den-meister-des-museumbaus\/","og_site_name":"Der Museumsblog","article_published_time":"2025-12-05T20:56:29+00:00","article_modified_time":"2025-12-06T07:20:44+00:00","og_image":[{"width":2240,"height":1260,"url":"https:\/\/www.museum.de\/blog\/wp-content\/uploads\/2024\/10\/Frank-Gehry.png","type":"image\/png"}],"author":"Redaktion","twitter_card":"summary_large_image","schema":{"@context":"https:\/\/schema.org","@graph":[{"@type":"Article","@id":"https:\/\/www.museum.de\/blog\/frank-gehry-1929-2025-ein-nachruf-auf-den-meister-des-museumbaus\/#article","isPartOf":{"@id":"https:\/\/www.museum.de\/blog\/frank-gehry-1929-2025-ein-nachruf-auf-den-meister-des-museumbaus\/"},"author":{"name":"Redaktion","@id":"https:\/\/www.museum.de\/blog\/#\/schema\/person\/c09a0aea9ac127965257ff6115957332"},"headline":"Frank Gehry (1929\u20132025): Der Architekt, der Museen neu erfand","datePublished":"2025-12-05T20:56:29+00:00","dateModified":"2025-12-06T07:20:44+00:00","mainEntityOfPage":{"@id":"https:\/\/www.museum.de\/blog\/frank-gehry-1929-2025-ein-nachruf-auf-den-meister-des-museumbaus\/"},"wordCount":1116,"publisher":{"@id":"https:\/\/www.museum.de\/blog\/#organization"},"image":{"@id":"https:\/\/www.museum.de\/blog\/frank-gehry-1929-2025-ein-nachruf-auf-den-meister-des-museumbaus\/#primaryimage"},"thumbnailUrl":"https:\/\/www.museum.de\/blog\/wp-content\/uploads\/2024\/10\/Frank-Gehry.png","keywords":["Dekonstruktivismus","Frank Gehry","Guggenheim Bilbao","MARTa Herford","Museum Architektur","Museum Baukunst","Vitra Design Museum"],"articleSection":["Museumsticker"],"inLanguage":"de"},{"@type":"WebPage","@id":"https:\/\/www.museum.de\/blog\/frank-gehry-1929-2025-ein-nachruf-auf-den-meister-des-museumbaus\/","url":"https:\/\/www.museum.de\/blog\/frank-gehry-1929-2025-ein-nachruf-auf-den-meister-des-museumbaus\/","name":"Frank Gehry (1929\u20132025): Der Architekt, der Museen neu erfand - Der Museumsblog","isPartOf":{"@id":"https:\/\/www.museum.de\/blog\/#website"},"primaryImageOfPage":{"@id":"https:\/\/www.museum.de\/blog\/frank-gehry-1929-2025-ein-nachruf-auf-den-meister-des-museumbaus\/#primaryimage"},"image":{"@id":"https:\/\/www.museum.de\/blog\/frank-gehry-1929-2025-ein-nachruf-auf-den-meister-des-museumbaus\/#primaryimage"},"thumbnailUrl":"https:\/\/www.museum.de\/blog\/wp-content\/uploads\/2024\/10\/Frank-Gehry.png","datePublished":"2025-12-05T20:56:29+00:00","dateModified":"2025-12-06T07:20:44+00:00","description":"Zum Tod von Frank Gehry: W\u00fcrdigung seines Lebens und Einflusses, \u00dcberblick \u00fcber alle weltweit realisierten Museumsbauten und sein nachhaltiges architektonisches Erbe.","breadcrumb":{"@id":"https:\/\/www.museum.de\/blog\/frank-gehry-1929-2025-ein-nachruf-auf-den-meister-des-museumbaus\/#breadcrumb"},"inLanguage":"de","potentialAction":[{"@type":"ReadAction","target":["https:\/\/www.museum.de\/blog\/frank-gehry-1929-2025-ein-nachruf-auf-den-meister-des-museumbaus\/"]}]},{"@type":"ImageObject","inLanguage":"de","@id":"https:\/\/www.museum.de\/blog\/frank-gehry-1929-2025-ein-nachruf-auf-den-meister-des-museumbaus\/#primaryimage","url":"https:\/\/www.museum.de\/blog\/wp-content\/uploads\/2024\/10\/Frank-Gehry.png","contentUrl":"https:\/\/www.museum.de\/blog\/wp-content\/uploads\/2024\/10\/Frank-Gehry.png","width":1600,"height":900,"caption":"Foto von Frank Gehry in seinem Atelier"},{"@type":"BreadcrumbList","@id":"https:\/\/www.museum.de\/blog\/frank-gehry-1929-2025-ein-nachruf-auf-den-meister-des-museumbaus\/#breadcrumb","itemListElement":[{"@type":"ListItem","position":1,"name":"Startseite","item":"https:\/\/www.museum.de\/blog\/"},{"@type":"ListItem","position":2,"name":"Frank Gehry (1929\u20132025): Der Architekt, der Museen neu erfand"}]},{"@type":"WebSite","@id":"https:\/\/www.museum.de\/blog\/#website","url":"https:\/\/www.museum.de\/blog\/","name":"Der Museumsblog","description":"Der Blog","publisher":{"@id":"https:\/\/www.museum.de\/blog\/#organization"},"alternateName":"museum.de - Der Museumsblog","potentialAction":[{"@type":"SearchAction","target":{"@type":"EntryPoint","urlTemplate":"https:\/\/www.museum.de\/blog\/?s={search_term_string}"},"query-input":{"@type":"PropertyValueSpecification","valueRequired":true,"valueName":"search_term_string"}}],"inLanguage":"de"},{"@type":"Organization","@id":"https:\/\/www.museum.de\/blog\/#organization","name":"Der Museumsblog","url":"https:\/\/www.museum.de\/blog\/","logo":{"@type":"ImageObject","inLanguage":"de","@id":"https:\/\/www.museum.de\/blog\/#\/schema\/logo\/image\/","url":"https:\/\/www.museum.de\/blog\/wp-content\/uploads\/2019\/03\/cropped-Audioguide_Titelseite-1.jpg","contentUrl":"https:\/\/www.museum.de\/blog\/wp-content\/uploads\/2019\/03\/cropped-Audioguide_Titelseite-1.jpg","width":512,"height":512,"caption":"Der Museumsblog"},"image":{"@id":"https:\/\/www.museum.de\/blog\/#\/schema\/logo\/image\/"}},{"@type":"Person","@id":"https:\/\/www.museum.de\/blog\/#\/schema\/person\/c09a0aea9ac127965257ff6115957332","name":"Redaktion","description":"Das Redaktionsteam von museum.de","url":"https:\/\/www.museum.de\/blog\/author\/msupervisor\/"}]}},"_links":{"self":[{"href":"https:\/\/www.museum.de\/blog\/wp-json\/wp\/v2\/posts\/4030","targetHints":{"allow":["GET"]}}],"collection":[{"href":"https:\/\/www.museum.de\/blog\/wp-json\/wp\/v2\/posts"}],"about":[{"href":"https:\/\/www.museum.de\/blog\/wp-json\/wp\/v2\/types\/post"}],"author":[{"embeddable":true,"href":"https:\/\/www.museum.de\/blog\/wp-json\/wp\/v2\/users\/1"}],"replies":[{"embeddable":true,"href":"https:\/\/www.museum.de\/blog\/wp-json\/wp\/v2\/comments?post=4030"}],"version-history":[{"count":9,"href":"https:\/\/www.museum.de\/blog\/wp-json\/wp\/v2\/posts\/4030\/revisions"}],"predecessor-version":[{"id":4044,"href":"https:\/\/www.museum.de\/blog\/wp-json\/wp\/v2\/posts\/4030\/revisions\/4044"}],"wp:featuredmedia":[{"embeddable":true,"href":"https:\/\/www.museum.de\/blog\/wp-json\/wp\/v2\/media\/3077"}],"wp:attachment":[{"href":"https:\/\/www.museum.de\/blog\/wp-json\/wp\/v2\/media?parent=4030"}],"wp:term":[{"taxonomy":"category","embeddable":true,"href":"https:\/\/www.museum.de\/blog\/wp-json\/wp\/v2\/categories?post=4030"},{"taxonomy":"post_tag","embeddable":true,"href":"https:\/\/www.museum.de\/blog\/wp-json\/wp\/v2\/tags?post=4030"}],"curies":[{"name":"wp","href":"https:\/\/api.w.org\/{rel}","templated":true}]}}