{"id":4047,"date":"2025-12-11T19:26:55","date_gmt":"2025-12-11T19:26:55","guid":{"rendered":"https:\/\/www.museum.de\/blog\/?p=4047"},"modified":"2025-12-11T19:33:56","modified_gmt":"2025-12-11T19:33:56","slug":"ki-im-museum-rette-sich-wer-kann","status":"publish","type":"post","link":"https:\/\/www.museum.de\/blog\/ki-im-museum-rette-sich-wer-kann\/","title":{"rendered":"KI im Museum \u2013 rette sich, wer kann?!"},"content":{"rendered":"\n<div class=\"wp-block-cover\" style=\"margin-top:2rem;margin-bottom:2rem;min-height:790px;aspect-ratio:unset;\"><span aria-hidden=\"true\" class=\"wp-block-cover__background has-background-dim\" style=\"background-color:#785d1c\"><\/span><img decoding=\"async\" loading=\"lazy\" width=\"1536\" height=\"1024\" src=\"https:\/\/www.museum.de\/blog\/wp-content\/uploads\/2025\/12\/weihnachten-2025.jpg\" class=\"wp-block-cover__image-background wp-post-image\" alt=\"\" data-object-fit=\"cover\" srcset=\"https:\/\/www.museum.de\/blog\/wp-content\/uploads\/2025\/12\/weihnachten-2025.jpg 1536w, https:\/\/www.museum.de\/blog\/wp-content\/uploads\/2025\/12\/weihnachten-2025-300x200.jpg 300w, https:\/\/www.museum.de\/blog\/wp-content\/uploads\/2025\/12\/weihnachten-2025-1248x832.jpg 1248w, https:\/\/www.museum.de\/blog\/wp-content\/uploads\/2025\/12\/weihnachten-2025-768x512.jpg 768w\" sizes=\"auto, (max-width: 1536px) 100vw, 1536px\" \/><div class=\"wp-block-cover__inner-container is-layout-constrained wp-block-cover-is-layout-constrained\">\n<h1 class=\"wp-block-heading has-text-align-center has-ast-global-color-5-color has-text-color has-link-color has-x-large-font-size wp-elements-e019b58270efb687be3ccb5a23f65ec2\">KI im Museum \u2013 rette sich, wer kann?!<\/h1>\n<\/div><\/div>\n\n\n\n<p>Das Jahr neigt sich dem Ende zu, und die Gesellschaft f\u00fcr deutsche Sprache hat das Wort des<br>Jahres 2025 gek\u00fcrt:<strong>\u201eKI-\u00c4ra\u201c.<\/strong> Treffender k\u00f6nnte es kaum sein. Denn sp\u00e4testens 2026 wird<br>sich auf nahezu jeder Messe, jedem Fachkongress und jedem Branchentreffen im<br>Museumswesen alles um ein Thema drehen: <strong>K\u00fcnstliche Intelligenz im Museum<\/strong>.<\/p>\n\n\n\n<p>Wie bei jeder technologischen Neuerung schwingt dabei Skepsis mit. Viele sehen die<br>Entwicklungen kritisch \u2013 bis sie \u00fcber den Gartenzaun schauen. Dort liegt der Nachbar<br>entspannt im Liegestuhl, w\u00e4hrend sein KI-Rasenm\u00e4her millimetergenau die Bahnen zieht.<br>Wenn der Nachbar im Liegestuhl die Sonne genie\u00dft, w\u00e4hrend sein KI-Rasenm\u00e4her den Garten<br>perfekten Streifen verpasst, kommt man dann nicht ins Gr\u00fcbeln, ob der klassische<br>Handrasenm\u00e4her wirklich noch ein Fitnessger\u00e4t sein sollte?<\/p>\n\n\n\n<p>Schwierig wird es, wenn dann gleich die ganze Stra\u00dfe auf denselben Rasenroboter setzt \u2013 und<br>sich sp\u00e4ter herausstellt, dass dieses Modell leider besonders zuverl\u00e4ssig die Beete der<br>Nachbarn mitstutzt. Trend folgen hei\u00dft eben nicht automatisch: richtige Entscheidung treffen.<\/p>\n\n\n\n<h3 class=\"wp-block-heading\">Wir stehen nicht am Zaun \u2013 wir sind seit Jahren im Garten<\/h3>\n\n\n\n<p>Wir von museum.de besch\u00e4ftigen uns nicht erst seit dem KI-Hype mit Audioguides. Wir<br>haben die klassische Tonproduktion durchlaufen, kennen jeden Schritt vom Audioskript bis<br>zur fertigen Aufnahme \u2013 und genau deshalb wissen wir heute, wo KI wirklich Vorteile bringt.<\/p>\n\n\n\n<p>Die Phase des Experimentierens?<br>L\u00e4ngst abgeschlossen.<\/p>\n\n\n\n<h3 class=\"wp-block-heading\">Die KI-Backmaschine f\u00fcr Ihren Audioguide<\/h3>\n\n\n\n<p>Mit unserem System erstellen Sie Ihren Audioguide so m\u00fchelos wie einen Lieblingskuchen in<br>einer modernen K\u00fcchenmaschine:<\/p>\n\n\n\n<ul class=\"wp-block-list\">\n<li>KI unterst\u00fctzt beim <strong>Texten und Strukturieren<\/strong> der Inhalte.<\/li>\n\n\n\n<li>\u00dcbersetzungen entstehen <strong>pr\u00e4zise und zuverl\u00e4ssig<\/strong>.<\/li>\n\n\n\n<li>Die <strong><a href=\"https:\/\/www.museum.de\/blog\/neue-stimmen-im-audiolab-von-museum-de\/\">synthetischen Stimmen<\/a><\/strong> sind so klar und nat\u00fcrlich, dass sie in ihrer Deutlichkeit<br>oft besser verst\u00e4ndlich sind als klassische Studioaufnahmen \u2013 ein echter Vorteil,<br>insbesondere f\u00fcr \u00e4ltere Besucherinnen und Besucher.<\/li>\n<\/ul>\n\n\n\n<p>Und Anpassungen?<br>Eine korrigierte Jahreszahl oder ein neuer Absatz sind in wenigen Minuten eingepflegt.<br>In der KI-\u00c4ra ist ein Audioguide kein starres Produkt mehr, sondern ein lebendiges<br>Werkzeug.<\/p>\n\n\n\n<h3 class=\"wp-block-heading\">Das Unikat: die beiden Plattformen, die es nur einmal gibt<\/h3>\n\n\n\n<p>Doch jetzt kommt der entscheidende Punkt:<br>KI allein macht noch keinen erfolgreichen Audioguide.<\/p>\n\n\n\n<p>Was den Unterschied ausmacht, sind <strong>zwei Plattformen, die es weltweit nur ein einziges Mal gibt <\/strong>\u2013 museum.de und museum.com.<\/p>\n\n\n\n<p>Diese beiden Portale sind die zentrale Drehscheibe f\u00fcr digitale Museumspr\u00e4senz. Wer seinen<br>KI-gest\u00fctzten Audioguide hier einbindet, sorgt automatisch f\u00fcr:<\/p>\n\n\n\n<ul class=\"wp-block-list\">\n<li>\u00fcberregionale Sichtbarkeit,<\/li>\n\n\n\n<li>professionelle Auffindbarkeit,<\/li>\n\n\n\n<li>und einen seri\u00f6sen digitalen Au\u00dfenauftritt, der weit \u00fcber das eigene Museum<br>hinausstrahlt.<\/li>\n<\/ul>\n\n\n\n<p>Man k\u00f6nnte sagen: W\u00e4hrend andere den Rasenm\u00e4her wechseln, besitzen wir zus\u00e4tzlich die<br>perfekte Gartenplanung \u2013 und damit den echten Wettbewerbsvorteil.<\/p>\n\n\n\n<h3 class=\"wp-block-heading\">KI \u2013 sinnvoll nutzen, nicht blind anwenden<\/h3>\n\n\n\n<p>Trotz aller Begeisterung bleibt eines wichtig:<br>KI soll das Museum unterst\u00fctzen, nicht ersetzen. Sie ist ein Werkzeug \u2013 ein hervorragendes,<br>wenn man es richtig einsetzt.<\/p>\n\n\n\n<p>Wir gehen ins Museum wegen der Objekte, die unsere Kultur spiegeln, Emotionen wecken<br>und unseren Geist anregen. Die KI hilft dabei, diese Erlebnisse zug\u00e4nglich zu machen. Doch<br>sie \u00fcbernimmt das Museum nicht \u2013 sie verst\u00e4rkt es.<\/p>\n","protected":false},"excerpt":{"rendered":"<p>Das Jahr neigt sich dem Ende zu, und die Gesellschaft f\u00fcr deutsche Sprache hat das Wort desJahres 2025 gek\u00fcrt:\u201eKI-\u00c4ra\u201c. Treffender k\u00f6nnte es kaum sein. Denn sp\u00e4testens 2026 wirdsich auf nahezu jeder Messe, jedem Fachkongress und jedem Branchentreffen imMuseumswesen alles um ein Thema drehen: K\u00fcnstliche Intelligenz im Museum. Wie bei jeder technologischen Neuerung schwingt dabei Skepsis [&hellip;]<\/p>\n","protected":false},"author":1,"featured_media":4050,"comment_status":"closed","ping_status":"closed","sticky":false,"template":"","format":"standard","meta":{"site-sidebar-layout":"default","site-content-layout":"","ast-site-content-layout":"default","site-content-style":"default","site-sidebar-style":"default","ast-global-header-display":"","ast-banner-title-visibility":"","ast-main-header-display":"","ast-hfb-above-header-display":"","ast-hfb-below-header-display":"","ast-hfb-mobile-header-display":"","site-post-title":"","ast-breadcrumbs-content":"","ast-featured-img":"","footer-sml-layout":"","ast-disable-related-posts":"","theme-transparent-header-meta":"","adv-header-id-meta":"","stick-header-meta":"","header-above-stick-meta":"","header-main-stick-meta":"","header-below-stick-meta":"","astra-migrate-meta-layouts":"set","ast-page-background-enabled":"default","ast-page-background-meta":{"desktop":{"background-color":"var(--ast-global-color-4)","background-image":"","background-repeat":"repeat","background-position":"center center","background-size":"auto","background-attachment":"scroll","background-type":"","background-media":"","overlay-type":"","overlay-color":"","overlay-opacity":"","overlay-gradient":""},"tablet":{"background-color":"","background-image":"","background-repeat":"repeat","background-position":"center center","background-size":"auto","background-attachment":"scroll","background-type":"","background-media":"","overlay-type":"","overlay-color":"","overlay-opacity":"","overlay-gradient":""},"mobile":{"background-color":"","background-image":"","background-repeat":"repeat","background-position":"center center","background-size":"auto","background-attachment":"scroll","background-type":"","background-media":"","overlay-type":"","overlay-color":"","overlay-opacity":"","overlay-gradient":""}},"ast-content-background-meta":{"desktop":{"background-color":"var(--ast-global-color-5)","background-image":"","background-repeat":"repeat","background-position":"center center","background-size":"auto","background-attachment":"scroll","background-type":"","background-media":"","overlay-type":"","overlay-color":"","overlay-opacity":"","overlay-gradient":""},"tablet":{"background-color":"var(--ast-global-color-5)","background-image":"","background-repeat":"repeat","background-position":"center center","background-size":"auto","background-attachment":"scroll","background-type":"","background-media":"","overlay-type":"","overlay-color":"","overlay-opacity":"","overlay-gradient":""},"mobile":{"background-color":"var(--ast-global-color-5)","background-image":"","background-repeat":"repeat","background-position":"center center","background-size":"auto","background-attachment":"scroll","background-type":"","background-media":"","overlay-type":"","overlay-color":"","overlay-opacity":"","overlay-gradient":""}},"episode_type":"","audio_file":"","podmotor_file_id":"","podmotor_episode_id":"","cover_image":"","cover_image_id":"","duration":"","filesize":"","filesize_raw":"","date_recorded":"","explicit":"","block":"","itunes_episode_number":"","itunes_title":"","itunes_season_number":"","itunes_episode_type":"","footnotes":""},"categories":[237,1],"tags":[14,448],"class_list":["post-4047","post","type-post","status-publish","format-standard","has-post-thumbnail","hentry","category-kuenstliche-intelligenz","category-redaktion","tag-audioguides","tag-kuenstliche-intelligenz"],"yoast_head":"<!-- This site is optimized with the Yoast SEO plugin v27.4 - https:\/\/yoast.com\/product\/yoast-seo-wordpress\/ -->\n<title>KI im Museum \u2013 rette sich, wer kann?! - Der Museumsblog<\/title>\n<meta name=\"robots\" content=\"index, follow, max-snippet:-1, max-image-preview:large, max-video-preview:-1\" \/>\n<link rel=\"canonical\" href=\"https:\/\/www.museum.de\/blog\/ki-im-museum-rette-sich-wer-kann\/\" \/>\n<meta property=\"og:locale\" content=\"de_DE\" \/>\n<meta property=\"og:type\" content=\"article\" \/>\n<meta property=\"og:title\" content=\"KI im Museum \u2013 rette sich, wer kann?! - Der Museumsblog\" \/>\n<meta property=\"og:description\" content=\"Das Jahr neigt sich dem Ende zu, und die Gesellschaft f\u00fcr deutsche Sprache hat das Wort desJahres 2025 gek\u00fcrt:\u201eKI-\u00c4ra\u201c. Treffender k\u00f6nnte es kaum sein. Denn sp\u00e4testens 2026 wirdsich auf nahezu jeder Messe, jedem Fachkongress und jedem Branchentreffen imMuseumswesen alles um ein Thema drehen: K\u00fcnstliche Intelligenz im Museum. Wie bei jeder technologischen Neuerung schwingt dabei Skepsis [&hellip;]\" \/>\n<meta property=\"og:url\" content=\"https:\/\/www.museum.de\/blog\/ki-im-museum-rette-sich-wer-kann\/\" \/>\n<meta property=\"og:site_name\" content=\"Der Museumsblog\" \/>\n<meta property=\"article:published_time\" content=\"2025-12-11T19:26:55+00:00\" \/>\n<meta property=\"article:modified_time\" content=\"2025-12-11T19:33:56+00:00\" \/>\n<meta property=\"og:image\" content=\"https:\/\/www.museum.de\/blog\/wp-content\/uploads\/2025\/12\/weihnachten-2025.jpg\" \/>\n\t<meta property=\"og:image:width\" content=\"1536\" \/>\n\t<meta property=\"og:image:height\" content=\"1024\" \/>\n\t<meta property=\"og:image:type\" content=\"image\/jpeg\" \/>\n<meta name=\"author\" content=\"Redaktion\" \/>\n<meta name=\"twitter:card\" content=\"summary_large_image\" \/>\n<script type=\"application\/ld+json\" class=\"yoast-schema-graph\">{\"@context\":\"https:\\\/\\\/schema.org\",\"@graph\":[{\"@type\":\"Article\",\"@id\":\"https:\\\/\\\/www.museum.de\\\/blog\\\/ki-im-museum-rette-sich-wer-kann\\\/#article\",\"isPartOf\":{\"@id\":\"https:\\\/\\\/www.museum.de\\\/blog\\\/ki-im-museum-rette-sich-wer-kann\\\/\"},\"author\":{\"name\":\"Redaktion\",\"@id\":\"https:\\\/\\\/www.museum.de\\\/blog\\\/#\\\/schema\\\/person\\\/c09a0aea9ac127965257ff6115957332\"},\"headline\":\"KI im Museum \u2013 rette sich, wer kann?!\",\"datePublished\":\"2025-12-11T19:26:55+00:00\",\"dateModified\":\"2025-12-11T19:33:56+00:00\",\"mainEntityOfPage\":{\"@id\":\"https:\\\/\\\/www.museum.de\\\/blog\\\/ki-im-museum-rette-sich-wer-kann\\\/\"},\"wordCount\":499,\"publisher\":{\"@id\":\"https:\\\/\\\/www.museum.de\\\/blog\\\/#organization\"},\"image\":{\"@id\":\"https:\\\/\\\/www.museum.de\\\/blog\\\/ki-im-museum-rette-sich-wer-kann\\\/#primaryimage\"},\"thumbnailUrl\":\"https:\\\/\\\/www.museum.de\\\/blog\\\/wp-content\\\/uploads\\\/2025\\\/12\\\/weihnachten-2025.jpg\",\"keywords\":[\"Audioguides\",\"K\u00fcnstliche Intelligenz\"],\"articleSection\":[\"K\u00fcnstliche Intelligenz\",\"Redaktion\"],\"inLanguage\":\"de\"},{\"@type\":\"WebPage\",\"@id\":\"https:\\\/\\\/www.museum.de\\\/blog\\\/ki-im-museum-rette-sich-wer-kann\\\/\",\"url\":\"https:\\\/\\\/www.museum.de\\\/blog\\\/ki-im-museum-rette-sich-wer-kann\\\/\",\"name\":\"KI im Museum \u2013 rette sich, wer kann?! - Der Museumsblog\",\"isPartOf\":{\"@id\":\"https:\\\/\\\/www.museum.de\\\/blog\\\/#website\"},\"primaryImageOfPage\":{\"@id\":\"https:\\\/\\\/www.museum.de\\\/blog\\\/ki-im-museum-rette-sich-wer-kann\\\/#primaryimage\"},\"image\":{\"@id\":\"https:\\\/\\\/www.museum.de\\\/blog\\\/ki-im-museum-rette-sich-wer-kann\\\/#primaryimage\"},\"thumbnailUrl\":\"https:\\\/\\\/www.museum.de\\\/blog\\\/wp-content\\\/uploads\\\/2025\\\/12\\\/weihnachten-2025.jpg\",\"datePublished\":\"2025-12-11T19:26:55+00:00\",\"dateModified\":\"2025-12-11T19:33:56+00:00\",\"breadcrumb\":{\"@id\":\"https:\\\/\\\/www.museum.de\\\/blog\\\/ki-im-museum-rette-sich-wer-kann\\\/#breadcrumb\"},\"inLanguage\":\"de\",\"potentialAction\":[{\"@type\":\"ReadAction\",\"target\":[\"https:\\\/\\\/www.museum.de\\\/blog\\\/ki-im-museum-rette-sich-wer-kann\\\/\"]}]},{\"@type\":\"ImageObject\",\"inLanguage\":\"de\",\"@id\":\"https:\\\/\\\/www.museum.de\\\/blog\\\/ki-im-museum-rette-sich-wer-kann\\\/#primaryimage\",\"url\":\"https:\\\/\\\/www.museum.de\\\/blog\\\/wp-content\\\/uploads\\\/2025\\\/12\\\/weihnachten-2025.jpg\",\"contentUrl\":\"https:\\\/\\\/www.museum.de\\\/blog\\\/wp-content\\\/uploads\\\/2025\\\/12\\\/weihnachten-2025.jpg\",\"width\":1536,\"height\":1024},{\"@type\":\"BreadcrumbList\",\"@id\":\"https:\\\/\\\/www.museum.de\\\/blog\\\/ki-im-museum-rette-sich-wer-kann\\\/#breadcrumb\",\"itemListElement\":[{\"@type\":\"ListItem\",\"position\":1,\"name\":\"Startseite\",\"item\":\"https:\\\/\\\/www.museum.de\\\/blog\\\/\"},{\"@type\":\"ListItem\",\"position\":2,\"name\":\"KI im Museum \u2013 rette sich, wer kann?!\"}]},{\"@type\":\"WebSite\",\"@id\":\"https:\\\/\\\/www.museum.de\\\/blog\\\/#website\",\"url\":\"https:\\\/\\\/www.museum.de\\\/blog\\\/\",\"name\":\"Der Museumsblog\",\"description\":\"Der Blog\",\"publisher\":{\"@id\":\"https:\\\/\\\/www.museum.de\\\/blog\\\/#organization\"},\"alternateName\":\"museum.de - Der Museumsblog\",\"potentialAction\":[{\"@type\":\"SearchAction\",\"target\":{\"@type\":\"EntryPoint\",\"urlTemplate\":\"https:\\\/\\\/www.museum.de\\\/blog\\\/?s={search_term_string}\"},\"query-input\":{\"@type\":\"PropertyValueSpecification\",\"valueRequired\":true,\"valueName\":\"search_term_string\"}}],\"inLanguage\":\"de\"},{\"@type\":\"Organization\",\"@id\":\"https:\\\/\\\/www.museum.de\\\/blog\\\/#organization\",\"name\":\"Der Museumsblog\",\"url\":\"https:\\\/\\\/www.museum.de\\\/blog\\\/\",\"logo\":{\"@type\":\"ImageObject\",\"inLanguage\":\"de\",\"@id\":\"https:\\\/\\\/www.museum.de\\\/blog\\\/#\\\/schema\\\/logo\\\/image\\\/\",\"url\":\"https:\\\/\\\/www.museum.de\\\/blog\\\/wp-content\\\/uploads\\\/2019\\\/03\\\/cropped-Audioguide_Titelseite-1.jpg\",\"contentUrl\":\"https:\\\/\\\/www.museum.de\\\/blog\\\/wp-content\\\/uploads\\\/2019\\\/03\\\/cropped-Audioguide_Titelseite-1.jpg\",\"width\":512,\"height\":512,\"caption\":\"Der Museumsblog\"},\"image\":{\"@id\":\"https:\\\/\\\/www.museum.de\\\/blog\\\/#\\\/schema\\\/logo\\\/image\\\/\"}},{\"@type\":\"Person\",\"@id\":\"https:\\\/\\\/www.museum.de\\\/blog\\\/#\\\/schema\\\/person\\\/c09a0aea9ac127965257ff6115957332\",\"name\":\"Redaktion\",\"description\":\"Das Redaktionsteam von museum.de\",\"url\":\"https:\\\/\\\/www.museum.de\\\/blog\\\/author\\\/msupervisor\\\/\"}]}<\/script>\n<!-- \/ Yoast SEO plugin. -->","yoast_head_json":{"title":"KI im Museum \u2013 rette sich, wer kann?! - Der Museumsblog","robots":{"index":"index","follow":"follow","max-snippet":"max-snippet:-1","max-image-preview":"max-image-preview:large","max-video-preview":"max-video-preview:-1"},"canonical":"https:\/\/www.museum.de\/blog\/ki-im-museum-rette-sich-wer-kann\/","og_locale":"de_DE","og_type":"article","og_title":"KI im Museum \u2013 rette sich, wer kann?! - Der Museumsblog","og_description":"Das Jahr neigt sich dem Ende zu, und die Gesellschaft f\u00fcr deutsche Sprache hat das Wort desJahres 2025 gek\u00fcrt:\u201eKI-\u00c4ra\u201c. Treffender k\u00f6nnte es kaum sein. Denn sp\u00e4testens 2026 wirdsich auf nahezu jeder Messe, jedem Fachkongress und jedem Branchentreffen imMuseumswesen alles um ein Thema drehen: K\u00fcnstliche Intelligenz im Museum. Wie bei jeder technologischen Neuerung schwingt dabei Skepsis [&hellip;]","og_url":"https:\/\/www.museum.de\/blog\/ki-im-museum-rette-sich-wer-kann\/","og_site_name":"Der Museumsblog","article_published_time":"2025-12-11T19:26:55+00:00","article_modified_time":"2025-12-11T19:33:56+00:00","og_image":[{"width":1536,"height":1024,"url":"https:\/\/www.museum.de\/blog\/wp-content\/uploads\/2025\/12\/weihnachten-2025.jpg","type":"image\/jpeg"}],"author":"Redaktion","twitter_card":"summary_large_image","schema":{"@context":"https:\/\/schema.org","@graph":[{"@type":"Article","@id":"https:\/\/www.museum.de\/blog\/ki-im-museum-rette-sich-wer-kann\/#article","isPartOf":{"@id":"https:\/\/www.museum.de\/blog\/ki-im-museum-rette-sich-wer-kann\/"},"author":{"name":"Redaktion","@id":"https:\/\/www.museum.de\/blog\/#\/schema\/person\/c09a0aea9ac127965257ff6115957332"},"headline":"KI im Museum \u2013 rette sich, wer kann?!","datePublished":"2025-12-11T19:26:55+00:00","dateModified":"2025-12-11T19:33:56+00:00","mainEntityOfPage":{"@id":"https:\/\/www.museum.de\/blog\/ki-im-museum-rette-sich-wer-kann\/"},"wordCount":499,"publisher":{"@id":"https:\/\/www.museum.de\/blog\/#organization"},"image":{"@id":"https:\/\/www.museum.de\/blog\/ki-im-museum-rette-sich-wer-kann\/#primaryimage"},"thumbnailUrl":"https:\/\/www.museum.de\/blog\/wp-content\/uploads\/2025\/12\/weihnachten-2025.jpg","keywords":["Audioguides","K\u00fcnstliche Intelligenz"],"articleSection":["K\u00fcnstliche Intelligenz","Redaktion"],"inLanguage":"de"},{"@type":"WebPage","@id":"https:\/\/www.museum.de\/blog\/ki-im-museum-rette-sich-wer-kann\/","url":"https:\/\/www.museum.de\/blog\/ki-im-museum-rette-sich-wer-kann\/","name":"KI im Museum \u2013 rette sich, wer kann?! - Der Museumsblog","isPartOf":{"@id":"https:\/\/www.museum.de\/blog\/#website"},"primaryImageOfPage":{"@id":"https:\/\/www.museum.de\/blog\/ki-im-museum-rette-sich-wer-kann\/#primaryimage"},"image":{"@id":"https:\/\/www.museum.de\/blog\/ki-im-museum-rette-sich-wer-kann\/#primaryimage"},"thumbnailUrl":"https:\/\/www.museum.de\/blog\/wp-content\/uploads\/2025\/12\/weihnachten-2025.jpg","datePublished":"2025-12-11T19:26:55+00:00","dateModified":"2025-12-11T19:33:56+00:00","breadcrumb":{"@id":"https:\/\/www.museum.de\/blog\/ki-im-museum-rette-sich-wer-kann\/#breadcrumb"},"inLanguage":"de","potentialAction":[{"@type":"ReadAction","target":["https:\/\/www.museum.de\/blog\/ki-im-museum-rette-sich-wer-kann\/"]}]},{"@type":"ImageObject","inLanguage":"de","@id":"https:\/\/www.museum.de\/blog\/ki-im-museum-rette-sich-wer-kann\/#primaryimage","url":"https:\/\/www.museum.de\/blog\/wp-content\/uploads\/2025\/12\/weihnachten-2025.jpg","contentUrl":"https:\/\/www.museum.de\/blog\/wp-content\/uploads\/2025\/12\/weihnachten-2025.jpg","width":1536,"height":1024},{"@type":"BreadcrumbList","@id":"https:\/\/www.museum.de\/blog\/ki-im-museum-rette-sich-wer-kann\/#breadcrumb","itemListElement":[{"@type":"ListItem","position":1,"name":"Startseite","item":"https:\/\/www.museum.de\/blog\/"},{"@type":"ListItem","position":2,"name":"KI im Museum \u2013 rette sich, wer kann?!"}]},{"@type":"WebSite","@id":"https:\/\/www.museum.de\/blog\/#website","url":"https:\/\/www.museum.de\/blog\/","name":"Der Museumsblog","description":"Der Blog","publisher":{"@id":"https:\/\/www.museum.de\/blog\/#organization"},"alternateName":"museum.de - Der Museumsblog","potentialAction":[{"@type":"SearchAction","target":{"@type":"EntryPoint","urlTemplate":"https:\/\/www.museum.de\/blog\/?s={search_term_string}"},"query-input":{"@type":"PropertyValueSpecification","valueRequired":true,"valueName":"search_term_string"}}],"inLanguage":"de"},{"@type":"Organization","@id":"https:\/\/www.museum.de\/blog\/#organization","name":"Der Museumsblog","url":"https:\/\/www.museum.de\/blog\/","logo":{"@type":"ImageObject","inLanguage":"de","@id":"https:\/\/www.museum.de\/blog\/#\/schema\/logo\/image\/","url":"https:\/\/www.museum.de\/blog\/wp-content\/uploads\/2019\/03\/cropped-Audioguide_Titelseite-1.jpg","contentUrl":"https:\/\/www.museum.de\/blog\/wp-content\/uploads\/2019\/03\/cropped-Audioguide_Titelseite-1.jpg","width":512,"height":512,"caption":"Der Museumsblog"},"image":{"@id":"https:\/\/www.museum.de\/blog\/#\/schema\/logo\/image\/"}},{"@type":"Person","@id":"https:\/\/www.museum.de\/blog\/#\/schema\/person\/c09a0aea9ac127965257ff6115957332","name":"Redaktion","description":"Das Redaktionsteam von museum.de","url":"https:\/\/www.museum.de\/blog\/author\/msupervisor\/"}]}},"_links":{"self":[{"href":"https:\/\/www.museum.de\/blog\/wp-json\/wp\/v2\/posts\/4047","targetHints":{"allow":["GET"]}}],"collection":[{"href":"https:\/\/www.museum.de\/blog\/wp-json\/wp\/v2\/posts"}],"about":[{"href":"https:\/\/www.museum.de\/blog\/wp-json\/wp\/v2\/types\/post"}],"author":[{"embeddable":true,"href":"https:\/\/www.museum.de\/blog\/wp-json\/wp\/v2\/users\/1"}],"replies":[{"embeddable":true,"href":"https:\/\/www.museum.de\/blog\/wp-json\/wp\/v2\/comments?post=4047"}],"version-history":[{"count":5,"href":"https:\/\/www.museum.de\/blog\/wp-json\/wp\/v2\/posts\/4047\/revisions"}],"predecessor-version":[{"id":4054,"href":"https:\/\/www.museum.de\/blog\/wp-json\/wp\/v2\/posts\/4047\/revisions\/4054"}],"wp:featuredmedia":[{"embeddable":true,"href":"https:\/\/www.museum.de\/blog\/wp-json\/wp\/v2\/media\/4050"}],"wp:attachment":[{"href":"https:\/\/www.museum.de\/blog\/wp-json\/wp\/v2\/media?parent=4047"}],"wp:term":[{"taxonomy":"category","embeddable":true,"href":"https:\/\/www.museum.de\/blog\/wp-json\/wp\/v2\/categories?post=4047"},{"taxonomy":"post_tag","embeddable":true,"href":"https:\/\/www.museum.de\/blog\/wp-json\/wp\/v2\/tags?post=4047"}],"curies":[{"name":"wp","href":"https:\/\/api.w.org\/{rel}","templated":true}]}}