{"id":4058,"date":"2025-12-17T09:16:43","date_gmt":"2025-12-17T09:16:43","guid":{"rendered":"https:\/\/www.museum.de\/blog\/?p=4058"},"modified":"2025-12-31T08:40:56","modified_gmt":"2025-12-31T08:40:56","slug":"die-erweiterung-der-metro-c-in-rom-ein-museum-im-oeffentlichen-raum","status":"publish","type":"post","link":"https:\/\/www.museum.de\/blog\/die-erweiterung-der-metro-c-in-rom-ein-museum-im-oeffentlichen-raum\/","title":{"rendered":"Die Erweiterung der Metro C in Rom: Ein Museum im \u00f6ffentlichen Raum"},"content":{"rendered":"\n<div class=\"wp-block-cover\" style=\"margin-top:2rem;margin-bottom:2rem\"><span aria-hidden=\"true\" class=\"wp-block-cover__background has-background-dim\" style=\"background-color:#51483e\"><\/span><img decoding=\"async\" loading=\"lazy\" width=\"1600\" height=\"1067\" src=\"https:\/\/www.museum.de\/blog\/wp-content\/uploads\/2025\/12\/Colosseo-Fori-Imperiali.jpg\" class=\"wp-block-cover__image-background wp-post-image\" alt=\"\" data-object-fit=\"cover\" srcset=\"https:\/\/www.museum.de\/blog\/wp-content\/uploads\/2025\/12\/Colosseo-Fori-Imperiali.jpg 1600w, https:\/\/www.museum.de\/blog\/wp-content\/uploads\/2025\/12\/Colosseo-Fori-Imperiali-300x200.jpg 300w, https:\/\/www.museum.de\/blog\/wp-content\/uploads\/2025\/12\/Colosseo-Fori-Imperiali-1248x832.jpg 1248w, https:\/\/www.museum.de\/blog\/wp-content\/uploads\/2025\/12\/Colosseo-Fori-Imperiali-768x512.jpg 768w, https:\/\/www.museum.de\/blog\/wp-content\/uploads\/2025\/12\/Colosseo-Fori-Imperiali-1536x1024.jpg 1536w\" sizes=\"auto, (max-width: 1600px) 100vw, 1600px\" \/><div class=\"wp-block-cover__inner-container is-layout-constrained wp-block-cover-is-layout-constrained\">\n<h1 class=\"wp-block-heading has-text-align-center has-ast-global-color-5-color has-text-color has-link-color has-x-large-font-size wp-elements-e3b0592526d72419f85c5a3ef0ab38bc\">Die Erweiterung der Metro C in Rom: Ein Museum im \u00f6ffentlichen Raum<\/h1>\n<\/div><\/div>\n\n\n\n<h2 class=\"wp-block-heading\">Zwischen Infrastruktur und Kulturerbe<\/h2>\n\n\n\n<p>Mit der offiziellen Er\u00f6ffnung der Stationen Colosseo-Fori Imperiali und Porta Metronia macht Rom einen bedeutenden Schritt in der Modernisierung seines \u00f6ffentlichen Verkehrssystems und verbindet diese mit der Bewahrung und Aufwertung seines au\u00dfergew\u00f6hnlichen historischen und arch\u00e4ologischen Erbes. Dieses am 16. Dezember 2025 gefeierte Ereignis markiert einen entscheidenden Moment f\u00fcr die italienische Hauptstadt: Es verbindet die Randbezirke mit dem pulsierenden Zentrum und l\u00e4sst eine Symbiose zwischen Vergangenheit und Gegenwart entstehen.<\/p>\n\n\n\n<h3 class=\"wp-block-heading\">Ein Projekt zwischen Arch\u00e4ologie und Moderne<\/h3>\n\n\n\n<p>Die neuen Metro-C-Stationen sind ein Sinnbild daf\u00fcr, wie der Bau zeitgen\u00f6ssischer Infrastrukturen mit der Bewahrung der einzigartigen historischen Schichten Roms einhergehen kann. Der neu er\u00f6ffnete Abschnitt, der sich von der Station San Giovanni bis zur Via dei Fori Imperiali erstreckt, zeichnet sich durch den Einsatz der Technik des \u201earch\u00e4ologischen Top-Down-Baus\u201c aus. Diese ingenieurwissenschaftliche Methode erm\u00f6glicht es, strukturelle Stabilit\u00e4t mit gr\u00fcndlichen arch\u00e4ologischen Untersuchungen zu verbinden, wodurch verborgene Sch\u00e4tze ans Licht gebracht und neue M\u00f6glichkeiten kultureller Erz\u00e4hlungen er\u00f6ffnet werden.<\/p>\n\n\n\n<h3 class=\"wp-block-heading\">Die Stationen: unterirdische Museumsr\u00e4ume<\/h3>\n\n\n\n<p>Die beiden neuen Haltestellen sind nicht blo\u00dfe Transitpunkte, sondern vielmehr kulturelle R\u00e4ume. Die Station Porta Metronia, gelegen neben den Aurelianischen Mauern, erstreckt sich \u00fcber f\u00fcnf unterirdische Ebenen und beherbergt eine museal gestaltete Eingangshalle, die die w\u00e4hrend der Bauarbeiten entdeckten Funde erz\u00e4hlt. Mit einem Design, das Funktionalit\u00e4t und historische Erinnerung verbindet, l\u00e4dt dieser Ort die Reisenden dazu ein, \u00fcber die antiken Wurzeln der Stadt nachzudenken.<\/p>\n\n\n\n<p>Noch ikonischer ist die Station Colosseo-Fori Imperiali, die sich zwischen dem Kolosseum und der Basilika von Maxentius befindet. Mit ihren vier unterirdischen Ebenen und einer Breite von bis zu 50 Metern verbindet diese Haltestelle nicht nur die Linie C mit der Linie B, sondern pr\u00e4sentiert sich auch als echte \u201eArch\u00e4o-Station\u201c. Das museale Konzept, entwickelt in Zusammenarbeit mit dem Arch\u00e4ologischen Park des Kolosseums und der Universit\u00e4t La Sapienza in Rom, begleitet die Fahrg\u00e4ste auf einer Reise durch die Geschichte und verwandelt eine einfache urbane Fortbewegung in ein lehrreiches und immersives Erlebnis.<\/p>\n\n\n\n<h3 class=\"wp-block-heading\">Eine bedeutende Auswirkung f\u00fcr die Stadt<\/h3>\n\n\n\n<p>Die Er\u00f6ffnung dieser Stationen stellt eine wichtige Weiterentwicklung der urbanen Mobilit\u00e4t Roms dar. Mit insgesamt 24 Stationen entlang einer 22 Kilometer langen Strecke verbindet die Metro C die s\u00fcd\u00f6stlichen und nordwestlichen Bezirke der Stadt und bietet eine schnelle und umfassende Verbindung zwischen den Randgebieten und dem historischen Zentrum. Wie von den anwesenden Vertretern der Institutionen betont, ist dieses Projekt nicht nur eine Revolution des \u00f6ffentlichen Verkehrs, sondern auch eine Investition in die Lebensqualit\u00e4t und die Aufwertung des kulturellen Erbes.<\/p>\n\n\n\n<h3 class=\"wp-block-heading\">Rom und die Herausforderung der Moderne<\/h3>\n\n\n\n<p>Die Er\u00f6ffnung der Stationen Colosseo und Porta Metronia positioniert Rom als Vorbild im Umgang mit den Herausforderungen des Infrastrukturbaues in geschichtstr\u00e4chtigen Kontexten. Diese Synergie aus neuer Technologie, fortschrittlichem Ingenieurwesen und arch\u00e4ologischer Sensibilit\u00e4t zeigt, wie Innovation unter Ber\u00fccksichtigung der Vergangenheit m\u00f6glich ist. Gleichzeitig unterstreicht das Projekt die Bedeutung eines effizienten \u00f6ffentlichen Verkehrs f\u00fcr eine Stadt, die sich als immer inklusiver und zug\u00e4nglicher pr\u00e4sentieren m\u00f6chte.<\/p>\n\n\n\n<h4 class=\"wp-block-heading\">Praktische Informationen<\/h4>\n\n\n\n<p>Die neuen Stationen sind bereits in Betrieb und f\u00fcr die \u00d6ffentlichkeit zug\u00e4nglich. Sie bieten direkte Verbindungen und Umsteigem\u00f6glichkeiten zwischen den Linien B und C. F\u00fcr detaillierte Informationen zu Fahrpl\u00e4nen, Strecken und Services steht die offizielle Website von Roma Capitale zur Verf\u00fcgung.<\/p>\n\n\n\n<h4 class=\"wp-block-heading\">Fazit<\/h4>\n\n\n\n<p>Die Er\u00f6ffnung der Stationen Colosseo-Fori Imperiali und Porta Metronia ist nicht nur ein ingenieurtechnischer Erfolg, sondern auch ein Symbol daf\u00fcr, wie Rom die Herausforderungen der Gegenwart bew\u00e4ltigen kann, ohne seine Vergangenheit zu vergessen. Diese museal gestalteten R\u00e4ume, die urbane Mobilit\u00e4t und kulturelles Erbe miteinander verbinden, definieren das Konzept \u00f6ffentlicher Infrastruktur neu und machen sie zu einer Gelegenheit, zu bilden, zu inspirieren und zu verbinden. Ein Modell, das m\u00f6glicherweise auch andere St\u00e4dte mit ebenso reicher Geschichte mit Interesse und Bewunderung betrachten werden.<\/p>\n\n\n\n<p><strong>Quelle:<\/strong><br><a href=\"https:\/\/www.comune.roma.it\/web\/it\/notizia\/metro-c-aperte-stazioni-colosseo-e-porta-metronia.page\">https:\/\/www.comune.roma.it\/web\/it\/notizia\/metro-c-aperte-stazioni-colosseo-e-porta-metronia.page<\/a><\/p>\n","protected":false},"excerpt":{"rendered":"<p>Zwischen Infrastruktur und Kulturerbe Mit der offiziellen Er\u00f6ffnung der Stationen Colosseo-Fori Imperiali und Porta Metronia macht Rom einen bedeutenden Schritt in der Modernisierung seines \u00f6ffentlichen Verkehrssystems und verbindet diese mit der Bewahrung und Aufwertung seines au\u00dfergew\u00f6hnlichen historischen und arch\u00e4ologischen Erbes. Dieses am 16. Dezember 2025 gefeierte Ereignis markiert einen entscheidenden Moment f\u00fcr die italienische Hauptstadt: [&hellip;]<\/p>\n","protected":false},"author":1,"featured_media":4060,"comment_status":"closed","ping_status":"closed","sticky":false,"template":"","format":"standard","meta":{"site-sidebar-layout":"default","site-content-layout":"","ast-site-content-layout":"default","site-content-style":"default","site-sidebar-style":"default","ast-global-header-display":"","ast-banner-title-visibility":"","ast-main-header-display":"","ast-hfb-above-header-display":"","ast-hfb-below-header-display":"","ast-hfb-mobile-header-display":"","site-post-title":"","ast-breadcrumbs-content":"","ast-featured-img":"","footer-sml-layout":"","ast-disable-related-posts":"","theme-transparent-header-meta":"","adv-header-id-meta":"","stick-header-meta":"","header-above-stick-meta":"","header-main-stick-meta":"","header-below-stick-meta":"","astra-migrate-meta-layouts":"set","ast-page-background-enabled":"default","ast-page-background-meta":{"desktop":{"background-color":"var(--ast-global-color-4)","background-image":"","background-repeat":"repeat","background-position":"center center","background-size":"auto","background-attachment":"scroll","background-type":"","background-media":"","overlay-type":"","overlay-color":"","overlay-opacity":"","overlay-gradient":""},"tablet":{"background-color":"","background-image":"","background-repeat":"repeat","background-position":"center center","background-size":"auto","background-attachment":"scroll","background-type":"","background-media":"","overlay-type":"","overlay-color":"","overlay-opacity":"","overlay-gradient":""},"mobile":{"background-color":"","background-image":"","background-repeat":"repeat","background-position":"center center","background-size":"auto","background-attachment":"scroll","background-type":"","background-media":"","overlay-type":"","overlay-color":"","overlay-opacity":"","overlay-gradient":""}},"ast-content-background-meta":{"desktop":{"background-color":"var(--ast-global-color-5)","background-image":"","background-repeat":"repeat","background-position":"center center","background-size":"auto","background-attachment":"scroll","background-type":"","background-media":"","overlay-type":"","overlay-color":"","overlay-opacity":"","overlay-gradient":""},"tablet":{"background-color":"var(--ast-global-color-5)","background-image":"","background-repeat":"repeat","background-position":"center center","background-size":"auto","background-attachment":"scroll","background-type":"","background-media":"","overlay-type":"","overlay-color":"","overlay-opacity":"","overlay-gradient":""},"mobile":{"background-color":"var(--ast-global-color-5)","background-image":"","background-repeat":"repeat","background-position":"center center","background-size":"auto","background-attachment":"scroll","background-type":"","background-media":"","overlay-type":"","overlay-color":"","overlay-opacity":"","overlay-gradient":""}},"episode_type":"","audio_file":"","podmotor_file_id":"","podmotor_episode_id":"","cover_image":"","cover_image_id":"","duration":"","filesize":"","filesize_raw":"","date_recorded":"","explicit":"","block":"","itunes_episode_number":"","itunes_title":"","itunes_season_number":"","itunes_episode_type":"","footnotes":""},"categories":[302,125,27],"tags":[449,58,361],"class_list":["post-4058","post","type-post","status-publish","format-standard","has-post-thumbnail","hentry","category-altertum","category-ausstellungen","category-museumsticker","tag-altertum","tag-ausstellung","tag-rom"],"yoast_head":"<!-- This site is optimized with the Yoast SEO plugin v27.5 - https:\/\/yoast.com\/product\/yoast-seo-wordpress\/ -->\n<title>Die Erweiterung der Metro C in Rom: Ein Museum im \u00f6ffentlichen Raum - Der Museumsblog<\/title>\n<meta name=\"robots\" content=\"index, follow, max-snippet:-1, max-image-preview:large, max-video-preview:-1\" \/>\n<link rel=\"canonical\" href=\"https:\/\/www.museum.de\/blog\/die-erweiterung-der-metro-c-in-rom-ein-museum-im-oeffentlichen-raum\/\" \/>\n<meta property=\"og:locale\" content=\"de_DE\" \/>\n<meta property=\"og:type\" content=\"article\" \/>\n<meta property=\"og:title\" content=\"Die Erweiterung der Metro C in Rom: Ein Museum im \u00f6ffentlichen Raum - Der Museumsblog\" \/>\n<meta property=\"og:description\" content=\"Zwischen Infrastruktur und Kulturerbe Mit der offiziellen Er\u00f6ffnung der Stationen Colosseo-Fori Imperiali und Porta Metronia macht Rom einen bedeutenden Schritt in der Modernisierung seines \u00f6ffentlichen Verkehrssystems und verbindet diese mit der Bewahrung und Aufwertung seines au\u00dfergew\u00f6hnlichen historischen und arch\u00e4ologischen Erbes. Dieses am 16. Dezember 2025 gefeierte Ereignis markiert einen entscheidenden Moment f\u00fcr die italienische Hauptstadt: [&hellip;]\" \/>\n<meta property=\"og:url\" content=\"https:\/\/www.museum.de\/blog\/die-erweiterung-der-metro-c-in-rom-ein-museum-im-oeffentlichen-raum\/\" \/>\n<meta property=\"og:site_name\" content=\"Der Museumsblog\" \/>\n<meta property=\"article:published_time\" content=\"2025-12-17T09:16:43+00:00\" \/>\n<meta property=\"article:modified_time\" content=\"2025-12-31T08:40:56+00:00\" \/>\n<meta property=\"og:image\" content=\"https:\/\/www.museum.de\/blog\/wp-content\/uploads\/2025\/12\/Colosseo-Fori-Imperiali.jpg\" \/>\n\t<meta property=\"og:image:width\" content=\"1600\" \/>\n\t<meta property=\"og:image:height\" content=\"1067\" \/>\n\t<meta property=\"og:image:type\" content=\"image\/jpeg\" \/>\n<meta name=\"author\" content=\"Redaktion\" \/>\n<meta name=\"twitter:card\" content=\"summary_large_image\" \/>\n<script type=\"application\/ld+json\" class=\"yoast-schema-graph\">{\"@context\":\"https:\\\/\\\/schema.org\",\"@graph\":[{\"@type\":\"Article\",\"@id\":\"https:\\\/\\\/www.museum.de\\\/blog\\\/die-erweiterung-der-metro-c-in-rom-ein-museum-im-oeffentlichen-raum\\\/#article\",\"isPartOf\":{\"@id\":\"https:\\\/\\\/www.museum.de\\\/blog\\\/die-erweiterung-der-metro-c-in-rom-ein-museum-im-oeffentlichen-raum\\\/\"},\"author\":{\"name\":\"Redaktion\",\"@id\":\"https:\\\/\\\/www.museum.de\\\/blog\\\/#\\\/schema\\\/person\\\/c09a0aea9ac127965257ff6115957332\"},\"headline\":\"Die Erweiterung der Metro C in Rom: Ein Museum im \u00f6ffentlichen Raum\",\"datePublished\":\"2025-12-17T09:16:43+00:00\",\"dateModified\":\"2025-12-31T08:40:56+00:00\",\"mainEntityOfPage\":{\"@id\":\"https:\\\/\\\/www.museum.de\\\/blog\\\/die-erweiterung-der-metro-c-in-rom-ein-museum-im-oeffentlichen-raum\\\/\"},\"wordCount\":683,\"publisher\":{\"@id\":\"https:\\\/\\\/www.museum.de\\\/blog\\\/#organization\"},\"image\":{\"@id\":\"https:\\\/\\\/www.museum.de\\\/blog\\\/die-erweiterung-der-metro-c-in-rom-ein-museum-im-oeffentlichen-raum\\\/#primaryimage\"},\"thumbnailUrl\":\"https:\\\/\\\/www.museum.de\\\/blog\\\/wp-content\\\/uploads\\\/2025\\\/12\\\/Colosseo-Fori-Imperiali.jpg\",\"keywords\":[\"Altertum\",\"Ausstellung\",\"Rom\"],\"articleSection\":[\"Altertum\",\"Ausstellungen\",\"Museumsticker\"],\"inLanguage\":\"de\"},{\"@type\":\"WebPage\",\"@id\":\"https:\\\/\\\/www.museum.de\\\/blog\\\/die-erweiterung-der-metro-c-in-rom-ein-museum-im-oeffentlichen-raum\\\/\",\"url\":\"https:\\\/\\\/www.museum.de\\\/blog\\\/die-erweiterung-der-metro-c-in-rom-ein-museum-im-oeffentlichen-raum\\\/\",\"name\":\"Die Erweiterung der Metro C in Rom: Ein Museum im \u00f6ffentlichen Raum - Der Museumsblog\",\"isPartOf\":{\"@id\":\"https:\\\/\\\/www.museum.de\\\/blog\\\/#website\"},\"primaryImageOfPage\":{\"@id\":\"https:\\\/\\\/www.museum.de\\\/blog\\\/die-erweiterung-der-metro-c-in-rom-ein-museum-im-oeffentlichen-raum\\\/#primaryimage\"},\"image\":{\"@id\":\"https:\\\/\\\/www.museum.de\\\/blog\\\/die-erweiterung-der-metro-c-in-rom-ein-museum-im-oeffentlichen-raum\\\/#primaryimage\"},\"thumbnailUrl\":\"https:\\\/\\\/www.museum.de\\\/blog\\\/wp-content\\\/uploads\\\/2025\\\/12\\\/Colosseo-Fori-Imperiali.jpg\",\"datePublished\":\"2025-12-17T09:16:43+00:00\",\"dateModified\":\"2025-12-31T08:40:56+00:00\",\"breadcrumb\":{\"@id\":\"https:\\\/\\\/www.museum.de\\\/blog\\\/die-erweiterung-der-metro-c-in-rom-ein-museum-im-oeffentlichen-raum\\\/#breadcrumb\"},\"inLanguage\":\"de\",\"potentialAction\":[{\"@type\":\"ReadAction\",\"target\":[\"https:\\\/\\\/www.museum.de\\\/blog\\\/die-erweiterung-der-metro-c-in-rom-ein-museum-im-oeffentlichen-raum\\\/\"]}]},{\"@type\":\"ImageObject\",\"inLanguage\":\"de\",\"@id\":\"https:\\\/\\\/www.museum.de\\\/blog\\\/die-erweiterung-der-metro-c-in-rom-ein-museum-im-oeffentlichen-raum\\\/#primaryimage\",\"url\":\"https:\\\/\\\/www.museum.de\\\/blog\\\/wp-content\\\/uploads\\\/2025\\\/12\\\/Colosseo-Fori-Imperiali.jpg\",\"contentUrl\":\"https:\\\/\\\/www.museum.de\\\/blog\\\/wp-content\\\/uploads\\\/2025\\\/12\\\/Colosseo-Fori-Imperiali.jpg\",\"width\":1600,\"height\":1067},{\"@type\":\"BreadcrumbList\",\"@id\":\"https:\\\/\\\/www.museum.de\\\/blog\\\/die-erweiterung-der-metro-c-in-rom-ein-museum-im-oeffentlichen-raum\\\/#breadcrumb\",\"itemListElement\":[{\"@type\":\"ListItem\",\"position\":1,\"name\":\"Startseite\",\"item\":\"https:\\\/\\\/www.museum.de\\\/blog\\\/\"},{\"@type\":\"ListItem\",\"position\":2,\"name\":\"Die Erweiterung der Metro C in Rom: Ein Museum im \u00f6ffentlichen Raum\"}]},{\"@type\":\"WebSite\",\"@id\":\"https:\\\/\\\/www.museum.de\\\/blog\\\/#website\",\"url\":\"https:\\\/\\\/www.museum.de\\\/blog\\\/\",\"name\":\"Der Museumsblog\",\"description\":\"Der Blog\",\"publisher\":{\"@id\":\"https:\\\/\\\/www.museum.de\\\/blog\\\/#organization\"},\"alternateName\":\"museum.de - Der Museumsblog\",\"potentialAction\":[{\"@type\":\"SearchAction\",\"target\":{\"@type\":\"EntryPoint\",\"urlTemplate\":\"https:\\\/\\\/www.museum.de\\\/blog\\\/?s={search_term_string}\"},\"query-input\":{\"@type\":\"PropertyValueSpecification\",\"valueRequired\":true,\"valueName\":\"search_term_string\"}}],\"inLanguage\":\"de\"},{\"@type\":\"Organization\",\"@id\":\"https:\\\/\\\/www.museum.de\\\/blog\\\/#organization\",\"name\":\"Der Museumsblog\",\"url\":\"https:\\\/\\\/www.museum.de\\\/blog\\\/\",\"logo\":{\"@type\":\"ImageObject\",\"inLanguage\":\"de\",\"@id\":\"https:\\\/\\\/www.museum.de\\\/blog\\\/#\\\/schema\\\/logo\\\/image\\\/\",\"url\":\"https:\\\/\\\/www.museum.de\\\/blog\\\/wp-content\\\/uploads\\\/2019\\\/03\\\/cropped-Audioguide_Titelseite-1.jpg\",\"contentUrl\":\"https:\\\/\\\/www.museum.de\\\/blog\\\/wp-content\\\/uploads\\\/2019\\\/03\\\/cropped-Audioguide_Titelseite-1.jpg\",\"width\":512,\"height\":512,\"caption\":\"Der Museumsblog\"},\"image\":{\"@id\":\"https:\\\/\\\/www.museum.de\\\/blog\\\/#\\\/schema\\\/logo\\\/image\\\/\"}},{\"@type\":\"Person\",\"@id\":\"https:\\\/\\\/www.museum.de\\\/blog\\\/#\\\/schema\\\/person\\\/c09a0aea9ac127965257ff6115957332\",\"name\":\"Redaktion\",\"description\":\"Das Redaktionsteam von museum.de\",\"url\":\"https:\\\/\\\/www.museum.de\\\/blog\\\/author\\\/msupervisor\\\/\"}]}<\/script>\n<!-- \/ Yoast SEO plugin. -->","yoast_head_json":{"title":"Die Erweiterung der Metro C in Rom: Ein Museum im \u00f6ffentlichen Raum - Der Museumsblog","robots":{"index":"index","follow":"follow","max-snippet":"max-snippet:-1","max-image-preview":"max-image-preview:large","max-video-preview":"max-video-preview:-1"},"canonical":"https:\/\/www.museum.de\/blog\/die-erweiterung-der-metro-c-in-rom-ein-museum-im-oeffentlichen-raum\/","og_locale":"de_DE","og_type":"article","og_title":"Die Erweiterung der Metro C in Rom: Ein Museum im \u00f6ffentlichen Raum - Der Museumsblog","og_description":"Zwischen Infrastruktur und Kulturerbe Mit der offiziellen Er\u00f6ffnung der Stationen Colosseo-Fori Imperiali und Porta Metronia macht Rom einen bedeutenden Schritt in der Modernisierung seines \u00f6ffentlichen Verkehrssystems und verbindet diese mit der Bewahrung und Aufwertung seines au\u00dfergew\u00f6hnlichen historischen und arch\u00e4ologischen Erbes. Dieses am 16. Dezember 2025 gefeierte Ereignis markiert einen entscheidenden Moment f\u00fcr die italienische Hauptstadt: [&hellip;]","og_url":"https:\/\/www.museum.de\/blog\/die-erweiterung-der-metro-c-in-rom-ein-museum-im-oeffentlichen-raum\/","og_site_name":"Der Museumsblog","article_published_time":"2025-12-17T09:16:43+00:00","article_modified_time":"2025-12-31T08:40:56+00:00","og_image":[{"width":1600,"height":1067,"url":"https:\/\/www.museum.de\/blog\/wp-content\/uploads\/2025\/12\/Colosseo-Fori-Imperiali.jpg","type":"image\/jpeg"}],"author":"Redaktion","twitter_card":"summary_large_image","schema":{"@context":"https:\/\/schema.org","@graph":[{"@type":"Article","@id":"https:\/\/www.museum.de\/blog\/die-erweiterung-der-metro-c-in-rom-ein-museum-im-oeffentlichen-raum\/#article","isPartOf":{"@id":"https:\/\/www.museum.de\/blog\/die-erweiterung-der-metro-c-in-rom-ein-museum-im-oeffentlichen-raum\/"},"author":{"name":"Redaktion","@id":"https:\/\/www.museum.de\/blog\/#\/schema\/person\/c09a0aea9ac127965257ff6115957332"},"headline":"Die Erweiterung der Metro C in Rom: Ein Museum im \u00f6ffentlichen Raum","datePublished":"2025-12-17T09:16:43+00:00","dateModified":"2025-12-31T08:40:56+00:00","mainEntityOfPage":{"@id":"https:\/\/www.museum.de\/blog\/die-erweiterung-der-metro-c-in-rom-ein-museum-im-oeffentlichen-raum\/"},"wordCount":683,"publisher":{"@id":"https:\/\/www.museum.de\/blog\/#organization"},"image":{"@id":"https:\/\/www.museum.de\/blog\/die-erweiterung-der-metro-c-in-rom-ein-museum-im-oeffentlichen-raum\/#primaryimage"},"thumbnailUrl":"https:\/\/www.museum.de\/blog\/wp-content\/uploads\/2025\/12\/Colosseo-Fori-Imperiali.jpg","keywords":["Altertum","Ausstellung","Rom"],"articleSection":["Altertum","Ausstellungen","Museumsticker"],"inLanguage":"de"},{"@type":"WebPage","@id":"https:\/\/www.museum.de\/blog\/die-erweiterung-der-metro-c-in-rom-ein-museum-im-oeffentlichen-raum\/","url":"https:\/\/www.museum.de\/blog\/die-erweiterung-der-metro-c-in-rom-ein-museum-im-oeffentlichen-raum\/","name":"Die Erweiterung der Metro C in Rom: Ein Museum im \u00f6ffentlichen Raum - Der Museumsblog","isPartOf":{"@id":"https:\/\/www.museum.de\/blog\/#website"},"primaryImageOfPage":{"@id":"https:\/\/www.museum.de\/blog\/die-erweiterung-der-metro-c-in-rom-ein-museum-im-oeffentlichen-raum\/#primaryimage"},"image":{"@id":"https:\/\/www.museum.de\/blog\/die-erweiterung-der-metro-c-in-rom-ein-museum-im-oeffentlichen-raum\/#primaryimage"},"thumbnailUrl":"https:\/\/www.museum.de\/blog\/wp-content\/uploads\/2025\/12\/Colosseo-Fori-Imperiali.jpg","datePublished":"2025-12-17T09:16:43+00:00","dateModified":"2025-12-31T08:40:56+00:00","breadcrumb":{"@id":"https:\/\/www.museum.de\/blog\/die-erweiterung-der-metro-c-in-rom-ein-museum-im-oeffentlichen-raum\/#breadcrumb"},"inLanguage":"de","potentialAction":[{"@type":"ReadAction","target":["https:\/\/www.museum.de\/blog\/die-erweiterung-der-metro-c-in-rom-ein-museum-im-oeffentlichen-raum\/"]}]},{"@type":"ImageObject","inLanguage":"de","@id":"https:\/\/www.museum.de\/blog\/die-erweiterung-der-metro-c-in-rom-ein-museum-im-oeffentlichen-raum\/#primaryimage","url":"https:\/\/www.museum.de\/blog\/wp-content\/uploads\/2025\/12\/Colosseo-Fori-Imperiali.jpg","contentUrl":"https:\/\/www.museum.de\/blog\/wp-content\/uploads\/2025\/12\/Colosseo-Fori-Imperiali.jpg","width":1600,"height":1067},{"@type":"BreadcrumbList","@id":"https:\/\/www.museum.de\/blog\/die-erweiterung-der-metro-c-in-rom-ein-museum-im-oeffentlichen-raum\/#breadcrumb","itemListElement":[{"@type":"ListItem","position":1,"name":"Startseite","item":"https:\/\/www.museum.de\/blog\/"},{"@type":"ListItem","position":2,"name":"Die Erweiterung der Metro C in Rom: Ein Museum im \u00f6ffentlichen Raum"}]},{"@type":"WebSite","@id":"https:\/\/www.museum.de\/blog\/#website","url":"https:\/\/www.museum.de\/blog\/","name":"Der Museumsblog","description":"Der Blog","publisher":{"@id":"https:\/\/www.museum.de\/blog\/#organization"},"alternateName":"museum.de - Der Museumsblog","potentialAction":[{"@type":"SearchAction","target":{"@type":"EntryPoint","urlTemplate":"https:\/\/www.museum.de\/blog\/?s={search_term_string}"},"query-input":{"@type":"PropertyValueSpecification","valueRequired":true,"valueName":"search_term_string"}}],"inLanguage":"de"},{"@type":"Organization","@id":"https:\/\/www.museum.de\/blog\/#organization","name":"Der Museumsblog","url":"https:\/\/www.museum.de\/blog\/","logo":{"@type":"ImageObject","inLanguage":"de","@id":"https:\/\/www.museum.de\/blog\/#\/schema\/logo\/image\/","url":"https:\/\/www.museum.de\/blog\/wp-content\/uploads\/2019\/03\/cropped-Audioguide_Titelseite-1.jpg","contentUrl":"https:\/\/www.museum.de\/blog\/wp-content\/uploads\/2019\/03\/cropped-Audioguide_Titelseite-1.jpg","width":512,"height":512,"caption":"Der Museumsblog"},"image":{"@id":"https:\/\/www.museum.de\/blog\/#\/schema\/logo\/image\/"}},{"@type":"Person","@id":"https:\/\/www.museum.de\/blog\/#\/schema\/person\/c09a0aea9ac127965257ff6115957332","name":"Redaktion","description":"Das Redaktionsteam von museum.de","url":"https:\/\/www.museum.de\/blog\/author\/msupervisor\/"}]}},"_links":{"self":[{"href":"https:\/\/www.museum.de\/blog\/wp-json\/wp\/v2\/posts\/4058","targetHints":{"allow":["GET"]}}],"collection":[{"href":"https:\/\/www.museum.de\/blog\/wp-json\/wp\/v2\/posts"}],"about":[{"href":"https:\/\/www.museum.de\/blog\/wp-json\/wp\/v2\/types\/post"}],"author":[{"embeddable":true,"href":"https:\/\/www.museum.de\/blog\/wp-json\/wp\/v2\/users\/1"}],"replies":[{"embeddable":true,"href":"https:\/\/www.museum.de\/blog\/wp-json\/wp\/v2\/comments?post=4058"}],"version-history":[{"count":3,"href":"https:\/\/www.museum.de\/blog\/wp-json\/wp\/v2\/posts\/4058\/revisions"}],"predecessor-version":[{"id":4081,"href":"https:\/\/www.museum.de\/blog\/wp-json\/wp\/v2\/posts\/4058\/revisions\/4081"}],"wp:featuredmedia":[{"embeddable":true,"href":"https:\/\/www.museum.de\/blog\/wp-json\/wp\/v2\/media\/4060"}],"wp:attachment":[{"href":"https:\/\/www.museum.de\/blog\/wp-json\/wp\/v2\/media?parent=4058"}],"wp:term":[{"taxonomy":"category","embeddable":true,"href":"https:\/\/www.museum.de\/blog\/wp-json\/wp\/v2\/categories?post=4058"},{"taxonomy":"post_tag","embeddable":true,"href":"https:\/\/www.museum.de\/blog\/wp-json\/wp\/v2\/tags?post=4058"}],"curies":[{"name":"wp","href":"https:\/\/api.w.org\/{rel}","templated":true}]}}