{"id":4070,"date":"2025-01-29T08:32:00","date_gmt":"2025-01-29T08:32:00","guid":{"rendered":"https:\/\/www.museum.de\/blog\/?p=4070"},"modified":"2025-12-29T09:14:35","modified_gmt":"2025-12-29T09:14:35","slug":"felix-vallotton-eine-nation-feiert-ihren-meister-des-holzschnitts-und-der-moderne","status":"publish","type":"post","link":"https:\/\/www.museum.de\/blog\/felix-vallotton-eine-nation-feiert-ihren-meister-des-holzschnitts-und-der-moderne\/","title":{"rendered":"F\u00e9lix Vallotton \u2013 Eine Nation feiert ihren Meister des Holzschnitts und der Moderne"},"content":{"rendered":"\n<div class=\"wp-block-cover is-light\" style=\"margin-top:2rem;margin-bottom:2rem\"><span aria-hidden=\"true\" class=\"wp-block-cover__background has-background-dim\" style=\"background-color:#898c83\"><\/span><img decoding=\"async\" loading=\"lazy\" width=\"1600\" height=\"1161\" src=\"https:\/\/www.museum.de\/blog\/wp-content\/uploads\/2025\/12\/felix-vallontton.jpg\" class=\"wp-block-cover__image-background wp-post-image\" alt=\"\" data-object-fit=\"cover\" srcset=\"https:\/\/www.museum.de\/blog\/wp-content\/uploads\/2025\/12\/felix-vallontton.jpg 1600w, https:\/\/www.museum.de\/blog\/wp-content\/uploads\/2025\/12\/felix-vallontton-300x218.jpg 300w, https:\/\/www.museum.de\/blog\/wp-content\/uploads\/2025\/12\/felix-vallontton-1248x905.jpg 1248w, https:\/\/www.museum.de\/blog\/wp-content\/uploads\/2025\/12\/felix-vallontton-768x557.jpg 768w, https:\/\/www.museum.de\/blog\/wp-content\/uploads\/2025\/12\/felix-vallontton-1536x1114.jpg 1536w\" sizes=\"auto, (max-width: 1600px) 100vw, 1600px\" \/><div class=\"wp-block-cover__inner-container is-layout-constrained wp-block-cover-is-layout-constrained\">\n<h1 class=\"wp-block-heading has-text-align-center has-ast-global-color-5-color has-text-color has-link-color has-x-large-font-size wp-elements-89f2b839732f34fc82417d7f428493ae\">F\u00e9lix Vallotton \u2013 Eine Nation feiert ihren Meister des Holzschnitts und der Moderne<\/h1>\n<\/div><\/div>\n\n\n\n<p>Das Jahr 2025 markiert den hundertsten Todestag von F\u00e9lix Vallotton, einer Schl\u00fcsselfigur der europ\u00e4ischen Kunst um die Wende zum 20. Jahrhundert. Als Maler, Grafiker, Illustrator und Schriftsteller pr\u00e4gte Vallotton die Kunst seiner Zeit mit einer unverkennbaren Handschrift, die zwischen schneidender Pr\u00e4zision und sinnlicher Zur\u00fcckhaltung changiert. Die Schweiz, sein Geburtsland, widmet dem K\u00fcnstler eine umfassende Hommage, in der Museen und Kulturinstitutionen von Vevey bis Lausanne, von Winterthur bis Ascona seine Bedeutung f\u00fcr die Kunstgeschichte und ihre aktuelle Rezeption feiern.<\/p>\n\n\n\n<h3 class=\"wp-block-heading\">Von der Moderne inspiriert, die Gegenwart gepr\u00e4gt<\/h3>\n\n\n\n<p>Vallottons Werk spiegelt die Spannungen und Br\u00fcche der Moderne wider, sei es in seinen bestechenden Holzschnitten, die mit radikaler Reduktion und suggestiver Dramatik neue Ma\u00dfst\u00e4be setzten, oder in seinen Gem\u00e4lden, die eine subtile, oft psychologisch aufgeladene Erz\u00e4hlweise kultivieren. Themen wie die fragmentierte Wahrnehmung der Wirklichkeit oder die Rolle des Individuums in einer sich wandelnden Gesellschaft erhalten in seiner Kunst eine zeitlose Aktualit\u00e4t. Dies macht ihn zu einem K\u00fcnstler, der \u00fcber die Grenzen seiner Epoche hinausweist.<\/p>\n\n\n\n<h3 class=\"wp-block-heading\">Die Ausstellungen und ihre Themenschwerpunkte<\/h3>\n\n\n\n<p>Das Schweizer Vallotton-Jahr bietet eine F\u00fclle an Ausstellungen, deren kuratorische Konzepte sowohl retrospektiv als auch dialogisch angelegt sind. Das <strong>Mus\u00e9e Jenisch Vevey<\/strong> er\u00f6ffnet den Reigen mit einer Schau, die Vallottons Werke aus ihren eigenen Best\u00e4nden sowie bedeutende Leihgaben in einen Dialog mit zeitgen\u00f6ssischen K\u00fcnstlern tritt. Diese Gegen\u00fcberstellung beleuchtet die nachhaltige Wirkung seines Schaffens auf die heutige Kunst.<\/p>\n\n\n\n<p>Das <strong>Kunst Museum Winterthur<\/strong>, ein Ort, der Vallotton bereits zu Lebzeiten f\u00f6rderte, zeigt eine umfassende Retrospektive mit \u00fcber 150 Werken. Die Ausstellung \u201eIllusions perdues\u201c ergr\u00fcndet die Vielschichtigkeit seines Schaffens und dokumentiert die Entwicklung vom meisterhaften Holzschnitt-K\u00fcnstler zum subtilen Maler.<\/p>\n\n\n\n<p>In <strong>Ascona<\/strong> widmet sich eine Ausstellung den Landschaften, Stillleben und Aktdarstellungen Vallottons, wobei selten gezeigte Werke aus einer privaten Sammlung zu bewundern sind. Diese Schau hebt das Verh\u00e4ltnis des K\u00fcnstlers zur Sch\u00f6nheit und zur Natur hervor.<\/p>\n\n\n\n<p>Den H\u00f6hepunkt bildet die Retrospektive \u201e<strong>Vallotton Forever<\/strong>\u201c im <strong>Mus\u00e9e cantonal des Beaux-Arts Lausanne<\/strong>. Mit \u00fcber 200 Werken wird hier Vallottons k\u00fcnstlerischer Werdegang von den fr\u00fchen Illustrationen bis zu den sp\u00e4ten Malereien umfassend dokumentiert. Parallel dazu bietet eine kleinere Ausstellung Einblicke in seine Arbeitsmethoden und Techniken.<\/p>\n\n\n\n<h3 class=\"wp-block-heading\">Kuratorische Ans\u00e4tze und besondere Leihgaben<\/h3>\n\n\n\n<p>Die Konzeption der Ausstellungen zeichnet sich durch eine bemerkenswerte Vielseitigkeit aus. W\u00e4hrend in Vevey der Dialog mit der Gegenwart betont wird, liegt in Lausanne der Fokus auf der kunsthistorischen Einordnung. Herausragende Leihgaben, wie etwa der Holzschnitt \u201eLe Coup de vent\u201c (1894) oder das ikonische Gem\u00e4lde \u201eLa blanche et la noire\u201c (1913), unterstreichen die Bedeutung Vallottons als K\u00fcnstler, der die Grenzen zwischen Grafik und Malerei revolutionierte.<\/p>\n\n\n\n<h3 class=\"wp-block-heading\">Ein K\u00fcnstler f\u00fcr heute<\/h3>\n\n\n\n<div class=\"wp-block-columns is-layout-flex wp-container-core-columns-is-layout-94716c47 wp-block-columns-is-layout-flex\" style=\"margin-top:0px;margin-bottom:0px;padding-top:0px;padding-right:0px;padding-bottom:0px;padding-left:0px\">\n<div class=\"wp-block-column is-layout-flow wp-block-column-is-layout-flow\" style=\"flex-basis:50%\">\n<p>Vallottons Kunst ist in ihrer Ambivalenz und Pr\u00e4zision von frappierender Modernit\u00e4t. Seine Werke, oft zwischen scharfer Kritik und poetischer Vers\u00f6hnung oszillierend, sprechen auch in der Gegenwart ein Publikum an, das in Zeiten des Wandels nach Orientierung sucht. Der k\u00fcnstlerische Dialog mit zeitgen\u00f6ssischen Positionen in den Ausstellungen verdeutlicht, wie Vallottons Werk Fragen nach Identit\u00e4t, Moral und Sch\u00f6nheit verhandelt, die auch heute von brennender Relevanz sind.<\/p>\n<\/div>\n\n\n\n<div class=\"wp-block-column is-layout-flow wp-block-column-is-layout-flow\" style=\"flex-basis:50%\">\n<figure class=\"wp-block-image size-large\"><img decoding=\"async\" width=\"1248\" height=\"1093\" loading=\"lazy\" src=\"https:\/\/www.museum.de\/blog\/wp-content\/uploads\/2025\/12\/905920ilsdl-1248x1093.jpg\" alt=\"Laziness (1896)\nF\u00e9lix Vallotton \" class=\"wp-image-4072\" srcset=\"https:\/\/www.museum.de\/blog\/wp-content\/uploads\/2025\/12\/905920ilsdl-1248x1093.jpg 1248w, https:\/\/www.museum.de\/blog\/wp-content\/uploads\/2025\/12\/905920ilsdl-300x263.jpg 300w, https:\/\/www.museum.de\/blog\/wp-content\/uploads\/2025\/12\/905920ilsdl-768x672.jpg 768w, https:\/\/www.museum.de\/blog\/wp-content\/uploads\/2025\/12\/905920ilsdl-1536x1345.jpg 1536w, https:\/\/www.museum.de\/blog\/wp-content\/uploads\/2025\/12\/905920ilsdl.jpg 1600w\" sizes=\"auto, (max-width: 1248px) 100vw, 1248px\" \/><\/figure>\n<\/div>\n<\/div>\n\n\n\n<h3 class=\"wp-block-heading\">Die Museen und ihre Rolle<\/h3>\n\n\n\n<p>Die beteiligten Institutionen \u2013 darunter das Mus\u00e9e Jenisch Vevey, das Kunst Museum Winterthur und das Mus\u00e9e cantonal des Beaux-Arts Lausanne \u2013 z\u00e4hlen zu den renommiertesten H\u00e4usern der Schweiz. Ihre architektonische Strahlkraft und ihr Engagement f\u00fcr die Bewahrung und Vermittlung der Kunst machen sie zu idealen Schaupl\u00e4tzen f\u00fcr dieses nationale Projekt.<\/p>\n\n\n\n<h3 class=\"wp-block-heading\">Praktische Informationen<\/h3>\n\n\n\n<p>Die Hommage an Vallotton erstreckt sich \u00fcber das ganze Jahr 2025. Die Hauptausstellungen finden zu unterschiedlichen Zeitpunkten an den genannten Orten statt. Besucher sollten sich auf den jeweiligen Webseiten der Museen \u00fcber \u00d6ffnungszeiten, Eintrittspreise und Anreiseoptionen informieren (Details unter <a href=\"https:\/\/www.vallotton2025.ch\/de\/\" target=\"_blank\" rel=\"noreferrer noopener\">https:\/\/www.vallotton2025.ch\/de\/<\/a>).<\/p>\n\n\n\n<h3 class=\"wp-block-heading\">Fazit: Ein w\u00fcrdiger Geburtstag<\/h3>\n\n\n\n<p>Das Vallotton-Jahr 2025 zeigt eindrucksvoll, wie lebendig und facettenreich das Erbe eines K\u00fcnstlers sein kann. Die Ausstellungen offenbaren nicht nur die Vielseitigkeit seines Schaffens, sondern auch seine anhaltende Bedeutung f\u00fcr die Gegenwartskunst. Kritisch bleibt anzumerken, dass die F\u00fclle an Veranstaltungen auch eine Herausforderung darstellt \u2013 sowohl f\u00fcr Kuratoren als auch f\u00fcr das Publikum. Doch gerade diese Diversit\u00e4t macht die Hommage zu einem kulturellen Ereignis von europ\u00e4ischem Rang.<\/p>\n","protected":false},"excerpt":{"rendered":"<p>Das Jahr 2025 markiert den hundertsten Todestag von F\u00e9lix Vallotton, einer Schl\u00fcsselfigur der europ\u00e4ischen Kunst um die Wende zum 20. Jahrhundert. Als Maler, Grafiker, Illustrator und Schriftsteller pr\u00e4gte Vallotton die Kunst seiner Zeit mit einer unverkennbaren Handschrift, die zwischen schneidender Pr\u00e4zision und sinnlicher Zur\u00fcckhaltung changiert. Die Schweiz, sein Geburtsland, widmet dem K\u00fcnstler eine umfassende Hommage, [&hellip;]<\/p>\n","protected":false},"author":1,"featured_media":4071,"comment_status":"closed","ping_status":"closed","sticky":false,"template":"","format":"standard","meta":{"site-sidebar-layout":"default","site-content-layout":"","ast-site-content-layout":"default","site-content-style":"default","site-sidebar-style":"default","ast-global-header-display":"","ast-banner-title-visibility":"","ast-main-header-display":"","ast-hfb-above-header-display":"","ast-hfb-below-header-display":"","ast-hfb-mobile-header-display":"","site-post-title":"","ast-breadcrumbs-content":"","ast-featured-img":"disabled","footer-sml-layout":"","ast-disable-related-posts":"","theme-transparent-header-meta":"","adv-header-id-meta":"","stick-header-meta":"","header-above-stick-meta":"","header-main-stick-meta":"","header-below-stick-meta":"","astra-migrate-meta-layouts":"set","ast-page-background-enabled":"default","ast-page-background-meta":{"desktop":{"background-color":"var(--ast-global-color-4)","background-image":"","background-repeat":"repeat","background-position":"center center","background-size":"auto","background-attachment":"scroll","background-type":"","background-media":"","overlay-type":"","overlay-color":"","overlay-opacity":"","overlay-gradient":""},"tablet":{"background-color":"","background-image":"","background-repeat":"repeat","background-position":"center center","background-size":"auto","background-attachment":"scroll","background-type":"","background-media":"","overlay-type":"","overlay-color":"","overlay-opacity":"","overlay-gradient":""},"mobile":{"background-color":"","background-image":"","background-repeat":"repeat","background-position":"center center","background-size":"auto","background-attachment":"scroll","background-type":"","background-media":"","overlay-type":"","overlay-color":"","overlay-opacity":"","overlay-gradient":""}},"ast-content-background-meta":{"desktop":{"background-color":"var(--ast-global-color-5)","background-image":"","background-repeat":"repeat","background-position":"center center","background-size":"auto","background-attachment":"scroll","background-type":"","background-media":"","overlay-type":"","overlay-color":"","overlay-opacity":"","overlay-gradient":""},"tablet":{"background-color":"var(--ast-global-color-5)","background-image":"","background-repeat":"repeat","background-position":"center center","background-size":"auto","background-attachment":"scroll","background-type":"","background-media":"","overlay-type":"","overlay-color":"","overlay-opacity":"","overlay-gradient":""},"mobile":{"background-color":"var(--ast-global-color-5)","background-image":"","background-repeat":"repeat","background-position":"center center","background-size":"auto","background-attachment":"scroll","background-type":"","background-media":"","overlay-type":"","overlay-color":"","overlay-opacity":"","overlay-gradient":""}},"episode_type":"","audio_file":"","podmotor_file_id":"","podmotor_episode_id":"","cover_image":"","cover_image_id":"","duration":"","filesize":"","filesize_raw":"","date_recorded":"","explicit":"","block":"","itunes_episode_number":"","itunes_title":"","itunes_season_number":"","itunes_episode_type":"","footnotes":""},"categories":[125],"tags":[450],"class_list":["post-4070","post","type-post","status-publish","format-standard","has-post-thumbnail","hentry","category-ausstellungen","tag-felix-vallotton"],"yoast_head":"<!-- This site is optimized with the Yoast SEO plugin v27.5 - https:\/\/yoast.com\/product\/yoast-seo-wordpress\/ -->\n<title>F\u00e9lix Vallotton \u2013 Eine Nation feiert ihren Meister des Holzschnitts und der Moderne - Der Museumsblog<\/title>\n<meta name=\"robots\" content=\"index, follow, max-snippet:-1, max-image-preview:large, max-video-preview:-1\" \/>\n<link rel=\"canonical\" href=\"https:\/\/www.museum.de\/blog\/felix-vallotton-eine-nation-feiert-ihren-meister-des-holzschnitts-und-der-moderne\/\" \/>\n<meta property=\"og:locale\" content=\"de_DE\" \/>\n<meta property=\"og:type\" content=\"article\" \/>\n<meta property=\"og:title\" content=\"F\u00e9lix Vallotton \u2013 Eine Nation feiert ihren Meister des Holzschnitts und der Moderne - Der Museumsblog\" \/>\n<meta property=\"og:description\" content=\"Das Jahr 2025 markiert den hundertsten Todestag von F\u00e9lix Vallotton, einer Schl\u00fcsselfigur der europ\u00e4ischen Kunst um die Wende zum 20. Jahrhundert. Als Maler, Grafiker, Illustrator und Schriftsteller pr\u00e4gte Vallotton die Kunst seiner Zeit mit einer unverkennbaren Handschrift, die zwischen schneidender Pr\u00e4zision und sinnlicher Zur\u00fcckhaltung changiert. Die Schweiz, sein Geburtsland, widmet dem K\u00fcnstler eine umfassende Hommage, [&hellip;]\" \/>\n<meta property=\"og:url\" content=\"https:\/\/www.museum.de\/blog\/felix-vallotton-eine-nation-feiert-ihren-meister-des-holzschnitts-und-der-moderne\/\" \/>\n<meta property=\"og:site_name\" content=\"Der Museumsblog\" \/>\n<meta property=\"article:published_time\" content=\"2025-01-29T08:32:00+00:00\" \/>\n<meta property=\"article:modified_time\" content=\"2025-12-29T09:14:35+00:00\" \/>\n<meta property=\"og:image\" content=\"https:\/\/www.museum.de\/blog\/wp-content\/uploads\/2025\/12\/felix-vallontton.jpg\" \/>\n\t<meta property=\"og:image:width\" content=\"1800\" \/>\n\t<meta property=\"og:image:height\" content=\"1306\" \/>\n\t<meta property=\"og:image:type\" content=\"image\/jpeg\" \/>\n<meta name=\"author\" content=\"Redaktion\" \/>\n<meta name=\"twitter:card\" content=\"summary_large_image\" \/>\n<script type=\"application\/ld+json\" class=\"yoast-schema-graph\">{\"@context\":\"https:\\\/\\\/schema.org\",\"@graph\":[{\"@type\":\"Article\",\"@id\":\"https:\\\/\\\/www.museum.de\\\/blog\\\/felix-vallotton-eine-nation-feiert-ihren-meister-des-holzschnitts-und-der-moderne\\\/#article\",\"isPartOf\":{\"@id\":\"https:\\\/\\\/www.museum.de\\\/blog\\\/felix-vallotton-eine-nation-feiert-ihren-meister-des-holzschnitts-und-der-moderne\\\/\"},\"author\":{\"name\":\"Redaktion\",\"@id\":\"https:\\\/\\\/www.museum.de\\\/blog\\\/#\\\/schema\\\/person\\\/c09a0aea9ac127965257ff6115957332\"},\"headline\":\"F\u00e9lix Vallotton \u2013 Eine Nation feiert ihren Meister des Holzschnitts und der Moderne\",\"datePublished\":\"2025-01-29T08:32:00+00:00\",\"dateModified\":\"2025-12-29T09:14:35+00:00\",\"mainEntityOfPage\":{\"@id\":\"https:\\\/\\\/www.museum.de\\\/blog\\\/felix-vallotton-eine-nation-feiert-ihren-meister-des-holzschnitts-und-der-moderne\\\/\"},\"wordCount\":729,\"publisher\":{\"@id\":\"https:\\\/\\\/www.museum.de\\\/blog\\\/#organization\"},\"image\":{\"@id\":\"https:\\\/\\\/www.museum.de\\\/blog\\\/felix-vallotton-eine-nation-feiert-ihren-meister-des-holzschnitts-und-der-moderne\\\/#primaryimage\"},\"thumbnailUrl\":\"https:\\\/\\\/www.museum.de\\\/blog\\\/wp-content\\\/uploads\\\/2025\\\/12\\\/felix-vallontton.jpg\",\"keywords\":[\"F\u00e9lix Vallotton\"],\"articleSection\":[\"Ausstellungen\"],\"inLanguage\":\"de\"},{\"@type\":\"WebPage\",\"@id\":\"https:\\\/\\\/www.museum.de\\\/blog\\\/felix-vallotton-eine-nation-feiert-ihren-meister-des-holzschnitts-und-der-moderne\\\/\",\"url\":\"https:\\\/\\\/www.museum.de\\\/blog\\\/felix-vallotton-eine-nation-feiert-ihren-meister-des-holzschnitts-und-der-moderne\\\/\",\"name\":\"F\u00e9lix Vallotton \u2013 Eine Nation feiert ihren Meister des Holzschnitts und der Moderne - Der Museumsblog\",\"isPartOf\":{\"@id\":\"https:\\\/\\\/www.museum.de\\\/blog\\\/#website\"},\"primaryImageOfPage\":{\"@id\":\"https:\\\/\\\/www.museum.de\\\/blog\\\/felix-vallotton-eine-nation-feiert-ihren-meister-des-holzschnitts-und-der-moderne\\\/#primaryimage\"},\"image\":{\"@id\":\"https:\\\/\\\/www.museum.de\\\/blog\\\/felix-vallotton-eine-nation-feiert-ihren-meister-des-holzschnitts-und-der-moderne\\\/#primaryimage\"},\"thumbnailUrl\":\"https:\\\/\\\/www.museum.de\\\/blog\\\/wp-content\\\/uploads\\\/2025\\\/12\\\/felix-vallontton.jpg\",\"datePublished\":\"2025-01-29T08:32:00+00:00\",\"dateModified\":\"2025-12-29T09:14:35+00:00\",\"breadcrumb\":{\"@id\":\"https:\\\/\\\/www.museum.de\\\/blog\\\/felix-vallotton-eine-nation-feiert-ihren-meister-des-holzschnitts-und-der-moderne\\\/#breadcrumb\"},\"inLanguage\":\"de\",\"potentialAction\":[{\"@type\":\"ReadAction\",\"target\":[\"https:\\\/\\\/www.museum.de\\\/blog\\\/felix-vallotton-eine-nation-feiert-ihren-meister-des-holzschnitts-und-der-moderne\\\/\"]}]},{\"@type\":\"ImageObject\",\"inLanguage\":\"de\",\"@id\":\"https:\\\/\\\/www.museum.de\\\/blog\\\/felix-vallotton-eine-nation-feiert-ihren-meister-des-holzschnitts-und-der-moderne\\\/#primaryimage\",\"url\":\"https:\\\/\\\/www.museum.de\\\/blog\\\/wp-content\\\/uploads\\\/2025\\\/12\\\/felix-vallontton.jpg\",\"contentUrl\":\"https:\\\/\\\/www.museum.de\\\/blog\\\/wp-content\\\/uploads\\\/2025\\\/12\\\/felix-vallontton.jpg\",\"width\":1600,\"height\":1161},{\"@type\":\"BreadcrumbList\",\"@id\":\"https:\\\/\\\/www.museum.de\\\/blog\\\/felix-vallotton-eine-nation-feiert-ihren-meister-des-holzschnitts-und-der-moderne\\\/#breadcrumb\",\"itemListElement\":[{\"@type\":\"ListItem\",\"position\":1,\"name\":\"Startseite\",\"item\":\"https:\\\/\\\/www.museum.de\\\/blog\\\/\"},{\"@type\":\"ListItem\",\"position\":2,\"name\":\"F\u00e9lix Vallotton \u2013 Eine Nation feiert ihren Meister des Holzschnitts und der Moderne\"}]},{\"@type\":\"WebSite\",\"@id\":\"https:\\\/\\\/www.museum.de\\\/blog\\\/#website\",\"url\":\"https:\\\/\\\/www.museum.de\\\/blog\\\/\",\"name\":\"Der Museumsblog\",\"description\":\"Der Blog\",\"publisher\":{\"@id\":\"https:\\\/\\\/www.museum.de\\\/blog\\\/#organization\"},\"alternateName\":\"museum.de - Der Museumsblog\",\"potentialAction\":[{\"@type\":\"SearchAction\",\"target\":{\"@type\":\"EntryPoint\",\"urlTemplate\":\"https:\\\/\\\/www.museum.de\\\/blog\\\/?s={search_term_string}\"},\"query-input\":{\"@type\":\"PropertyValueSpecification\",\"valueRequired\":true,\"valueName\":\"search_term_string\"}}],\"inLanguage\":\"de\"},{\"@type\":\"Organization\",\"@id\":\"https:\\\/\\\/www.museum.de\\\/blog\\\/#organization\",\"name\":\"Der Museumsblog\",\"url\":\"https:\\\/\\\/www.museum.de\\\/blog\\\/\",\"logo\":{\"@type\":\"ImageObject\",\"inLanguage\":\"de\",\"@id\":\"https:\\\/\\\/www.museum.de\\\/blog\\\/#\\\/schema\\\/logo\\\/image\\\/\",\"url\":\"https:\\\/\\\/www.museum.de\\\/blog\\\/wp-content\\\/uploads\\\/2019\\\/03\\\/cropped-Audioguide_Titelseite-1.jpg\",\"contentUrl\":\"https:\\\/\\\/www.museum.de\\\/blog\\\/wp-content\\\/uploads\\\/2019\\\/03\\\/cropped-Audioguide_Titelseite-1.jpg\",\"width\":512,\"height\":512,\"caption\":\"Der Museumsblog\"},\"image\":{\"@id\":\"https:\\\/\\\/www.museum.de\\\/blog\\\/#\\\/schema\\\/logo\\\/image\\\/\"}},{\"@type\":\"Person\",\"@id\":\"https:\\\/\\\/www.museum.de\\\/blog\\\/#\\\/schema\\\/person\\\/c09a0aea9ac127965257ff6115957332\",\"name\":\"Redaktion\",\"description\":\"Das Redaktionsteam von museum.de\",\"url\":\"https:\\\/\\\/www.museum.de\\\/blog\\\/author\\\/msupervisor\\\/\"}]}<\/script>\n<!-- \/ Yoast SEO plugin. -->","yoast_head_json":{"title":"F\u00e9lix Vallotton \u2013 Eine Nation feiert ihren Meister des Holzschnitts und der Moderne - Der Museumsblog","robots":{"index":"index","follow":"follow","max-snippet":"max-snippet:-1","max-image-preview":"max-image-preview:large","max-video-preview":"max-video-preview:-1"},"canonical":"https:\/\/www.museum.de\/blog\/felix-vallotton-eine-nation-feiert-ihren-meister-des-holzschnitts-und-der-moderne\/","og_locale":"de_DE","og_type":"article","og_title":"F\u00e9lix Vallotton \u2013 Eine Nation feiert ihren Meister des Holzschnitts und der Moderne - Der Museumsblog","og_description":"Das Jahr 2025 markiert den hundertsten Todestag von F\u00e9lix Vallotton, einer Schl\u00fcsselfigur der europ\u00e4ischen Kunst um die Wende zum 20. Jahrhundert. Als Maler, Grafiker, Illustrator und Schriftsteller pr\u00e4gte Vallotton die Kunst seiner Zeit mit einer unverkennbaren Handschrift, die zwischen schneidender Pr\u00e4zision und sinnlicher Zur\u00fcckhaltung changiert. Die Schweiz, sein Geburtsland, widmet dem K\u00fcnstler eine umfassende Hommage, [&hellip;]","og_url":"https:\/\/www.museum.de\/blog\/felix-vallotton-eine-nation-feiert-ihren-meister-des-holzschnitts-und-der-moderne\/","og_site_name":"Der Museumsblog","article_published_time":"2025-01-29T08:32:00+00:00","article_modified_time":"2025-12-29T09:14:35+00:00","og_image":[{"width":1800,"height":1306,"url":"https:\/\/www.museum.de\/blog\/wp-content\/uploads\/2025\/12\/felix-vallontton.jpg","type":"image\/jpeg"}],"author":"Redaktion","twitter_card":"summary_large_image","schema":{"@context":"https:\/\/schema.org","@graph":[{"@type":"Article","@id":"https:\/\/www.museum.de\/blog\/felix-vallotton-eine-nation-feiert-ihren-meister-des-holzschnitts-und-der-moderne\/#article","isPartOf":{"@id":"https:\/\/www.museum.de\/blog\/felix-vallotton-eine-nation-feiert-ihren-meister-des-holzschnitts-und-der-moderne\/"},"author":{"name":"Redaktion","@id":"https:\/\/www.museum.de\/blog\/#\/schema\/person\/c09a0aea9ac127965257ff6115957332"},"headline":"F\u00e9lix Vallotton \u2013 Eine Nation feiert ihren Meister des Holzschnitts und der Moderne","datePublished":"2025-01-29T08:32:00+00:00","dateModified":"2025-12-29T09:14:35+00:00","mainEntityOfPage":{"@id":"https:\/\/www.museum.de\/blog\/felix-vallotton-eine-nation-feiert-ihren-meister-des-holzschnitts-und-der-moderne\/"},"wordCount":729,"publisher":{"@id":"https:\/\/www.museum.de\/blog\/#organization"},"image":{"@id":"https:\/\/www.museum.de\/blog\/felix-vallotton-eine-nation-feiert-ihren-meister-des-holzschnitts-und-der-moderne\/#primaryimage"},"thumbnailUrl":"https:\/\/www.museum.de\/blog\/wp-content\/uploads\/2025\/12\/felix-vallontton.jpg","keywords":["F\u00e9lix Vallotton"],"articleSection":["Ausstellungen"],"inLanguage":"de"},{"@type":"WebPage","@id":"https:\/\/www.museum.de\/blog\/felix-vallotton-eine-nation-feiert-ihren-meister-des-holzschnitts-und-der-moderne\/","url":"https:\/\/www.museum.de\/blog\/felix-vallotton-eine-nation-feiert-ihren-meister-des-holzschnitts-und-der-moderne\/","name":"F\u00e9lix Vallotton \u2013 Eine Nation feiert ihren Meister des Holzschnitts und der Moderne - Der Museumsblog","isPartOf":{"@id":"https:\/\/www.museum.de\/blog\/#website"},"primaryImageOfPage":{"@id":"https:\/\/www.museum.de\/blog\/felix-vallotton-eine-nation-feiert-ihren-meister-des-holzschnitts-und-der-moderne\/#primaryimage"},"image":{"@id":"https:\/\/www.museum.de\/blog\/felix-vallotton-eine-nation-feiert-ihren-meister-des-holzschnitts-und-der-moderne\/#primaryimage"},"thumbnailUrl":"https:\/\/www.museum.de\/blog\/wp-content\/uploads\/2025\/12\/felix-vallontton.jpg","datePublished":"2025-01-29T08:32:00+00:00","dateModified":"2025-12-29T09:14:35+00:00","breadcrumb":{"@id":"https:\/\/www.museum.de\/blog\/felix-vallotton-eine-nation-feiert-ihren-meister-des-holzschnitts-und-der-moderne\/#breadcrumb"},"inLanguage":"de","potentialAction":[{"@type":"ReadAction","target":["https:\/\/www.museum.de\/blog\/felix-vallotton-eine-nation-feiert-ihren-meister-des-holzschnitts-und-der-moderne\/"]}]},{"@type":"ImageObject","inLanguage":"de","@id":"https:\/\/www.museum.de\/blog\/felix-vallotton-eine-nation-feiert-ihren-meister-des-holzschnitts-und-der-moderne\/#primaryimage","url":"https:\/\/www.museum.de\/blog\/wp-content\/uploads\/2025\/12\/felix-vallontton.jpg","contentUrl":"https:\/\/www.museum.de\/blog\/wp-content\/uploads\/2025\/12\/felix-vallontton.jpg","width":1600,"height":1161},{"@type":"BreadcrumbList","@id":"https:\/\/www.museum.de\/blog\/felix-vallotton-eine-nation-feiert-ihren-meister-des-holzschnitts-und-der-moderne\/#breadcrumb","itemListElement":[{"@type":"ListItem","position":1,"name":"Startseite","item":"https:\/\/www.museum.de\/blog\/"},{"@type":"ListItem","position":2,"name":"F\u00e9lix Vallotton \u2013 Eine Nation feiert ihren Meister des Holzschnitts und der Moderne"}]},{"@type":"WebSite","@id":"https:\/\/www.museum.de\/blog\/#website","url":"https:\/\/www.museum.de\/blog\/","name":"Der Museumsblog","description":"Der Blog","publisher":{"@id":"https:\/\/www.museum.de\/blog\/#organization"},"alternateName":"museum.de - Der Museumsblog","potentialAction":[{"@type":"SearchAction","target":{"@type":"EntryPoint","urlTemplate":"https:\/\/www.museum.de\/blog\/?s={search_term_string}"},"query-input":{"@type":"PropertyValueSpecification","valueRequired":true,"valueName":"search_term_string"}}],"inLanguage":"de"},{"@type":"Organization","@id":"https:\/\/www.museum.de\/blog\/#organization","name":"Der Museumsblog","url":"https:\/\/www.museum.de\/blog\/","logo":{"@type":"ImageObject","inLanguage":"de","@id":"https:\/\/www.museum.de\/blog\/#\/schema\/logo\/image\/","url":"https:\/\/www.museum.de\/blog\/wp-content\/uploads\/2019\/03\/cropped-Audioguide_Titelseite-1.jpg","contentUrl":"https:\/\/www.museum.de\/blog\/wp-content\/uploads\/2019\/03\/cropped-Audioguide_Titelseite-1.jpg","width":512,"height":512,"caption":"Der Museumsblog"},"image":{"@id":"https:\/\/www.museum.de\/blog\/#\/schema\/logo\/image\/"}},{"@type":"Person","@id":"https:\/\/www.museum.de\/blog\/#\/schema\/person\/c09a0aea9ac127965257ff6115957332","name":"Redaktion","description":"Das Redaktionsteam von museum.de","url":"https:\/\/www.museum.de\/blog\/author\/msupervisor\/"}]}},"_links":{"self":[{"href":"https:\/\/www.museum.de\/blog\/wp-json\/wp\/v2\/posts\/4070","targetHints":{"allow":["GET"]}}],"collection":[{"href":"https:\/\/www.museum.de\/blog\/wp-json\/wp\/v2\/posts"}],"about":[{"href":"https:\/\/www.museum.de\/blog\/wp-json\/wp\/v2\/types\/post"}],"author":[{"embeddable":true,"href":"https:\/\/www.museum.de\/blog\/wp-json\/wp\/v2\/users\/1"}],"replies":[{"embeddable":true,"href":"https:\/\/www.museum.de\/blog\/wp-json\/wp\/v2\/comments?post=4070"}],"version-history":[{"count":1,"href":"https:\/\/www.museum.de\/blog\/wp-json\/wp\/v2\/posts\/4070\/revisions"}],"predecessor-version":[{"id":4073,"href":"https:\/\/www.museum.de\/blog\/wp-json\/wp\/v2\/posts\/4070\/revisions\/4073"}],"wp:featuredmedia":[{"embeddable":true,"href":"https:\/\/www.museum.de\/blog\/wp-json\/wp\/v2\/media\/4071"}],"wp:attachment":[{"href":"https:\/\/www.museum.de\/blog\/wp-json\/wp\/v2\/media?parent=4070"}],"wp:term":[{"taxonomy":"category","embeddable":true,"href":"https:\/\/www.museum.de\/blog\/wp-json\/wp\/v2\/categories?post=4070"},{"taxonomy":"post_tag","embeddable":true,"href":"https:\/\/www.museum.de\/blog\/wp-json\/wp\/v2\/tags?post=4070"}],"curies":[{"name":"wp","href":"https:\/\/api.w.org\/{rel}","templated":true}]}}