{"id":4098,"date":"2026-01-19T17:31:40","date_gmt":"2026-01-19T17:31:40","guid":{"rendered":"https:\/\/www.museum.de\/blog\/?p=4098"},"modified":"2026-01-19T19:51:19","modified_gmt":"2026-01-19T19:51:19","slug":"eine-neue-aera-fuer-das-new-museum-das-oma-design-und-die-erweiterung-zeitgenoessischer-kunst","status":"publish","type":"post","link":"https:\/\/www.museum.de\/blog\/eine-neue-aera-fuer-das-new-museum-das-oma-design-und-die-erweiterung-zeitgenoessischer-kunst\/","title":{"rendered":"Eine neue \u00c4ra f\u00fcr das New Museum: Das von OMA gestaltete Geb\u00e4ude und die zeitgen\u00f6ssischer Kunst"},"content":{"rendered":"\n<div class=\"wp-block-cover is-light\" style=\"margin-top:2rem;margin-bottom:2rem\"><span aria-hidden=\"true\" class=\"wp-block-cover__background has-background-dim\" style=\"background-color:#b5b9c0\"><\/span><img decoding=\"async\" loading=\"lazy\" width=\"1600\" height=\"1202\" src=\"https:\/\/www.museum.de\/blog\/wp-content\/uploads\/2026\/01\/03-AerialRendering-of-the-expanded-New-Museum-and-public-plaza.-Courtesy-OMA_bloomimages.de_-e1714420528768.jpg\" class=\"wp-block-cover__image-background wp-post-image\" alt=\"\" data-object-fit=\"cover\" srcset=\"https:\/\/www.museum.de\/blog\/wp-content\/uploads\/2026\/01\/03-AerialRendering-of-the-expanded-New-Museum-and-public-plaza.-Courtesy-OMA_bloomimages.de_-e1714420528768.jpg 1600w, https:\/\/www.museum.de\/blog\/wp-content\/uploads\/2026\/01\/03-AerialRendering-of-the-expanded-New-Museum-and-public-plaza.-Courtesy-OMA_bloomimages.de_-e1714420528768-300x225.jpg 300w, https:\/\/www.museum.de\/blog\/wp-content\/uploads\/2026\/01\/03-AerialRendering-of-the-expanded-New-Museum-and-public-plaza.-Courtesy-OMA_bloomimages.de_-e1714420528768-1248x938.jpg 1248w, https:\/\/www.museum.de\/blog\/wp-content\/uploads\/2026\/01\/03-AerialRendering-of-the-expanded-New-Museum-and-public-plaza.-Courtesy-OMA_bloomimages.de_-e1714420528768-768x577.jpg 768w, https:\/\/www.museum.de\/blog\/wp-content\/uploads\/2026\/01\/03-AerialRendering-of-the-expanded-New-Museum-and-public-plaza.-Courtesy-OMA_bloomimages.de_-e1714420528768-1536x1154.jpg 1536w\" sizes=\"auto, (max-width: 1600px) 100vw, 1600px\" \/><div class=\"wp-block-cover__inner-container is-layout-constrained wp-block-cover-is-layout-constrained\">\n<h1 class=\"wp-block-heading has-text-align-center has-ast-global-color-5-color has-text-color has-link-color has-x-large-font-size wp-elements-a49e88776a082b5906ef5b3372fb3ec5\">Eine neue \u00c4ra f\u00fcr das New Museum: Das von OMA gestaltete Geb\u00e4ude und die zeitgen\u00f6ssischer Kunst<\/h1>\n<\/div><\/div>\n\n\n\n<p>Mit Spannung blickt die Kunstwelt auf den 21. M\u00e4rz 2026, ein Datum, das in der Geschichte des New Museum in New York eine neue Etappe markieren wird. An diesem Tag \u00f6ffnet das mit gro\u00dfer Neugier erwartete, von Office for Metropolitan Architecture <a href=\"https:\/\/www.oma.com\/\">OMA<\/a> \/ Shohei Shigematsu und Rem Koolhaas entworfene Erweiterungsgeb\u00e4ude seine Pforten. Diese architektonische Erweiterung, ebenso ambitioniert wie zukunftsweisend, verspricht nicht nur eine signifikante Vergr\u00f6\u00dferung der Ausstellungsfl\u00e4che, sondern auch eine Neubewertung der Rolle des Museums im 21. Jahrhundert.<\/p>\n\n\n\n<h4 class=\"wp-block-heading\">Architektur und Kontext: Die Handschrift von OMA<\/h4>\n\n\n\n<p>Das New Museum, gegr\u00fcndet 1977, hat sich als eine Institution etabliert, die f\u00fcr die experimentelle und grenz\u00fcberschreitende Erforschung zeitgen\u00f6ssischer Kunst steht. Mit seiner unverwechselbaren Erscheinung \u2013 das bestehende Geb\u00e4ude, entworfen von SANAA (Kazuyo Sejima und Ryue Nishizawa), pr\u00e4gt seit 2007 die Bowery-Silhouette \u2013 war es von Anfang an ein architektonisches Statement. Die Erweiterung durch OMA \/ Shohei Shigematsu und Rem Koolhaas greift diesen Dialog auf und f\u00fchrt ihn in eine neue Richtung.<\/p>\n\n\n\n<p>Die Struktur des achtgeschossigen Baus wird nicht nur visuell, sondern auch funktional als Erweiterung des SANAA-Geb\u00e4udes verstanden. Das Design bleibt der reduzierten Formsprache treu, integriert aber zus\u00e4tzliche Fenster und Transparenz, die mehr Licht und Interaktion erm\u00f6glichen. Ein architektonisches Highlight ist die Verbindung der beiden Geb\u00e4ude \u00fcber drei Etagen, eine Geste, die die Idee von Offenheit und flie\u00dfenden \u00dcberg\u00e4ngen betont \u2013 eine Metapher f\u00fcr die Rolle des Museums als Plattform f\u00fcr Dialog und Innovation.<\/p>\n\n\n\n<h4 class=\"wp-block-heading\">Kuratorisches Konzept: Mehr Raum f\u00fcr Vielfalt<\/h4>\n\n\n\n<p>Mit der Er\u00f6ffnung des neuen Geb\u00e4udes erweitert das Museum seine Fl\u00e4che um 60.000 Quadratmeter, von denen 13.000 Quadratmeter allein den Ausstellungsr\u00e4umen gewidmet sind. Diese Erweiterung erlaubt es dem Museum, nicht nur gr\u00f6\u00dfere Ausstellungen zu realisieren, sondern auch sein kontinuierliches Engagement f\u00fcr aufstrebende K\u00fcnstler und experimentelle Projekte zu intensivieren.<\/p>\n\n\n\n<p>Das kuratorische Konzept, das die Er\u00f6ffnungsausstellung gestalten wird, ist derzeit noch nicht bekannt. Doch das Museum signalisiert, dass die neuen R\u00e4ume ein verst\u00e4rktes Augenmerk auf die Vielfalt zeitgen\u00f6ssischer Positionen legen werden, mit einem besonderen Fokus auf interdisziplin\u00e4re Ans\u00e4tze und globale Perspektiven. Insbesondere die neuen Galerien f\u00fcr &#8222;Kunst und Technologie&#8220; sowie die &#8222;Black Box&#8220; f\u00fcr medienbasierte Arbeiten k\u00f6nnten ein wegweisendes Forum f\u00fcr die Auseinandersetzung mit den Herausforderungen unserer Zeit bieten.<\/p>\n\n\n\n<h4 class=\"wp-block-heading\">Die Bedeutung im st\u00e4dtischen Kontext<\/h4>\n\n\n\n<p>Die Erweiterung des New Museum ist mehr als ein architektonisches oder kuratorisches Projekt; es ist ein kulturelles Statement. In einer Stadt wie New York, wo der Raum selbst zum Luxus geworden ist, setzt das Museum ein Zeichen: f\u00fcr die Bedeutung von Kunst als \u00f6ffentlichem Gut, f\u00fcr die Notwendigkeit, kulturelle R\u00e4ume zug\u00e4nglicher und inklusiver zu gestalten.<\/p>\n\n\n\n<p>Dar\u00fcber hinaus festigt das New Museum mit der Erweiterung seinen Status als f\u00fchrende Institution f\u00fcr zeitgen\u00f6ssische Kunst. Es kn\u00fcpft an die Tradition an, Kunst nicht als abgeschlossenes Werk, sondern als Prozess zu begreifen \u2013 ein Ansatz, der im Zeitalter globaler Krisen und technologischer Transformationen umso dringlicher erscheint.<\/p>\n\n\n\n<div class=\"wp-block-group has-background is-layout-constrained wp-block-group-is-layout-constrained\" style=\"background-color:#cce9fa;margin-top:2rem;margin-bottom:2rem\">\n<h4 class=\"wp-block-heading\">Praktische Informationen f\u00fcr den Besuch<\/h4>\n\n\n\n<p>Die Ausstellung \u201eNew Humans: Memories of the Future\u201c beginnt am 21 M\u00e4rz 2026 im New Museum. Ge\u00f6ffnet ist das Museum von Mittwoch bis Sonntag, jeweils von 11:00 bis 18:00 Uhr, donnerstags bis 21:00 Uhr. Der Eintritt betr\u00e4gt 18 US-Dollar, erm\u00e4\u00dfigt 15 US-Dollar. Das Museum ist zentral in Manhattan gelegen und sowohl mit der U-Bahn (Station Bowery) als auch mit dem Bus leicht erreichbar.<\/p>\n\n\n\n<p>235 Bowery<br>New York, NY 10002<\/p>\n<\/div>\n\n\n\n<h4 class=\"wp-block-heading\">Fazit: Eine Vision f\u00fcr die Zukunft<\/h4>\n\n\n\n<p>Die Erweiterung des New Museum ist nicht nur ein architektonisches Gro\u00dfprojekt, sondern ein symbolischer Schritt in die Zukunft. Sie verk\u00f6rpert die Bereitschaft, sich den Herausforderungen einer sich wandelnden Welt zu stellen, und betont die Relevanz der Kunst als Mittel der Reflexion und Inspiration. Ob die neuen R\u00e4ume und das kuratorische Konzept den hohen Erwartungen gerecht werden k\u00f6nnen, wird sich erst zeigen m\u00fcssen. Doch eines steht bereits fest: Das New Museum bleibt ein Ort, der den Puls der Gegenwart sp\u00fcrt \u2013 und ihn in die Zukunft weitertr\u00e4gt.<\/p>\n\n\n\n<p>Bildnachweis:<br>Rendering of the expanded New Museum at 235 Bowery. Courtesy OMA\/bloomimages.de<\/p>\n\n\n\n<p><a href=\"https:\/\/www.newmuseum.org\/exhibition\/new-humans-memories-of-the-future\">https:\/\/www.newmuseum.org\/exhibition\/new-humans-memories-of-the-future<\/a><\/p>\n","protected":false},"excerpt":{"rendered":"<p>Mit Spannung blickt die Kunstwelt auf den 21. M\u00e4rz 2026, ein Datum, das in der Geschichte des New Museum in New York eine neue Etappe markieren wird. An diesem Tag \u00f6ffnet das mit gro\u00dfer Neugier erwartete, von Office for Metropolitan Architecture OMA \/ Shohei Shigematsu und Rem Koolhaas entworfene Erweiterungsgeb\u00e4ude seine Pforten. Diese architektonische Erweiterung, [&hellip;]<\/p>\n","protected":false},"author":1,"featured_media":4102,"comment_status":"closed","ping_status":"closed","sticky":false,"template":"","format":"standard","meta":{"site-sidebar-layout":"default","site-content-layout":"","ast-site-content-layout":"default","site-content-style":"default","site-sidebar-style":"default","ast-global-header-display":"","ast-banner-title-visibility":"","ast-main-header-display":"","ast-hfb-above-header-display":"","ast-hfb-below-header-display":"","ast-hfb-mobile-header-display":"","site-post-title":"","ast-breadcrumbs-content":"","ast-featured-img":"","footer-sml-layout":"","ast-disable-related-posts":"","theme-transparent-header-meta":"","adv-header-id-meta":"","stick-header-meta":"","header-above-stick-meta":"","header-main-stick-meta":"","header-below-stick-meta":"","astra-migrate-meta-layouts":"set","ast-page-background-enabled":"default","ast-page-background-meta":{"desktop":{"background-color":"var(--ast-global-color-4)","background-image":"","background-repeat":"repeat","background-position":"center center","background-size":"auto","background-attachment":"scroll","background-type":"","background-media":"","overlay-type":"","overlay-color":"","overlay-opacity":"","overlay-gradient":""},"tablet":{"background-color":"","background-image":"","background-repeat":"repeat","background-position":"center center","background-size":"auto","background-attachment":"scroll","background-type":"","background-media":"","overlay-type":"","overlay-color":"","overlay-opacity":"","overlay-gradient":""},"mobile":{"background-color":"","background-image":"","background-repeat":"repeat","background-position":"center center","background-size":"auto","background-attachment":"scroll","background-type":"","background-media":"","overlay-type":"","overlay-color":"","overlay-opacity":"","overlay-gradient":""}},"ast-content-background-meta":{"desktop":{"background-color":"var(--ast-global-color-5)","background-image":"","background-repeat":"repeat","background-position":"center center","background-size":"auto","background-attachment":"scroll","background-type":"","background-media":"","overlay-type":"","overlay-color":"","overlay-opacity":"","overlay-gradient":""},"tablet":{"background-color":"var(--ast-global-color-5)","background-image":"","background-repeat":"repeat","background-position":"center center","background-size":"auto","background-attachment":"scroll","background-type":"","background-media":"","overlay-type":"","overlay-color":"","overlay-opacity":"","overlay-gradient":""},"mobile":{"background-color":"var(--ast-global-color-5)","background-image":"","background-repeat":"repeat","background-position":"center center","background-size":"auto","background-attachment":"scroll","background-type":"","background-media":"","overlay-type":"","overlay-color":"","overlay-opacity":"","overlay-gradient":""}},"episode_type":"","audio_file":"","podmotor_file_id":"","podmotor_episode_id":"","cover_image":"","cover_image_id":"","duration":"","filesize":"","filesize_raw":"","date_recorded":"","explicit":"","block":"","itunes_episode_number":"","itunes_title":"","itunes_season_number":"","itunes_episode_type":"","footnotes":""},"categories":[125],"tags":[455,158],"class_list":["post-4098","post","type-post","status-publish","format-standard","has-post-thumbnail","hentry","category-ausstellungen","tag-new-museum","tag-new-york"],"yoast_head":"<!-- This site is optimized with the Yoast SEO plugin v27.4 - https:\/\/yoast.com\/product\/yoast-seo-wordpress\/ -->\n<title>Eine neue \u00c4ra f\u00fcr das New Museum: Das von OMA gestaltete Geb\u00e4ude und die zeitgen\u00f6ssischer Kunst - Der Museumsblog<\/title>\n<meta name=\"robots\" content=\"index, follow, max-snippet:-1, max-image-preview:large, max-video-preview:-1\" \/>\n<link rel=\"canonical\" href=\"https:\/\/www.museum.de\/blog\/eine-neue-aera-fuer-das-new-museum-das-oma-design-und-die-erweiterung-zeitgenoessischer-kunst\/\" \/>\n<meta property=\"og:locale\" content=\"de_DE\" \/>\n<meta property=\"og:type\" content=\"article\" \/>\n<meta property=\"og:title\" content=\"Eine neue \u00c4ra f\u00fcr das New Museum: Das von OMA gestaltete Geb\u00e4ude und die zeitgen\u00f6ssischer Kunst - Der Museumsblog\" \/>\n<meta property=\"og:description\" content=\"Mit Spannung blickt die Kunstwelt auf den 21. M\u00e4rz 2026, ein Datum, das in der Geschichte des New Museum in New York eine neue Etappe markieren wird. An diesem Tag \u00f6ffnet das mit gro\u00dfer Neugier erwartete, von Office for Metropolitan Architecture OMA \/ Shohei Shigematsu und Rem Koolhaas entworfene Erweiterungsgeb\u00e4ude seine Pforten. Diese architektonische Erweiterung, [&hellip;]\" \/>\n<meta property=\"og:url\" content=\"https:\/\/www.museum.de\/blog\/eine-neue-aera-fuer-das-new-museum-das-oma-design-und-die-erweiterung-zeitgenoessischer-kunst\/\" \/>\n<meta property=\"og:site_name\" content=\"Der Museumsblog\" \/>\n<meta property=\"article:published_time\" content=\"2026-01-19T17:31:40+00:00\" \/>\n<meta property=\"article:modified_time\" content=\"2026-01-19T19:51:19+00:00\" \/>\n<meta property=\"og:image\" content=\"https:\/\/www.museum.de\/blog\/wp-content\/uploads\/2026\/01\/03-AerialRendering-of-the-expanded-New-Museum-and-public-plaza.-Courtesy-OMA_bloomimages.de_-e1714420528768.jpg\" \/>\n\t<meta property=\"og:image:width\" content=\"1600\" \/>\n\t<meta property=\"og:image:height\" content=\"1202\" \/>\n\t<meta property=\"og:image:type\" content=\"image\/jpeg\" \/>\n<meta name=\"author\" content=\"Redaktion\" \/>\n<meta name=\"twitter:card\" content=\"summary_large_image\" \/>\n<script type=\"application\/ld+json\" class=\"yoast-schema-graph\">{\"@context\":\"https:\\\/\\\/schema.org\",\"@graph\":[{\"@type\":\"Article\",\"@id\":\"https:\\\/\\\/www.museum.de\\\/blog\\\/eine-neue-aera-fuer-das-new-museum-das-oma-design-und-die-erweiterung-zeitgenoessischer-kunst\\\/#article\",\"isPartOf\":{\"@id\":\"https:\\\/\\\/www.museum.de\\\/blog\\\/eine-neue-aera-fuer-das-new-museum-das-oma-design-und-die-erweiterung-zeitgenoessischer-kunst\\\/\"},\"author\":{\"name\":\"Redaktion\",\"@id\":\"https:\\\/\\\/www.museum.de\\\/blog\\\/#\\\/schema\\\/person\\\/c09a0aea9ac127965257ff6115957332\"},\"headline\":\"Eine neue \u00c4ra f\u00fcr das New Museum: Das von OMA gestaltete Geb\u00e4ude und die zeitgen\u00f6ssischer Kunst\",\"datePublished\":\"2026-01-19T17:31:40+00:00\",\"dateModified\":\"2026-01-19T19:51:19+00:00\",\"mainEntityOfPage\":{\"@id\":\"https:\\\/\\\/www.museum.de\\\/blog\\\/eine-neue-aera-fuer-das-new-museum-das-oma-design-und-die-erweiterung-zeitgenoessischer-kunst\\\/\"},\"wordCount\":720,\"publisher\":{\"@id\":\"https:\\\/\\\/www.museum.de\\\/blog\\\/#organization\"},\"image\":{\"@id\":\"https:\\\/\\\/www.museum.de\\\/blog\\\/eine-neue-aera-fuer-das-new-museum-das-oma-design-und-die-erweiterung-zeitgenoessischer-kunst\\\/#primaryimage\"},\"thumbnailUrl\":\"https:\\\/\\\/www.museum.de\\\/blog\\\/wp-content\\\/uploads\\\/2026\\\/01\\\/03-AerialRendering-of-the-expanded-New-Museum-and-public-plaza.-Courtesy-OMA_bloomimages.de_-e1714420528768.jpg\",\"keywords\":[\"New Museum\",\"New York\"],\"articleSection\":[\"Ausstellungen\"],\"inLanguage\":\"de\"},{\"@type\":\"WebPage\",\"@id\":\"https:\\\/\\\/www.museum.de\\\/blog\\\/eine-neue-aera-fuer-das-new-museum-das-oma-design-und-die-erweiterung-zeitgenoessischer-kunst\\\/\",\"url\":\"https:\\\/\\\/www.museum.de\\\/blog\\\/eine-neue-aera-fuer-das-new-museum-das-oma-design-und-die-erweiterung-zeitgenoessischer-kunst\\\/\",\"name\":\"Eine neue \u00c4ra f\u00fcr das New Museum: Das von OMA gestaltete Geb\u00e4ude und die zeitgen\u00f6ssischer Kunst - Der Museumsblog\",\"isPartOf\":{\"@id\":\"https:\\\/\\\/www.museum.de\\\/blog\\\/#website\"},\"primaryImageOfPage\":{\"@id\":\"https:\\\/\\\/www.museum.de\\\/blog\\\/eine-neue-aera-fuer-das-new-museum-das-oma-design-und-die-erweiterung-zeitgenoessischer-kunst\\\/#primaryimage\"},\"image\":{\"@id\":\"https:\\\/\\\/www.museum.de\\\/blog\\\/eine-neue-aera-fuer-das-new-museum-das-oma-design-und-die-erweiterung-zeitgenoessischer-kunst\\\/#primaryimage\"},\"thumbnailUrl\":\"https:\\\/\\\/www.museum.de\\\/blog\\\/wp-content\\\/uploads\\\/2026\\\/01\\\/03-AerialRendering-of-the-expanded-New-Museum-and-public-plaza.-Courtesy-OMA_bloomimages.de_-e1714420528768.jpg\",\"datePublished\":\"2026-01-19T17:31:40+00:00\",\"dateModified\":\"2026-01-19T19:51:19+00:00\",\"breadcrumb\":{\"@id\":\"https:\\\/\\\/www.museum.de\\\/blog\\\/eine-neue-aera-fuer-das-new-museum-das-oma-design-und-die-erweiterung-zeitgenoessischer-kunst\\\/#breadcrumb\"},\"inLanguage\":\"de\",\"potentialAction\":[{\"@type\":\"ReadAction\",\"target\":[\"https:\\\/\\\/www.museum.de\\\/blog\\\/eine-neue-aera-fuer-das-new-museum-das-oma-design-und-die-erweiterung-zeitgenoessischer-kunst\\\/\"]}]},{\"@type\":\"ImageObject\",\"inLanguage\":\"de\",\"@id\":\"https:\\\/\\\/www.museum.de\\\/blog\\\/eine-neue-aera-fuer-das-new-museum-das-oma-design-und-die-erweiterung-zeitgenoessischer-kunst\\\/#primaryimage\",\"url\":\"https:\\\/\\\/www.museum.de\\\/blog\\\/wp-content\\\/uploads\\\/2026\\\/01\\\/03-AerialRendering-of-the-expanded-New-Museum-and-public-plaza.-Courtesy-OMA_bloomimages.de_-e1714420528768.jpg\",\"contentUrl\":\"https:\\\/\\\/www.museum.de\\\/blog\\\/wp-content\\\/uploads\\\/2026\\\/01\\\/03-AerialRendering-of-the-expanded-New-Museum-and-public-plaza.-Courtesy-OMA_bloomimages.de_-e1714420528768.jpg\",\"width\":1600,\"height\":1202},{\"@type\":\"BreadcrumbList\",\"@id\":\"https:\\\/\\\/www.museum.de\\\/blog\\\/eine-neue-aera-fuer-das-new-museum-das-oma-design-und-die-erweiterung-zeitgenoessischer-kunst\\\/#breadcrumb\",\"itemListElement\":[{\"@type\":\"ListItem\",\"position\":1,\"name\":\"Startseite\",\"item\":\"https:\\\/\\\/www.museum.de\\\/blog\\\/\"},{\"@type\":\"ListItem\",\"position\":2,\"name\":\"Eine neue \u00c4ra f\u00fcr das New Museum: Das von OMA gestaltete Geb\u00e4ude und die zeitgen\u00f6ssischer Kunst\"}]},{\"@type\":\"WebSite\",\"@id\":\"https:\\\/\\\/www.museum.de\\\/blog\\\/#website\",\"url\":\"https:\\\/\\\/www.museum.de\\\/blog\\\/\",\"name\":\"Der Museumsblog\",\"description\":\"Der Blog\",\"publisher\":{\"@id\":\"https:\\\/\\\/www.museum.de\\\/blog\\\/#organization\"},\"alternateName\":\"museum.de - Der Museumsblog\",\"potentialAction\":[{\"@type\":\"SearchAction\",\"target\":{\"@type\":\"EntryPoint\",\"urlTemplate\":\"https:\\\/\\\/www.museum.de\\\/blog\\\/?s={search_term_string}\"},\"query-input\":{\"@type\":\"PropertyValueSpecification\",\"valueRequired\":true,\"valueName\":\"search_term_string\"}}],\"inLanguage\":\"de\"},{\"@type\":\"Organization\",\"@id\":\"https:\\\/\\\/www.museum.de\\\/blog\\\/#organization\",\"name\":\"Der Museumsblog\",\"url\":\"https:\\\/\\\/www.museum.de\\\/blog\\\/\",\"logo\":{\"@type\":\"ImageObject\",\"inLanguage\":\"de\",\"@id\":\"https:\\\/\\\/www.museum.de\\\/blog\\\/#\\\/schema\\\/logo\\\/image\\\/\",\"url\":\"https:\\\/\\\/www.museum.de\\\/blog\\\/wp-content\\\/uploads\\\/2019\\\/03\\\/cropped-Audioguide_Titelseite-1.jpg\",\"contentUrl\":\"https:\\\/\\\/www.museum.de\\\/blog\\\/wp-content\\\/uploads\\\/2019\\\/03\\\/cropped-Audioguide_Titelseite-1.jpg\",\"width\":512,\"height\":512,\"caption\":\"Der Museumsblog\"},\"image\":{\"@id\":\"https:\\\/\\\/www.museum.de\\\/blog\\\/#\\\/schema\\\/logo\\\/image\\\/\"}},{\"@type\":\"Person\",\"@id\":\"https:\\\/\\\/www.museum.de\\\/blog\\\/#\\\/schema\\\/person\\\/c09a0aea9ac127965257ff6115957332\",\"name\":\"Redaktion\",\"description\":\"Das Redaktionsteam von museum.de\",\"url\":\"https:\\\/\\\/www.museum.de\\\/blog\\\/author\\\/msupervisor\\\/\"}]}<\/script>\n<!-- \/ Yoast SEO plugin. -->","yoast_head_json":{"title":"Eine neue \u00c4ra f\u00fcr das New Museum: Das von OMA gestaltete Geb\u00e4ude und die zeitgen\u00f6ssischer Kunst - Der Museumsblog","robots":{"index":"index","follow":"follow","max-snippet":"max-snippet:-1","max-image-preview":"max-image-preview:large","max-video-preview":"max-video-preview:-1"},"canonical":"https:\/\/www.museum.de\/blog\/eine-neue-aera-fuer-das-new-museum-das-oma-design-und-die-erweiterung-zeitgenoessischer-kunst\/","og_locale":"de_DE","og_type":"article","og_title":"Eine neue \u00c4ra f\u00fcr das New Museum: Das von OMA gestaltete Geb\u00e4ude und die zeitgen\u00f6ssischer Kunst - Der Museumsblog","og_description":"Mit Spannung blickt die Kunstwelt auf den 21. M\u00e4rz 2026, ein Datum, das in der Geschichte des New Museum in New York eine neue Etappe markieren wird. An diesem Tag \u00f6ffnet das mit gro\u00dfer Neugier erwartete, von Office for Metropolitan Architecture OMA \/ Shohei Shigematsu und Rem Koolhaas entworfene Erweiterungsgeb\u00e4ude seine Pforten. Diese architektonische Erweiterung, [&hellip;]","og_url":"https:\/\/www.museum.de\/blog\/eine-neue-aera-fuer-das-new-museum-das-oma-design-und-die-erweiterung-zeitgenoessischer-kunst\/","og_site_name":"Der Museumsblog","article_published_time":"2026-01-19T17:31:40+00:00","article_modified_time":"2026-01-19T19:51:19+00:00","og_image":[{"width":1600,"height":1202,"url":"https:\/\/www.museum.de\/blog\/wp-content\/uploads\/2026\/01\/03-AerialRendering-of-the-expanded-New-Museum-and-public-plaza.-Courtesy-OMA_bloomimages.de_-e1714420528768.jpg","type":"image\/jpeg"}],"author":"Redaktion","twitter_card":"summary_large_image","schema":{"@context":"https:\/\/schema.org","@graph":[{"@type":"Article","@id":"https:\/\/www.museum.de\/blog\/eine-neue-aera-fuer-das-new-museum-das-oma-design-und-die-erweiterung-zeitgenoessischer-kunst\/#article","isPartOf":{"@id":"https:\/\/www.museum.de\/blog\/eine-neue-aera-fuer-das-new-museum-das-oma-design-und-die-erweiterung-zeitgenoessischer-kunst\/"},"author":{"name":"Redaktion","@id":"https:\/\/www.museum.de\/blog\/#\/schema\/person\/c09a0aea9ac127965257ff6115957332"},"headline":"Eine neue \u00c4ra f\u00fcr das New Museum: Das von OMA gestaltete Geb\u00e4ude und die zeitgen\u00f6ssischer Kunst","datePublished":"2026-01-19T17:31:40+00:00","dateModified":"2026-01-19T19:51:19+00:00","mainEntityOfPage":{"@id":"https:\/\/www.museum.de\/blog\/eine-neue-aera-fuer-das-new-museum-das-oma-design-und-die-erweiterung-zeitgenoessischer-kunst\/"},"wordCount":720,"publisher":{"@id":"https:\/\/www.museum.de\/blog\/#organization"},"image":{"@id":"https:\/\/www.museum.de\/blog\/eine-neue-aera-fuer-das-new-museum-das-oma-design-und-die-erweiterung-zeitgenoessischer-kunst\/#primaryimage"},"thumbnailUrl":"https:\/\/www.museum.de\/blog\/wp-content\/uploads\/2026\/01\/03-AerialRendering-of-the-expanded-New-Museum-and-public-plaza.-Courtesy-OMA_bloomimages.de_-e1714420528768.jpg","keywords":["New Museum","New York"],"articleSection":["Ausstellungen"],"inLanguage":"de"},{"@type":"WebPage","@id":"https:\/\/www.museum.de\/blog\/eine-neue-aera-fuer-das-new-museum-das-oma-design-und-die-erweiterung-zeitgenoessischer-kunst\/","url":"https:\/\/www.museum.de\/blog\/eine-neue-aera-fuer-das-new-museum-das-oma-design-und-die-erweiterung-zeitgenoessischer-kunst\/","name":"Eine neue \u00c4ra f\u00fcr das New Museum: Das von OMA gestaltete Geb\u00e4ude und die zeitgen\u00f6ssischer Kunst - Der Museumsblog","isPartOf":{"@id":"https:\/\/www.museum.de\/blog\/#website"},"primaryImageOfPage":{"@id":"https:\/\/www.museum.de\/blog\/eine-neue-aera-fuer-das-new-museum-das-oma-design-und-die-erweiterung-zeitgenoessischer-kunst\/#primaryimage"},"image":{"@id":"https:\/\/www.museum.de\/blog\/eine-neue-aera-fuer-das-new-museum-das-oma-design-und-die-erweiterung-zeitgenoessischer-kunst\/#primaryimage"},"thumbnailUrl":"https:\/\/www.museum.de\/blog\/wp-content\/uploads\/2026\/01\/03-AerialRendering-of-the-expanded-New-Museum-and-public-plaza.-Courtesy-OMA_bloomimages.de_-e1714420528768.jpg","datePublished":"2026-01-19T17:31:40+00:00","dateModified":"2026-01-19T19:51:19+00:00","breadcrumb":{"@id":"https:\/\/www.museum.de\/blog\/eine-neue-aera-fuer-das-new-museum-das-oma-design-und-die-erweiterung-zeitgenoessischer-kunst\/#breadcrumb"},"inLanguage":"de","potentialAction":[{"@type":"ReadAction","target":["https:\/\/www.museum.de\/blog\/eine-neue-aera-fuer-das-new-museum-das-oma-design-und-die-erweiterung-zeitgenoessischer-kunst\/"]}]},{"@type":"ImageObject","inLanguage":"de","@id":"https:\/\/www.museum.de\/blog\/eine-neue-aera-fuer-das-new-museum-das-oma-design-und-die-erweiterung-zeitgenoessischer-kunst\/#primaryimage","url":"https:\/\/www.museum.de\/blog\/wp-content\/uploads\/2026\/01\/03-AerialRendering-of-the-expanded-New-Museum-and-public-plaza.-Courtesy-OMA_bloomimages.de_-e1714420528768.jpg","contentUrl":"https:\/\/www.museum.de\/blog\/wp-content\/uploads\/2026\/01\/03-AerialRendering-of-the-expanded-New-Museum-and-public-plaza.-Courtesy-OMA_bloomimages.de_-e1714420528768.jpg","width":1600,"height":1202},{"@type":"BreadcrumbList","@id":"https:\/\/www.museum.de\/blog\/eine-neue-aera-fuer-das-new-museum-das-oma-design-und-die-erweiterung-zeitgenoessischer-kunst\/#breadcrumb","itemListElement":[{"@type":"ListItem","position":1,"name":"Startseite","item":"https:\/\/www.museum.de\/blog\/"},{"@type":"ListItem","position":2,"name":"Eine neue \u00c4ra f\u00fcr das New Museum: Das von OMA gestaltete Geb\u00e4ude und die zeitgen\u00f6ssischer Kunst"}]},{"@type":"WebSite","@id":"https:\/\/www.museum.de\/blog\/#website","url":"https:\/\/www.museum.de\/blog\/","name":"Der Museumsblog","description":"Der Blog","publisher":{"@id":"https:\/\/www.museum.de\/blog\/#organization"},"alternateName":"museum.de - Der Museumsblog","potentialAction":[{"@type":"SearchAction","target":{"@type":"EntryPoint","urlTemplate":"https:\/\/www.museum.de\/blog\/?s={search_term_string}"},"query-input":{"@type":"PropertyValueSpecification","valueRequired":true,"valueName":"search_term_string"}}],"inLanguage":"de"},{"@type":"Organization","@id":"https:\/\/www.museum.de\/blog\/#organization","name":"Der Museumsblog","url":"https:\/\/www.museum.de\/blog\/","logo":{"@type":"ImageObject","inLanguage":"de","@id":"https:\/\/www.museum.de\/blog\/#\/schema\/logo\/image\/","url":"https:\/\/www.museum.de\/blog\/wp-content\/uploads\/2019\/03\/cropped-Audioguide_Titelseite-1.jpg","contentUrl":"https:\/\/www.museum.de\/blog\/wp-content\/uploads\/2019\/03\/cropped-Audioguide_Titelseite-1.jpg","width":512,"height":512,"caption":"Der Museumsblog"},"image":{"@id":"https:\/\/www.museum.de\/blog\/#\/schema\/logo\/image\/"}},{"@type":"Person","@id":"https:\/\/www.museum.de\/blog\/#\/schema\/person\/c09a0aea9ac127965257ff6115957332","name":"Redaktion","description":"Das Redaktionsteam von museum.de","url":"https:\/\/www.museum.de\/blog\/author\/msupervisor\/"}]}},"_links":{"self":[{"href":"https:\/\/www.museum.de\/blog\/wp-json\/wp\/v2\/posts\/4098","targetHints":{"allow":["GET"]}}],"collection":[{"href":"https:\/\/www.museum.de\/blog\/wp-json\/wp\/v2\/posts"}],"about":[{"href":"https:\/\/www.museum.de\/blog\/wp-json\/wp\/v2\/types\/post"}],"author":[{"embeddable":true,"href":"https:\/\/www.museum.de\/blog\/wp-json\/wp\/v2\/users\/1"}],"replies":[{"embeddable":true,"href":"https:\/\/www.museum.de\/blog\/wp-json\/wp\/v2\/comments?post=4098"}],"version-history":[{"count":7,"href":"https:\/\/www.museum.de\/blog\/wp-json\/wp\/v2\/posts\/4098\/revisions"}],"predecessor-version":[{"id":4109,"href":"https:\/\/www.museum.de\/blog\/wp-json\/wp\/v2\/posts\/4098\/revisions\/4109"}],"wp:featuredmedia":[{"embeddable":true,"href":"https:\/\/www.museum.de\/blog\/wp-json\/wp\/v2\/media\/4102"}],"wp:attachment":[{"href":"https:\/\/www.museum.de\/blog\/wp-json\/wp\/v2\/media?parent=4098"}],"wp:term":[{"taxonomy":"category","embeddable":true,"href":"https:\/\/www.museum.de\/blog\/wp-json\/wp\/v2\/categories?post=4098"},{"taxonomy":"post_tag","embeddable":true,"href":"https:\/\/www.museum.de\/blog\/wp-json\/wp\/v2\/tags?post=4098"}],"curies":[{"name":"wp","href":"https:\/\/api.w.org\/{rel}","templated":true}]}}