{"id":4168,"date":"2026-03-15T11:25:17","date_gmt":"2026-03-15T11:25:17","guid":{"rendered":"https:\/\/www.museum.de\/blog\/?p=4168"},"modified":"2026-03-15T11:25:21","modified_gmt":"2026-03-15T11:25:21","slug":"frida-the-making-of-an-icon-tate-gallery-london","status":"publish","type":"post","link":"https:\/\/www.museum.de\/blog\/frida-the-making-of-an-icon-tate-gallery-london\/","title":{"rendered":"Frida: The Making of an Icon \u2013 Tate Gallery London"},"content":{"rendered":"\n<div class=\"wp-block-cover is-light\" style=\"margin-top:2rem;margin-bottom:2rem\"><span aria-hidden=\"true\" class=\"wp-block-cover__background has-background-dim\" style=\"background-color:#9c876c\"><\/span><img decoding=\"async\" loading=\"lazy\" width=\"1200\" height=\"1553\" src=\"https:\/\/www.museum.de\/blog\/wp-content\/uploads\/2026\/03\/Frida_Kahlo_lead.width-1200.jpg\" class=\"wp-block-cover__image-background wp-post-image\" alt=\"\" data-object-fit=\"cover\" srcset=\"https:\/\/www.museum.de\/blog\/wp-content\/uploads\/2026\/03\/Frida_Kahlo_lead.width-1200.jpg 1200w, https:\/\/www.museum.de\/blog\/wp-content\/uploads\/2026\/03\/Frida_Kahlo_lead.width-1200-232x300.jpg 232w, https:\/\/www.museum.de\/blog\/wp-content\/uploads\/2026\/03\/Frida_Kahlo_lead.width-1200-964x1248.jpg 964w, https:\/\/www.museum.de\/blog\/wp-content\/uploads\/2026\/03\/Frida_Kahlo_lead.width-1200-768x994.jpg 768w, https:\/\/www.museum.de\/blog\/wp-content\/uploads\/2026\/03\/Frida_Kahlo_lead.width-1200-1187x1536.jpg 1187w\" sizes=\"auto, (max-width: 1200px) 100vw, 1200px\" \/><div class=\"wp-block-cover__inner-container is-layout-constrained wp-block-cover-is-layout-constrained\">\n<h1 class=\"wp-block-heading has-text-align-center has-ast-global-color-5-color has-text-color has-link-color has-x-large-font-size wp-elements-ece15e3517acf90eb181ae7c9b266730\">Frida: The Making of an Icon \u2013 Tate Gallery London<\/h1>\n<\/div><\/div>\n\n\n\n<p>Kaum eine K\u00fcnstlerin des 20. Jahrhunderts hat eine derart nachhaltige Bildmacht entfaltet wie Frida Kahlo. Ihr Gesicht mit den markanten Brauen, die Tehuana-Tracht, die floralen Kopfbedeckungen \u2013 all dies ist l\u00e4ngst Teil eines globalen visuellen Ged\u00e4chtnisses. Doch der Weg von der mexikanischen Malerin, die zu Lebzeiten au\u00dferhalb bestimmter Avantgardekreise nur begrenzt wahrgenommen wurde, hin zur omnipr\u00e4senten Ikone war weder geradlinig noch zuf\u00e4llig. Die Tate Modern widmet sich diesem Prozess nun in einer gro\u00dfen Ausstellung mit programmatischem Titel: <strong>\u201eFrida: The Making of an Icon\u201c<\/strong> (25. Juni 2026 \u2013 3. Januar 2027). Es ist die erste umfassende Pr\u00e4sentation in Gro\u00dfbritannien seit \u00fcber zwanzig Jahren, die nicht allein das Werk, sondern die Entstehung des Mythos in den Mittelpunkt stellt.<\/p>\n\n\n\n<h3 class=\"wp-block-heading\">Identit\u00e4t als Kunstform<\/h3>\n\n\n\n<p>Der Auftakt der Ausstellung widmet sich der bewussten Konstruktion von Identit\u00e4t \u2013 einem zentralen Aspekt in Kahlos Werk. In ihren fr\u00fchen und mittleren Selbstportr\u00e4ts wird deutlich, wie pr\u00e4zise sie ihr Bild von sich selbst formte. Werke wie <em>Self-Portrait (With Velvet Dress)<\/em> (1926) oder <em>Self-Portrait with Loose Hair<\/em> (1938) zeigen nicht nur eine junge Frau im Spannungsfeld pers\u00f6nlicher und politischer Selbstvergewisserung, sondern eine K\u00fcnstlerin, die ihre Herkunft, ihre k\u00f6rperliche Versehrtheit und ihre Geschlechterrolle in eine visuelle Sprache \u00fcberf\u00fchrt.<\/p>\n\n\n\n<p>Diese Arbeiten stehen im Dialog mit Positionen der mexikanischen Moderne. Diego Riveras <em>Portrait of Frida Kahlo<\/em> (um 1935) oder Mar\u00eda Izquierdos <em>Dream and Premonition<\/em> (1947) er\u00f6ffnen einen kunsthistorischen Kontext, der Kahlo als Teil der sogenannten \u201eMexican Renaissance\u201c verortet. Fotografien, pers\u00f6nliche Objekte und originale Tehuana-Kleider verweisen dar\u00fcber hinaus auf die performative Dimension ihres Auftretens. Kahlo erscheint hier nicht nur als Malerin, sondern als Regisseurin ihrer eigenen Ikonographie.<\/p>\n\n\n\n<h3 class=\"wp-block-heading\">Zwischen Surrealismus und Eigenst\u00e4ndigkeit<\/h3>\n\n\n\n<p>Ein zentraler Raum ist den surrealistischen Verbindungen gewidmet. Obwohl Kahlo die Zuschreibung als Surrealistin zur\u00fcckwies \u2013 sie habe \u201enicht Tr\u00e4ume, sondern ihre Realit\u00e4t gemalt\u201c \u2013, erkannte Andr\u00e9 Breton in ihr eine \u201eselbsterschaffene Surrealistin\u201c. Arbeiten wie <em>The Frame<\/em> (1938), einst von der franz\u00f6sischen Nationalgalerie erworben, oder <em>Memory (The Heart)<\/em> (1937) und <em>Girl with a Death Mask<\/em> (1938) belegen die N\u00e4he zu Bildmotiven wie Masken, Skeletten, Traumsequenzen und k\u00f6rperlicher Fragmentierung.<\/p>\n\n\n\n<p>Die Tate inszeniert diese Phase nicht isoliert, sondern im Austausch mit K\u00fcnstlern wie Leonor Fini oder der Fotografin Kati Horna. So wird sichtbar, wie sehr Kahlo Teil eines transatlantischen Netzwerks war \u2013 und zugleich eine singul\u00e4re Stimme blieb. Die H\u00e4ngung vermeidet eine blo\u00dfe Stilzuordnung und betont vielmehr die produktiven Reibungen zwischen individueller Mythologie und kollektiven Bildwelten.<\/p>\n\n\n\n<h3 class=\"wp-block-heading\">Politische Aneignung und kulturelles Erbe<\/h3>\n\n\n\n<p>Besonders \u00fcberzeugend ist der Abschnitt zur Rezeption in der zweiten H\u00e4lfte des 20. Jahrhunderts. W\u00e4hrend Frida Kahlo in den 1930er Jahren in den USA zwar bekannt war, setzte eine breite Rezeption wie so oft erst Jahrzehnte sp\u00e4ter ein. Die Chicano-Bewegung der 1960er Jahre, die Mexican Americans (Chicanos) in ihren Rechten und ihrem Selbstbewusstsein st\u00e4rken wollte, entdeckte in ihr eine Identifikationsfigur kultureller Selbstbehauptung. Das Gem\u00e4lde <em>My Dress Hangs There<\/em> (1933\u201338), das Kahlos ambivalentes Verh\u00e4ltnis zu den Vereinigten Staaten reflektiert, gewann im Kontext von Migration und dieser B\u00fcrgerrechtsbewegung neue Brisanz.<\/p>\n\n\n\n<p>In den 1980er und 1990er Jahren griffen K\u00fcnstler wie <strong>Nah\u00fam B. Zenil<\/strong> oder <strong>Georgina Quintana <\/strong>Kahlos Bildsprache auf, um Fragen nach nationaler Identit\u00e4t, Geschlechterordnung und katholischer Symbolik neu zu verhandeln. Die Ausstellung verfolgt diese Aneignungen bis in die Gegenwart, etwa in Arbeiten von <strong>Yasumasa Morimura<\/strong> oder <strong>Berenice Olmedo<\/strong>. So entsteht ein dichtes Panorama k\u00fcnstlerischer Bezugnahmen, das Kahlo als Projektionsfl\u00e4che ebenso zeigt wie als produktive Inspirationsquelle.<\/p>\n\n\n\n<h3 class=\"wp-block-heading\">Feminismus, K\u00f6rperpolitik und Selbstinszenierung<\/h3>\n\n\n\n<p>Mit dem Aufkommen feministischer Diskurse in den 1970er und 1980er Jahren erlebte Kahlo eine erneute Aktualisierung. Ihre Selbstportr\u00e4ts mit kurzgeschnittenem Haar, angedeutetem Oberlippenbart oder m\u00e4nnlicher Kleidung unterliefen traditionelle Geschlechterbilder. Die Tate stellt sie in Beziehung zu K\u00fcnstlerinnen wie <strong>Judy Chicago<\/strong>, <strong>Ana Mendieta<\/strong> oder <strong>Kiki Smith<\/strong>. Der K\u00f6rper erscheint hier als Ort von Verletzlichkeit, Widerstand und Transformation. Kahlo wird nicht zur Ikone stilisiert, sondern als K\u00fcnstlerin gew\u00fcrdigt, deren Werk strukturelle Fragen von Macht und Sichtbarkeit vorwegnimmt.<\/p>\n\n\n\n<h3 class=\"wp-block-heading\">Fridamania: Marke und Mythos<\/h3>\n\n\n\n<p>Den Abschluss bildet ein ebenso irritierender wie aufschlussreicher Raum: \u00dcber 200 Objekte dokumentieren die Kommerzialisierung ihrer Figur. Von Barbie-Puppen bis zu Tequila-Flaschen \u2013 Frida Kahlos Antlitz ist Teil einer globalen Waren\u00e4sthetik geworden. Diese \u201eFridamania\u201c wird nicht polemisch, sondern analytisch pr\u00e4sentiert. Die Ausstellung fragt, wie aus einer radikal pers\u00f6nlichen Bildsprache ein Massenph\u00e4nomen werden konnte. Die 1983 erschienene Biografie von Hayden Herrera, inzwischen in mehr als 25 Sprachen \u00fcbersetzt, markiert dabei einen entscheidenden Wendepunkt in der Popularisierung.<\/p>\n\n\n\n<h3 class=\"wp-block-heading\">Das Museum als Resonanzraum<\/h3>\n\n\n\n<p>Die Tate Modern, untergebracht im umgebauten Bankside Power Station-Geb\u00e4ude an der Themse, bietet mit ihrer industriellen Architektur einen geeigneten Rahmen f\u00fcr eine Ausstellung, die zwischen Intimit\u00e4t und Monumentalit\u00e4t oszilliert. Seit ihrer Er\u00f6ffnung im Jahr 2000 hat sich die Institution als globales Forum moderner und zeitgen\u00f6ssischer Kunst etabliert. Die dialogische Pr\u00e4sentationsweise entspricht dem programmatischen Anspruch des Hauses, Kunstgeschichte als offenes Geflecht zu begreifen.<\/p>\n\n\n\n<h3 class=\"wp-block-heading\">Praktische Informationen<\/h3>\n\n\n\n<p>\u201eFrida: The Making of an Icon\u201c ist vom <strong>25. Juni 2026 bis 3. Januar 2027<\/strong> in der Tate Modern, Bankside, London SE1 9TG, zu sehen. Ge\u00f6ffnet ist t\u00e4glich von 10 bis 18 Uhr, freitags und samstags bis 21 Uhr. Tickets sind \u00fcber tate.org.uk oder telefonisch erh\u00e4ltlich; f\u00fcr Mitglieder ist der Eintritt frei. Die Anbindung erfolgt bequem \u00fcber die Underground-Station Southwark oder Blackfriars sowie zahlreiche Buslinien entlang der South Bank.<\/p>\n\n\n\n<p>Weitere Informationen:<br><a href=\"https:\/\/www.tate.org.uk\/press\/press-releases\/frida-the-making-of-an-icon-25-june-2026--3-january-2027\" target=\"_blank\" rel=\"noreferrer noopener\">https:\/\/www.tate.org.uk\/press\/press-releases\/frida-the-making-of-an-icon-25-june-2026&#8211;3-january-2027<\/a><\/p>\n\n\n\n<h3 class=\"wp-block-heading\">Fazit<\/h3>\n\n\n\n<p>Die Ausstellung \u00fcberzeugt durch ihre kluge Perspektivverschiebung. Sie feiert Frida Kahlo nicht als unantastbare Heilige der Kunstgeschichte, sondern untersucht kritisch die Mechanismen ihrer Ikonisierung. Indem Werk, Rezeption und Kommerzialisierung gleichberechtigt nebeneinanderstehen, entsteht ein facettenreiches Bild einer K\u00fcnstlerin, deren Einfluss weit \u00fcber die Malerei hinausreicht. Die Tate gelingt damit eine ebenso kunsthistorisch fundierte wie kultursoziologisch aufschlussreiche Schau \u2013 ein Beitrag zur Frage, wie Ikonen entstehen und warum sie bleiben.<\/p>\n","protected":false},"excerpt":{"rendered":"<p>Kaum eine K\u00fcnstlerin des 20. Jahrhunderts hat eine derart nachhaltige Bildmacht entfaltet wie Frida Kahlo. Ihr Gesicht mit den markanten Brauen, die Tehuana-Tracht, die floralen Kopfbedeckungen \u2013 all dies ist l\u00e4ngst Teil eines globalen visuellen Ged\u00e4chtnisses. Doch der Weg von der mexikanischen Malerin, die zu Lebzeiten au\u00dferhalb bestimmter Avantgardekreise nur begrenzt wahrgenommen wurde, hin zur [&hellip;]<\/p>\n","protected":false},"author":1,"featured_media":4170,"comment_status":"closed","ping_status":"closed","sticky":false,"template":"","format":"standard","meta":{"site-sidebar-layout":"default","site-content-layout":"","ast-site-content-layout":"default","site-content-style":"default","site-sidebar-style":"default","ast-global-header-display":"","ast-banner-title-visibility":"","ast-main-header-display":"","ast-hfb-above-header-display":"","ast-hfb-below-header-display":"","ast-hfb-mobile-header-display":"","site-post-title":"","ast-breadcrumbs-content":"","ast-featured-img":"","footer-sml-layout":"","ast-disable-related-posts":"","theme-transparent-header-meta":"","adv-header-id-meta":"","stick-header-meta":"","header-above-stick-meta":"","header-main-stick-meta":"","header-below-stick-meta":"","astra-migrate-meta-layouts":"set","ast-page-background-enabled":"default","ast-page-background-meta":{"desktop":{"background-color":"var(--ast-global-color-4)","background-image":"","background-repeat":"repeat","background-position":"center center","background-size":"auto","background-attachment":"scroll","background-type":"","background-media":"","overlay-type":"","overlay-color":"","overlay-opacity":"","overlay-gradient":""},"tablet":{"background-color":"","background-image":"","background-repeat":"repeat","background-position":"center center","background-size":"auto","background-attachment":"scroll","background-type":"","background-media":"","overlay-type":"","overlay-color":"","overlay-opacity":"","overlay-gradient":""},"mobile":{"background-color":"","background-image":"","background-repeat":"repeat","background-position":"center center","background-size":"auto","background-attachment":"scroll","background-type":"","background-media":"","overlay-type":"","overlay-color":"","overlay-opacity":"","overlay-gradient":""}},"ast-content-background-meta":{"desktop":{"background-color":"var(--ast-global-color-5)","background-image":"","background-repeat":"repeat","background-position":"center center","background-size":"auto","background-attachment":"scroll","background-type":"","background-media":"","overlay-type":"","overlay-color":"","overlay-opacity":"","overlay-gradient":""},"tablet":{"background-color":"var(--ast-global-color-5)","background-image":"","background-repeat":"repeat","background-position":"center center","background-size":"auto","background-attachment":"scroll","background-type":"","background-media":"","overlay-type":"","overlay-color":"","overlay-opacity":"","overlay-gradient":""},"mobile":{"background-color":"var(--ast-global-color-5)","background-image":"","background-repeat":"repeat","background-position":"center center","background-size":"auto","background-attachment":"scroll","background-type":"","background-media":"","overlay-type":"","overlay-color":"","overlay-opacity":"","overlay-gradient":""}},"episode_type":"","audio_file":"","podmotor_file_id":"","podmotor_episode_id":"","cover_image":"","cover_image_id":"","duration":"","filesize":"","filesize_raw":"","date_recorded":"","explicit":"","block":"","itunes_episode_number":"","itunes_title":"","itunes_season_number":"","itunes_episode_type":"","footnotes":""},"categories":[125],"tags":[340,204,466],"class_list":["post-4168","post","type-post","status-publish","format-standard","has-post-thumbnail","hentry","category-ausstellungen","tag-frida-kahlo","tag-london","tag-tate-modern-gallery"],"yoast_head":"<!-- This site is optimized with the Yoast SEO plugin v27.4 - https:\/\/yoast.com\/product\/yoast-seo-wordpress\/ -->\n<title>Frida: The Making of an Icon \u2013 Tate Gallery London - Der Museumsblog<\/title>\n<meta name=\"robots\" content=\"index, follow, max-snippet:-1, max-image-preview:large, max-video-preview:-1\" \/>\n<link rel=\"canonical\" href=\"https:\/\/www.museum.de\/blog\/frida-the-making-of-an-icon-tate-gallery-london\/\" \/>\n<meta property=\"og:locale\" content=\"de_DE\" \/>\n<meta property=\"og:type\" content=\"article\" \/>\n<meta property=\"og:title\" content=\"Frida: The Making of an Icon \u2013 Tate Gallery London - Der Museumsblog\" \/>\n<meta property=\"og:description\" content=\"Kaum eine K\u00fcnstlerin des 20. Jahrhunderts hat eine derart nachhaltige Bildmacht entfaltet wie Frida Kahlo. Ihr Gesicht mit den markanten Brauen, die Tehuana-Tracht, die floralen Kopfbedeckungen \u2013 all dies ist l\u00e4ngst Teil eines globalen visuellen Ged\u00e4chtnisses. Doch der Weg von der mexikanischen Malerin, die zu Lebzeiten au\u00dferhalb bestimmter Avantgardekreise nur begrenzt wahrgenommen wurde, hin zur [&hellip;]\" \/>\n<meta property=\"og:url\" content=\"https:\/\/www.museum.de\/blog\/frida-the-making-of-an-icon-tate-gallery-london\/\" \/>\n<meta property=\"og:site_name\" content=\"Der Museumsblog\" \/>\n<meta property=\"article:published_time\" content=\"2026-03-15T11:25:17+00:00\" \/>\n<meta property=\"article:modified_time\" content=\"2026-03-15T11:25:21+00:00\" \/>\n<meta property=\"og:image\" content=\"https:\/\/www.museum.de\/blog\/wp-content\/uploads\/2026\/03\/Frida_Kahlo_lead.width-1200.jpg\" \/>\n\t<meta property=\"og:image:width\" content=\"1200\" \/>\n\t<meta property=\"og:image:height\" content=\"1553\" \/>\n\t<meta property=\"og:image:type\" content=\"image\/jpeg\" \/>\n<meta name=\"author\" content=\"Redaktion\" \/>\n<meta name=\"twitter:card\" content=\"summary_large_image\" \/>\n<script type=\"application\/ld+json\" class=\"yoast-schema-graph\">{\"@context\":\"https:\\\/\\\/schema.org\",\"@graph\":[{\"@type\":\"Article\",\"@id\":\"https:\\\/\\\/www.museum.de\\\/blog\\\/frida-the-making-of-an-icon-tate-gallery-london\\\/#article\",\"isPartOf\":{\"@id\":\"https:\\\/\\\/www.museum.de\\\/blog\\\/frida-the-making-of-an-icon-tate-gallery-london\\\/\"},\"author\":{\"name\":\"Redaktion\",\"@id\":\"https:\\\/\\\/www.museum.de\\\/blog\\\/#\\\/schema\\\/person\\\/c09a0aea9ac127965257ff6115957332\"},\"headline\":\"Frida: The Making of an Icon \u2013 Tate Gallery London\",\"datePublished\":\"2026-03-15T11:25:17+00:00\",\"dateModified\":\"2026-03-15T11:25:21+00:00\",\"mainEntityOfPage\":{\"@id\":\"https:\\\/\\\/www.museum.de\\\/blog\\\/frida-the-making-of-an-icon-tate-gallery-london\\\/\"},\"wordCount\":980,\"publisher\":{\"@id\":\"https:\\\/\\\/www.museum.de\\\/blog\\\/#organization\"},\"image\":{\"@id\":\"https:\\\/\\\/www.museum.de\\\/blog\\\/frida-the-making-of-an-icon-tate-gallery-london\\\/#primaryimage\"},\"thumbnailUrl\":\"https:\\\/\\\/www.museum.de\\\/blog\\\/wp-content\\\/uploads\\\/2026\\\/03\\\/Frida_Kahlo_lead.width-1200.jpg\",\"keywords\":[\"Frida Kahlo\",\"London\",\"Tate Modern Gallery\"],\"articleSection\":[\"Ausstellungen\"],\"inLanguage\":\"de\"},{\"@type\":\"WebPage\",\"@id\":\"https:\\\/\\\/www.museum.de\\\/blog\\\/frida-the-making-of-an-icon-tate-gallery-london\\\/\",\"url\":\"https:\\\/\\\/www.museum.de\\\/blog\\\/frida-the-making-of-an-icon-tate-gallery-london\\\/\",\"name\":\"Frida: The Making of an Icon \u2013 Tate Gallery London - Der Museumsblog\",\"isPartOf\":{\"@id\":\"https:\\\/\\\/www.museum.de\\\/blog\\\/#website\"},\"primaryImageOfPage\":{\"@id\":\"https:\\\/\\\/www.museum.de\\\/blog\\\/frida-the-making-of-an-icon-tate-gallery-london\\\/#primaryimage\"},\"image\":{\"@id\":\"https:\\\/\\\/www.museum.de\\\/blog\\\/frida-the-making-of-an-icon-tate-gallery-london\\\/#primaryimage\"},\"thumbnailUrl\":\"https:\\\/\\\/www.museum.de\\\/blog\\\/wp-content\\\/uploads\\\/2026\\\/03\\\/Frida_Kahlo_lead.width-1200.jpg\",\"datePublished\":\"2026-03-15T11:25:17+00:00\",\"dateModified\":\"2026-03-15T11:25:21+00:00\",\"breadcrumb\":{\"@id\":\"https:\\\/\\\/www.museum.de\\\/blog\\\/frida-the-making-of-an-icon-tate-gallery-london\\\/#breadcrumb\"},\"inLanguage\":\"de\",\"potentialAction\":[{\"@type\":\"ReadAction\",\"target\":[\"https:\\\/\\\/www.museum.de\\\/blog\\\/frida-the-making-of-an-icon-tate-gallery-london\\\/\"]}]},{\"@type\":\"ImageObject\",\"inLanguage\":\"de\",\"@id\":\"https:\\\/\\\/www.museum.de\\\/blog\\\/frida-the-making-of-an-icon-tate-gallery-london\\\/#primaryimage\",\"url\":\"https:\\\/\\\/www.museum.de\\\/blog\\\/wp-content\\\/uploads\\\/2026\\\/03\\\/Frida_Kahlo_lead.width-1200.jpg\",\"contentUrl\":\"https:\\\/\\\/www.museum.de\\\/blog\\\/wp-content\\\/uploads\\\/2026\\\/03\\\/Frida_Kahlo_lead.width-1200.jpg\",\"width\":1200,\"height\":1553},{\"@type\":\"BreadcrumbList\",\"@id\":\"https:\\\/\\\/www.museum.de\\\/blog\\\/frida-the-making-of-an-icon-tate-gallery-london\\\/#breadcrumb\",\"itemListElement\":[{\"@type\":\"ListItem\",\"position\":1,\"name\":\"Startseite\",\"item\":\"https:\\\/\\\/www.museum.de\\\/blog\\\/\"},{\"@type\":\"ListItem\",\"position\":2,\"name\":\"Frida: The Making of an Icon \u2013 Tate Gallery London\"}]},{\"@type\":\"WebSite\",\"@id\":\"https:\\\/\\\/www.museum.de\\\/blog\\\/#website\",\"url\":\"https:\\\/\\\/www.museum.de\\\/blog\\\/\",\"name\":\"Der Museumsblog\",\"description\":\"Der Blog\",\"publisher\":{\"@id\":\"https:\\\/\\\/www.museum.de\\\/blog\\\/#organization\"},\"alternateName\":\"museum.de - Der Museumsblog\",\"potentialAction\":[{\"@type\":\"SearchAction\",\"target\":{\"@type\":\"EntryPoint\",\"urlTemplate\":\"https:\\\/\\\/www.museum.de\\\/blog\\\/?s={search_term_string}\"},\"query-input\":{\"@type\":\"PropertyValueSpecification\",\"valueRequired\":true,\"valueName\":\"search_term_string\"}}],\"inLanguage\":\"de\"},{\"@type\":\"Organization\",\"@id\":\"https:\\\/\\\/www.museum.de\\\/blog\\\/#organization\",\"name\":\"Der Museumsblog\",\"url\":\"https:\\\/\\\/www.museum.de\\\/blog\\\/\",\"logo\":{\"@type\":\"ImageObject\",\"inLanguage\":\"de\",\"@id\":\"https:\\\/\\\/www.museum.de\\\/blog\\\/#\\\/schema\\\/logo\\\/image\\\/\",\"url\":\"https:\\\/\\\/www.museum.de\\\/blog\\\/wp-content\\\/uploads\\\/2019\\\/03\\\/cropped-Audioguide_Titelseite-1.jpg\",\"contentUrl\":\"https:\\\/\\\/www.museum.de\\\/blog\\\/wp-content\\\/uploads\\\/2019\\\/03\\\/cropped-Audioguide_Titelseite-1.jpg\",\"width\":512,\"height\":512,\"caption\":\"Der Museumsblog\"},\"image\":{\"@id\":\"https:\\\/\\\/www.museum.de\\\/blog\\\/#\\\/schema\\\/logo\\\/image\\\/\"}},{\"@type\":\"Person\",\"@id\":\"https:\\\/\\\/www.museum.de\\\/blog\\\/#\\\/schema\\\/person\\\/c09a0aea9ac127965257ff6115957332\",\"name\":\"Redaktion\",\"description\":\"Das Redaktionsteam von museum.de\",\"url\":\"https:\\\/\\\/www.museum.de\\\/blog\\\/author\\\/msupervisor\\\/\"}]}<\/script>\n<!-- \/ Yoast SEO plugin. -->","yoast_head_json":{"title":"Frida: The Making of an Icon \u2013 Tate Gallery London - Der Museumsblog","robots":{"index":"index","follow":"follow","max-snippet":"max-snippet:-1","max-image-preview":"max-image-preview:large","max-video-preview":"max-video-preview:-1"},"canonical":"https:\/\/www.museum.de\/blog\/frida-the-making-of-an-icon-tate-gallery-london\/","og_locale":"de_DE","og_type":"article","og_title":"Frida: The Making of an Icon \u2013 Tate Gallery London - Der Museumsblog","og_description":"Kaum eine K\u00fcnstlerin des 20. Jahrhunderts hat eine derart nachhaltige Bildmacht entfaltet wie Frida Kahlo. Ihr Gesicht mit den markanten Brauen, die Tehuana-Tracht, die floralen Kopfbedeckungen \u2013 all dies ist l\u00e4ngst Teil eines globalen visuellen Ged\u00e4chtnisses. Doch der Weg von der mexikanischen Malerin, die zu Lebzeiten au\u00dferhalb bestimmter Avantgardekreise nur begrenzt wahrgenommen wurde, hin zur [&hellip;]","og_url":"https:\/\/www.museum.de\/blog\/frida-the-making-of-an-icon-tate-gallery-london\/","og_site_name":"Der Museumsblog","article_published_time":"2026-03-15T11:25:17+00:00","article_modified_time":"2026-03-15T11:25:21+00:00","og_image":[{"width":1200,"height":1553,"url":"https:\/\/www.museum.de\/blog\/wp-content\/uploads\/2026\/03\/Frida_Kahlo_lead.width-1200.jpg","type":"image\/jpeg"}],"author":"Redaktion","twitter_card":"summary_large_image","schema":{"@context":"https:\/\/schema.org","@graph":[{"@type":"Article","@id":"https:\/\/www.museum.de\/blog\/frida-the-making-of-an-icon-tate-gallery-london\/#article","isPartOf":{"@id":"https:\/\/www.museum.de\/blog\/frida-the-making-of-an-icon-tate-gallery-london\/"},"author":{"name":"Redaktion","@id":"https:\/\/www.museum.de\/blog\/#\/schema\/person\/c09a0aea9ac127965257ff6115957332"},"headline":"Frida: The Making of an Icon \u2013 Tate Gallery London","datePublished":"2026-03-15T11:25:17+00:00","dateModified":"2026-03-15T11:25:21+00:00","mainEntityOfPage":{"@id":"https:\/\/www.museum.de\/blog\/frida-the-making-of-an-icon-tate-gallery-london\/"},"wordCount":980,"publisher":{"@id":"https:\/\/www.museum.de\/blog\/#organization"},"image":{"@id":"https:\/\/www.museum.de\/blog\/frida-the-making-of-an-icon-tate-gallery-london\/#primaryimage"},"thumbnailUrl":"https:\/\/www.museum.de\/blog\/wp-content\/uploads\/2026\/03\/Frida_Kahlo_lead.width-1200.jpg","keywords":["Frida Kahlo","London","Tate Modern Gallery"],"articleSection":["Ausstellungen"],"inLanguage":"de"},{"@type":"WebPage","@id":"https:\/\/www.museum.de\/blog\/frida-the-making-of-an-icon-tate-gallery-london\/","url":"https:\/\/www.museum.de\/blog\/frida-the-making-of-an-icon-tate-gallery-london\/","name":"Frida: The Making of an Icon \u2013 Tate Gallery London - Der Museumsblog","isPartOf":{"@id":"https:\/\/www.museum.de\/blog\/#website"},"primaryImageOfPage":{"@id":"https:\/\/www.museum.de\/blog\/frida-the-making-of-an-icon-tate-gallery-london\/#primaryimage"},"image":{"@id":"https:\/\/www.museum.de\/blog\/frida-the-making-of-an-icon-tate-gallery-london\/#primaryimage"},"thumbnailUrl":"https:\/\/www.museum.de\/blog\/wp-content\/uploads\/2026\/03\/Frida_Kahlo_lead.width-1200.jpg","datePublished":"2026-03-15T11:25:17+00:00","dateModified":"2026-03-15T11:25:21+00:00","breadcrumb":{"@id":"https:\/\/www.museum.de\/blog\/frida-the-making-of-an-icon-tate-gallery-london\/#breadcrumb"},"inLanguage":"de","potentialAction":[{"@type":"ReadAction","target":["https:\/\/www.museum.de\/blog\/frida-the-making-of-an-icon-tate-gallery-london\/"]}]},{"@type":"ImageObject","inLanguage":"de","@id":"https:\/\/www.museum.de\/blog\/frida-the-making-of-an-icon-tate-gallery-london\/#primaryimage","url":"https:\/\/www.museum.de\/blog\/wp-content\/uploads\/2026\/03\/Frida_Kahlo_lead.width-1200.jpg","contentUrl":"https:\/\/www.museum.de\/blog\/wp-content\/uploads\/2026\/03\/Frida_Kahlo_lead.width-1200.jpg","width":1200,"height":1553},{"@type":"BreadcrumbList","@id":"https:\/\/www.museum.de\/blog\/frida-the-making-of-an-icon-tate-gallery-london\/#breadcrumb","itemListElement":[{"@type":"ListItem","position":1,"name":"Startseite","item":"https:\/\/www.museum.de\/blog\/"},{"@type":"ListItem","position":2,"name":"Frida: The Making of an Icon \u2013 Tate Gallery London"}]},{"@type":"WebSite","@id":"https:\/\/www.museum.de\/blog\/#website","url":"https:\/\/www.museum.de\/blog\/","name":"Der Museumsblog","description":"Der Blog","publisher":{"@id":"https:\/\/www.museum.de\/blog\/#organization"},"alternateName":"museum.de - Der Museumsblog","potentialAction":[{"@type":"SearchAction","target":{"@type":"EntryPoint","urlTemplate":"https:\/\/www.museum.de\/blog\/?s={search_term_string}"},"query-input":{"@type":"PropertyValueSpecification","valueRequired":true,"valueName":"search_term_string"}}],"inLanguage":"de"},{"@type":"Organization","@id":"https:\/\/www.museum.de\/blog\/#organization","name":"Der Museumsblog","url":"https:\/\/www.museum.de\/blog\/","logo":{"@type":"ImageObject","inLanguage":"de","@id":"https:\/\/www.museum.de\/blog\/#\/schema\/logo\/image\/","url":"https:\/\/www.museum.de\/blog\/wp-content\/uploads\/2019\/03\/cropped-Audioguide_Titelseite-1.jpg","contentUrl":"https:\/\/www.museum.de\/blog\/wp-content\/uploads\/2019\/03\/cropped-Audioguide_Titelseite-1.jpg","width":512,"height":512,"caption":"Der Museumsblog"},"image":{"@id":"https:\/\/www.museum.de\/blog\/#\/schema\/logo\/image\/"}},{"@type":"Person","@id":"https:\/\/www.museum.de\/blog\/#\/schema\/person\/c09a0aea9ac127965257ff6115957332","name":"Redaktion","description":"Das Redaktionsteam von museum.de","url":"https:\/\/www.museum.de\/blog\/author\/msupervisor\/"}]}},"_links":{"self":[{"href":"https:\/\/www.museum.de\/blog\/wp-json\/wp\/v2\/posts\/4168","targetHints":{"allow":["GET"]}}],"collection":[{"href":"https:\/\/www.museum.de\/blog\/wp-json\/wp\/v2\/posts"}],"about":[{"href":"https:\/\/www.museum.de\/blog\/wp-json\/wp\/v2\/types\/post"}],"author":[{"embeddable":true,"href":"https:\/\/www.museum.de\/blog\/wp-json\/wp\/v2\/users\/1"}],"replies":[{"embeddable":true,"href":"https:\/\/www.museum.de\/blog\/wp-json\/wp\/v2\/comments?post=4168"}],"version-history":[{"count":9,"href":"https:\/\/www.museum.de\/blog\/wp-json\/wp\/v2\/posts\/4168\/revisions"}],"predecessor-version":[{"id":4178,"href":"https:\/\/www.museum.de\/blog\/wp-json\/wp\/v2\/posts\/4168\/revisions\/4178"}],"wp:featuredmedia":[{"embeddable":true,"href":"https:\/\/www.museum.de\/blog\/wp-json\/wp\/v2\/media\/4170"}],"wp:attachment":[{"href":"https:\/\/www.museum.de\/blog\/wp-json\/wp\/v2\/media?parent=4168"}],"wp:term":[{"taxonomy":"category","embeddable":true,"href":"https:\/\/www.museum.de\/blog\/wp-json\/wp\/v2\/categories?post=4168"},{"taxonomy":"post_tag","embeddable":true,"href":"https:\/\/www.museum.de\/blog\/wp-json\/wp\/v2\/tags?post=4168"}],"curies":[{"name":"wp","href":"https:\/\/api.w.org\/{rel}","templated":true}]}}