{"id":4204,"date":"2026-04-30T11:32:21","date_gmt":"2026-04-30T11:32:21","guid":{"rendered":"https:\/\/www.museum.de\/blog\/?p=4204"},"modified":"2026-04-30T13:37:38","modified_gmt":"2026-04-30T13:37:38","slug":"marcel-duchamp","status":"publish","type":"post","link":"https:\/\/www.museum.de\/blog\/marcel-duchamp\/","title":{"rendered":"Marcel Duchamp im MoMA: Die folgenreiche Zumutung der Moderne"},"content":{"rendered":"\n<div class=\"wp-block-cover is-light\" style=\"margin-top:2rem;margin-bottom:2rem\"><span aria-hidden=\"true\" class=\"wp-block-cover__background has-background-dim\" style=\"background-color:#a1a19e\"><\/span><img decoding=\"async\" loading=\"lazy\" width=\"1600\" height=\"900\" src=\"https:\/\/www.museum.de\/blog\/wp-content\/uploads\/2026\/04\/marcel-duchamp-moma2026.jpg\" class=\"wp-block-cover__image-background wp-post-image\" alt=\"\" data-object-fit=\"cover\" srcset=\"https:\/\/www.museum.de\/blog\/wp-content\/uploads\/2026\/04\/marcel-duchamp-moma2026.jpg 1600w, https:\/\/www.museum.de\/blog\/wp-content\/uploads\/2026\/04\/marcel-duchamp-moma2026-300x169.jpg 300w, https:\/\/www.museum.de\/blog\/wp-content\/uploads\/2026\/04\/marcel-duchamp-moma2026-1248x702.jpg 1248w, https:\/\/www.museum.de\/blog\/wp-content\/uploads\/2026\/04\/marcel-duchamp-moma2026-768x432.jpg 768w, https:\/\/www.museum.de\/blog\/wp-content\/uploads\/2026\/04\/marcel-duchamp-moma2026-1536x864.jpg 1536w\" sizes=\"auto, (max-width: 1600px) 100vw, 1600px\" \/><div class=\"wp-block-cover__inner-container is-layout-constrained wp-block-cover-is-layout-constrained\">\n<h1 class=\"wp-block-heading has-text-align-center has-ast-global-color-5-color has-text-color has-link-color has-x-large-font-size wp-elements-594de6f1bb0ab1802b3d82d1e35b7d1a\">Marcel Duchamp im MoMA: Die folgenreiche Zumutung der Moderne<\/h1>\n<\/div><\/div>\n\n\n\n<p>Es gibt nur wenige K\u00fcnstler, deren Werk die Kunst des 20. Jahrhunderts derart nachhaltig ersch\u00fcttert hat wie Marcel Duchamp. Wer heute vor einem Alltagsgegenstand im Museum steht und sich fragt, weshalb dieser als Kunst gilt, bewegt sich noch immer im geistigen Gravitationsfeld jenes franz\u00f6sisch-amerikanischen K\u00fcnstlers, der die \u00e4sthetischen und begrifflichen Fundamente der Moderne radikal neu vermessen hat. Duchamp hat nicht einfach neue Werke geschaffen; er hat die Bedingungen dessen ver\u00e4ndert, was \u00fcberhaupt als Werk gelten kann. In dieser Hinsicht steht er an einem neuralgischen Punkt der Kunstgeschichte: zwischen der Krise des traditionellen Bildes, dem Aufbruch der Avantgarden und dem \u00dcbergang zu einer konzeptuellen Kunst, deren Nachwirkungen bis in die Gegenwart reichen.<\/p>\n\n\n\n<p>Die gro\u00dfe Ausstellung <strong>\u201eMarcel Duchamp\u201c<\/strong> im Museum of Modern Art in New York ist deshalb weit mehr als eine klassische Retrospektive. Sie rekonstruiert ein \u0152uvre, das sich jeder linearen Erz\u00e4hlung entzieht und gerade in seinen Br\u00fcchen, Volten und kalkulierten Widerspr\u00fcchen produktiv wird. Mit rund 300 Arbeiten handelt es sich um die erste gro\u00dfe Duchamp-Retrospektive in den Vereinigten Staaten seit 1973 \u2013 ein kulturhistorisches Ereignis, das auch deshalb Gewicht besitzt, weil sich die Duchamp-Forschung in den vergangenen Jahrzehnten erheblich vertieft hat. Die Ausstellung reagiert auf diese neue Forschungslage und versucht zugleich, Legendenbildungen und Verk\u00fcrzungen um den vermeintlich blo\u00df provokanten Erfinder des Readymade zu korrigieren.<\/p>\n\n\n\n<h2 class=\"wp-block-heading\">Duchamps Werk<\/h2>\n\n\n\n<p>Im Zentrum steht die erstaunliche Vielgestaltigkeit von Duchamps Werk. Die Schau verfolgt seine Entwicklung von den fr\u00fchen Arbeiten um 1900 bis zu den sp\u00e4ten Werken der 1960er Jahre und macht sichtbar, dass Duchamp eben nicht nur der K\u00fcnstler des Urinals oder der intellektuellen Pointe war. Fr\u00fch werden seine Ber\u00fchrungen mit dem Kubismus, dem Futurismus und sp\u00e4ter dem Surrealismus deutlich. Bereits <strong>\u201eNude Descending a Staircase (No. 2)\u201c<\/strong> von 1912, jenes Bild, das auf der Armory Show 1913 in New York einen Skandal ausl\u00f6ste, zeigt die Sprengkraft seines Denkens: Die menschliche Figur zerf\u00e4llt in Bewegungssequenzen, K\u00f6rper und Maschine, Akt und Dynamik geraten in eine schillernde Ambivalenz. Das Werk ist nicht nur eine Ikone der Moderne, sondern auch ein Schl\u00fcsselbild daf\u00fcr, wie Duchamp traditionelle Gattungsgrenzen unterl\u00e4uft.<\/p>\n\n\n\n<p>Von dort f\u00fchrt die Ausstellung stringent zu den Readymades, die den Duchamp-Mythos wesentlich begr\u00fcndet haben. Ihre kunsthistorische Brisanz liegt bis heute darin, dass sie den Akt der Auswahl \u00fcber die handwerkliche Herstellung stellen. Mit <strong>\u201eFountain\u201c<\/strong> von 1917 \u2013 jenem auf die Seite gelegten, mit \u201eR. Mutt\u201c signierten Urinal \u2013 wurde nicht nur ein Skandal provoziert, sondern die Autorschaft selbst neu codiert. Kunst erscheint hier nicht l\u00e4nger als Ausdruck genialischer Formgebung, sondern als Ergebnis einer Setzung, eines Kontextwechsels, einer institutionellen und begrifflichen Operation. Gerade in einer Zeit, in der Kunst vielfach \u00fcber Diskurs, Rahmung und Rezeption verhandelt wird, bleibt diese Geste verst\u00f6rend aktuell.<\/p>\n\n\n\n<p>Zu den H\u00f6hepunkten der Ausstellung geh\u00f6rt auch <strong>\u201eThe Bride Stripped Bare by Her Bachelors, Even (The Large Glass)\u201c<\/strong> von 1915\u201323. Dieses monumentale Werk, halb Bild, halb Maschine, halb poetisches R\u00e4tsel, geh\u00f6rt zu den eigensinnigsten Sch\u00f6pfungen der Moderne. Dass Duchamp die Malerei buchst\u00e4blich aus der Leinwand und von der Wand befreit, indem er auf Glas arbeitet, ist nicht nur technisch bemerkenswert, sondern konzeptionell folgenreich. Das Werk erscheint wie ein Scharnier zwischen Malerei, Skulptur, Diagramm und Denkbild. Seine eigent\u00fcmliche Erotik, seine mechanische Symbolik und seine kalkulierte Unabschlie\u00dfbarkeit machen es zu einem Brennpunkt von Duchamps Kunstverst\u00e4ndnis.<\/p>\n\n\n\n<h2 class=\"wp-block-heading\">Das kuratorische Konzept<\/h2>\n\n\n\n<p>Die Kuratoren \u2013 Ann Temkin, Michelle Kuo und Matthew Affron, unterst\u00fctzt von einem gr\u00f6\u00dferen wissenschaftlichen Team \u2013 setzen nicht auf die simple Fortschrittserz\u00e4hlung vom fr\u00fchen Maler zum sp\u00e4teren Konzeptk\u00fcnstler. Vielmehr scheint die Ausstellung die innere Unruhe und absichtliche Inkonsistenz dieses Werks ernst zu nehmen. Duchamp selbst formulierte bekanntlich, er habe sich dazu gezwungen, sich selbst zu widersprechen, um dem eigenen Geschmack nicht zu verfallen. Genau darin liegt die kuratorische Herausforderung: ein Werk zu zeigen, dessen Einheit nicht im Stil, sondern in der Weigerung zur stilistischen Verfestigung liegt. Die Inszenierung im Steven and Alexandra Cohen Center for Special Exhibitions auf Ebene 6 des MoMA d\u00fcrfte diesem Anspruch entgegenkommen, weil die R\u00e4ume f\u00fcr gro\u00dfe, konzentrierte \u00dcberblicksschauen ausgelegt sind und narrative Sequenzen ebenso erlauben wie pr\u00e4zise gesetzte Einzelakzente.<\/p>\n\n\n\n<p>Besondere Aufmerksamkeit verdient <strong>\u201eThe Box in a Valise\u201c<\/strong> von 1935\u201341, Duchamps \u201etragbares Museum\u201c. In diesen sorgf\u00e4ltig gefertigten Miniaturreproduktionen seines bisherigen Werks b\u00fcndelt sich auf fast ironische Weise sein Nachdenken \u00fcber Original, Kopie, Reproduktion und Selbstarchivierung. Das Werk ist von fast prophetischer Qualit\u00e4t: Es antizipiert nicht nur sp\u00e4tere Formen musealer Selbstreflexion, sondern auch heutige Fragen nach Mobilit\u00e4t, Vervielf\u00e4ltigung und dem Status des Kunstobjekts im Zeitalter technischer Reproduzierbarkeit. In einer Retrospektive wirkt dieses Werk naturgem\u00e4\u00df wie ein Spiegel des ganzen Unternehmens.<\/p>\n\n\n\n<h2 class=\"wp-block-heading\">Einordnung in die Gegenwart<\/h2>\n\n\n\n<p>Die Ausstellung leistet dar\u00fcber hinaus eine wichtige Einordnung Duchamps in die Gegenwart. Zu oft wird er auf den kalten Intellektuellen reduziert, der das Kunstwerk abgeschafft habe. Tats\u00e4chlich zeigt sich hier ein K\u00fcnstler, dessen Werk von Witz, Eros, Sprachspiel, Materialbewusstsein und philosophischer Pr\u00e4zision durchdrungen ist. Ohne Duchamp w\u00e4ren weite Teile der Nachkriegskunst kaum denkbar: Fluxus, Konzeptkunst, Minimal Art, Appropriation Art und selbst zentrale Strategien der Pop Art verdanken ihm wesentliche Impulse. Zugleich bleibt die Retrospektive hoffentlich klug genug, ihn nicht als allm\u00e4chtigen Ursprungsgott der Gegenwartskunst zu stilisieren. Denn Duchamps Bedeutung liegt weniger in einer linearen Wirkungsgeschichte als in der nachhaltigen Irritation, die sein Werk ausl\u00f6st.<\/p>\n\n\n\n<h2 class=\"wp-block-heading\">Das Museum<\/h2>\n\n\n\n<p>Auch das Haus, in dem diese Ausstellung stattfindet, ist daf\u00fcr ein denkbar passender Ort. Das <strong>Museum of Modern Art<\/strong> geh\u00f6rt zu den pr\u00e4genden Institutionen der internationalen Moderne. Seine Architektur in Midtown Manhattan verbindet urbane Dichte mit einer musealen Klarheit, die gerade komplexen kunsthistorischen Erz\u00e4hlungen zugutekommt. Das Sammlungsprofil des MoMA \u2013 von der klassischen Moderne bis zur Gegenwart, medien\u00fcbergreifend und kanonbildend \u2013 macht das Museum zu einem Ort, an dem Duchamps Werk nicht isoliert erscheint, sondern in ein dichtes Netz kunsthistorischer Bez\u00fcge eingebettet ist.<\/p>\n\n\n\n<p>Praktisch ist die Ausstellung auf <strong>Floor 6<\/strong> im <strong>Steven and Alexandra Cohen Center for Special Exhibitions<\/strong> zu finden. Ort ist das <strong>Museum of Modern Art, New York<\/strong>. Angaben zu Laufzeit, \u00d6ffnungszeiten, Eintrittspreisen sowie zu Tickets, Services, Barrierefreiheit und Anreise sind auf der Website des Museums aktuell abrufbar; dort finden sich in der Regel auch Informationen zu Audioguides, Begleitprogrammen, Katalog, Lageplan und zur Erreichbarkeit mit \u00f6ffentlichen Verkehrsmitteln in Manhattan. Gerade bei einer so erwartbaren Publikumsschau empfiehlt sich eine vorherige Pr\u00fcfung der Zeitfenster und Reservierungsmodalit\u00e4ten.<\/p>\n\n\n\n<div class=\"wp-block-group has-background is-layout-constrained wp-block-group-is-layout-constrained\" style=\"background-color:#cce9fa;margin-top:2rem;margin-bottom:2rem\">\n<h4 class=\"wp-block-heading\">Praktische Informationen f\u00fcr den Besuch<\/h4>\n\n\n\n<ul class=\"wp-block-list\">\n<li><strong>Ort:<\/strong> <a href=\"https:\/\/www.moma.org\/visit\/index\">MoMA 11&nbsp;West 53&nbsp;Street, Manhattan<\/a> New York, New York, USA<\/li>\n\n\n\n<li><strong>Ausstellungszeitraum:<\/strong> 15.4. \u2014 22.8.2026<\/li>\n\n\n\n<li><strong>\u00d6ffnungszeiten:<\/strong> Dienstag \u2013 Sonntag, Feiertag 10:30 \u2013 17:30 Uhr<\/li>\n<\/ul>\n<\/div>\n\n\n\n<h2 class=\"wp-block-heading\">Fazit<\/h2>\n\n\n\n<p>Am Ende bleibt der Eindruck einer Ausstellung, die nicht nur einen Jahrhundertk\u00fcnstler feiert, sondern einen Streitfall der Moderne neu vermisst. Das ist ihre eigentliche St\u00e4rke. Duchamp wird hier nicht als blo\u00dfer Provokateur ausgestellt, sondern als K\u00fcnstler, der die Kunst mit den Mitteln der Skepsis, der Ironie und der gedanklichen Pr\u00e4zision auf ein neues Fundament gestellt hat. Eine solche Retrospektive kann leicht in Ehrfurcht erstarren; wenn sie jedoch, wie angek\u00fcndigt, Mythen ebenso ernsthaft pr\u00fcft wie Werke pr\u00e4sentiert, dann wird sie zu einer produktiven Zumutung. Genau das entspricht Duchamp wohl am meisten.<\/p>\n\n\n\n<p>Quelle:<br><a href=\"https:\/\/www.moma.org\/calendar\/exhibitions\/5684\">https:\/\/www.moma.org\/calendar\/exhibitions\/5684<\/a><\/p>\n","protected":false},"excerpt":{"rendered":"<p>Es gibt nur wenige K\u00fcnstler, deren Werk die Kunst des 20. Jahrhunderts derart nachhaltig ersch\u00fcttert hat wie Marcel Duchamp. Wer heute vor einem Alltagsgegenstand im Museum steht und sich fragt, weshalb dieser als Kunst gilt, bewegt sich noch immer im geistigen Gravitationsfeld jenes franz\u00f6sisch-amerikanischen K\u00fcnstlers, der die \u00e4sthetischen und begrifflichen Fundamente der Moderne radikal neu [&hellip;]<\/p>\n","protected":false},"author":1,"featured_media":4206,"comment_status":"closed","ping_status":"closed","sticky":false,"template":"","format":"standard","meta":{"site-sidebar-layout":"default","site-content-layout":"","ast-site-content-layout":"default","site-content-style":"default","site-sidebar-style":"default","ast-global-header-display":"","ast-banner-title-visibility":"","ast-main-header-display":"","ast-hfb-above-header-display":"","ast-hfb-below-header-display":"","ast-hfb-mobile-header-display":"","site-post-title":"","ast-breadcrumbs-content":"","ast-featured-img":"","footer-sml-layout":"","ast-disable-related-posts":"","theme-transparent-header-meta":"","adv-header-id-meta":"","stick-header-meta":"","header-above-stick-meta":"","header-main-stick-meta":"","header-below-stick-meta":"","astra-migrate-meta-layouts":"set","ast-page-background-enabled":"default","ast-page-background-meta":{"desktop":{"background-color":"var(--ast-global-color-4)","background-image":"","background-repeat":"repeat","background-position":"center center","background-size":"auto","background-attachment":"scroll","background-type":"","background-media":"","overlay-type":"","overlay-color":"","overlay-opacity":"","overlay-gradient":""},"tablet":{"background-color":"","background-image":"","background-repeat":"repeat","background-position":"center center","background-size":"auto","background-attachment":"scroll","background-type":"","background-media":"","overlay-type":"","overlay-color":"","overlay-opacity":"","overlay-gradient":""},"mobile":{"background-color":"","background-image":"","background-repeat":"repeat","background-position":"center center","background-size":"auto","background-attachment":"scroll","background-type":"","background-media":"","overlay-type":"","overlay-color":"","overlay-opacity":"","overlay-gradient":""}},"ast-content-background-meta":{"desktop":{"background-color":"var(--ast-global-color-5)","background-image":"","background-repeat":"repeat","background-position":"center center","background-size":"auto","background-attachment":"scroll","background-type":"","background-media":"","overlay-type":"","overlay-color":"","overlay-opacity":"","overlay-gradient":""},"tablet":{"background-color":"var(--ast-global-color-5)","background-image":"","background-repeat":"repeat","background-position":"center center","background-size":"auto","background-attachment":"scroll","background-type":"","background-media":"","overlay-type":"","overlay-color":"","overlay-opacity":"","overlay-gradient":""},"mobile":{"background-color":"var(--ast-global-color-5)","background-image":"","background-repeat":"repeat","background-position":"center center","background-size":"auto","background-attachment":"scroll","background-type":"","background-media":"","overlay-type":"","overlay-color":"","overlay-opacity":"","overlay-gradient":""}},"episode_type":"","audio_file":"","podmotor_file_id":"","podmotor_episode_id":"","cover_image":"","cover_image_id":"","duration":"","filesize":"","filesize_raw":"","date_recorded":"","explicit":"","block":"","itunes_episode_number":"","itunes_title":"","itunes_season_number":"","itunes_episode_type":"","footnotes":""},"categories":[125],"tags":[470,120,158],"class_list":["post-4204","post","type-post","status-publish","format-standard","has-post-thumbnail","hentry","category-ausstellungen","tag-marcel-duchamp","tag-moma","tag-new-york"],"yoast_head":"<!-- This site is optimized with the Yoast SEO plugin v27.5 - https:\/\/yoast.com\/product\/yoast-seo-wordpress\/ -->\n<title>Marcel Duchamp im MoMA: Die folgenreiche Zumutung der Moderne - Der Museumsblog<\/title>\n<meta name=\"robots\" content=\"index, follow, max-snippet:-1, max-image-preview:large, max-video-preview:-1\" \/>\n<link rel=\"canonical\" href=\"https:\/\/www.museum.de\/blog\/marcel-duchamp\/\" \/>\n<meta property=\"og:locale\" content=\"de_DE\" \/>\n<meta property=\"og:type\" content=\"article\" \/>\n<meta property=\"og:title\" content=\"Marcel Duchamp im MoMA: Die folgenreiche Zumutung der Moderne - Der Museumsblog\" \/>\n<meta property=\"og:description\" content=\"Es gibt nur wenige K\u00fcnstler, deren Werk die Kunst des 20. Jahrhunderts derart nachhaltig ersch\u00fcttert hat wie Marcel Duchamp. Wer heute vor einem Alltagsgegenstand im Museum steht und sich fragt, weshalb dieser als Kunst gilt, bewegt sich noch immer im geistigen Gravitationsfeld jenes franz\u00f6sisch-amerikanischen K\u00fcnstlers, der die \u00e4sthetischen und begrifflichen Fundamente der Moderne radikal neu [&hellip;]\" \/>\n<meta property=\"og:url\" content=\"https:\/\/www.museum.de\/blog\/marcel-duchamp\/\" \/>\n<meta property=\"og:site_name\" content=\"Der Museumsblog\" \/>\n<meta property=\"article:published_time\" content=\"2026-04-30T11:32:21+00:00\" \/>\n<meta property=\"article:modified_time\" content=\"2026-04-30T13:37:38+00:00\" \/>\n<meta property=\"og:image\" content=\"https:\/\/www.museum.de\/blog\/wp-content\/uploads\/2026\/04\/marcel-duchamp-moma2026.jpg\" \/>\n\t<meta property=\"og:image:width\" content=\"1600\" \/>\n\t<meta property=\"og:image:height\" content=\"900\" \/>\n\t<meta property=\"og:image:type\" content=\"image\/jpeg\" \/>\n<meta name=\"author\" content=\"Redaktion\" \/>\n<meta name=\"twitter:card\" content=\"summary_large_image\" \/>\n<script type=\"application\/ld+json\" class=\"yoast-schema-graph\">{\"@context\":\"https:\\\/\\\/schema.org\",\"@graph\":[{\"@type\":\"Article\",\"@id\":\"https:\\\/\\\/www.museum.de\\\/blog\\\/marcel-duchamp\\\/#article\",\"isPartOf\":{\"@id\":\"https:\\\/\\\/www.museum.de\\\/blog\\\/marcel-duchamp\\\/\"},\"author\":{\"name\":\"Redaktion\",\"@id\":\"https:\\\/\\\/www.museum.de\\\/blog\\\/#\\\/schema\\\/person\\\/c09a0aea9ac127965257ff6115957332\"},\"headline\":\"Marcel Duchamp im MoMA: Die folgenreiche Zumutung der Moderne\",\"datePublished\":\"2026-04-30T11:32:21+00:00\",\"dateModified\":\"2026-04-30T13:37:38+00:00\",\"mainEntityOfPage\":{\"@id\":\"https:\\\/\\\/www.museum.de\\\/blog\\\/marcel-duchamp\\\/\"},\"wordCount\":1214,\"publisher\":{\"@id\":\"https:\\\/\\\/www.museum.de\\\/blog\\\/#organization\"},\"image\":{\"@id\":\"https:\\\/\\\/www.museum.de\\\/blog\\\/marcel-duchamp\\\/#primaryimage\"},\"thumbnailUrl\":\"https:\\\/\\\/www.museum.de\\\/blog\\\/wp-content\\\/uploads\\\/2026\\\/04\\\/marcel-duchamp-moma2026.jpg\",\"keywords\":[\"Marcel Duchamp\",\"MOMA\",\"New York\"],\"articleSection\":[\"Ausstellungen\"],\"inLanguage\":\"de\"},{\"@type\":\"WebPage\",\"@id\":\"https:\\\/\\\/www.museum.de\\\/blog\\\/marcel-duchamp\\\/\",\"url\":\"https:\\\/\\\/www.museum.de\\\/blog\\\/marcel-duchamp\\\/\",\"name\":\"Marcel Duchamp im MoMA: Die folgenreiche Zumutung der Moderne - Der Museumsblog\",\"isPartOf\":{\"@id\":\"https:\\\/\\\/www.museum.de\\\/blog\\\/#website\"},\"primaryImageOfPage\":{\"@id\":\"https:\\\/\\\/www.museum.de\\\/blog\\\/marcel-duchamp\\\/#primaryimage\"},\"image\":{\"@id\":\"https:\\\/\\\/www.museum.de\\\/blog\\\/marcel-duchamp\\\/#primaryimage\"},\"thumbnailUrl\":\"https:\\\/\\\/www.museum.de\\\/blog\\\/wp-content\\\/uploads\\\/2026\\\/04\\\/marcel-duchamp-moma2026.jpg\",\"datePublished\":\"2026-04-30T11:32:21+00:00\",\"dateModified\":\"2026-04-30T13:37:38+00:00\",\"breadcrumb\":{\"@id\":\"https:\\\/\\\/www.museum.de\\\/blog\\\/marcel-duchamp\\\/#breadcrumb\"},\"inLanguage\":\"de\",\"potentialAction\":[{\"@type\":\"ReadAction\",\"target\":[\"https:\\\/\\\/www.museum.de\\\/blog\\\/marcel-duchamp\\\/\"]}]},{\"@type\":\"ImageObject\",\"inLanguage\":\"de\",\"@id\":\"https:\\\/\\\/www.museum.de\\\/blog\\\/marcel-duchamp\\\/#primaryimage\",\"url\":\"https:\\\/\\\/www.museum.de\\\/blog\\\/wp-content\\\/uploads\\\/2026\\\/04\\\/marcel-duchamp-moma2026.jpg\",\"contentUrl\":\"https:\\\/\\\/www.museum.de\\\/blog\\\/wp-content\\\/uploads\\\/2026\\\/04\\\/marcel-duchamp-moma2026.jpg\",\"width\":1600,\"height\":900},{\"@type\":\"BreadcrumbList\",\"@id\":\"https:\\\/\\\/www.museum.de\\\/blog\\\/marcel-duchamp\\\/#breadcrumb\",\"itemListElement\":[{\"@type\":\"ListItem\",\"position\":1,\"name\":\"Startseite\",\"item\":\"https:\\\/\\\/www.museum.de\\\/blog\\\/\"},{\"@type\":\"ListItem\",\"position\":2,\"name\":\"Marcel Duchamp im MoMA: Die folgenreiche Zumutung der Moderne\"}]},{\"@type\":\"WebSite\",\"@id\":\"https:\\\/\\\/www.museum.de\\\/blog\\\/#website\",\"url\":\"https:\\\/\\\/www.museum.de\\\/blog\\\/\",\"name\":\"Der Museumsblog\",\"description\":\"Der Blog\",\"publisher\":{\"@id\":\"https:\\\/\\\/www.museum.de\\\/blog\\\/#organization\"},\"alternateName\":\"museum.de - Der Museumsblog\",\"potentialAction\":[{\"@type\":\"SearchAction\",\"target\":{\"@type\":\"EntryPoint\",\"urlTemplate\":\"https:\\\/\\\/www.museum.de\\\/blog\\\/?s={search_term_string}\"},\"query-input\":{\"@type\":\"PropertyValueSpecification\",\"valueRequired\":true,\"valueName\":\"search_term_string\"}}],\"inLanguage\":\"de\"},{\"@type\":\"Organization\",\"@id\":\"https:\\\/\\\/www.museum.de\\\/blog\\\/#organization\",\"name\":\"Der Museumsblog\",\"url\":\"https:\\\/\\\/www.museum.de\\\/blog\\\/\",\"logo\":{\"@type\":\"ImageObject\",\"inLanguage\":\"de\",\"@id\":\"https:\\\/\\\/www.museum.de\\\/blog\\\/#\\\/schema\\\/logo\\\/image\\\/\",\"url\":\"https:\\\/\\\/www.museum.de\\\/blog\\\/wp-content\\\/uploads\\\/2019\\\/03\\\/cropped-Audioguide_Titelseite-1.jpg\",\"contentUrl\":\"https:\\\/\\\/www.museum.de\\\/blog\\\/wp-content\\\/uploads\\\/2019\\\/03\\\/cropped-Audioguide_Titelseite-1.jpg\",\"width\":512,\"height\":512,\"caption\":\"Der Museumsblog\"},\"image\":{\"@id\":\"https:\\\/\\\/www.museum.de\\\/blog\\\/#\\\/schema\\\/logo\\\/image\\\/\"}},{\"@type\":\"Person\",\"@id\":\"https:\\\/\\\/www.museum.de\\\/blog\\\/#\\\/schema\\\/person\\\/c09a0aea9ac127965257ff6115957332\",\"name\":\"Redaktion\",\"description\":\"Das Redaktionsteam von museum.de\",\"url\":\"https:\\\/\\\/www.museum.de\\\/blog\\\/author\\\/msupervisor\\\/\"}]}<\/script>\n<!-- \/ Yoast SEO plugin. -->","yoast_head_json":{"title":"Marcel Duchamp im MoMA: Die folgenreiche Zumutung der Moderne - Der Museumsblog","robots":{"index":"index","follow":"follow","max-snippet":"max-snippet:-1","max-image-preview":"max-image-preview:large","max-video-preview":"max-video-preview:-1"},"canonical":"https:\/\/www.museum.de\/blog\/marcel-duchamp\/","og_locale":"de_DE","og_type":"article","og_title":"Marcel Duchamp im MoMA: Die folgenreiche Zumutung der Moderne - Der Museumsblog","og_description":"Es gibt nur wenige K\u00fcnstler, deren Werk die Kunst des 20. Jahrhunderts derart nachhaltig ersch\u00fcttert hat wie Marcel Duchamp. Wer heute vor einem Alltagsgegenstand im Museum steht und sich fragt, weshalb dieser als Kunst gilt, bewegt sich noch immer im geistigen Gravitationsfeld jenes franz\u00f6sisch-amerikanischen K\u00fcnstlers, der die \u00e4sthetischen und begrifflichen Fundamente der Moderne radikal neu [&hellip;]","og_url":"https:\/\/www.museum.de\/blog\/marcel-duchamp\/","og_site_name":"Der Museumsblog","article_published_time":"2026-04-30T11:32:21+00:00","article_modified_time":"2026-04-30T13:37:38+00:00","og_image":[{"width":1600,"height":900,"url":"https:\/\/www.museum.de\/blog\/wp-content\/uploads\/2026\/04\/marcel-duchamp-moma2026.jpg","type":"image\/jpeg"}],"author":"Redaktion","twitter_card":"summary_large_image","schema":{"@context":"https:\/\/schema.org","@graph":[{"@type":"Article","@id":"https:\/\/www.museum.de\/blog\/marcel-duchamp\/#article","isPartOf":{"@id":"https:\/\/www.museum.de\/blog\/marcel-duchamp\/"},"author":{"name":"Redaktion","@id":"https:\/\/www.museum.de\/blog\/#\/schema\/person\/c09a0aea9ac127965257ff6115957332"},"headline":"Marcel Duchamp im MoMA: Die folgenreiche Zumutung der Moderne","datePublished":"2026-04-30T11:32:21+00:00","dateModified":"2026-04-30T13:37:38+00:00","mainEntityOfPage":{"@id":"https:\/\/www.museum.de\/blog\/marcel-duchamp\/"},"wordCount":1214,"publisher":{"@id":"https:\/\/www.museum.de\/blog\/#organization"},"image":{"@id":"https:\/\/www.museum.de\/blog\/marcel-duchamp\/#primaryimage"},"thumbnailUrl":"https:\/\/www.museum.de\/blog\/wp-content\/uploads\/2026\/04\/marcel-duchamp-moma2026.jpg","keywords":["Marcel Duchamp","MOMA","New York"],"articleSection":["Ausstellungen"],"inLanguage":"de"},{"@type":"WebPage","@id":"https:\/\/www.museum.de\/blog\/marcel-duchamp\/","url":"https:\/\/www.museum.de\/blog\/marcel-duchamp\/","name":"Marcel Duchamp im MoMA: Die folgenreiche Zumutung der Moderne - Der Museumsblog","isPartOf":{"@id":"https:\/\/www.museum.de\/blog\/#website"},"primaryImageOfPage":{"@id":"https:\/\/www.museum.de\/blog\/marcel-duchamp\/#primaryimage"},"image":{"@id":"https:\/\/www.museum.de\/blog\/marcel-duchamp\/#primaryimage"},"thumbnailUrl":"https:\/\/www.museum.de\/blog\/wp-content\/uploads\/2026\/04\/marcel-duchamp-moma2026.jpg","datePublished":"2026-04-30T11:32:21+00:00","dateModified":"2026-04-30T13:37:38+00:00","breadcrumb":{"@id":"https:\/\/www.museum.de\/blog\/marcel-duchamp\/#breadcrumb"},"inLanguage":"de","potentialAction":[{"@type":"ReadAction","target":["https:\/\/www.museum.de\/blog\/marcel-duchamp\/"]}]},{"@type":"ImageObject","inLanguage":"de","@id":"https:\/\/www.museum.de\/blog\/marcel-duchamp\/#primaryimage","url":"https:\/\/www.museum.de\/blog\/wp-content\/uploads\/2026\/04\/marcel-duchamp-moma2026.jpg","contentUrl":"https:\/\/www.museum.de\/blog\/wp-content\/uploads\/2026\/04\/marcel-duchamp-moma2026.jpg","width":1600,"height":900},{"@type":"BreadcrumbList","@id":"https:\/\/www.museum.de\/blog\/marcel-duchamp\/#breadcrumb","itemListElement":[{"@type":"ListItem","position":1,"name":"Startseite","item":"https:\/\/www.museum.de\/blog\/"},{"@type":"ListItem","position":2,"name":"Marcel Duchamp im MoMA: Die folgenreiche Zumutung der Moderne"}]},{"@type":"WebSite","@id":"https:\/\/www.museum.de\/blog\/#website","url":"https:\/\/www.museum.de\/blog\/","name":"Der Museumsblog","description":"Der Blog","publisher":{"@id":"https:\/\/www.museum.de\/blog\/#organization"},"alternateName":"museum.de - Der Museumsblog","potentialAction":[{"@type":"SearchAction","target":{"@type":"EntryPoint","urlTemplate":"https:\/\/www.museum.de\/blog\/?s={search_term_string}"},"query-input":{"@type":"PropertyValueSpecification","valueRequired":true,"valueName":"search_term_string"}}],"inLanguage":"de"},{"@type":"Organization","@id":"https:\/\/www.museum.de\/blog\/#organization","name":"Der Museumsblog","url":"https:\/\/www.museum.de\/blog\/","logo":{"@type":"ImageObject","inLanguage":"de","@id":"https:\/\/www.museum.de\/blog\/#\/schema\/logo\/image\/","url":"https:\/\/www.museum.de\/blog\/wp-content\/uploads\/2019\/03\/cropped-Audioguide_Titelseite-1.jpg","contentUrl":"https:\/\/www.museum.de\/blog\/wp-content\/uploads\/2019\/03\/cropped-Audioguide_Titelseite-1.jpg","width":512,"height":512,"caption":"Der Museumsblog"},"image":{"@id":"https:\/\/www.museum.de\/blog\/#\/schema\/logo\/image\/"}},{"@type":"Person","@id":"https:\/\/www.museum.de\/blog\/#\/schema\/person\/c09a0aea9ac127965257ff6115957332","name":"Redaktion","description":"Das Redaktionsteam von museum.de","url":"https:\/\/www.museum.de\/blog\/author\/msupervisor\/"}]}},"_links":{"self":[{"href":"https:\/\/www.museum.de\/blog\/wp-json\/wp\/v2\/posts\/4204","targetHints":{"allow":["GET"]}}],"collection":[{"href":"https:\/\/www.museum.de\/blog\/wp-json\/wp\/v2\/posts"}],"about":[{"href":"https:\/\/www.museum.de\/blog\/wp-json\/wp\/v2\/types\/post"}],"author":[{"embeddable":true,"href":"https:\/\/www.museum.de\/blog\/wp-json\/wp\/v2\/users\/1"}],"replies":[{"embeddable":true,"href":"https:\/\/www.museum.de\/blog\/wp-json\/wp\/v2\/comments?post=4204"}],"version-history":[{"count":8,"href":"https:\/\/www.museum.de\/blog\/wp-json\/wp\/v2\/posts\/4204\/revisions"}],"predecessor-version":[{"id":4213,"href":"https:\/\/www.museum.de\/blog\/wp-json\/wp\/v2\/posts\/4204\/revisions\/4213"}],"wp:featuredmedia":[{"embeddable":true,"href":"https:\/\/www.museum.de\/blog\/wp-json\/wp\/v2\/media\/4206"}],"wp:attachment":[{"href":"https:\/\/www.museum.de\/blog\/wp-json\/wp\/v2\/media?parent=4204"}],"wp:term":[{"taxonomy":"category","embeddable":true,"href":"https:\/\/www.museum.de\/blog\/wp-json\/wp\/v2\/categories?post=4204"},{"taxonomy":"post_tag","embeddable":true,"href":"https:\/\/www.museum.de\/blog\/wp-json\/wp\/v2\/tags?post=4204"}],"curies":[{"name":"wp","href":"https:\/\/api.w.org\/{rel}","templated":true}]}}