{"id":451,"date":"2018-08-27T12:12:48","date_gmt":"2018-08-27T12:12:48","guid":{"rendered":"https:\/\/www.museumswelt.de\/blog\/?p=451"},"modified":"2024-12-30T09:39:49","modified_gmt":"2024-12-30T09:39:49","slug":"lange-nacht-der-zuercher-museen-2018","status":"publish","type":"post","link":"https:\/\/www.museum.de\/blog\/lange-nacht-der-zuercher-museen-2018\/","title":{"rendered":"Lange Nacht der Z\u00fcrcher Museen 2018"},"content":{"rendered":"<p>Die Lange Nacht der Z\u00fcrcher Museen startet am 1. September 2018 ab 19-02 Uhr<!--more--><\/p>\n<p>Am Samstag laden 50 <a href=\"https:\/\/www.museum.de\/museen?query=z\u00c3\u00bcrich&amp;searchtype=1\">Z\u00fcrcher Museen<\/a> zur n\u00e4chtlichen Entdeckungsreise ein und freuen sich auf Ihren Besuch. Erstmals starten einige Museen bereits um 18h. Kinder unter 16 Jahren geniessen, in Begleitung Erwachsener, gratis Eintritt. Im Eintrittspreis von CHF 25,&#8211; inbegriffen sind der Transport mit den Museum-Bus-Shuttles der VBZ sowie mit dem Museumstram, dem Museumsbus und allen \u00f6ffentlichen Verkehrsmittel. Sogar eine freie Fahrt mit der Museumsf\u00e4hre &#8222;MS Sentosa&#8220; und den Velos von &#8222;Z\u00fcri rollt&#8220; ist m\u00f6glich. Zahlreiche Museen sorgen mit einem reichhaltigen kulinarischen Angebot daf\u00fcr, dass man sich unterwegs verpflegen und st\u00e4rken kann. Auf Twitter kann man die Museumsnacht unter dem Hashtag #langenacht18 verfolgen.<\/p>\n<p><strong>Quelle:<\/strong><br \/>\n<a href=\"https:\/\/langenacht-zuerich.ch\/\">https:\/\/langenacht.ch\/<\/a><\/p>\n<p><strong>Bildnachweis:<br \/>\n<\/strong>Pixabay CC0<\/p>\n","protected":false},"excerpt":{"rendered":"<p>Die Lange Nacht der Z\u00fcrcher Museen startet am 1. September 2018 ab 19-02 Uhr<\/p>\n","protected":false},"author":1,"featured_media":460,"comment_status":"closed","ping_status":"closed","sticky":false,"template":"","format":"status","meta":{"site-sidebar-layout":"default","site-content-layout":"","ast-site-content-layout":"default","site-content-style":"default","site-sidebar-style":"default","ast-global-header-display":"","ast-banner-title-visibility":"","ast-main-header-display":"","ast-hfb-above-header-display":"","ast-hfb-below-header-display":"","ast-hfb-mobile-header-display":"","site-post-title":"","ast-breadcrumbs-content":"","ast-featured-img":"","footer-sml-layout":"","ast-disable-related-posts":"","theme-transparent-header-meta":"","adv-header-id-meta":"","stick-header-meta":"","header-above-stick-meta":"","header-main-stick-meta":"","header-below-stick-meta":"","astra-migrate-meta-layouts":"set","ast-page-background-enabled":"default","ast-page-background-meta":{"desktop":{"background-color":"var(--ast-global-color-4)","background-image":"","background-repeat":"repeat","background-position":"center center","background-size":"auto","background-attachment":"scroll","background-type":"","background-media":"","overlay-type":"","overlay-color":"","overlay-opacity":"","overlay-gradient":""},"tablet":{"background-color":"","background-image":"","background-repeat":"repeat","background-position":"center center","background-size":"auto","background-attachment":"scroll","background-type":"","background-media":"","overlay-type":"","overlay-color":"","overlay-opacity":"","overlay-gradient":""},"mobile":{"background-color":"","background-image":"","background-repeat":"repeat","background-position":"center center","background-size":"auto","background-attachment":"scroll","background-type":"","background-media":"","overlay-type":"","overlay-color":"","overlay-opacity":"","overlay-gradient":""}},"ast-content-background-meta":{"desktop":{"background-color":"var(--ast-global-color-5)","background-image":"","background-repeat":"repeat","background-position":"center center","background-size":"auto","background-attachment":"scroll","background-type":"","background-media":"","overlay-type":"","overlay-color":"","overlay-opacity":"","overlay-gradient":""},"tablet":{"background-color":"var(--ast-global-color-5)","background-image":"","background-repeat":"repeat","background-position":"center center","background-size":"auto","background-attachment":"scroll","background-type":"","background-media":"","overlay-type":"","overlay-color":"","overlay-opacity":"","overlay-gradient":""},"mobile":{"background-color":"var(--ast-global-color-5)","background-image":"","background-repeat":"repeat","background-position":"center center","background-size":"auto","background-attachment":"scroll","background-type":"","background-media":"","overlay-type":"","overlay-color":"","overlay-opacity":"","overlay-gradient":""}},"episode_type":"","audio_file":"","podmotor_file_id":"","podmotor_episode_id":"","cover_image":"","cover_image_id":"","duration":"","filesize":"","filesize_raw":"","date_recorded":"","explicit":"","block":"","itunes_episode_number":"","itunes_title":"","itunes_season_number":"","itunes_episode_type":"","footnotes":""},"categories":[3],"tags":[39,64],"class_list":["post-451","post","type-post","status-publish","format-status","has-post-thumbnail","hentry","category-termin","tag-lange-nacht","tag-zuerich","post_format-post-format-status"],"yoast_head":"<!-- This site is optimized with the Yoast SEO plugin v27.5 - https:\/\/yoast.com\/product\/yoast-seo-wordpress\/ -->\n<title>Lange Nacht der Z\u00fcrcher Museen 2018 - Der Museumsblog<\/title>\n<meta name=\"robots\" content=\"index, follow, max-snippet:-1, max-image-preview:large, max-video-preview:-1\" \/>\n<link rel=\"canonical\" href=\"https:\/\/www.museum.de\/blog\/lange-nacht-der-zuercher-museen-2018\/\" \/>\n<meta property=\"og:locale\" content=\"de_DE\" \/>\n<meta property=\"og:type\" content=\"article\" \/>\n<meta property=\"og:title\" content=\"Lange Nacht der Z\u00fcrcher Museen 2018 - Der Museumsblog\" \/>\n<meta property=\"og:description\" content=\"Die Lange Nacht der Z\u00fcrcher Museen startet am 1. September 2018 ab 19-02 Uhr\" \/>\n<meta property=\"og:url\" content=\"https:\/\/www.museum.de\/blog\/lange-nacht-der-zuercher-museen-2018\/\" \/>\n<meta property=\"og:site_name\" content=\"Der Museumsblog\" \/>\n<meta property=\"article:published_time\" content=\"2018-08-27T12:12:48+00:00\" \/>\n<meta property=\"article:modified_time\" content=\"2024-12-30T09:39:49+00:00\" \/>\n<meta property=\"og:image\" content=\"https:\/\/www.museum.de\/blog\/wp-content\/uploads\/2018\/08\/zuerich.jpg\" \/>\n\t<meta property=\"og:image:width\" content=\"1024\" \/>\n\t<meta property=\"og:image:height\" content=\"682\" \/>\n\t<meta property=\"og:image:type\" content=\"image\/jpeg\" \/>\n<meta name=\"author\" content=\"Redaktion\" \/>\n<meta name=\"twitter:card\" content=\"summary_large_image\" \/>\n<script type=\"application\/ld+json\" class=\"yoast-schema-graph\">{\"@context\":\"https:\\\/\\\/schema.org\",\"@graph\":[{\"@type\":\"Article\",\"@id\":\"https:\\\/\\\/www.museum.de\\\/blog\\\/lange-nacht-der-zuercher-museen-2018\\\/#article\",\"isPartOf\":{\"@id\":\"https:\\\/\\\/www.museum.de\\\/blog\\\/lange-nacht-der-zuercher-museen-2018\\\/\"},\"author\":{\"name\":\"Redaktion\",\"@id\":\"https:\\\/\\\/www.museum.de\\\/blog\\\/#\\\/schema\\\/person\\\/c09a0aea9ac127965257ff6115957332\"},\"headline\":\"Lange Nacht der Z\u00fcrcher Museen 2018\",\"datePublished\":\"2018-08-27T12:12:48+00:00\",\"dateModified\":\"2024-12-30T09:39:49+00:00\",\"mainEntityOfPage\":{\"@id\":\"https:\\\/\\\/www.museum.de\\\/blog\\\/lange-nacht-der-zuercher-museen-2018\\\/\"},\"wordCount\":133,\"publisher\":{\"@id\":\"https:\\\/\\\/www.museum.de\\\/blog\\\/#organization\"},\"image\":{\"@id\":\"https:\\\/\\\/www.museum.de\\\/blog\\\/lange-nacht-der-zuercher-museen-2018\\\/#primaryimage\"},\"thumbnailUrl\":\"https:\\\/\\\/www.museum.de\\\/blog\\\/wp-content\\\/uploads\\\/2018\\\/08\\\/zuerich.jpg\",\"keywords\":[\"Lange Nacht\",\"Z\u00fcrich\"],\"articleSection\":[\"Termin\"],\"inLanguage\":\"de\"},{\"@type\":\"WebPage\",\"@id\":\"https:\\\/\\\/www.museum.de\\\/blog\\\/lange-nacht-der-zuercher-museen-2018\\\/\",\"url\":\"https:\\\/\\\/www.museum.de\\\/blog\\\/lange-nacht-der-zuercher-museen-2018\\\/\",\"name\":\"Lange Nacht der Z\u00fcrcher Museen 2018 - Der Museumsblog\",\"isPartOf\":{\"@id\":\"https:\\\/\\\/www.museum.de\\\/blog\\\/#website\"},\"primaryImageOfPage\":{\"@id\":\"https:\\\/\\\/www.museum.de\\\/blog\\\/lange-nacht-der-zuercher-museen-2018\\\/#primaryimage\"},\"image\":{\"@id\":\"https:\\\/\\\/www.museum.de\\\/blog\\\/lange-nacht-der-zuercher-museen-2018\\\/#primaryimage\"},\"thumbnailUrl\":\"https:\\\/\\\/www.museum.de\\\/blog\\\/wp-content\\\/uploads\\\/2018\\\/08\\\/zuerich.jpg\",\"datePublished\":\"2018-08-27T12:12:48+00:00\",\"dateModified\":\"2024-12-30T09:39:49+00:00\",\"breadcrumb\":{\"@id\":\"https:\\\/\\\/www.museum.de\\\/blog\\\/lange-nacht-der-zuercher-museen-2018\\\/#breadcrumb\"},\"inLanguage\":\"de\",\"potentialAction\":[{\"@type\":\"ReadAction\",\"target\":[\"https:\\\/\\\/www.museum.de\\\/blog\\\/lange-nacht-der-zuercher-museen-2018\\\/\"]}]},{\"@type\":\"ImageObject\",\"inLanguage\":\"de\",\"@id\":\"https:\\\/\\\/www.museum.de\\\/blog\\\/lange-nacht-der-zuercher-museen-2018\\\/#primaryimage\",\"url\":\"https:\\\/\\\/www.museum.de\\\/blog\\\/wp-content\\\/uploads\\\/2018\\\/08\\\/zuerich.jpg\",\"contentUrl\":\"https:\\\/\\\/www.museum.de\\\/blog\\\/wp-content\\\/uploads\\\/2018\\\/08\\\/zuerich.jpg\",\"width\":1024,\"height\":682},{\"@type\":\"BreadcrumbList\",\"@id\":\"https:\\\/\\\/www.museum.de\\\/blog\\\/lange-nacht-der-zuercher-museen-2018\\\/#breadcrumb\",\"itemListElement\":[{\"@type\":\"ListItem\",\"position\":1,\"name\":\"Startseite\",\"item\":\"https:\\\/\\\/www.museum.de\\\/blog\\\/\"},{\"@type\":\"ListItem\",\"position\":2,\"name\":\"Lange Nacht der Z\u00fcrcher Museen 2018\"}]},{\"@type\":\"WebSite\",\"@id\":\"https:\\\/\\\/www.museum.de\\\/blog\\\/#website\",\"url\":\"https:\\\/\\\/www.museum.de\\\/blog\\\/\",\"name\":\"Der Museumsblog\",\"description\":\"Der Blog\",\"publisher\":{\"@id\":\"https:\\\/\\\/www.museum.de\\\/blog\\\/#organization\"},\"alternateName\":\"museum.de - Der Museumsblog\",\"potentialAction\":[{\"@type\":\"SearchAction\",\"target\":{\"@type\":\"EntryPoint\",\"urlTemplate\":\"https:\\\/\\\/www.museum.de\\\/blog\\\/?s={search_term_string}\"},\"query-input\":{\"@type\":\"PropertyValueSpecification\",\"valueRequired\":true,\"valueName\":\"search_term_string\"}}],\"inLanguage\":\"de\"},{\"@type\":\"Organization\",\"@id\":\"https:\\\/\\\/www.museum.de\\\/blog\\\/#organization\",\"name\":\"Der Museumsblog\",\"url\":\"https:\\\/\\\/www.museum.de\\\/blog\\\/\",\"logo\":{\"@type\":\"ImageObject\",\"inLanguage\":\"de\",\"@id\":\"https:\\\/\\\/www.museum.de\\\/blog\\\/#\\\/schema\\\/logo\\\/image\\\/\",\"url\":\"https:\\\/\\\/www.museum.de\\\/blog\\\/wp-content\\\/uploads\\\/2019\\\/03\\\/cropped-Audioguide_Titelseite-1.jpg\",\"contentUrl\":\"https:\\\/\\\/www.museum.de\\\/blog\\\/wp-content\\\/uploads\\\/2019\\\/03\\\/cropped-Audioguide_Titelseite-1.jpg\",\"width\":512,\"height\":512,\"caption\":\"Der Museumsblog\"},\"image\":{\"@id\":\"https:\\\/\\\/www.museum.de\\\/blog\\\/#\\\/schema\\\/logo\\\/image\\\/\"}},{\"@type\":\"Person\",\"@id\":\"https:\\\/\\\/www.museum.de\\\/blog\\\/#\\\/schema\\\/person\\\/c09a0aea9ac127965257ff6115957332\",\"name\":\"Redaktion\",\"description\":\"Das Redaktionsteam von museum.de\",\"url\":\"https:\\\/\\\/www.museum.de\\\/blog\\\/author\\\/msupervisor\\\/\"}]}<\/script>\n<!-- \/ Yoast SEO plugin. -->","yoast_head_json":{"title":"Lange Nacht der Z\u00fcrcher Museen 2018 - Der Museumsblog","robots":{"index":"index","follow":"follow","max-snippet":"max-snippet:-1","max-image-preview":"max-image-preview:large","max-video-preview":"max-video-preview:-1"},"canonical":"https:\/\/www.museum.de\/blog\/lange-nacht-der-zuercher-museen-2018\/","og_locale":"de_DE","og_type":"article","og_title":"Lange Nacht der Z\u00fcrcher Museen 2018 - Der Museumsblog","og_description":"Die Lange Nacht der Z\u00fcrcher Museen startet am 1. September 2018 ab 19-02 Uhr","og_url":"https:\/\/www.museum.de\/blog\/lange-nacht-der-zuercher-museen-2018\/","og_site_name":"Der Museumsblog","article_published_time":"2018-08-27T12:12:48+00:00","article_modified_time":"2024-12-30T09:39:49+00:00","og_image":[{"width":1024,"height":682,"url":"https:\/\/www.museum.de\/blog\/wp-content\/uploads\/2018\/08\/zuerich.jpg","type":"image\/jpeg"}],"author":"Redaktion","twitter_card":"summary_large_image","schema":{"@context":"https:\/\/schema.org","@graph":[{"@type":"Article","@id":"https:\/\/www.museum.de\/blog\/lange-nacht-der-zuercher-museen-2018\/#article","isPartOf":{"@id":"https:\/\/www.museum.de\/blog\/lange-nacht-der-zuercher-museen-2018\/"},"author":{"name":"Redaktion","@id":"https:\/\/www.museum.de\/blog\/#\/schema\/person\/c09a0aea9ac127965257ff6115957332"},"headline":"Lange Nacht der Z\u00fcrcher Museen 2018","datePublished":"2018-08-27T12:12:48+00:00","dateModified":"2024-12-30T09:39:49+00:00","mainEntityOfPage":{"@id":"https:\/\/www.museum.de\/blog\/lange-nacht-der-zuercher-museen-2018\/"},"wordCount":133,"publisher":{"@id":"https:\/\/www.museum.de\/blog\/#organization"},"image":{"@id":"https:\/\/www.museum.de\/blog\/lange-nacht-der-zuercher-museen-2018\/#primaryimage"},"thumbnailUrl":"https:\/\/www.museum.de\/blog\/wp-content\/uploads\/2018\/08\/zuerich.jpg","keywords":["Lange Nacht","Z\u00fcrich"],"articleSection":["Termin"],"inLanguage":"de"},{"@type":"WebPage","@id":"https:\/\/www.museum.de\/blog\/lange-nacht-der-zuercher-museen-2018\/","url":"https:\/\/www.museum.de\/blog\/lange-nacht-der-zuercher-museen-2018\/","name":"Lange Nacht der Z\u00fcrcher Museen 2018 - Der Museumsblog","isPartOf":{"@id":"https:\/\/www.museum.de\/blog\/#website"},"primaryImageOfPage":{"@id":"https:\/\/www.museum.de\/blog\/lange-nacht-der-zuercher-museen-2018\/#primaryimage"},"image":{"@id":"https:\/\/www.museum.de\/blog\/lange-nacht-der-zuercher-museen-2018\/#primaryimage"},"thumbnailUrl":"https:\/\/www.museum.de\/blog\/wp-content\/uploads\/2018\/08\/zuerich.jpg","datePublished":"2018-08-27T12:12:48+00:00","dateModified":"2024-12-30T09:39:49+00:00","breadcrumb":{"@id":"https:\/\/www.museum.de\/blog\/lange-nacht-der-zuercher-museen-2018\/#breadcrumb"},"inLanguage":"de","potentialAction":[{"@type":"ReadAction","target":["https:\/\/www.museum.de\/blog\/lange-nacht-der-zuercher-museen-2018\/"]}]},{"@type":"ImageObject","inLanguage":"de","@id":"https:\/\/www.museum.de\/blog\/lange-nacht-der-zuercher-museen-2018\/#primaryimage","url":"https:\/\/www.museum.de\/blog\/wp-content\/uploads\/2018\/08\/zuerich.jpg","contentUrl":"https:\/\/www.museum.de\/blog\/wp-content\/uploads\/2018\/08\/zuerich.jpg","width":1024,"height":682},{"@type":"BreadcrumbList","@id":"https:\/\/www.museum.de\/blog\/lange-nacht-der-zuercher-museen-2018\/#breadcrumb","itemListElement":[{"@type":"ListItem","position":1,"name":"Startseite","item":"https:\/\/www.museum.de\/blog\/"},{"@type":"ListItem","position":2,"name":"Lange Nacht der Z\u00fcrcher Museen 2018"}]},{"@type":"WebSite","@id":"https:\/\/www.museum.de\/blog\/#website","url":"https:\/\/www.museum.de\/blog\/","name":"Der Museumsblog","description":"Der Blog","publisher":{"@id":"https:\/\/www.museum.de\/blog\/#organization"},"alternateName":"museum.de - Der Museumsblog","potentialAction":[{"@type":"SearchAction","target":{"@type":"EntryPoint","urlTemplate":"https:\/\/www.museum.de\/blog\/?s={search_term_string}"},"query-input":{"@type":"PropertyValueSpecification","valueRequired":true,"valueName":"search_term_string"}}],"inLanguage":"de"},{"@type":"Organization","@id":"https:\/\/www.museum.de\/blog\/#organization","name":"Der Museumsblog","url":"https:\/\/www.museum.de\/blog\/","logo":{"@type":"ImageObject","inLanguage":"de","@id":"https:\/\/www.museum.de\/blog\/#\/schema\/logo\/image\/","url":"https:\/\/www.museum.de\/blog\/wp-content\/uploads\/2019\/03\/cropped-Audioguide_Titelseite-1.jpg","contentUrl":"https:\/\/www.museum.de\/blog\/wp-content\/uploads\/2019\/03\/cropped-Audioguide_Titelseite-1.jpg","width":512,"height":512,"caption":"Der Museumsblog"},"image":{"@id":"https:\/\/www.museum.de\/blog\/#\/schema\/logo\/image\/"}},{"@type":"Person","@id":"https:\/\/www.museum.de\/blog\/#\/schema\/person\/c09a0aea9ac127965257ff6115957332","name":"Redaktion","description":"Das Redaktionsteam von museum.de","url":"https:\/\/www.museum.de\/blog\/author\/msupervisor\/"}]}},"_links":{"self":[{"href":"https:\/\/www.museum.de\/blog\/wp-json\/wp\/v2\/posts\/451","targetHints":{"allow":["GET"]}}],"collection":[{"href":"https:\/\/www.museum.de\/blog\/wp-json\/wp\/v2\/posts"}],"about":[{"href":"https:\/\/www.museum.de\/blog\/wp-json\/wp\/v2\/types\/post"}],"author":[{"embeddable":true,"href":"https:\/\/www.museum.de\/blog\/wp-json\/wp\/v2\/users\/1"}],"replies":[{"embeddable":true,"href":"https:\/\/www.museum.de\/blog\/wp-json\/wp\/v2\/comments?post=451"}],"version-history":[{"count":5,"href":"https:\/\/www.museum.de\/blog\/wp-json\/wp\/v2\/posts\/451\/revisions"}],"predecessor-version":[{"id":3256,"href":"https:\/\/www.museum.de\/blog\/wp-json\/wp\/v2\/posts\/451\/revisions\/3256"}],"wp:featuredmedia":[{"embeddable":true,"href":"https:\/\/www.museum.de\/blog\/wp-json\/wp\/v2\/media\/460"}],"wp:attachment":[{"href":"https:\/\/www.museum.de\/blog\/wp-json\/wp\/v2\/media?parent=451"}],"wp:term":[{"taxonomy":"category","embeddable":true,"href":"https:\/\/www.museum.de\/blog\/wp-json\/wp\/v2\/categories?post=451"},{"taxonomy":"post_tag","embeddable":true,"href":"https:\/\/www.museum.de\/blog\/wp-json\/wp\/v2\/tags?post=451"}],"curies":[{"name":"wp","href":"https:\/\/api.w.org\/{rel}","templated":true}]}}