{"id":476,"date":"2018-09-04T17:59:32","date_gmt":"2018-09-04T17:59:32","guid":{"rendered":"https:\/\/www.museumswelt.de\/blog\/?p=476"},"modified":"2018-09-05T12:50:29","modified_gmt":"2018-09-05T12:50:29","slug":"coburger-museumsnacht-2018","status":"publish","type":"post","link":"https:\/\/www.museum.de\/blog\/coburger-museumsnacht-2018\/","title":{"rendered":"Coburger Museumsnacht 2018"},"content":{"rendered":"<p>\u00e2\u20ac\u017eNacht der Kontraste\u00e2\u20ac\u0153 in Coburg am 08.September 2018 <!--more--><\/p>\n<p>Am Samstag, 08. September 2018, findet zum 14. Mal die <a href=\"https:\/\/www.museum.de\/event\/nacht-der-kontraste-14-coburger-museumsnacht-rund-um-den-hofgarten\">Coburger Museumsnacht<\/a> unter dem Motto \u00e2\u20ac\u017eNacht der Kontraste\u00e2\u20ac\u0153 statt.<br \/>\nDie Veranstaltung ist zusammen mit dem Sambafestival und dem \u00e2\u20ac\u017eOpen Air Sommer\u00e2\u20ac\u0153 DAS gro\u00c3\u0178e Highlight im Kulturkalender der Vestestadt. \u00c3\u0153ber 10.000 Nachtschw\u00c3\u00a4rmer aus Coburg, ganz Nordbayern und dem S\u00c3\u00bcden<br \/>\nTh\u00c3\u00bcringens besuchen j\u00c3\u00a4hrlich das kultige Event.<\/p>\n<p><strong>Quelle:<\/strong><br \/>\n<a href=\"https:\/\/www.museumsnacht-coburg.de\/\">https:\/\/www.museumsnacht-coburg.de\/<\/a><\/p>\n<p>Bildnachweis:<br \/>\n<a href=\"https:\/\/www.museumsnacht-coburg.de\">\u00c2\u00a9 Martin Rohm, Coburg<\/a> <\/p>\n","protected":false},"excerpt":{"rendered":"<p>\u00e2\u20ac\u017eNacht der Kontraste\u00e2\u20ac\u0153 in Coburg am 08.September 2018<\/p>\n","protected":false},"author":1,"featured_media":486,"comment_status":"closed","ping_status":"closed","sticky":false,"template":"","format":"status","meta":{"site-sidebar-layout":"default","site-content-layout":"","ast-site-content-layout":"default","site-content-style":"default","site-sidebar-style":"default","ast-global-header-display":"","ast-banner-title-visibility":"","ast-main-header-display":"","ast-hfb-above-header-display":"","ast-hfb-below-header-display":"","ast-hfb-mobile-header-display":"","site-post-title":"","ast-breadcrumbs-content":"","ast-featured-img":"","footer-sml-layout":"","ast-disable-related-posts":"","theme-transparent-header-meta":"","adv-header-id-meta":"","stick-header-meta":"","header-above-stick-meta":"","header-main-stick-meta":"","header-below-stick-meta":"","astra-migrate-meta-layouts":"default","ast-page-background-enabled":"default","ast-page-background-meta":{"desktop":{"background-color":"var(--ast-global-color-4)","background-image":"","background-repeat":"repeat","background-position":"center center","background-size":"auto","background-attachment":"scroll","background-type":"","background-media":"","overlay-type":"","overlay-color":"","overlay-opacity":"","overlay-gradient":""},"tablet":{"background-color":"","background-image":"","background-repeat":"repeat","background-position":"center center","background-size":"auto","background-attachment":"scroll","background-type":"","background-media":"","overlay-type":"","overlay-color":"","overlay-opacity":"","overlay-gradient":""},"mobile":{"background-color":"","background-image":"","background-repeat":"repeat","background-position":"center center","background-size":"auto","background-attachment":"scroll","background-type":"","background-media":"","overlay-type":"","overlay-color":"","overlay-opacity":"","overlay-gradient":""}},"ast-content-background-meta":{"desktop":{"background-color":"var(--ast-global-color-5)","background-image":"","background-repeat":"repeat","background-position":"center center","background-size":"auto","background-attachment":"scroll","background-type":"","background-media":"","overlay-type":"","overlay-color":"","overlay-opacity":"","overlay-gradient":""},"tablet":{"background-color":"var(--ast-global-color-5)","background-image":"","background-repeat":"repeat","background-position":"center center","background-size":"auto","background-attachment":"scroll","background-type":"","background-media":"","overlay-type":"","overlay-color":"","overlay-opacity":"","overlay-gradient":""},"mobile":{"background-color":"var(--ast-global-color-5)","background-image":"","background-repeat":"repeat","background-position":"center center","background-size":"auto","background-attachment":"scroll","background-type":"","background-media":"","overlay-type":"","overlay-color":"","overlay-opacity":"","overlay-gradient":""}},"episode_type":"","audio_file":"","podmotor_file_id":"","podmotor_episode_id":"","cover_image":"","cover_image_id":"","duration":"","filesize":"","filesize_raw":"","date_recorded":"","explicit":"","block":"","itunes_episode_number":"","itunes_title":"","itunes_season_number":"","itunes_episode_type":"","footnotes":""},"categories":[3],"tags":[68,39],"class_list":["post-476","post","type-post","status-publish","format-status","has-post-thumbnail","hentry","category-termin","tag-coburg","tag-lange-nacht","post_format-post-format-status"],"yoast_head":"<!-- This site is optimized with the Yoast SEO plugin v27.5 - https:\/\/yoast.com\/product\/yoast-seo-wordpress\/ -->\n<title>Coburger Museumsnacht 2018 - Der Museumsblog<\/title>\n<meta name=\"robots\" content=\"index, follow, max-snippet:-1, max-image-preview:large, max-video-preview:-1\" \/>\n<link rel=\"canonical\" href=\"https:\/\/www.museum.de\/blog\/coburger-museumsnacht-2018\/\" \/>\n<meta property=\"og:locale\" content=\"de_DE\" \/>\n<meta property=\"og:type\" content=\"article\" \/>\n<meta property=\"og:title\" content=\"Coburger Museumsnacht 2018 - Der Museumsblog\" \/>\n<meta property=\"og:description\" content=\"\u00e2\u20ac\u017eNacht der Kontraste\u00e2\u20ac\u0153 in Coburg am 08.September 2018\" \/>\n<meta property=\"og:url\" content=\"https:\/\/www.museum.de\/blog\/coburger-museumsnacht-2018\/\" \/>\n<meta property=\"og:site_name\" content=\"Der Museumsblog\" \/>\n<meta property=\"article:published_time\" content=\"2018-09-04T17:59:32+00:00\" \/>\n<meta property=\"article:modified_time\" content=\"2018-09-05T12:50:29+00:00\" \/>\n<meta property=\"og:image\" content=\"https:\/\/www.museum.de\/blog\/wp-content\/uploads\/2018\/09\/Museumsnacht-CoburgcFoto_MartinRohm-23-klein.jpg\" \/>\n\t<meta property=\"og:image:width\" content=\"1024\" \/>\n\t<meta property=\"og:image:height\" content=\"682\" \/>\n\t<meta property=\"og:image:type\" content=\"image\/jpeg\" \/>\n<meta name=\"author\" content=\"Redaktion\" \/>\n<meta name=\"twitter:card\" content=\"summary_large_image\" \/>\n<script type=\"application\/ld+json\" class=\"yoast-schema-graph\">{\"@context\":\"https:\\\/\\\/schema.org\",\"@graph\":[{\"@type\":\"Article\",\"@id\":\"https:\\\/\\\/www.museum.de\\\/blog\\\/coburger-museumsnacht-2018\\\/#article\",\"isPartOf\":{\"@id\":\"https:\\\/\\\/www.museum.de\\\/blog\\\/coburger-museumsnacht-2018\\\/\"},\"author\":{\"name\":\"Redaktion\",\"@id\":\"https:\\\/\\\/www.museum.de\\\/blog\\\/#\\\/schema\\\/person\\\/c09a0aea9ac127965257ff6115957332\"},\"headline\":\"Coburger Museumsnacht 2018\",\"datePublished\":\"2018-09-04T17:59:32+00:00\",\"dateModified\":\"2018-09-05T12:50:29+00:00\",\"mainEntityOfPage\":{\"@id\":\"https:\\\/\\\/www.museum.de\\\/blog\\\/coburger-museumsnacht-2018\\\/\"},\"wordCount\":73,\"publisher\":{\"@id\":\"https:\\\/\\\/www.museum.de\\\/blog\\\/#organization\"},\"image\":{\"@id\":\"https:\\\/\\\/www.museum.de\\\/blog\\\/coburger-museumsnacht-2018\\\/#primaryimage\"},\"thumbnailUrl\":\"https:\\\/\\\/www.museum.de\\\/blog\\\/wp-content\\\/uploads\\\/2018\\\/09\\\/Museumsnacht-CoburgcFoto_MartinRohm-23-klein.jpg\",\"keywords\":[\"Coburg\",\"Lange Nacht\"],\"articleSection\":[\"Termin\"],\"inLanguage\":\"de\"},{\"@type\":\"WebPage\",\"@id\":\"https:\\\/\\\/www.museum.de\\\/blog\\\/coburger-museumsnacht-2018\\\/\",\"url\":\"https:\\\/\\\/www.museum.de\\\/blog\\\/coburger-museumsnacht-2018\\\/\",\"name\":\"Coburger Museumsnacht 2018 - Der Museumsblog\",\"isPartOf\":{\"@id\":\"https:\\\/\\\/www.museum.de\\\/blog\\\/#website\"},\"primaryImageOfPage\":{\"@id\":\"https:\\\/\\\/www.museum.de\\\/blog\\\/coburger-museumsnacht-2018\\\/#primaryimage\"},\"image\":{\"@id\":\"https:\\\/\\\/www.museum.de\\\/blog\\\/coburger-museumsnacht-2018\\\/#primaryimage\"},\"thumbnailUrl\":\"https:\\\/\\\/www.museum.de\\\/blog\\\/wp-content\\\/uploads\\\/2018\\\/09\\\/Museumsnacht-CoburgcFoto_MartinRohm-23-klein.jpg\",\"datePublished\":\"2018-09-04T17:59:32+00:00\",\"dateModified\":\"2018-09-05T12:50:29+00:00\",\"breadcrumb\":{\"@id\":\"https:\\\/\\\/www.museum.de\\\/blog\\\/coburger-museumsnacht-2018\\\/#breadcrumb\"},\"inLanguage\":\"de\",\"potentialAction\":[{\"@type\":\"ReadAction\",\"target\":[\"https:\\\/\\\/www.museum.de\\\/blog\\\/coburger-museumsnacht-2018\\\/\"]}]},{\"@type\":\"ImageObject\",\"inLanguage\":\"de\",\"@id\":\"https:\\\/\\\/www.museum.de\\\/blog\\\/coburger-museumsnacht-2018\\\/#primaryimage\",\"url\":\"https:\\\/\\\/www.museum.de\\\/blog\\\/wp-content\\\/uploads\\\/2018\\\/09\\\/Museumsnacht-CoburgcFoto_MartinRohm-23-klein.jpg\",\"contentUrl\":\"https:\\\/\\\/www.museum.de\\\/blog\\\/wp-content\\\/uploads\\\/2018\\\/09\\\/Museumsnacht-CoburgcFoto_MartinRohm-23-klein.jpg\",\"width\":1024,\"height\":682,\"caption\":\"https:\\\/\\\/www.museumsnacht-coburg.de\\\/pressetexte\\\/\"},{\"@type\":\"BreadcrumbList\",\"@id\":\"https:\\\/\\\/www.museum.de\\\/blog\\\/coburger-museumsnacht-2018\\\/#breadcrumb\",\"itemListElement\":[{\"@type\":\"ListItem\",\"position\":1,\"name\":\"Startseite\",\"item\":\"https:\\\/\\\/www.museum.de\\\/blog\\\/\"},{\"@type\":\"ListItem\",\"position\":2,\"name\":\"Coburger Museumsnacht 2018\"}]},{\"@type\":\"WebSite\",\"@id\":\"https:\\\/\\\/www.museum.de\\\/blog\\\/#website\",\"url\":\"https:\\\/\\\/www.museum.de\\\/blog\\\/\",\"name\":\"Der Museumsblog\",\"description\":\"Der Blog\",\"publisher\":{\"@id\":\"https:\\\/\\\/www.museum.de\\\/blog\\\/#organization\"},\"alternateName\":\"museum.de - Der Museumsblog\",\"potentialAction\":[{\"@type\":\"SearchAction\",\"target\":{\"@type\":\"EntryPoint\",\"urlTemplate\":\"https:\\\/\\\/www.museum.de\\\/blog\\\/?s={search_term_string}\"},\"query-input\":{\"@type\":\"PropertyValueSpecification\",\"valueRequired\":true,\"valueName\":\"search_term_string\"}}],\"inLanguage\":\"de\"},{\"@type\":\"Organization\",\"@id\":\"https:\\\/\\\/www.museum.de\\\/blog\\\/#organization\",\"name\":\"Der Museumsblog\",\"url\":\"https:\\\/\\\/www.museum.de\\\/blog\\\/\",\"logo\":{\"@type\":\"ImageObject\",\"inLanguage\":\"de\",\"@id\":\"https:\\\/\\\/www.museum.de\\\/blog\\\/#\\\/schema\\\/logo\\\/image\\\/\",\"url\":\"https:\\\/\\\/www.museum.de\\\/blog\\\/wp-content\\\/uploads\\\/2019\\\/03\\\/cropped-Audioguide_Titelseite-1.jpg\",\"contentUrl\":\"https:\\\/\\\/www.museum.de\\\/blog\\\/wp-content\\\/uploads\\\/2019\\\/03\\\/cropped-Audioguide_Titelseite-1.jpg\",\"width\":512,\"height\":512,\"caption\":\"Der Museumsblog\"},\"image\":{\"@id\":\"https:\\\/\\\/www.museum.de\\\/blog\\\/#\\\/schema\\\/logo\\\/image\\\/\"}},{\"@type\":\"Person\",\"@id\":\"https:\\\/\\\/www.museum.de\\\/blog\\\/#\\\/schema\\\/person\\\/c09a0aea9ac127965257ff6115957332\",\"name\":\"Redaktion\",\"description\":\"Das Redaktionsteam von museum.de\",\"url\":\"https:\\\/\\\/www.museum.de\\\/blog\\\/author\\\/msupervisor\\\/\"}]}<\/script>\n<!-- \/ Yoast SEO plugin. -->","yoast_head_json":{"title":"Coburger Museumsnacht 2018 - Der Museumsblog","robots":{"index":"index","follow":"follow","max-snippet":"max-snippet:-1","max-image-preview":"max-image-preview:large","max-video-preview":"max-video-preview:-1"},"canonical":"https:\/\/www.museum.de\/blog\/coburger-museumsnacht-2018\/","og_locale":"de_DE","og_type":"article","og_title":"Coburger Museumsnacht 2018 - Der Museumsblog","og_description":"\u00e2\u20ac\u017eNacht der Kontraste\u00e2\u20ac\u0153 in Coburg am 08.September 2018","og_url":"https:\/\/www.museum.de\/blog\/coburger-museumsnacht-2018\/","og_site_name":"Der Museumsblog","article_published_time":"2018-09-04T17:59:32+00:00","article_modified_time":"2018-09-05T12:50:29+00:00","og_image":[{"width":1024,"height":682,"url":"https:\/\/www.museum.de\/blog\/wp-content\/uploads\/2018\/09\/Museumsnacht-CoburgcFoto_MartinRohm-23-klein.jpg","type":"image\/jpeg"}],"author":"Redaktion","twitter_card":"summary_large_image","schema":{"@context":"https:\/\/schema.org","@graph":[{"@type":"Article","@id":"https:\/\/www.museum.de\/blog\/coburger-museumsnacht-2018\/#article","isPartOf":{"@id":"https:\/\/www.museum.de\/blog\/coburger-museumsnacht-2018\/"},"author":{"name":"Redaktion","@id":"https:\/\/www.museum.de\/blog\/#\/schema\/person\/c09a0aea9ac127965257ff6115957332"},"headline":"Coburger Museumsnacht 2018","datePublished":"2018-09-04T17:59:32+00:00","dateModified":"2018-09-05T12:50:29+00:00","mainEntityOfPage":{"@id":"https:\/\/www.museum.de\/blog\/coburger-museumsnacht-2018\/"},"wordCount":73,"publisher":{"@id":"https:\/\/www.museum.de\/blog\/#organization"},"image":{"@id":"https:\/\/www.museum.de\/blog\/coburger-museumsnacht-2018\/#primaryimage"},"thumbnailUrl":"https:\/\/www.museum.de\/blog\/wp-content\/uploads\/2018\/09\/Museumsnacht-CoburgcFoto_MartinRohm-23-klein.jpg","keywords":["Coburg","Lange Nacht"],"articleSection":["Termin"],"inLanguage":"de"},{"@type":"WebPage","@id":"https:\/\/www.museum.de\/blog\/coburger-museumsnacht-2018\/","url":"https:\/\/www.museum.de\/blog\/coburger-museumsnacht-2018\/","name":"Coburger Museumsnacht 2018 - Der Museumsblog","isPartOf":{"@id":"https:\/\/www.museum.de\/blog\/#website"},"primaryImageOfPage":{"@id":"https:\/\/www.museum.de\/blog\/coburger-museumsnacht-2018\/#primaryimage"},"image":{"@id":"https:\/\/www.museum.de\/blog\/coburger-museumsnacht-2018\/#primaryimage"},"thumbnailUrl":"https:\/\/www.museum.de\/blog\/wp-content\/uploads\/2018\/09\/Museumsnacht-CoburgcFoto_MartinRohm-23-klein.jpg","datePublished":"2018-09-04T17:59:32+00:00","dateModified":"2018-09-05T12:50:29+00:00","breadcrumb":{"@id":"https:\/\/www.museum.de\/blog\/coburger-museumsnacht-2018\/#breadcrumb"},"inLanguage":"de","potentialAction":[{"@type":"ReadAction","target":["https:\/\/www.museum.de\/blog\/coburger-museumsnacht-2018\/"]}]},{"@type":"ImageObject","inLanguage":"de","@id":"https:\/\/www.museum.de\/blog\/coburger-museumsnacht-2018\/#primaryimage","url":"https:\/\/www.museum.de\/blog\/wp-content\/uploads\/2018\/09\/Museumsnacht-CoburgcFoto_MartinRohm-23-klein.jpg","contentUrl":"https:\/\/www.museum.de\/blog\/wp-content\/uploads\/2018\/09\/Museumsnacht-CoburgcFoto_MartinRohm-23-klein.jpg","width":1024,"height":682,"caption":"https:\/\/www.museumsnacht-coburg.de\/pressetexte\/"},{"@type":"BreadcrumbList","@id":"https:\/\/www.museum.de\/blog\/coburger-museumsnacht-2018\/#breadcrumb","itemListElement":[{"@type":"ListItem","position":1,"name":"Startseite","item":"https:\/\/www.museum.de\/blog\/"},{"@type":"ListItem","position":2,"name":"Coburger Museumsnacht 2018"}]},{"@type":"WebSite","@id":"https:\/\/www.museum.de\/blog\/#website","url":"https:\/\/www.museum.de\/blog\/","name":"Der Museumsblog","description":"Der Blog","publisher":{"@id":"https:\/\/www.museum.de\/blog\/#organization"},"alternateName":"museum.de - Der Museumsblog","potentialAction":[{"@type":"SearchAction","target":{"@type":"EntryPoint","urlTemplate":"https:\/\/www.museum.de\/blog\/?s={search_term_string}"},"query-input":{"@type":"PropertyValueSpecification","valueRequired":true,"valueName":"search_term_string"}}],"inLanguage":"de"},{"@type":"Organization","@id":"https:\/\/www.museum.de\/blog\/#organization","name":"Der Museumsblog","url":"https:\/\/www.museum.de\/blog\/","logo":{"@type":"ImageObject","inLanguage":"de","@id":"https:\/\/www.museum.de\/blog\/#\/schema\/logo\/image\/","url":"https:\/\/www.museum.de\/blog\/wp-content\/uploads\/2019\/03\/cropped-Audioguide_Titelseite-1.jpg","contentUrl":"https:\/\/www.museum.de\/blog\/wp-content\/uploads\/2019\/03\/cropped-Audioguide_Titelseite-1.jpg","width":512,"height":512,"caption":"Der Museumsblog"},"image":{"@id":"https:\/\/www.museum.de\/blog\/#\/schema\/logo\/image\/"}},{"@type":"Person","@id":"https:\/\/www.museum.de\/blog\/#\/schema\/person\/c09a0aea9ac127965257ff6115957332","name":"Redaktion","description":"Das Redaktionsteam von museum.de","url":"https:\/\/www.museum.de\/blog\/author\/msupervisor\/"}]}},"_links":{"self":[{"href":"https:\/\/www.museum.de\/blog\/wp-json\/wp\/v2\/posts\/476","targetHints":{"allow":["GET"]}}],"collection":[{"href":"https:\/\/www.museum.de\/blog\/wp-json\/wp\/v2\/posts"}],"about":[{"href":"https:\/\/www.museum.de\/blog\/wp-json\/wp\/v2\/types\/post"}],"author":[{"embeddable":true,"href":"https:\/\/www.museum.de\/blog\/wp-json\/wp\/v2\/users\/1"}],"replies":[{"embeddable":true,"href":"https:\/\/www.museum.de\/blog\/wp-json\/wp\/v2\/comments?post=476"}],"version-history":[{"count":4,"href":"https:\/\/www.museum.de\/blog\/wp-json\/wp\/v2\/posts\/476\/revisions"}],"predecessor-version":[{"id":3261,"href":"https:\/\/www.museum.de\/blog\/wp-json\/wp\/v2\/posts\/476\/revisions\/3261"}],"wp:featuredmedia":[{"embeddable":true,"href":"https:\/\/www.museum.de\/blog\/wp-json\/wp\/v2\/media\/486"}],"wp:attachment":[{"href":"https:\/\/www.museum.de\/blog\/wp-json\/wp\/v2\/media?parent=476"}],"wp:term":[{"taxonomy":"category","embeddable":true,"href":"https:\/\/www.museum.de\/blog\/wp-json\/wp\/v2\/categories?post=476"},{"taxonomy":"post_tag","embeddable":true,"href":"https:\/\/www.museum.de\/blog\/wp-json\/wp\/v2\/tags?post=476"}],"curies":[{"name":"wp","href":"https:\/\/api.w.org\/{rel}","templated":true}]}}