{"id":621,"date":"2018-11-03T15:01:03","date_gmt":"2018-11-03T15:01:03","guid":{"rendered":"https:\/\/www.museumswelt.de\/blog\/?p=621"},"modified":"2019-10-25T08:35:00","modified_gmt":"2019-10-25T08:35:00","slug":"museumsnacht-in-amsterdam-2018","status":"publish","type":"post","link":"https:\/\/www.museum.de\/blog\/museumsnacht-in-amsterdam-2018\/","title":{"rendered":"Museumsnacht in Amsterdam 2018"},"content":{"rendered":"<p>Jedes Jahr am ersten Samstag im November \u00f6ffnen die Amsterdamer Museen Ihre Tore f\u00fcr die Museumsnacht. An der Museumsnacht nehmen 50 Museen teil, und es wird entlang st\u00e4ndiger und wechselnder Ausstellungen ein spezielles Programm f\u00fcr die Museumsnacht zusammengestellt. Dar\u00fcber hinaus gibt es Musik, Workshops und spezielle F\u00fchrungen.<\/p>\n<p>&nbsp;<\/p>\n<p><strong>Quelle:<\/strong><\/p>\n<p><a href=\"https:\/\/museumnacht.amsterdam\/\">https:\/\/museumnacht.amsterdam\/<\/a><\/p>\n<p><strong>Bildnachweis:<\/strong><\/p>\n<p><a href=\"https:\/\/pixabay.com\/de\/amsterdam-nacht-kan{1e730383c46bdf016b3bc82304567a47a2ca422a315ce6ded60b8046fb21c2b0}C3{1e730383c46bdf016b3bc82304567a47a2ca422a315ce6ded60b8046fb21c2b0}A4le-abend-1150319\/\">https:\/\/pixabay.com\/de\/amsterdam-nacht-kan{1e730383c46bdf016b3bc82304567a47a2ca422a315ce6ded60b8046fb21c2b0}C3{1e730383c46bdf016b3bc82304567a47a2ca422a315ce6ded60b8046fb21c2b0}A4le-abend-1150319\/<\/a><\/p>\n","protected":false},"excerpt":{"rendered":"<p>Jedes Jahr am ersten Samstag im November \u00f6ffnen die Amsterdamer Museen Ihre Tore f\u00fcr die Museumsnacht. An der Museumsnacht nehmen 50 Museen teil, und es wird entlang st\u00e4ndiger und wechselnder Ausstellungen ein spezielles Programm f\u00fcr die Museumsnacht zusammengestellt. Dar\u00fcber hinaus gibt es Musik, Workshops und spezielle F\u00fchrungen. &nbsp; Quelle: https:\/\/museumnacht.amsterdam\/ Bildnachweis: https:\/\/pixabay.com\/de\/amsterdam-nacht-kan{1e730383c46bdf016b3bc82304567a47a2ca422a315ce6ded60b8046fb21c2b0}C3{1e730383c46bdf016b3bc82304567a47a2ca422a315ce6ded60b8046fb21c2b0}A4le-abend-1150319\/<\/p>\n","protected":false},"author":1,"featured_media":622,"comment_status":"closed","ping_status":"closed","sticky":false,"template":"","format":"status","meta":{"site-sidebar-layout":"default","site-content-layout":"","ast-site-content-layout":"default","site-content-style":"default","site-sidebar-style":"default","ast-global-header-display":"","ast-banner-title-visibility":"","ast-main-header-display":"","ast-hfb-above-header-display":"","ast-hfb-below-header-display":"","ast-hfb-mobile-header-display":"","site-post-title":"","ast-breadcrumbs-content":"","ast-featured-img":"","footer-sml-layout":"","ast-disable-related-posts":"","theme-transparent-header-meta":"","adv-header-id-meta":"","stick-header-meta":"","header-above-stick-meta":"","header-main-stick-meta":"","header-below-stick-meta":"","astra-migrate-meta-layouts":"default","ast-page-background-enabled":"default","ast-page-background-meta":{"desktop":{"background-color":"var(--ast-global-color-4)","background-image":"","background-repeat":"repeat","background-position":"center center","background-size":"auto","background-attachment":"scroll","background-type":"","background-media":"","overlay-type":"","overlay-color":"","overlay-opacity":"","overlay-gradient":""},"tablet":{"background-color":"","background-image":"","background-repeat":"repeat","background-position":"center center","background-size":"auto","background-attachment":"scroll","background-type":"","background-media":"","overlay-type":"","overlay-color":"","overlay-opacity":"","overlay-gradient":""},"mobile":{"background-color":"","background-image":"","background-repeat":"repeat","background-position":"center center","background-size":"auto","background-attachment":"scroll","background-type":"","background-media":"","overlay-type":"","overlay-color":"","overlay-opacity":"","overlay-gradient":""}},"ast-content-background-meta":{"desktop":{"background-color":"var(--ast-global-color-5)","background-image":"","background-repeat":"repeat","background-position":"center center","background-size":"auto","background-attachment":"scroll","background-type":"","background-media":"","overlay-type":"","overlay-color":"","overlay-opacity":"","overlay-gradient":""},"tablet":{"background-color":"var(--ast-global-color-5)","background-image":"","background-repeat":"repeat","background-position":"center center","background-size":"auto","background-attachment":"scroll","background-type":"","background-media":"","overlay-type":"","overlay-color":"","overlay-opacity":"","overlay-gradient":""},"mobile":{"background-color":"var(--ast-global-color-5)","background-image":"","background-repeat":"repeat","background-position":"center center","background-size":"auto","background-attachment":"scroll","background-type":"","background-media":"","overlay-type":"","overlay-color":"","overlay-opacity":"","overlay-gradient":""}},"episode_type":"","audio_file":"","podmotor_file_id":"","podmotor_episode_id":"","cover_image":"","cover_image_id":"","duration":"","filesize":"","filesize_raw":"","date_recorded":"","explicit":"","block":"","itunes_episode_number":"","itunes_title":"","itunes_season_number":"","itunes_episode_type":"","footnotes":""},"categories":[3],"tags":[88,39],"class_list":["post-621","post","type-post","status-publish","format-status","has-post-thumbnail","hentry","category-termin","tag-amsterdam","tag-lange-nacht","post_format-post-format-status"],"yoast_head":"<!-- This site is optimized with the Yoast SEO plugin v27.5 - https:\/\/yoast.com\/product\/yoast-seo-wordpress\/ -->\n<title>Museumsnacht in Amsterdam 2018 - Der Museumsblog<\/title>\n<meta name=\"robots\" content=\"index, follow, max-snippet:-1, max-image-preview:large, max-video-preview:-1\" \/>\n<link rel=\"canonical\" href=\"https:\/\/www.museum.de\/blog\/museumsnacht-in-amsterdam-2018\/\" \/>\n<meta property=\"og:locale\" content=\"de_DE\" \/>\n<meta property=\"og:type\" content=\"article\" \/>\n<meta property=\"og:title\" content=\"Museumsnacht in Amsterdam 2018 - Der Museumsblog\" \/>\n<meta property=\"og:description\" content=\"Jedes Jahr am ersten Samstag im November \u00f6ffnen die Amsterdamer Museen Ihre Tore f\u00fcr die Museumsnacht. An der Museumsnacht nehmen 50 Museen teil, und es wird entlang st\u00e4ndiger und wechselnder Ausstellungen ein spezielles Programm f\u00fcr die Museumsnacht zusammengestellt. Dar\u00fcber hinaus gibt es Musik, Workshops und spezielle F\u00fchrungen. &nbsp; Quelle: https:\/\/museumnacht.amsterdam\/ Bildnachweis: https:\/\/pixabay.com\/de\/amsterdam-nacht-kan{1e730383c46bdf016b3bc82304567a47a2ca422a315ce6ded60b8046fb21c2b0}C3{1e730383c46bdf016b3bc82304567a47a2ca422a315ce6ded60b8046fb21c2b0}A4le-abend-1150319\/\" \/>\n<meta property=\"og:url\" content=\"https:\/\/www.museum.de\/blog\/museumsnacht-in-amsterdam-2018\/\" \/>\n<meta property=\"og:site_name\" content=\"Der Museumsblog\" \/>\n<meta property=\"article:published_time\" content=\"2018-11-03T15:01:03+00:00\" \/>\n<meta property=\"article:modified_time\" content=\"2019-10-25T08:35:00+00:00\" \/>\n<meta property=\"og:image\" content=\"https:\/\/www.museum.de\/blog\/wp-content\/uploads\/2018\/11\/amsterdam-1150319_1920.jpg\" \/>\n\t<meta property=\"og:image:width\" content=\"1024\" \/>\n\t<meta property=\"og:image:height\" content=\"683\" \/>\n\t<meta property=\"og:image:type\" content=\"image\/jpeg\" \/>\n<meta name=\"author\" content=\"Redaktion\" \/>\n<meta name=\"twitter:card\" content=\"summary_large_image\" \/>\n<script type=\"application\/ld+json\" class=\"yoast-schema-graph\">{\"@context\":\"https:\\\/\\\/schema.org\",\"@graph\":[{\"@type\":\"Article\",\"@id\":\"https:\\\/\\\/www.museum.de\\\/blog\\\/museumsnacht-in-amsterdam-2018\\\/#article\",\"isPartOf\":{\"@id\":\"https:\\\/\\\/www.museum.de\\\/blog\\\/museumsnacht-in-amsterdam-2018\\\/\"},\"author\":{\"name\":\"Redaktion\",\"@id\":\"https:\\\/\\\/www.museum.de\\\/blog\\\/#\\\/schema\\\/person\\\/c09a0aea9ac127965257ff6115957332\"},\"headline\":\"Museumsnacht in Amsterdam 2018\",\"datePublished\":\"2018-11-03T15:01:03+00:00\",\"dateModified\":\"2019-10-25T08:35:00+00:00\",\"mainEntityOfPage\":{\"@id\":\"https:\\\/\\\/www.museum.de\\\/blog\\\/museumsnacht-in-amsterdam-2018\\\/\"},\"wordCount\":98,\"publisher\":{\"@id\":\"https:\\\/\\\/www.museum.de\\\/blog\\\/#organization\"},\"image\":{\"@id\":\"https:\\\/\\\/www.museum.de\\\/blog\\\/museumsnacht-in-amsterdam-2018\\\/#primaryimage\"},\"thumbnailUrl\":\"https:\\\/\\\/www.museum.de\\\/blog\\\/wp-content\\\/uploads\\\/2018\\\/11\\\/amsterdam-1150319_1920.jpg\",\"keywords\":[\"Amsterdam\",\"Lange Nacht\"],\"articleSection\":[\"Termin\"],\"inLanguage\":\"de\"},{\"@type\":\"WebPage\",\"@id\":\"https:\\\/\\\/www.museum.de\\\/blog\\\/museumsnacht-in-amsterdam-2018\\\/\",\"url\":\"https:\\\/\\\/www.museum.de\\\/blog\\\/museumsnacht-in-amsterdam-2018\\\/\",\"name\":\"Museumsnacht in Amsterdam 2018 - Der Museumsblog\",\"isPartOf\":{\"@id\":\"https:\\\/\\\/www.museum.de\\\/blog\\\/#website\"},\"primaryImageOfPage\":{\"@id\":\"https:\\\/\\\/www.museum.de\\\/blog\\\/museumsnacht-in-amsterdam-2018\\\/#primaryimage\"},\"image\":{\"@id\":\"https:\\\/\\\/www.museum.de\\\/blog\\\/museumsnacht-in-amsterdam-2018\\\/#primaryimage\"},\"thumbnailUrl\":\"https:\\\/\\\/www.museum.de\\\/blog\\\/wp-content\\\/uploads\\\/2018\\\/11\\\/amsterdam-1150319_1920.jpg\",\"datePublished\":\"2018-11-03T15:01:03+00:00\",\"dateModified\":\"2019-10-25T08:35:00+00:00\",\"breadcrumb\":{\"@id\":\"https:\\\/\\\/www.museum.de\\\/blog\\\/museumsnacht-in-amsterdam-2018\\\/#breadcrumb\"},\"inLanguage\":\"de\",\"potentialAction\":[{\"@type\":\"ReadAction\",\"target\":[\"https:\\\/\\\/www.museum.de\\\/blog\\\/museumsnacht-in-amsterdam-2018\\\/\"]}]},{\"@type\":\"ImageObject\",\"inLanguage\":\"de\",\"@id\":\"https:\\\/\\\/www.museum.de\\\/blog\\\/museumsnacht-in-amsterdam-2018\\\/#primaryimage\",\"url\":\"https:\\\/\\\/www.museum.de\\\/blog\\\/wp-content\\\/uploads\\\/2018\\\/11\\\/amsterdam-1150319_1920.jpg\",\"contentUrl\":\"https:\\\/\\\/www.museum.de\\\/blog\\\/wp-content\\\/uploads\\\/2018\\\/11\\\/amsterdam-1150319_1920.jpg\",\"width\":1024,\"height\":683,\"caption\":\"https:\\\/\\\/pixabay.com\\\/de\\\/amsterdam-nacht-kan{1e730383c46bdf016b3bc82304567a47a2ca422a315ce6ded60b8046fb21c2b0}C3{1e730383c46bdf016b3bc82304567a47a2ca422a315ce6ded60b8046fb21c2b0}A4le-abend-1150319\\\/\"},{\"@type\":\"BreadcrumbList\",\"@id\":\"https:\\\/\\\/www.museum.de\\\/blog\\\/museumsnacht-in-amsterdam-2018\\\/#breadcrumb\",\"itemListElement\":[{\"@type\":\"ListItem\",\"position\":1,\"name\":\"Startseite\",\"item\":\"https:\\\/\\\/www.museum.de\\\/blog\\\/\"},{\"@type\":\"ListItem\",\"position\":2,\"name\":\"Museumsnacht in Amsterdam 2018\"}]},{\"@type\":\"WebSite\",\"@id\":\"https:\\\/\\\/www.museum.de\\\/blog\\\/#website\",\"url\":\"https:\\\/\\\/www.museum.de\\\/blog\\\/\",\"name\":\"Der Museumsblog\",\"description\":\"Der Blog\",\"publisher\":{\"@id\":\"https:\\\/\\\/www.museum.de\\\/blog\\\/#organization\"},\"alternateName\":\"museum.de - Der Museumsblog\",\"potentialAction\":[{\"@type\":\"SearchAction\",\"target\":{\"@type\":\"EntryPoint\",\"urlTemplate\":\"https:\\\/\\\/www.museum.de\\\/blog\\\/?s={search_term_string}\"},\"query-input\":{\"@type\":\"PropertyValueSpecification\",\"valueRequired\":true,\"valueName\":\"search_term_string\"}}],\"inLanguage\":\"de\"},{\"@type\":\"Organization\",\"@id\":\"https:\\\/\\\/www.museum.de\\\/blog\\\/#organization\",\"name\":\"Der Museumsblog\",\"url\":\"https:\\\/\\\/www.museum.de\\\/blog\\\/\",\"logo\":{\"@type\":\"ImageObject\",\"inLanguage\":\"de\",\"@id\":\"https:\\\/\\\/www.museum.de\\\/blog\\\/#\\\/schema\\\/logo\\\/image\\\/\",\"url\":\"https:\\\/\\\/www.museum.de\\\/blog\\\/wp-content\\\/uploads\\\/2019\\\/03\\\/cropped-Audioguide_Titelseite-1.jpg\",\"contentUrl\":\"https:\\\/\\\/www.museum.de\\\/blog\\\/wp-content\\\/uploads\\\/2019\\\/03\\\/cropped-Audioguide_Titelseite-1.jpg\",\"width\":512,\"height\":512,\"caption\":\"Der Museumsblog\"},\"image\":{\"@id\":\"https:\\\/\\\/www.museum.de\\\/blog\\\/#\\\/schema\\\/logo\\\/image\\\/\"}},{\"@type\":\"Person\",\"@id\":\"https:\\\/\\\/www.museum.de\\\/blog\\\/#\\\/schema\\\/person\\\/c09a0aea9ac127965257ff6115957332\",\"name\":\"Redaktion\",\"description\":\"Das Redaktionsteam von museum.de\",\"url\":\"https:\\\/\\\/www.museum.de\\\/blog\\\/author\\\/msupervisor\\\/\"}]}<\/script>\n<!-- \/ Yoast SEO plugin. -->","yoast_head_json":{"title":"Museumsnacht in Amsterdam 2018 - Der Museumsblog","robots":{"index":"index","follow":"follow","max-snippet":"max-snippet:-1","max-image-preview":"max-image-preview:large","max-video-preview":"max-video-preview:-1"},"canonical":"https:\/\/www.museum.de\/blog\/museumsnacht-in-amsterdam-2018\/","og_locale":"de_DE","og_type":"article","og_title":"Museumsnacht in Amsterdam 2018 - Der Museumsblog","og_description":"Jedes Jahr am ersten Samstag im November \u00f6ffnen die Amsterdamer Museen Ihre Tore f\u00fcr die Museumsnacht. An der Museumsnacht nehmen 50 Museen teil, und es wird entlang st\u00e4ndiger und wechselnder Ausstellungen ein spezielles Programm f\u00fcr die Museumsnacht zusammengestellt. Dar\u00fcber hinaus gibt es Musik, Workshops und spezielle F\u00fchrungen. &nbsp; Quelle: https:\/\/museumnacht.amsterdam\/ Bildnachweis: https:\/\/pixabay.com\/de\/amsterdam-nacht-kan{1e730383c46bdf016b3bc82304567a47a2ca422a315ce6ded60b8046fb21c2b0}C3{1e730383c46bdf016b3bc82304567a47a2ca422a315ce6ded60b8046fb21c2b0}A4le-abend-1150319\/","og_url":"https:\/\/www.museum.de\/blog\/museumsnacht-in-amsterdam-2018\/","og_site_name":"Der Museumsblog","article_published_time":"2018-11-03T15:01:03+00:00","article_modified_time":"2019-10-25T08:35:00+00:00","og_image":[{"width":1024,"height":683,"url":"https:\/\/www.museum.de\/blog\/wp-content\/uploads\/2018\/11\/amsterdam-1150319_1920.jpg","type":"image\/jpeg"}],"author":"Redaktion","twitter_card":"summary_large_image","schema":{"@context":"https:\/\/schema.org","@graph":[{"@type":"Article","@id":"https:\/\/www.museum.de\/blog\/museumsnacht-in-amsterdam-2018\/#article","isPartOf":{"@id":"https:\/\/www.museum.de\/blog\/museumsnacht-in-amsterdam-2018\/"},"author":{"name":"Redaktion","@id":"https:\/\/www.museum.de\/blog\/#\/schema\/person\/c09a0aea9ac127965257ff6115957332"},"headline":"Museumsnacht in Amsterdam 2018","datePublished":"2018-11-03T15:01:03+00:00","dateModified":"2019-10-25T08:35:00+00:00","mainEntityOfPage":{"@id":"https:\/\/www.museum.de\/blog\/museumsnacht-in-amsterdam-2018\/"},"wordCount":98,"publisher":{"@id":"https:\/\/www.museum.de\/blog\/#organization"},"image":{"@id":"https:\/\/www.museum.de\/blog\/museumsnacht-in-amsterdam-2018\/#primaryimage"},"thumbnailUrl":"https:\/\/www.museum.de\/blog\/wp-content\/uploads\/2018\/11\/amsterdam-1150319_1920.jpg","keywords":["Amsterdam","Lange Nacht"],"articleSection":["Termin"],"inLanguage":"de"},{"@type":"WebPage","@id":"https:\/\/www.museum.de\/blog\/museumsnacht-in-amsterdam-2018\/","url":"https:\/\/www.museum.de\/blog\/museumsnacht-in-amsterdam-2018\/","name":"Museumsnacht in Amsterdam 2018 - Der Museumsblog","isPartOf":{"@id":"https:\/\/www.museum.de\/blog\/#website"},"primaryImageOfPage":{"@id":"https:\/\/www.museum.de\/blog\/museumsnacht-in-amsterdam-2018\/#primaryimage"},"image":{"@id":"https:\/\/www.museum.de\/blog\/museumsnacht-in-amsterdam-2018\/#primaryimage"},"thumbnailUrl":"https:\/\/www.museum.de\/blog\/wp-content\/uploads\/2018\/11\/amsterdam-1150319_1920.jpg","datePublished":"2018-11-03T15:01:03+00:00","dateModified":"2019-10-25T08:35:00+00:00","breadcrumb":{"@id":"https:\/\/www.museum.de\/blog\/museumsnacht-in-amsterdam-2018\/#breadcrumb"},"inLanguage":"de","potentialAction":[{"@type":"ReadAction","target":["https:\/\/www.museum.de\/blog\/museumsnacht-in-amsterdam-2018\/"]}]},{"@type":"ImageObject","inLanguage":"de","@id":"https:\/\/www.museum.de\/blog\/museumsnacht-in-amsterdam-2018\/#primaryimage","url":"https:\/\/www.museum.de\/blog\/wp-content\/uploads\/2018\/11\/amsterdam-1150319_1920.jpg","contentUrl":"https:\/\/www.museum.de\/blog\/wp-content\/uploads\/2018\/11\/amsterdam-1150319_1920.jpg","width":1024,"height":683,"caption":"https:\/\/pixabay.com\/de\/amsterdam-nacht-kan{1e730383c46bdf016b3bc82304567a47a2ca422a315ce6ded60b8046fb21c2b0}C3{1e730383c46bdf016b3bc82304567a47a2ca422a315ce6ded60b8046fb21c2b0}A4le-abend-1150319\/"},{"@type":"BreadcrumbList","@id":"https:\/\/www.museum.de\/blog\/museumsnacht-in-amsterdam-2018\/#breadcrumb","itemListElement":[{"@type":"ListItem","position":1,"name":"Startseite","item":"https:\/\/www.museum.de\/blog\/"},{"@type":"ListItem","position":2,"name":"Museumsnacht in Amsterdam 2018"}]},{"@type":"WebSite","@id":"https:\/\/www.museum.de\/blog\/#website","url":"https:\/\/www.museum.de\/blog\/","name":"Der Museumsblog","description":"Der Blog","publisher":{"@id":"https:\/\/www.museum.de\/blog\/#organization"},"alternateName":"museum.de - Der Museumsblog","potentialAction":[{"@type":"SearchAction","target":{"@type":"EntryPoint","urlTemplate":"https:\/\/www.museum.de\/blog\/?s={search_term_string}"},"query-input":{"@type":"PropertyValueSpecification","valueRequired":true,"valueName":"search_term_string"}}],"inLanguage":"de"},{"@type":"Organization","@id":"https:\/\/www.museum.de\/blog\/#organization","name":"Der Museumsblog","url":"https:\/\/www.museum.de\/blog\/","logo":{"@type":"ImageObject","inLanguage":"de","@id":"https:\/\/www.museum.de\/blog\/#\/schema\/logo\/image\/","url":"https:\/\/www.museum.de\/blog\/wp-content\/uploads\/2019\/03\/cropped-Audioguide_Titelseite-1.jpg","contentUrl":"https:\/\/www.museum.de\/blog\/wp-content\/uploads\/2019\/03\/cropped-Audioguide_Titelseite-1.jpg","width":512,"height":512,"caption":"Der Museumsblog"},"image":{"@id":"https:\/\/www.museum.de\/blog\/#\/schema\/logo\/image\/"}},{"@type":"Person","@id":"https:\/\/www.museum.de\/blog\/#\/schema\/person\/c09a0aea9ac127965257ff6115957332","name":"Redaktion","description":"Das Redaktionsteam von museum.de","url":"https:\/\/www.museum.de\/blog\/author\/msupervisor\/"}]}},"_links":{"self":[{"href":"https:\/\/www.museum.de\/blog\/wp-json\/wp\/v2\/posts\/621","targetHints":{"allow":["GET"]}}],"collection":[{"href":"https:\/\/www.museum.de\/blog\/wp-json\/wp\/v2\/posts"}],"about":[{"href":"https:\/\/www.museum.de\/blog\/wp-json\/wp\/v2\/types\/post"}],"author":[{"embeddable":true,"href":"https:\/\/www.museum.de\/blog\/wp-json\/wp\/v2\/users\/1"}],"replies":[{"embeddable":true,"href":"https:\/\/www.museum.de\/blog\/wp-json\/wp\/v2\/comments?post=621"}],"version-history":[{"count":2,"href":"https:\/\/www.museum.de\/blog\/wp-json\/wp\/v2\/posts\/621\/revisions"}],"predecessor-version":[{"id":882,"href":"https:\/\/www.museum.de\/blog\/wp-json\/wp\/v2\/posts\/621\/revisions\/882"}],"wp:featuredmedia":[{"embeddable":true,"href":"https:\/\/www.museum.de\/blog\/wp-json\/wp\/v2\/media\/622"}],"wp:attachment":[{"href":"https:\/\/www.museum.de\/blog\/wp-json\/wp\/v2\/media?parent=621"}],"wp:term":[{"taxonomy":"category","embeddable":true,"href":"https:\/\/www.museum.de\/blog\/wp-json\/wp\/v2\/categories?post=621"},{"taxonomy":"post_tag","embeddable":true,"href":"https:\/\/www.museum.de\/blog\/wp-json\/wp\/v2\/tags?post=621"}],"curies":[{"name":"wp","href":"https:\/\/api.w.org\/{rel}","templated":true}]}}