{"id":754,"date":"2019-04-12T10:41:28","date_gmt":"2019-04-12T10:41:28","guid":{"rendered":"https:\/\/www.museumswelt.de\/blog\/?p=754"},"modified":"2019-12-18T12:17:47","modified_gmt":"2019-12-18T12:17:47","slug":"magazin-museum-de-nr-36-fruehjahr-april-2019","status":"publish","type":"post","link":"https:\/\/www.museum.de\/blog\/magazin-museum-de-nr-36-fruehjahr-april-2019\/","title":{"rendered":"Magazin Museum.de Nr. 36, Fr\u00fchjahr, April 2019"},"content":{"rendered":"<div>\n<h4>Aus dem Inhalt<\/h4>\n<ul>\n<li>Auf Zeitreise durch die Mecklenburgische Seenplatte<br \/>\n( <a href=\"https:\/\/www.museum.de\/museen\/heinrich-schliemann-museum\">Schliemann Museum<\/a>, <a href=\"https:\/\/www.museum.de\/museen\/3-koniginnen-palais-mirow\">3 K\u00f6niginnen Palais<\/a>, <a href=\"https:\/\/www.museum.de\/museen\/agroneum-alt-schwerin\">Agroneum<\/a>)<\/li>\n<li><a href=\"https:\/\/www.museum.de\/museen\/museum-pachen\">Museum Pachen. Treffpunkt LINIENFELDER<\/a><\/li>\n<li><a href=\"https:\/\/www.museum.de\/museen\/weltkulturerbe-v{1e730383c46bdf016b3bc82304567a47a2ca422a315ce6ded60b8046fb21c2b0}C3{1e730383c46bdf016b3bc82304567a47a2ca422a315ce6ded60b8046fb21c2b0}B6lklinger-h{1e730383c46bdf016b3bc82304567a47a2ca422a315ce6ded60b8046fb21c2b0}C3{1e730383c46bdf016b3bc82304567a47a2ca422a315ce6ded60b8046fb21c2b0}BCtte\">Weltkulturerbe V\u00f6lklinger H\u00fctte<\/a><\/li>\n<li><a href=\"https:\/\/www.museum.de\/museen\/historisches-museum-saar\">Historischen Museum Saar in Saarbr\u00fccken<\/a><\/li>\n<li><a href=\"http:\/\/www.elevation1049.org\">Mirage Gstaad<\/a><\/li>\n<li><a href=\"https:\/\/www.museum.de\/museen\/romerwelt-am-caput-limitis\">R\u00f6merWelt Rheinbrohl. Das UNESCO-Welterbe Limes erleben<\/a><\/li>\n<li><a href=\"https:\/\/www.museum.de\/museen\/haus-kupferhammer\">Historischer Audioguide im Warsteiner Haus Kupferhammer<\/a><\/li>\n<li><a href=\"https:\/\/www.museum.de\/museen\/museum-schloss-fuerstenberg\">MUSEUM SCHLOSS F\u00dcRSTENBERG<\/a><\/li>\n<li><a href=\"https:\/\/www.museumswelt.de\">ITB 2019 &#8211; Museen und Tourismus<\/a><\/li>\n<li><a href=\"https:\/\/www.museum.de\/museen\/linden-museum-stuttgart\">Linden-Museum Stuttgart. Wo ist Afrika?<\/a><\/li>\n<li>Ausstellungen und Termine<\/li>\n<li><a href=\"https:\/\/www.museum.de\/museen\/moneymuseum\">MoneyMuseum Z\u00fcrich<\/a><\/li>\n<\/ul>\n<p><a class=\"btn btn-default\" href=\"http:\/\/issuu.com\/museum.de\/docs\/magazin36\">Magazin lesen<\/a><br \/>\n<a class=\"btn btn-default\" href=\"http:\/\/www.shopmuseum.de\/MM35\">Magazin kaufen<\/a><\/p>\n<\/div>\n","protected":false},"excerpt":{"rendered":"<p>Aus dem Inhalt Auf Zeitreise durch die Mecklenburgische Seenplatte ( Schliemann Museum, 3 K\u00f6niginnen Palais, Agroneum) Museum Pachen. Treffpunkt LINIENFELDER Weltkulturerbe V\u00f6lklinger H\u00fctte Historischen Museum Saar in Saarbr\u00fccken Mirage Gstaad R\u00f6merWelt Rheinbrohl. Das UNESCO-Welterbe Limes erleben Historischer Audioguide im Warsteiner Haus Kupferhammer MUSEUM SCHLOSS F\u00dcRSTENBERG ITB 2019 &#8211; Museen und Tourismus Linden-Museum Stuttgart. Wo ist [&hellip;]<\/p>\n","protected":false},"author":2,"featured_media":755,"comment_status":"closed","ping_status":"closed","sticky":false,"template":"","format":"standard","meta":{"site-sidebar-layout":"default","site-content-layout":"","ast-site-content-layout":"default","site-content-style":"default","site-sidebar-style":"default","ast-global-header-display":"","ast-banner-title-visibility":"","ast-main-header-display":"","ast-hfb-above-header-display":"","ast-hfb-below-header-display":"","ast-hfb-mobile-header-display":"","site-post-title":"","ast-breadcrumbs-content":"","ast-featured-img":"","footer-sml-layout":"","ast-disable-related-posts":"","theme-transparent-header-meta":"","adv-header-id-meta":"","stick-header-meta":"","header-above-stick-meta":"","header-main-stick-meta":"","header-below-stick-meta":"","astra-migrate-meta-layouts":"default","ast-page-background-enabled":"default","ast-page-background-meta":{"desktop":{"background-color":"var(--ast-global-color-4)","background-image":"","background-repeat":"repeat","background-position":"center center","background-size":"auto","background-attachment":"scroll","background-type":"","background-media":"","overlay-type":"","overlay-color":"","overlay-opacity":"","overlay-gradient":""},"tablet":{"background-color":"","background-image":"","background-repeat":"repeat","background-position":"center center","background-size":"auto","background-attachment":"scroll","background-type":"","background-media":"","overlay-type":"","overlay-color":"","overlay-opacity":"","overlay-gradient":""},"mobile":{"background-color":"","background-image":"","background-repeat":"repeat","background-position":"center center","background-size":"auto","background-attachment":"scroll","background-type":"","background-media":"","overlay-type":"","overlay-color":"","overlay-opacity":"","overlay-gradient":""}},"ast-content-background-meta":{"desktop":{"background-color":"var(--ast-global-color-5)","background-image":"","background-repeat":"repeat","background-position":"center center","background-size":"auto","background-attachment":"scroll","background-type":"","background-media":"","overlay-type":"","overlay-color":"","overlay-opacity":"","overlay-gradient":""},"tablet":{"background-color":"var(--ast-global-color-5)","background-image":"","background-repeat":"repeat","background-position":"center center","background-size":"auto","background-attachment":"scroll","background-type":"","background-media":"","overlay-type":"","overlay-color":"","overlay-opacity":"","overlay-gradient":""},"mobile":{"background-color":"var(--ast-global-color-5)","background-image":"","background-repeat":"repeat","background-position":"center center","background-size":"auto","background-attachment":"scroll","background-type":"","background-media":"","overlay-type":"","overlay-color":"","overlay-opacity":"","overlay-gradient":""}},"episode_type":"","audio_file":"","podmotor_file_id":"","podmotor_episode_id":"","cover_image":"","cover_image_id":"","duration":"","filesize":"","filesize_raw":"","date_recorded":"","explicit":"","block":"","itunes_episode_number":"","itunes_title":"","itunes_season_number":"","itunes_episode_type":"","footnotes":""},"categories":[15],"tags":[16,17],"class_list":["post-754","post","type-post","status-publish","format-standard","has-post-thumbnail","hentry","category-magazin","tag-magazin","tag-museen"],"yoast_head":"<!-- This site is optimized with the Yoast SEO plugin v27.4 - https:\/\/yoast.com\/product\/yoast-seo-wordpress\/ -->\n<title>Magazin Museum.de Nr. 36, Fr\u00fchjahr, April 2019 - Der Museumsblog<\/title>\n<meta name=\"robots\" content=\"index, follow, max-snippet:-1, max-image-preview:large, max-video-preview:-1\" \/>\n<link rel=\"canonical\" href=\"https:\/\/www.museum.de\/blog\/magazin-museum-de-nr-36-fruehjahr-april-2019\/\" \/>\n<meta property=\"og:locale\" content=\"de_DE\" \/>\n<meta property=\"og:type\" content=\"article\" \/>\n<meta property=\"og:title\" content=\"Magazin Museum.de Nr. 36, Fr\u00fchjahr, April 2019 - Der Museumsblog\" \/>\n<meta property=\"og:description\" content=\"Aus dem Inhalt Auf Zeitreise durch die Mecklenburgische Seenplatte ( Schliemann Museum, 3 K\u00f6niginnen Palais, Agroneum) Museum Pachen. Treffpunkt LINIENFELDER Weltkulturerbe V\u00f6lklinger H\u00fctte Historischen Museum Saar in Saarbr\u00fccken Mirage Gstaad R\u00f6merWelt Rheinbrohl. Das UNESCO-Welterbe Limes erleben Historischer Audioguide im Warsteiner Haus Kupferhammer MUSEUM SCHLOSS F\u00dcRSTENBERG ITB 2019 &#8211; Museen und Tourismus Linden-Museum Stuttgart. Wo ist [&hellip;]\" \/>\n<meta property=\"og:url\" content=\"https:\/\/www.museum.de\/blog\/magazin-museum-de-nr-36-fruehjahr-april-2019\/\" \/>\n<meta property=\"og:site_name\" content=\"Der Museumsblog\" \/>\n<meta property=\"article:published_time\" content=\"2019-04-12T10:41:28+00:00\" \/>\n<meta property=\"article:modified_time\" content=\"2019-12-18T12:17:47+00:00\" \/>\n<meta property=\"og:image\" content=\"https:\/\/www.museum.de\/blog\/wp-content\/uploads\/2019\/04\/magazin-museum.de_.1.19.png\" \/>\n\t<meta property=\"og:image:width\" content=\"651\" \/>\n\t<meta property=\"og:image:height\" content=\"501\" \/>\n\t<meta property=\"og:image:type\" content=\"image\/png\" \/>\n<meta name=\"author\" content=\"Uwe Strauch\" \/>\n<meta name=\"twitter:card\" content=\"summary_large_image\" \/>\n<script type=\"application\/ld+json\" class=\"yoast-schema-graph\">{\"@context\":\"https:\\\/\\\/schema.org\",\"@graph\":[{\"@type\":\"Article\",\"@id\":\"https:\\\/\\\/www.museum.de\\\/blog\\\/magazin-museum-de-nr-36-fruehjahr-april-2019\\\/#article\",\"isPartOf\":{\"@id\":\"https:\\\/\\\/www.museum.de\\\/blog\\\/magazin-museum-de-nr-36-fruehjahr-april-2019\\\/\"},\"author\":{\"name\":\"Uwe Strauch\",\"@id\":\"https:\\\/\\\/www.museum.de\\\/blog\\\/#\\\/schema\\\/person\\\/47b034b19279c45ef7fc898c2059e9f3\"},\"headline\":\"Magazin Museum.de Nr. 36, Fr\u00fchjahr, April 2019\",\"datePublished\":\"2019-04-12T10:41:28+00:00\",\"dateModified\":\"2019-12-18T12:17:47+00:00\",\"mainEntityOfPage\":{\"@id\":\"https:\\\/\\\/www.museum.de\\\/blog\\\/magazin-museum-de-nr-36-fruehjahr-april-2019\\\/\"},\"wordCount\":76,\"publisher\":{\"@id\":\"https:\\\/\\\/www.museum.de\\\/blog\\\/#organization\"},\"image\":{\"@id\":\"https:\\\/\\\/www.museum.de\\\/blog\\\/magazin-museum-de-nr-36-fruehjahr-april-2019\\\/#primaryimage\"},\"thumbnailUrl\":\"https:\\\/\\\/www.museum.de\\\/blog\\\/wp-content\\\/uploads\\\/2019\\\/04\\\/magazin-museum.de_.1.19.png\",\"keywords\":[\"Magazin\",\"Museen\"],\"articleSection\":[\"Magazin\"],\"inLanguage\":\"de\"},{\"@type\":\"WebPage\",\"@id\":\"https:\\\/\\\/www.museum.de\\\/blog\\\/magazin-museum-de-nr-36-fruehjahr-april-2019\\\/\",\"url\":\"https:\\\/\\\/www.museum.de\\\/blog\\\/magazin-museum-de-nr-36-fruehjahr-april-2019\\\/\",\"name\":\"Magazin Museum.de Nr. 36, Fr\u00fchjahr, April 2019 - Der Museumsblog\",\"isPartOf\":{\"@id\":\"https:\\\/\\\/www.museum.de\\\/blog\\\/#website\"},\"primaryImageOfPage\":{\"@id\":\"https:\\\/\\\/www.museum.de\\\/blog\\\/magazin-museum-de-nr-36-fruehjahr-april-2019\\\/#primaryimage\"},\"image\":{\"@id\":\"https:\\\/\\\/www.museum.de\\\/blog\\\/magazin-museum-de-nr-36-fruehjahr-april-2019\\\/#primaryimage\"},\"thumbnailUrl\":\"https:\\\/\\\/www.museum.de\\\/blog\\\/wp-content\\\/uploads\\\/2019\\\/04\\\/magazin-museum.de_.1.19.png\",\"datePublished\":\"2019-04-12T10:41:28+00:00\",\"dateModified\":\"2019-12-18T12:17:47+00:00\",\"breadcrumb\":{\"@id\":\"https:\\\/\\\/www.museum.de\\\/blog\\\/magazin-museum-de-nr-36-fruehjahr-april-2019\\\/#breadcrumb\"},\"inLanguage\":\"de\",\"potentialAction\":[{\"@type\":\"ReadAction\",\"target\":[\"https:\\\/\\\/www.museum.de\\\/blog\\\/magazin-museum-de-nr-36-fruehjahr-april-2019\\\/\"]}]},{\"@type\":\"ImageObject\",\"inLanguage\":\"de\",\"@id\":\"https:\\\/\\\/www.museum.de\\\/blog\\\/magazin-museum-de-nr-36-fruehjahr-april-2019\\\/#primaryimage\",\"url\":\"https:\\\/\\\/www.museum.de\\\/blog\\\/wp-content\\\/uploads\\\/2019\\\/04\\\/magazin-museum.de_.1.19.png\",\"contentUrl\":\"https:\\\/\\\/www.museum.de\\\/blog\\\/wp-content\\\/uploads\\\/2019\\\/04\\\/magazin-museum.de_.1.19.png\",\"width\":651,\"height\":501},{\"@type\":\"BreadcrumbList\",\"@id\":\"https:\\\/\\\/www.museum.de\\\/blog\\\/magazin-museum-de-nr-36-fruehjahr-april-2019\\\/#breadcrumb\",\"itemListElement\":[{\"@type\":\"ListItem\",\"position\":1,\"name\":\"Startseite\",\"item\":\"https:\\\/\\\/www.museum.de\\\/blog\\\/\"},{\"@type\":\"ListItem\",\"position\":2,\"name\":\"Magazin Museum.de Nr. 36, Fr\u00fchjahr, April 2019\"}]},{\"@type\":\"WebSite\",\"@id\":\"https:\\\/\\\/www.museum.de\\\/blog\\\/#website\",\"url\":\"https:\\\/\\\/www.museum.de\\\/blog\\\/\",\"name\":\"Der Museumsblog\",\"description\":\"Der Blog\",\"publisher\":{\"@id\":\"https:\\\/\\\/www.museum.de\\\/blog\\\/#organization\"},\"alternateName\":\"museum.de - Der Museumsblog\",\"potentialAction\":[{\"@type\":\"SearchAction\",\"target\":{\"@type\":\"EntryPoint\",\"urlTemplate\":\"https:\\\/\\\/www.museum.de\\\/blog\\\/?s={search_term_string}\"},\"query-input\":{\"@type\":\"PropertyValueSpecification\",\"valueRequired\":true,\"valueName\":\"search_term_string\"}}],\"inLanguage\":\"de\"},{\"@type\":\"Organization\",\"@id\":\"https:\\\/\\\/www.museum.de\\\/blog\\\/#organization\",\"name\":\"Der Museumsblog\",\"url\":\"https:\\\/\\\/www.museum.de\\\/blog\\\/\",\"logo\":{\"@type\":\"ImageObject\",\"inLanguage\":\"de\",\"@id\":\"https:\\\/\\\/www.museum.de\\\/blog\\\/#\\\/schema\\\/logo\\\/image\\\/\",\"url\":\"https:\\\/\\\/www.museum.de\\\/blog\\\/wp-content\\\/uploads\\\/2019\\\/03\\\/cropped-Audioguide_Titelseite-1.jpg\",\"contentUrl\":\"https:\\\/\\\/www.museum.de\\\/blog\\\/wp-content\\\/uploads\\\/2019\\\/03\\\/cropped-Audioguide_Titelseite-1.jpg\",\"width\":512,\"height\":512,\"caption\":\"Der Museumsblog\"},\"image\":{\"@id\":\"https:\\\/\\\/www.museum.de\\\/blog\\\/#\\\/schema\\\/logo\\\/image\\\/\"}},{\"@type\":\"Person\",\"@id\":\"https:\\\/\\\/www.museum.de\\\/blog\\\/#\\\/schema\\\/person\\\/47b034b19279c45ef7fc898c2059e9f3\",\"name\":\"Uwe Strauch\",\"description\":\"Herausgeber - museum.de\",\"sameAs\":[\"http:\\\/\\\/www.museum.de\"],\"url\":\"https:\\\/\\\/www.museum.de\\\/blog\\\/author\\\/redaktion\\\/\"}]}<\/script>\n<!-- \/ Yoast SEO plugin. -->","yoast_head_json":{"title":"Magazin Museum.de Nr. 36, Fr\u00fchjahr, April 2019 - Der Museumsblog","robots":{"index":"index","follow":"follow","max-snippet":"max-snippet:-1","max-image-preview":"max-image-preview:large","max-video-preview":"max-video-preview:-1"},"canonical":"https:\/\/www.museum.de\/blog\/magazin-museum-de-nr-36-fruehjahr-april-2019\/","og_locale":"de_DE","og_type":"article","og_title":"Magazin Museum.de Nr. 36, Fr\u00fchjahr, April 2019 - Der Museumsblog","og_description":"Aus dem Inhalt Auf Zeitreise durch die Mecklenburgische Seenplatte ( Schliemann Museum, 3 K\u00f6niginnen Palais, Agroneum) Museum Pachen. Treffpunkt LINIENFELDER Weltkulturerbe V\u00f6lklinger H\u00fctte Historischen Museum Saar in Saarbr\u00fccken Mirage Gstaad R\u00f6merWelt Rheinbrohl. Das UNESCO-Welterbe Limes erleben Historischer Audioguide im Warsteiner Haus Kupferhammer MUSEUM SCHLOSS F\u00dcRSTENBERG ITB 2019 &#8211; Museen und Tourismus Linden-Museum Stuttgart. Wo ist [&hellip;]","og_url":"https:\/\/www.museum.de\/blog\/magazin-museum-de-nr-36-fruehjahr-april-2019\/","og_site_name":"Der Museumsblog","article_published_time":"2019-04-12T10:41:28+00:00","article_modified_time":"2019-12-18T12:17:47+00:00","og_image":[{"width":651,"height":501,"url":"https:\/\/www.museum.de\/blog\/wp-content\/uploads\/2019\/04\/magazin-museum.de_.1.19.png","type":"image\/png"}],"author":"Uwe Strauch","twitter_card":"summary_large_image","schema":{"@context":"https:\/\/schema.org","@graph":[{"@type":"Article","@id":"https:\/\/www.museum.de\/blog\/magazin-museum-de-nr-36-fruehjahr-april-2019\/#article","isPartOf":{"@id":"https:\/\/www.museum.de\/blog\/magazin-museum-de-nr-36-fruehjahr-april-2019\/"},"author":{"name":"Uwe Strauch","@id":"https:\/\/www.museum.de\/blog\/#\/schema\/person\/47b034b19279c45ef7fc898c2059e9f3"},"headline":"Magazin Museum.de Nr. 36, Fr\u00fchjahr, April 2019","datePublished":"2019-04-12T10:41:28+00:00","dateModified":"2019-12-18T12:17:47+00:00","mainEntityOfPage":{"@id":"https:\/\/www.museum.de\/blog\/magazin-museum-de-nr-36-fruehjahr-april-2019\/"},"wordCount":76,"publisher":{"@id":"https:\/\/www.museum.de\/blog\/#organization"},"image":{"@id":"https:\/\/www.museum.de\/blog\/magazin-museum-de-nr-36-fruehjahr-april-2019\/#primaryimage"},"thumbnailUrl":"https:\/\/www.museum.de\/blog\/wp-content\/uploads\/2019\/04\/magazin-museum.de_.1.19.png","keywords":["Magazin","Museen"],"articleSection":["Magazin"],"inLanguage":"de"},{"@type":"WebPage","@id":"https:\/\/www.museum.de\/blog\/magazin-museum-de-nr-36-fruehjahr-april-2019\/","url":"https:\/\/www.museum.de\/blog\/magazin-museum-de-nr-36-fruehjahr-april-2019\/","name":"Magazin Museum.de Nr. 36, Fr\u00fchjahr, April 2019 - Der Museumsblog","isPartOf":{"@id":"https:\/\/www.museum.de\/blog\/#website"},"primaryImageOfPage":{"@id":"https:\/\/www.museum.de\/blog\/magazin-museum-de-nr-36-fruehjahr-april-2019\/#primaryimage"},"image":{"@id":"https:\/\/www.museum.de\/blog\/magazin-museum-de-nr-36-fruehjahr-april-2019\/#primaryimage"},"thumbnailUrl":"https:\/\/www.museum.de\/blog\/wp-content\/uploads\/2019\/04\/magazin-museum.de_.1.19.png","datePublished":"2019-04-12T10:41:28+00:00","dateModified":"2019-12-18T12:17:47+00:00","breadcrumb":{"@id":"https:\/\/www.museum.de\/blog\/magazin-museum-de-nr-36-fruehjahr-april-2019\/#breadcrumb"},"inLanguage":"de","potentialAction":[{"@type":"ReadAction","target":["https:\/\/www.museum.de\/blog\/magazin-museum-de-nr-36-fruehjahr-april-2019\/"]}]},{"@type":"ImageObject","inLanguage":"de","@id":"https:\/\/www.museum.de\/blog\/magazin-museum-de-nr-36-fruehjahr-april-2019\/#primaryimage","url":"https:\/\/www.museum.de\/blog\/wp-content\/uploads\/2019\/04\/magazin-museum.de_.1.19.png","contentUrl":"https:\/\/www.museum.de\/blog\/wp-content\/uploads\/2019\/04\/magazin-museum.de_.1.19.png","width":651,"height":501},{"@type":"BreadcrumbList","@id":"https:\/\/www.museum.de\/blog\/magazin-museum-de-nr-36-fruehjahr-april-2019\/#breadcrumb","itemListElement":[{"@type":"ListItem","position":1,"name":"Startseite","item":"https:\/\/www.museum.de\/blog\/"},{"@type":"ListItem","position":2,"name":"Magazin Museum.de Nr. 36, Fr\u00fchjahr, April 2019"}]},{"@type":"WebSite","@id":"https:\/\/www.museum.de\/blog\/#website","url":"https:\/\/www.museum.de\/blog\/","name":"Der Museumsblog","description":"Der Blog","publisher":{"@id":"https:\/\/www.museum.de\/blog\/#organization"},"alternateName":"museum.de - Der Museumsblog","potentialAction":[{"@type":"SearchAction","target":{"@type":"EntryPoint","urlTemplate":"https:\/\/www.museum.de\/blog\/?s={search_term_string}"},"query-input":{"@type":"PropertyValueSpecification","valueRequired":true,"valueName":"search_term_string"}}],"inLanguage":"de"},{"@type":"Organization","@id":"https:\/\/www.museum.de\/blog\/#organization","name":"Der Museumsblog","url":"https:\/\/www.museum.de\/blog\/","logo":{"@type":"ImageObject","inLanguage":"de","@id":"https:\/\/www.museum.de\/blog\/#\/schema\/logo\/image\/","url":"https:\/\/www.museum.de\/blog\/wp-content\/uploads\/2019\/03\/cropped-Audioguide_Titelseite-1.jpg","contentUrl":"https:\/\/www.museum.de\/blog\/wp-content\/uploads\/2019\/03\/cropped-Audioguide_Titelseite-1.jpg","width":512,"height":512,"caption":"Der Museumsblog"},"image":{"@id":"https:\/\/www.museum.de\/blog\/#\/schema\/logo\/image\/"}},{"@type":"Person","@id":"https:\/\/www.museum.de\/blog\/#\/schema\/person\/47b034b19279c45ef7fc898c2059e9f3","name":"Uwe Strauch","description":"Herausgeber - museum.de","sameAs":["http:\/\/www.museum.de"],"url":"https:\/\/www.museum.de\/blog\/author\/redaktion\/"}]}},"_links":{"self":[{"href":"https:\/\/www.museum.de\/blog\/wp-json\/wp\/v2\/posts\/754","targetHints":{"allow":["GET"]}}],"collection":[{"href":"https:\/\/www.museum.de\/blog\/wp-json\/wp\/v2\/posts"}],"about":[{"href":"https:\/\/www.museum.de\/blog\/wp-json\/wp\/v2\/types\/post"}],"author":[{"embeddable":true,"href":"https:\/\/www.museum.de\/blog\/wp-json\/wp\/v2\/users\/2"}],"replies":[{"embeddable":true,"href":"https:\/\/www.museum.de\/blog\/wp-json\/wp\/v2\/comments?post=754"}],"version-history":[{"count":3,"href":"https:\/\/www.museum.de\/blog\/wp-json\/wp\/v2\/posts\/754\/revisions"}],"predecessor-version":[{"id":819,"href":"https:\/\/www.museum.de\/blog\/wp-json\/wp\/v2\/posts\/754\/revisions\/819"}],"wp:featuredmedia":[{"embeddable":true,"href":"https:\/\/www.museum.de\/blog\/wp-json\/wp\/v2\/media\/755"}],"wp:attachment":[{"href":"https:\/\/www.museum.de\/blog\/wp-json\/wp\/v2\/media?parent=754"}],"wp:term":[{"taxonomy":"category","embeddable":true,"href":"https:\/\/www.museum.de\/blog\/wp-json\/wp\/v2\/categories?post=754"},{"taxonomy":"post_tag","embeddable":true,"href":"https:\/\/www.museum.de\/blog\/wp-json\/wp\/v2\/tags?post=754"}],"curies":[{"name":"wp","href":"https:\/\/api.w.org\/{rel}","templated":true}]}}