{"id":839,"date":"2019-07-25T15:06:14","date_gmt":"2019-07-25T15:06:14","guid":{"rendered":"https:\/\/www.museumswelt.de\/blog\/?p=839"},"modified":"2019-07-25T15:07:25","modified_gmt":"2019-07-25T15:07:25","slug":"neu-ab-september-museum-kultur-mit-genuss","status":"publish","type":"post","link":"https:\/\/www.museum.de\/blog\/neu-ab-september-museum-kultur-mit-genuss\/","title":{"rendered":"Neu ab September: &#8222;museum &#8211; Kultur mit Genuss&#8220;"},"content":{"rendered":"<p><strong>Ab Ende September verlegt museum.de erstmalig das neue Publikumsmagazin &#8222;museum &#8211; Kultur mit Genuss&#8220;.<\/strong><\/p>\n<p>Das neue Magazin wird im gleichen Qualit\u00e4tsstandard wie das weiterhin vier mal im Jahr erscheinende Fachmagazin MAGAZIN MUSEUM.DE heraus gegeben. Inhaltlich wird es touristische Regionen vorstellen und dabei Museen in den Mittelpunkt des Interesses stellen.<\/p>\n<p>Wir erweitern damit unser Engagement konsequent fort, Museen in einem touristischen Umfeld vorzustellen. Seit Jahren organisiert das Team von museum.de bereits den Museums-Gemeinschaftsstand MUSEUMSWELT auf der ITB. Der Schl\u00fcssel liegt auch hier in einer medialen B\u00fcndelung der Museumsangebote, die kulturinteressierten Menschen schnell eine sehr ansprechende \u00dcbersicht kultureller Angebote gibt.<\/p>\n<p>&nbsp;<\/p>\n<figure id=\"attachment_838\" aria-describedby=\"caption-attachment-838\" style=\"width: 225px\" class=\"wp-caption alignleft\"><img decoding=\"async\" loading=\"lazy\" class=\"size-medium wp-image-838\" src=\"https:\/\/www.museumswelt.de\/blog\/wp-content\/uploads\/KulturMitGenuss\/Auslage_Arztpraxis-225x300.jpg\" alt=\"\" width=\"225\" height=\"300\" srcset=\"https:\/\/www.museum.de\/blog\/wp-content\/uploads\/KulturMitGenuss\/Auslage_Arztpraxis-225x300.jpg 225w, https:\/\/www.museum.de\/blog\/wp-content\/uploads\/KulturMitGenuss\/Auslage_Arztpraxis.jpg 768w\" sizes=\"auto, (max-width: 225px) 100vw, 225px\" \/><figcaption id=\"caption-attachment-838\" class=\"wp-caption-text\">Hier im Feldversuch mit dem Fachmagazin MAGAZIN MUSEUM.DE<\/figcaption><\/figure>\n<p>Das Magazin wird \u00fcber den Lesezirkel in 5.000 Arztpraxen prominent ausgelegt. Im Gegensatz zu den Leihmagazinen wird es in den Besitz der Arztpraxen \u00fcber gehen und erh\u00e4lt auch keinen blauen Werbeumschlag. Die Drucksache hat eine Klebebindung wird sich auch vor Ort qualitativ abheben, da es im Kunstdruck auf Qualit\u00e4tspapier produziert wird. Der Umschlag ist mit einer separaten Schutzschicht laminiert. Dadurch wirkt das Magazin \u00fcber Jahre nach intensivem Gebrauch noch neuwertig.<\/p>\n<p>Leihmagazine verbleiben eine Woche in den Warter\u00e4umen, bevor sie wieder von den Kurieren des Lesezirkels abgeholt werden und gegen neue Magazine ausgetauscht werden. Wir rechnen damit, dass die meisten Arztpraxen das Magazin so lange auslegen, bis die n\u00e4chste Ausgabe nach drei Monaten erscheint. Rein rechnerisch ergeben sich damit fast vier Millionen Leser f\u00fcr eine Ausgabe.<\/p>\n<p>Interessierte Leser k\u00f6nnen das Magazin auch in \u00fcber 300 Verkaufsstellen deutscher Bahnh\u00f6fe und Flugh\u00e4fen k\u00e4uflich erwerben. Alternativ wird es auch \u00fcber den Webshop von Museum.de zu bestellen sein.<\/p>\n<p>Wir freuen uns schon, Museen als besondere Orte in einem lebendigen Umfeld vorstellen zu k\u00f6nnen.<\/p>\n<p>Ihr Uwe Strauch<\/p>\n","protected":false},"excerpt":{"rendered":"<p>Ab Ende September verlegt museum.de erstmalig das neue Publikumsmagazin &#8222;museum &#8211; Kultur mit Genuss&#8220;. Das neue Magazin wird im gleichen Qualit\u00e4tsstandard wie das weiterhin vier mal im Jahr erscheinende Fachmagazin MAGAZIN MUSEUM.DE heraus gegeben. Inhaltlich wird es touristische Regionen vorstellen und dabei Museen in den Mittelpunkt des Interesses stellen. Wir erweitern damit unser Engagement konsequent [&hellip;]<\/p>\n","protected":false},"author":2,"featured_media":837,"comment_status":"closed","ping_status":"closed","sticky":false,"template":"","format":"standard","meta":{"site-sidebar-layout":"default","site-content-layout":"","ast-site-content-layout":"default","site-content-style":"default","site-sidebar-style":"default","ast-global-header-display":"","ast-banner-title-visibility":"","ast-main-header-display":"","ast-hfb-above-header-display":"","ast-hfb-below-header-display":"","ast-hfb-mobile-header-display":"","site-post-title":"","ast-breadcrumbs-content":"","ast-featured-img":"","footer-sml-layout":"","ast-disable-related-posts":"","theme-transparent-header-meta":"","adv-header-id-meta":"","stick-header-meta":"","header-above-stick-meta":"","header-main-stick-meta":"","header-below-stick-meta":"","astra-migrate-meta-layouts":"default","ast-page-background-enabled":"default","ast-page-background-meta":{"desktop":{"background-color":"var(--ast-global-color-4)","background-image":"","background-repeat":"repeat","background-position":"center center","background-size":"auto","background-attachment":"scroll","background-type":"","background-media":"","overlay-type":"","overlay-color":"","overlay-opacity":"","overlay-gradient":""},"tablet":{"background-color":"","background-image":"","background-repeat":"repeat","background-position":"center center","background-size":"auto","background-attachment":"scroll","background-type":"","background-media":"","overlay-type":"","overlay-color":"","overlay-opacity":"","overlay-gradient":""},"mobile":{"background-color":"","background-image":"","background-repeat":"repeat","background-position":"center center","background-size":"auto","background-attachment":"scroll","background-type":"","background-media":"","overlay-type":"","overlay-color":"","overlay-opacity":"","overlay-gradient":""}},"ast-content-background-meta":{"desktop":{"background-color":"var(--ast-global-color-5)","background-image":"","background-repeat":"repeat","background-position":"center center","background-size":"auto","background-attachment":"scroll","background-type":"","background-media":"","overlay-type":"","overlay-color":"","overlay-opacity":"","overlay-gradient":""},"tablet":{"background-color":"var(--ast-global-color-5)","background-image":"","background-repeat":"repeat","background-position":"center center","background-size":"auto","background-attachment":"scroll","background-type":"","background-media":"","overlay-type":"","overlay-color":"","overlay-opacity":"","overlay-gradient":""},"mobile":{"background-color":"var(--ast-global-color-5)","background-image":"","background-repeat":"repeat","background-position":"center center","background-size":"auto","background-attachment":"scroll","background-type":"","background-media":"","overlay-type":"","overlay-color":"","overlay-opacity":"","overlay-gradient":""}},"episode_type":"","audio_file":"","podmotor_file_id":"","podmotor_episode_id":"","cover_image":"","cover_image_id":"","duration":"","filesize":"","filesize_raw":"","date_recorded":"","explicit":"","block":"","itunes_episode_number":"","itunes_title":"","itunes_season_number":"","itunes_episode_type":"","footnotes":""},"categories":[1],"tags":[],"class_list":["post-839","post","type-post","status-publish","format-standard","has-post-thumbnail","hentry","category-redaktion"],"yoast_head":"<!-- This site is optimized with the Yoast SEO plugin v27.5 - https:\/\/yoast.com\/product\/yoast-seo-wordpress\/ -->\n<title>Neu ab September: &quot;museum - Kultur mit Genuss&quot; - Der Museumsblog<\/title>\n<meta name=\"robots\" content=\"index, follow, max-snippet:-1, max-image-preview:large, max-video-preview:-1\" \/>\n<link rel=\"canonical\" href=\"https:\/\/www.museum.de\/blog\/neu-ab-september-museum-kultur-mit-genuss\/\" \/>\n<meta property=\"og:locale\" content=\"de_DE\" \/>\n<meta property=\"og:type\" content=\"article\" \/>\n<meta property=\"og:title\" content=\"Neu ab September: &quot;museum - Kultur mit Genuss&quot; - Der Museumsblog\" \/>\n<meta property=\"og:description\" content=\"Ab Ende September verlegt museum.de erstmalig das neue Publikumsmagazin &#8222;museum &#8211; Kultur mit Genuss&#8220;. Das neue Magazin wird im gleichen Qualit\u00e4tsstandard wie das weiterhin vier mal im Jahr erscheinende Fachmagazin MAGAZIN MUSEUM.DE heraus gegeben. Inhaltlich wird es touristische Regionen vorstellen und dabei Museen in den Mittelpunkt des Interesses stellen. Wir erweitern damit unser Engagement konsequent [&hellip;]\" \/>\n<meta property=\"og:url\" content=\"https:\/\/www.museum.de\/blog\/neu-ab-september-museum-kultur-mit-genuss\/\" \/>\n<meta property=\"og:site_name\" content=\"Der Museumsblog\" \/>\n<meta property=\"article:published_time\" content=\"2019-07-25T15:06:14+00:00\" \/>\n<meta property=\"article:modified_time\" content=\"2019-07-25T15:07:25+00:00\" \/>\n<meta property=\"og:image\" content=\"https:\/\/www.museum.de\/blog\/wp-content\/uploads\/KulturMitGenuss\/Titelseite_museum_Kultur_mit_Genuss.png\" \/>\n\t<meta property=\"og:image:width\" content=\"724\" \/>\n\t<meta property=\"og:image:height\" content=\"1024\" \/>\n\t<meta property=\"og:image:type\" content=\"image\/png\" \/>\n<meta name=\"author\" content=\"Uwe Strauch\" \/>\n<meta name=\"twitter:card\" content=\"summary_large_image\" \/>\n<script type=\"application\/ld+json\" class=\"yoast-schema-graph\">{\"@context\":\"https:\\\/\\\/schema.org\",\"@graph\":[{\"@type\":\"Article\",\"@id\":\"https:\\\/\\\/www.museum.de\\\/blog\\\/neu-ab-september-museum-kultur-mit-genuss\\\/#article\",\"isPartOf\":{\"@id\":\"https:\\\/\\\/www.museum.de\\\/blog\\\/neu-ab-september-museum-kultur-mit-genuss\\\/\"},\"author\":{\"name\":\"Uwe Strauch\",\"@id\":\"https:\\\/\\\/www.museum.de\\\/blog\\\/#\\\/schema\\\/person\\\/47b034b19279c45ef7fc898c2059e9f3\"},\"headline\":\"Neu ab September: &#8222;museum &#8211; Kultur mit Genuss&#8220;\",\"datePublished\":\"2019-07-25T15:06:14+00:00\",\"dateModified\":\"2019-07-25T15:07:25+00:00\",\"mainEntityOfPage\":{\"@id\":\"https:\\\/\\\/www.museum.de\\\/blog\\\/neu-ab-september-museum-kultur-mit-genuss\\\/\"},\"wordCount\":309,\"publisher\":{\"@id\":\"https:\\\/\\\/www.museum.de\\\/blog\\\/#organization\"},\"image\":{\"@id\":\"https:\\\/\\\/www.museum.de\\\/blog\\\/neu-ab-september-museum-kultur-mit-genuss\\\/#primaryimage\"},\"thumbnailUrl\":\"https:\\\/\\\/www.museum.de\\\/blog\\\/wp-content\\\/uploads\\\/KulturMitGenuss\\\/Titelseite_museum_Kultur_mit_Genuss.png\",\"articleSection\":[\"Redaktion\"],\"inLanguage\":\"de\"},{\"@type\":\"WebPage\",\"@id\":\"https:\\\/\\\/www.museum.de\\\/blog\\\/neu-ab-september-museum-kultur-mit-genuss\\\/\",\"url\":\"https:\\\/\\\/www.museum.de\\\/blog\\\/neu-ab-september-museum-kultur-mit-genuss\\\/\",\"name\":\"Neu ab September: \\\"museum - Kultur mit Genuss\\\" - Der Museumsblog\",\"isPartOf\":{\"@id\":\"https:\\\/\\\/www.museum.de\\\/blog\\\/#website\"},\"primaryImageOfPage\":{\"@id\":\"https:\\\/\\\/www.museum.de\\\/blog\\\/neu-ab-september-museum-kultur-mit-genuss\\\/#primaryimage\"},\"image\":{\"@id\":\"https:\\\/\\\/www.museum.de\\\/blog\\\/neu-ab-september-museum-kultur-mit-genuss\\\/#primaryimage\"},\"thumbnailUrl\":\"https:\\\/\\\/www.museum.de\\\/blog\\\/wp-content\\\/uploads\\\/KulturMitGenuss\\\/Titelseite_museum_Kultur_mit_Genuss.png\",\"datePublished\":\"2019-07-25T15:06:14+00:00\",\"dateModified\":\"2019-07-25T15:07:25+00:00\",\"breadcrumb\":{\"@id\":\"https:\\\/\\\/www.museum.de\\\/blog\\\/neu-ab-september-museum-kultur-mit-genuss\\\/#breadcrumb\"},\"inLanguage\":\"de\",\"potentialAction\":[{\"@type\":\"ReadAction\",\"target\":[\"https:\\\/\\\/www.museum.de\\\/blog\\\/neu-ab-september-museum-kultur-mit-genuss\\\/\"]}]},{\"@type\":\"ImageObject\",\"inLanguage\":\"de\",\"@id\":\"https:\\\/\\\/www.museum.de\\\/blog\\\/neu-ab-september-museum-kultur-mit-genuss\\\/#primaryimage\",\"url\":\"https:\\\/\\\/www.museum.de\\\/blog\\\/wp-content\\\/uploads\\\/KulturMitGenuss\\\/Titelseite_museum_Kultur_mit_Genuss.png\",\"contentUrl\":\"https:\\\/\\\/www.museum.de\\\/blog\\\/wp-content\\\/uploads\\\/KulturMitGenuss\\\/Titelseite_museum_Kultur_mit_Genuss.png\",\"width\":724,\"height\":1024,\"caption\":\"Titelseite \\\"museum - Kultur mit Genuss\\\"\"},{\"@type\":\"BreadcrumbList\",\"@id\":\"https:\\\/\\\/www.museum.de\\\/blog\\\/neu-ab-september-museum-kultur-mit-genuss\\\/#breadcrumb\",\"itemListElement\":[{\"@type\":\"ListItem\",\"position\":1,\"name\":\"Startseite\",\"item\":\"https:\\\/\\\/www.museum.de\\\/blog\\\/\"},{\"@type\":\"ListItem\",\"position\":2,\"name\":\"Neu ab September: &#8222;museum &#8211; Kultur mit Genuss&#8220;\"}]},{\"@type\":\"WebSite\",\"@id\":\"https:\\\/\\\/www.museum.de\\\/blog\\\/#website\",\"url\":\"https:\\\/\\\/www.museum.de\\\/blog\\\/\",\"name\":\"Der Museumsblog\",\"description\":\"Der Blog\",\"publisher\":{\"@id\":\"https:\\\/\\\/www.museum.de\\\/blog\\\/#organization\"},\"alternateName\":\"museum.de - Der Museumsblog\",\"potentialAction\":[{\"@type\":\"SearchAction\",\"target\":{\"@type\":\"EntryPoint\",\"urlTemplate\":\"https:\\\/\\\/www.museum.de\\\/blog\\\/?s={search_term_string}\"},\"query-input\":{\"@type\":\"PropertyValueSpecification\",\"valueRequired\":true,\"valueName\":\"search_term_string\"}}],\"inLanguage\":\"de\"},{\"@type\":\"Organization\",\"@id\":\"https:\\\/\\\/www.museum.de\\\/blog\\\/#organization\",\"name\":\"Der Museumsblog\",\"url\":\"https:\\\/\\\/www.museum.de\\\/blog\\\/\",\"logo\":{\"@type\":\"ImageObject\",\"inLanguage\":\"de\",\"@id\":\"https:\\\/\\\/www.museum.de\\\/blog\\\/#\\\/schema\\\/logo\\\/image\\\/\",\"url\":\"https:\\\/\\\/www.museum.de\\\/blog\\\/wp-content\\\/uploads\\\/2019\\\/03\\\/cropped-Audioguide_Titelseite-1.jpg\",\"contentUrl\":\"https:\\\/\\\/www.museum.de\\\/blog\\\/wp-content\\\/uploads\\\/2019\\\/03\\\/cropped-Audioguide_Titelseite-1.jpg\",\"width\":512,\"height\":512,\"caption\":\"Der Museumsblog\"},\"image\":{\"@id\":\"https:\\\/\\\/www.museum.de\\\/blog\\\/#\\\/schema\\\/logo\\\/image\\\/\"}},{\"@type\":\"Person\",\"@id\":\"https:\\\/\\\/www.museum.de\\\/blog\\\/#\\\/schema\\\/person\\\/47b034b19279c45ef7fc898c2059e9f3\",\"name\":\"Uwe Strauch\",\"description\":\"Herausgeber - museum.de\",\"sameAs\":[\"http:\\\/\\\/www.museum.de\"],\"url\":\"https:\\\/\\\/www.museum.de\\\/blog\\\/author\\\/redaktion\\\/\"}]}<\/script>\n<!-- \/ Yoast SEO plugin. -->","yoast_head_json":{"title":"Neu ab September: \"museum - Kultur mit Genuss\" - Der Museumsblog","robots":{"index":"index","follow":"follow","max-snippet":"max-snippet:-1","max-image-preview":"max-image-preview:large","max-video-preview":"max-video-preview:-1"},"canonical":"https:\/\/www.museum.de\/blog\/neu-ab-september-museum-kultur-mit-genuss\/","og_locale":"de_DE","og_type":"article","og_title":"Neu ab September: \"museum - Kultur mit Genuss\" - Der Museumsblog","og_description":"Ab Ende September verlegt museum.de erstmalig das neue Publikumsmagazin &#8222;museum &#8211; Kultur mit Genuss&#8220;. Das neue Magazin wird im gleichen Qualit\u00e4tsstandard wie das weiterhin vier mal im Jahr erscheinende Fachmagazin MAGAZIN MUSEUM.DE heraus gegeben. Inhaltlich wird es touristische Regionen vorstellen und dabei Museen in den Mittelpunkt des Interesses stellen. Wir erweitern damit unser Engagement konsequent [&hellip;]","og_url":"https:\/\/www.museum.de\/blog\/neu-ab-september-museum-kultur-mit-genuss\/","og_site_name":"Der Museumsblog","article_published_time":"2019-07-25T15:06:14+00:00","article_modified_time":"2019-07-25T15:07:25+00:00","og_image":[{"width":724,"height":1024,"url":"https:\/\/www.museum.de\/blog\/wp-content\/uploads\/KulturMitGenuss\/Titelseite_museum_Kultur_mit_Genuss.png","type":"image\/png"}],"author":"Uwe Strauch","twitter_card":"summary_large_image","schema":{"@context":"https:\/\/schema.org","@graph":[{"@type":"Article","@id":"https:\/\/www.museum.de\/blog\/neu-ab-september-museum-kultur-mit-genuss\/#article","isPartOf":{"@id":"https:\/\/www.museum.de\/blog\/neu-ab-september-museum-kultur-mit-genuss\/"},"author":{"name":"Uwe Strauch","@id":"https:\/\/www.museum.de\/blog\/#\/schema\/person\/47b034b19279c45ef7fc898c2059e9f3"},"headline":"Neu ab September: &#8222;museum &#8211; Kultur mit Genuss&#8220;","datePublished":"2019-07-25T15:06:14+00:00","dateModified":"2019-07-25T15:07:25+00:00","mainEntityOfPage":{"@id":"https:\/\/www.museum.de\/blog\/neu-ab-september-museum-kultur-mit-genuss\/"},"wordCount":309,"publisher":{"@id":"https:\/\/www.museum.de\/blog\/#organization"},"image":{"@id":"https:\/\/www.museum.de\/blog\/neu-ab-september-museum-kultur-mit-genuss\/#primaryimage"},"thumbnailUrl":"https:\/\/www.museum.de\/blog\/wp-content\/uploads\/KulturMitGenuss\/Titelseite_museum_Kultur_mit_Genuss.png","articleSection":["Redaktion"],"inLanguage":"de"},{"@type":"WebPage","@id":"https:\/\/www.museum.de\/blog\/neu-ab-september-museum-kultur-mit-genuss\/","url":"https:\/\/www.museum.de\/blog\/neu-ab-september-museum-kultur-mit-genuss\/","name":"Neu ab September: \"museum - Kultur mit Genuss\" - Der Museumsblog","isPartOf":{"@id":"https:\/\/www.museum.de\/blog\/#website"},"primaryImageOfPage":{"@id":"https:\/\/www.museum.de\/blog\/neu-ab-september-museum-kultur-mit-genuss\/#primaryimage"},"image":{"@id":"https:\/\/www.museum.de\/blog\/neu-ab-september-museum-kultur-mit-genuss\/#primaryimage"},"thumbnailUrl":"https:\/\/www.museum.de\/blog\/wp-content\/uploads\/KulturMitGenuss\/Titelseite_museum_Kultur_mit_Genuss.png","datePublished":"2019-07-25T15:06:14+00:00","dateModified":"2019-07-25T15:07:25+00:00","breadcrumb":{"@id":"https:\/\/www.museum.de\/blog\/neu-ab-september-museum-kultur-mit-genuss\/#breadcrumb"},"inLanguage":"de","potentialAction":[{"@type":"ReadAction","target":["https:\/\/www.museum.de\/blog\/neu-ab-september-museum-kultur-mit-genuss\/"]}]},{"@type":"ImageObject","inLanguage":"de","@id":"https:\/\/www.museum.de\/blog\/neu-ab-september-museum-kultur-mit-genuss\/#primaryimage","url":"https:\/\/www.museum.de\/blog\/wp-content\/uploads\/KulturMitGenuss\/Titelseite_museum_Kultur_mit_Genuss.png","contentUrl":"https:\/\/www.museum.de\/blog\/wp-content\/uploads\/KulturMitGenuss\/Titelseite_museum_Kultur_mit_Genuss.png","width":724,"height":1024,"caption":"Titelseite \"museum - Kultur mit Genuss\""},{"@type":"BreadcrumbList","@id":"https:\/\/www.museum.de\/blog\/neu-ab-september-museum-kultur-mit-genuss\/#breadcrumb","itemListElement":[{"@type":"ListItem","position":1,"name":"Startseite","item":"https:\/\/www.museum.de\/blog\/"},{"@type":"ListItem","position":2,"name":"Neu ab September: &#8222;museum &#8211; Kultur mit Genuss&#8220;"}]},{"@type":"WebSite","@id":"https:\/\/www.museum.de\/blog\/#website","url":"https:\/\/www.museum.de\/blog\/","name":"Der Museumsblog","description":"Der Blog","publisher":{"@id":"https:\/\/www.museum.de\/blog\/#organization"},"alternateName":"museum.de - Der Museumsblog","potentialAction":[{"@type":"SearchAction","target":{"@type":"EntryPoint","urlTemplate":"https:\/\/www.museum.de\/blog\/?s={search_term_string}"},"query-input":{"@type":"PropertyValueSpecification","valueRequired":true,"valueName":"search_term_string"}}],"inLanguage":"de"},{"@type":"Organization","@id":"https:\/\/www.museum.de\/blog\/#organization","name":"Der Museumsblog","url":"https:\/\/www.museum.de\/blog\/","logo":{"@type":"ImageObject","inLanguage":"de","@id":"https:\/\/www.museum.de\/blog\/#\/schema\/logo\/image\/","url":"https:\/\/www.museum.de\/blog\/wp-content\/uploads\/2019\/03\/cropped-Audioguide_Titelseite-1.jpg","contentUrl":"https:\/\/www.museum.de\/blog\/wp-content\/uploads\/2019\/03\/cropped-Audioguide_Titelseite-1.jpg","width":512,"height":512,"caption":"Der Museumsblog"},"image":{"@id":"https:\/\/www.museum.de\/blog\/#\/schema\/logo\/image\/"}},{"@type":"Person","@id":"https:\/\/www.museum.de\/blog\/#\/schema\/person\/47b034b19279c45ef7fc898c2059e9f3","name":"Uwe Strauch","description":"Herausgeber - museum.de","sameAs":["http:\/\/www.museum.de"],"url":"https:\/\/www.museum.de\/blog\/author\/redaktion\/"}]}},"_links":{"self":[{"href":"https:\/\/www.museum.de\/blog\/wp-json\/wp\/v2\/posts\/839","targetHints":{"allow":["GET"]}}],"collection":[{"href":"https:\/\/www.museum.de\/blog\/wp-json\/wp\/v2\/posts"}],"about":[{"href":"https:\/\/www.museum.de\/blog\/wp-json\/wp\/v2\/types\/post"}],"author":[{"embeddable":true,"href":"https:\/\/www.museum.de\/blog\/wp-json\/wp\/v2\/users\/2"}],"replies":[{"embeddable":true,"href":"https:\/\/www.museum.de\/blog\/wp-json\/wp\/v2\/comments?post=839"}],"version-history":[{"count":3,"href":"https:\/\/www.museum.de\/blog\/wp-json\/wp\/v2\/posts\/839\/revisions"}],"predecessor-version":[{"id":842,"href":"https:\/\/www.museum.de\/blog\/wp-json\/wp\/v2\/posts\/839\/revisions\/842"}],"wp:featuredmedia":[{"embeddable":true,"href":"https:\/\/www.museum.de\/blog\/wp-json\/wp\/v2\/media\/837"}],"wp:attachment":[{"href":"https:\/\/www.museum.de\/blog\/wp-json\/wp\/v2\/media?parent=839"}],"wp:term":[{"taxonomy":"category","embeddable":true,"href":"https:\/\/www.museum.de\/blog\/wp-json\/wp\/v2\/categories?post=839"},{"taxonomy":"post_tag","embeddable":true,"href":"https:\/\/www.museum.de\/blog\/wp-json\/wp\/v2\/tags?post=839"}],"curies":[{"name":"wp","href":"https:\/\/api.w.org\/{rel}","templated":true}]}}