{"id":894,"date":"2019-11-04T10:15:17","date_gmt":"2019-11-04T10:15:17","guid":{"rendered":"https:\/\/www.museumswelt.de\/blog\/?p=894"},"modified":"2020-02-11T19:47:24","modified_gmt":"2020-02-11T19:47:24","slug":"kulturhauptstaedte-europas-2020-rijeka-kroatien-und-galway-irland","status":"publish","type":"post","link":"https:\/\/www.museum.de\/blog\/kulturhauptstaedte-europas-2020-rijeka-kroatien-und-galway-irland\/","title":{"rendered":"Kulturhauptst\u00e4dte Europas 2020 \u2013 Rijeka (Kroatien) und Galway (Irland)"},"content":{"rendered":"<p>Die Initiative \u201eKulturhauptst\u00e4dte Europas\u201c soll den Reichtum und die Vielfalt der Kulturen in Europa hervorheben. Die kulturellen Eigenarten und Sch\u00f6pfungen der L\u00e4nder werden durch diese Ma\u00dfnahme gef\u00f6rdert. Dadurch wird das Gemeinschaftsgef\u00fchlt in der EU gest\u00e4rkt und die kulturelle Entwicklung vorangetrieben.<!--more--><\/p>\n<h3>Kulturhauptst\u00e4dt im Jahr 2020<\/h3>\n<p>Die Kulturhauptst\u00e4dte 2020 sind Rijeka (Kroatien) und Galway (Irland).<\/p>\n<p><strong>Museen in Rijeka<\/strong><\/p>\n<p><a href=\"https:\/\/www.museum.de\/museen\/the-computer-museum-peekpoke\">https:\/\/www.museum.de\/museen\/the-computer-museum-peekpoke<\/a><br \/>\n<a href=\"https:\/\/www.museum.de\/museen\/natural-history-museum-rijeka\">https:\/\/www.museum.de\/museen\/natural-history-museum-rijeka<\/a><br \/>\n<a href=\"https:\/\/www.museum.de\/museen\/muzej-grada-rijeke\">https:\/\/www.museum.de\/museen\/muzej-grada-rijeke<\/a><br \/>\n<a href=\"https:\/\/www.museum.de\/museen\/muzej-torpeda-rijeka\">https:\/\/www.museum.de\/museen\/muzej-torpeda-rijeka<\/a><br \/>\n<a href=\"https:\/\/www.museum.de\/museen\/muzej-moderne-i-suvremene-umjetnosti\">https:\/\/www.museum.de\/museen\/muzej-moderne-i-suvremene-umjetnosti<\/a><\/p>\n<p><strong>Museen in Galway<\/strong><\/p>\n<p><a href=\"https:\/\/www.museum.de\/museen\/galway-city-museum\">https:\/\/www.museum.de\/museen\/galway-city-museum<\/a><br \/>\n<a href=\"https:\/\/www.museum.de\/museen\/the-fisheries-watchtower-museum\">https:\/\/www.museum.de\/museen\/the-fisheries-watchtower-museum<\/a><br \/>\n<a href=\"https:\/\/www.museum.de\/museen\/james-mitchell-geology-museum\">https:\/\/www.museum.de\/museen\/james-mitchell-geology-museum<\/a><br \/>\n<a href=\"https:\/\/www.museum.de\/museen\/hall-of-the-red-earl\">https:\/\/www.museum.de\/museen\/hall-of-the-red-earl<\/a><\/p>\n<p><a href=\"https:\/\/ec.europa.eu\/programmes\/creative-europe\/actions\/capitals-culture_de\">https:\/\/ec.europa.eu\/programmes\/creative-europe\/actions\/capitals-culture_de<\/a><\/p>\n","protected":false},"excerpt":{"rendered":"<p>Die Initiative \u201eKulturhauptst\u00e4dte Europas\u201c soll den Reichtum und die Vielfalt der Kulturen in Europa hervorheben. Die kulturellen Eigenarten und Sch\u00f6pfungen der L\u00e4nder werden durch diese Ma\u00dfnahme gef\u00f6rdert. Dadurch wird das Gemeinschaftsgef\u00fchlt in der EU gest\u00e4rkt und die kulturelle Entwicklung vorangetrieben.<\/p>\n","protected":false},"author":1,"featured_media":896,"comment_status":"closed","ping_status":"closed","sticky":false,"template":"","format":"standard","meta":{"site-sidebar-layout":"default","site-content-layout":"","ast-site-content-layout":"default","site-content-style":"default","site-sidebar-style":"default","ast-global-header-display":"","ast-banner-title-visibility":"","ast-main-header-display":"","ast-hfb-above-header-display":"","ast-hfb-below-header-display":"","ast-hfb-mobile-header-display":"","site-post-title":"","ast-breadcrumbs-content":"","ast-featured-img":"","footer-sml-layout":"","ast-disable-related-posts":"","theme-transparent-header-meta":"","adv-header-id-meta":"","stick-header-meta":"","header-above-stick-meta":"","header-main-stick-meta":"","header-below-stick-meta":"","astra-migrate-meta-layouts":"default","ast-page-background-enabled":"default","ast-page-background-meta":{"desktop":{"background-color":"var(--ast-global-color-4)","background-image":"","background-repeat":"repeat","background-position":"center center","background-size":"auto","background-attachment":"scroll","background-type":"","background-media":"","overlay-type":"","overlay-color":"","overlay-opacity":"","overlay-gradient":""},"tablet":{"background-color":"","background-image":"","background-repeat":"repeat","background-position":"center center","background-size":"auto","background-attachment":"scroll","background-type":"","background-media":"","overlay-type":"","overlay-color":"","overlay-opacity":"","overlay-gradient":""},"mobile":{"background-color":"","background-image":"","background-repeat":"repeat","background-position":"center center","background-size":"auto","background-attachment":"scroll","background-type":"","background-media":"","overlay-type":"","overlay-color":"","overlay-opacity":"","overlay-gradient":""}},"ast-content-background-meta":{"desktop":{"background-color":"var(--ast-global-color-5)","background-image":"","background-repeat":"repeat","background-position":"center center","background-size":"auto","background-attachment":"scroll","background-type":"","background-media":"","overlay-type":"","overlay-color":"","overlay-opacity":"","overlay-gradient":""},"tablet":{"background-color":"var(--ast-global-color-5)","background-image":"","background-repeat":"repeat","background-position":"center center","background-size":"auto","background-attachment":"scroll","background-type":"","background-media":"","overlay-type":"","overlay-color":"","overlay-opacity":"","overlay-gradient":""},"mobile":{"background-color":"var(--ast-global-color-5)","background-image":"","background-repeat":"repeat","background-position":"center center","background-size":"auto","background-attachment":"scroll","background-type":"","background-media":"","overlay-type":"","overlay-color":"","overlay-opacity":"","overlay-gradient":""}},"episode_type":"","audio_file":"","podmotor_file_id":"","podmotor_episode_id":"","cover_image":"","cover_image_id":"","duration":"","filesize":"","filesize_raw":"","date_recorded":"","explicit":"","block":"","itunes_episode_number":"","itunes_title":"","itunes_season_number":"","itunes_episode_type":"","footnotes":""},"categories":[12],"tags":[114,17,124],"class_list":["post-894","post","type-post","status-publish","format-standard","has-post-thumbnail","hentry","category-museumswelt","tag-kulturhauptstaedte-europas","tag-museen","tag-museumstipps"],"yoast_head":"<!-- This site is optimized with the Yoast SEO plugin v27.5 - https:\/\/yoast.com\/product\/yoast-seo-wordpress\/ -->\n<title>Kulturhauptst\u00e4dte Europas 2020 \u2013 Rijeka (Kroatien) und Galway (Irland) - Der Museumsblog<\/title>\n<meta name=\"robots\" content=\"index, follow, max-snippet:-1, max-image-preview:large, max-video-preview:-1\" \/>\n<link rel=\"canonical\" href=\"https:\/\/www.museum.de\/blog\/kulturhauptstaedte-europas-2020-rijeka-kroatien-und-galway-irland\/\" \/>\n<meta property=\"og:locale\" content=\"de_DE\" \/>\n<meta property=\"og:type\" content=\"article\" \/>\n<meta property=\"og:title\" content=\"Kulturhauptst\u00e4dte Europas 2020 \u2013 Rijeka (Kroatien) und Galway (Irland) - Der Museumsblog\" \/>\n<meta property=\"og:description\" content=\"Die Initiative \u201eKulturhauptst\u00e4dte Europas\u201c soll den Reichtum und die Vielfalt der Kulturen in Europa hervorheben. Die kulturellen Eigenarten und Sch\u00f6pfungen der L\u00e4nder werden durch diese Ma\u00dfnahme gef\u00f6rdert. Dadurch wird das Gemeinschaftsgef\u00fchlt in der EU gest\u00e4rkt und die kulturelle Entwicklung vorangetrieben.\" \/>\n<meta property=\"og:url\" content=\"https:\/\/www.museum.de\/blog\/kulturhauptstaedte-europas-2020-rijeka-kroatien-und-galway-irland\/\" \/>\n<meta property=\"og:site_name\" content=\"Der Museumsblog\" \/>\n<meta property=\"article:published_time\" content=\"2019-11-04T10:15:17+00:00\" \/>\n<meta property=\"article:modified_time\" content=\"2020-02-11T19:47:24+00:00\" \/>\n<meta property=\"og:image\" content=\"https:\/\/www.museum.de\/blog\/wp-content\/uploads\/2019\/11\/flag_yellow_high.jpg\" \/>\n\t<meta property=\"og:image:width\" content=\"1024\" \/>\n\t<meta property=\"og:image:height\" content=\"683\" \/>\n\t<meta property=\"og:image:type\" content=\"image\/jpeg\" \/>\n<meta name=\"author\" content=\"Redaktion\" \/>\n<meta name=\"twitter:card\" content=\"summary_large_image\" \/>\n<script type=\"application\/ld+json\" class=\"yoast-schema-graph\">{\"@context\":\"https:\\\/\\\/schema.org\",\"@graph\":[{\"@type\":\"Article\",\"@id\":\"https:\\\/\\\/www.museum.de\\\/blog\\\/kulturhauptstaedte-europas-2020-rijeka-kroatien-und-galway-irland\\\/#article\",\"isPartOf\":{\"@id\":\"https:\\\/\\\/www.museum.de\\\/blog\\\/kulturhauptstaedte-europas-2020-rijeka-kroatien-und-galway-irland\\\/\"},\"author\":{\"name\":\"Redaktion\",\"@id\":\"https:\\\/\\\/www.museum.de\\\/blog\\\/#\\\/schema\\\/person\\\/c09a0aea9ac127965257ff6115957332\"},\"headline\":\"Kulturhauptst\u00e4dte Europas 2020 \u2013 Rijeka (Kroatien) und Galway (Irland)\",\"datePublished\":\"2019-11-04T10:15:17+00:00\",\"dateModified\":\"2020-02-11T19:47:24+00:00\",\"mainEntityOfPage\":{\"@id\":\"https:\\\/\\\/www.museum.de\\\/blog\\\/kulturhauptstaedte-europas-2020-rijeka-kroatien-und-galway-irland\\\/\"},\"wordCount\":137,\"publisher\":{\"@id\":\"https:\\\/\\\/www.museum.de\\\/blog\\\/#organization\"},\"image\":{\"@id\":\"https:\\\/\\\/www.museum.de\\\/blog\\\/kulturhauptstaedte-europas-2020-rijeka-kroatien-und-galway-irland\\\/#primaryimage\"},\"thumbnailUrl\":\"https:\\\/\\\/www.museum.de\\\/blog\\\/wp-content\\\/uploads\\\/2019\\\/11\\\/flag_yellow_high.jpg\",\"keywords\":[\"Kulturhauptst\u00e4dte Europas\",\"Museen\",\"Museumstipps\"],\"articleSection\":[\"Museumswelt\"],\"inLanguage\":\"de\"},{\"@type\":\"WebPage\",\"@id\":\"https:\\\/\\\/www.museum.de\\\/blog\\\/kulturhauptstaedte-europas-2020-rijeka-kroatien-und-galway-irland\\\/\",\"url\":\"https:\\\/\\\/www.museum.de\\\/blog\\\/kulturhauptstaedte-europas-2020-rijeka-kroatien-und-galway-irland\\\/\",\"name\":\"Kulturhauptst\u00e4dte Europas 2020 \u2013 Rijeka (Kroatien) und Galway (Irland) - Der Museumsblog\",\"isPartOf\":{\"@id\":\"https:\\\/\\\/www.museum.de\\\/blog\\\/#website\"},\"primaryImageOfPage\":{\"@id\":\"https:\\\/\\\/www.museum.de\\\/blog\\\/kulturhauptstaedte-europas-2020-rijeka-kroatien-und-galway-irland\\\/#primaryimage\"},\"image\":{\"@id\":\"https:\\\/\\\/www.museum.de\\\/blog\\\/kulturhauptstaedte-europas-2020-rijeka-kroatien-und-galway-irland\\\/#primaryimage\"},\"thumbnailUrl\":\"https:\\\/\\\/www.museum.de\\\/blog\\\/wp-content\\\/uploads\\\/2019\\\/11\\\/flag_yellow_high.jpg\",\"datePublished\":\"2019-11-04T10:15:17+00:00\",\"dateModified\":\"2020-02-11T19:47:24+00:00\",\"breadcrumb\":{\"@id\":\"https:\\\/\\\/www.museum.de\\\/blog\\\/kulturhauptstaedte-europas-2020-rijeka-kroatien-und-galway-irland\\\/#breadcrumb\"},\"inLanguage\":\"de\",\"potentialAction\":[{\"@type\":\"ReadAction\",\"target\":[\"https:\\\/\\\/www.museum.de\\\/blog\\\/kulturhauptstaedte-europas-2020-rijeka-kroatien-und-galway-irland\\\/\"]}]},{\"@type\":\"ImageObject\",\"inLanguage\":\"de\",\"@id\":\"https:\\\/\\\/www.museum.de\\\/blog\\\/kulturhauptstaedte-europas-2020-rijeka-kroatien-und-galway-irland\\\/#primaryimage\",\"url\":\"https:\\\/\\\/www.museum.de\\\/blog\\\/wp-content\\\/uploads\\\/2019\\\/11\\\/flag_yellow_high.jpg\",\"contentUrl\":\"https:\\\/\\\/www.museum.de\\\/blog\\\/wp-content\\\/uploads\\\/2019\\\/11\\\/flag_yellow_high.jpg\",\"width\":1024,\"height\":683},{\"@type\":\"BreadcrumbList\",\"@id\":\"https:\\\/\\\/www.museum.de\\\/blog\\\/kulturhauptstaedte-europas-2020-rijeka-kroatien-und-galway-irland\\\/#breadcrumb\",\"itemListElement\":[{\"@type\":\"ListItem\",\"position\":1,\"name\":\"Startseite\",\"item\":\"https:\\\/\\\/www.museum.de\\\/blog\\\/\"},{\"@type\":\"ListItem\",\"position\":2,\"name\":\"Kulturhauptst\u00e4dte Europas 2020 \u2013 Rijeka (Kroatien) und Galway (Irland)\"}]},{\"@type\":\"WebSite\",\"@id\":\"https:\\\/\\\/www.museum.de\\\/blog\\\/#website\",\"url\":\"https:\\\/\\\/www.museum.de\\\/blog\\\/\",\"name\":\"Der Museumsblog\",\"description\":\"Der Blog\",\"publisher\":{\"@id\":\"https:\\\/\\\/www.museum.de\\\/blog\\\/#organization\"},\"alternateName\":\"museum.de - Der Museumsblog\",\"potentialAction\":[{\"@type\":\"SearchAction\",\"target\":{\"@type\":\"EntryPoint\",\"urlTemplate\":\"https:\\\/\\\/www.museum.de\\\/blog\\\/?s={search_term_string}\"},\"query-input\":{\"@type\":\"PropertyValueSpecification\",\"valueRequired\":true,\"valueName\":\"search_term_string\"}}],\"inLanguage\":\"de\"},{\"@type\":\"Organization\",\"@id\":\"https:\\\/\\\/www.museum.de\\\/blog\\\/#organization\",\"name\":\"Der Museumsblog\",\"url\":\"https:\\\/\\\/www.museum.de\\\/blog\\\/\",\"logo\":{\"@type\":\"ImageObject\",\"inLanguage\":\"de\",\"@id\":\"https:\\\/\\\/www.museum.de\\\/blog\\\/#\\\/schema\\\/logo\\\/image\\\/\",\"url\":\"https:\\\/\\\/www.museum.de\\\/blog\\\/wp-content\\\/uploads\\\/2019\\\/03\\\/cropped-Audioguide_Titelseite-1.jpg\",\"contentUrl\":\"https:\\\/\\\/www.museum.de\\\/blog\\\/wp-content\\\/uploads\\\/2019\\\/03\\\/cropped-Audioguide_Titelseite-1.jpg\",\"width\":512,\"height\":512,\"caption\":\"Der Museumsblog\"},\"image\":{\"@id\":\"https:\\\/\\\/www.museum.de\\\/blog\\\/#\\\/schema\\\/logo\\\/image\\\/\"}},{\"@type\":\"Person\",\"@id\":\"https:\\\/\\\/www.museum.de\\\/blog\\\/#\\\/schema\\\/person\\\/c09a0aea9ac127965257ff6115957332\",\"name\":\"Redaktion\",\"description\":\"Das Redaktionsteam von museum.de\",\"url\":\"https:\\\/\\\/www.museum.de\\\/blog\\\/author\\\/msupervisor\\\/\"}]}<\/script>\n<!-- \/ Yoast SEO plugin. -->","yoast_head_json":{"title":"Kulturhauptst\u00e4dte Europas 2020 \u2013 Rijeka (Kroatien) und Galway (Irland) - Der Museumsblog","robots":{"index":"index","follow":"follow","max-snippet":"max-snippet:-1","max-image-preview":"max-image-preview:large","max-video-preview":"max-video-preview:-1"},"canonical":"https:\/\/www.museum.de\/blog\/kulturhauptstaedte-europas-2020-rijeka-kroatien-und-galway-irland\/","og_locale":"de_DE","og_type":"article","og_title":"Kulturhauptst\u00e4dte Europas 2020 \u2013 Rijeka (Kroatien) und Galway (Irland) - Der Museumsblog","og_description":"Die Initiative \u201eKulturhauptst\u00e4dte Europas\u201c soll den Reichtum und die Vielfalt der Kulturen in Europa hervorheben. Die kulturellen Eigenarten und Sch\u00f6pfungen der L\u00e4nder werden durch diese Ma\u00dfnahme gef\u00f6rdert. Dadurch wird das Gemeinschaftsgef\u00fchlt in der EU gest\u00e4rkt und die kulturelle Entwicklung vorangetrieben.","og_url":"https:\/\/www.museum.de\/blog\/kulturhauptstaedte-europas-2020-rijeka-kroatien-und-galway-irland\/","og_site_name":"Der Museumsblog","article_published_time":"2019-11-04T10:15:17+00:00","article_modified_time":"2020-02-11T19:47:24+00:00","og_image":[{"width":1024,"height":683,"url":"https:\/\/www.museum.de\/blog\/wp-content\/uploads\/2019\/11\/flag_yellow_high.jpg","type":"image\/jpeg"}],"author":"Redaktion","twitter_card":"summary_large_image","schema":{"@context":"https:\/\/schema.org","@graph":[{"@type":"Article","@id":"https:\/\/www.museum.de\/blog\/kulturhauptstaedte-europas-2020-rijeka-kroatien-und-galway-irland\/#article","isPartOf":{"@id":"https:\/\/www.museum.de\/blog\/kulturhauptstaedte-europas-2020-rijeka-kroatien-und-galway-irland\/"},"author":{"name":"Redaktion","@id":"https:\/\/www.museum.de\/blog\/#\/schema\/person\/c09a0aea9ac127965257ff6115957332"},"headline":"Kulturhauptst\u00e4dte Europas 2020 \u2013 Rijeka (Kroatien) und Galway (Irland)","datePublished":"2019-11-04T10:15:17+00:00","dateModified":"2020-02-11T19:47:24+00:00","mainEntityOfPage":{"@id":"https:\/\/www.museum.de\/blog\/kulturhauptstaedte-europas-2020-rijeka-kroatien-und-galway-irland\/"},"wordCount":137,"publisher":{"@id":"https:\/\/www.museum.de\/blog\/#organization"},"image":{"@id":"https:\/\/www.museum.de\/blog\/kulturhauptstaedte-europas-2020-rijeka-kroatien-und-galway-irland\/#primaryimage"},"thumbnailUrl":"https:\/\/www.museum.de\/blog\/wp-content\/uploads\/2019\/11\/flag_yellow_high.jpg","keywords":["Kulturhauptst\u00e4dte Europas","Museen","Museumstipps"],"articleSection":["Museumswelt"],"inLanguage":"de"},{"@type":"WebPage","@id":"https:\/\/www.museum.de\/blog\/kulturhauptstaedte-europas-2020-rijeka-kroatien-und-galway-irland\/","url":"https:\/\/www.museum.de\/blog\/kulturhauptstaedte-europas-2020-rijeka-kroatien-und-galway-irland\/","name":"Kulturhauptst\u00e4dte Europas 2020 \u2013 Rijeka (Kroatien) und Galway (Irland) - Der Museumsblog","isPartOf":{"@id":"https:\/\/www.museum.de\/blog\/#website"},"primaryImageOfPage":{"@id":"https:\/\/www.museum.de\/blog\/kulturhauptstaedte-europas-2020-rijeka-kroatien-und-galway-irland\/#primaryimage"},"image":{"@id":"https:\/\/www.museum.de\/blog\/kulturhauptstaedte-europas-2020-rijeka-kroatien-und-galway-irland\/#primaryimage"},"thumbnailUrl":"https:\/\/www.museum.de\/blog\/wp-content\/uploads\/2019\/11\/flag_yellow_high.jpg","datePublished":"2019-11-04T10:15:17+00:00","dateModified":"2020-02-11T19:47:24+00:00","breadcrumb":{"@id":"https:\/\/www.museum.de\/blog\/kulturhauptstaedte-europas-2020-rijeka-kroatien-und-galway-irland\/#breadcrumb"},"inLanguage":"de","potentialAction":[{"@type":"ReadAction","target":["https:\/\/www.museum.de\/blog\/kulturhauptstaedte-europas-2020-rijeka-kroatien-und-galway-irland\/"]}]},{"@type":"ImageObject","inLanguage":"de","@id":"https:\/\/www.museum.de\/blog\/kulturhauptstaedte-europas-2020-rijeka-kroatien-und-galway-irland\/#primaryimage","url":"https:\/\/www.museum.de\/blog\/wp-content\/uploads\/2019\/11\/flag_yellow_high.jpg","contentUrl":"https:\/\/www.museum.de\/blog\/wp-content\/uploads\/2019\/11\/flag_yellow_high.jpg","width":1024,"height":683},{"@type":"BreadcrumbList","@id":"https:\/\/www.museum.de\/blog\/kulturhauptstaedte-europas-2020-rijeka-kroatien-und-galway-irland\/#breadcrumb","itemListElement":[{"@type":"ListItem","position":1,"name":"Startseite","item":"https:\/\/www.museum.de\/blog\/"},{"@type":"ListItem","position":2,"name":"Kulturhauptst\u00e4dte Europas 2020 \u2013 Rijeka (Kroatien) und Galway (Irland)"}]},{"@type":"WebSite","@id":"https:\/\/www.museum.de\/blog\/#website","url":"https:\/\/www.museum.de\/blog\/","name":"Der Museumsblog","description":"Der Blog","publisher":{"@id":"https:\/\/www.museum.de\/blog\/#organization"},"alternateName":"museum.de - Der Museumsblog","potentialAction":[{"@type":"SearchAction","target":{"@type":"EntryPoint","urlTemplate":"https:\/\/www.museum.de\/blog\/?s={search_term_string}"},"query-input":{"@type":"PropertyValueSpecification","valueRequired":true,"valueName":"search_term_string"}}],"inLanguage":"de"},{"@type":"Organization","@id":"https:\/\/www.museum.de\/blog\/#organization","name":"Der Museumsblog","url":"https:\/\/www.museum.de\/blog\/","logo":{"@type":"ImageObject","inLanguage":"de","@id":"https:\/\/www.museum.de\/blog\/#\/schema\/logo\/image\/","url":"https:\/\/www.museum.de\/blog\/wp-content\/uploads\/2019\/03\/cropped-Audioguide_Titelseite-1.jpg","contentUrl":"https:\/\/www.museum.de\/blog\/wp-content\/uploads\/2019\/03\/cropped-Audioguide_Titelseite-1.jpg","width":512,"height":512,"caption":"Der Museumsblog"},"image":{"@id":"https:\/\/www.museum.de\/blog\/#\/schema\/logo\/image\/"}},{"@type":"Person","@id":"https:\/\/www.museum.de\/blog\/#\/schema\/person\/c09a0aea9ac127965257ff6115957332","name":"Redaktion","description":"Das Redaktionsteam von museum.de","url":"https:\/\/www.museum.de\/blog\/author\/msupervisor\/"}]}},"_links":{"self":[{"href":"https:\/\/www.museum.de\/blog\/wp-json\/wp\/v2\/posts\/894","targetHints":{"allow":["GET"]}}],"collection":[{"href":"https:\/\/www.museum.de\/blog\/wp-json\/wp\/v2\/posts"}],"about":[{"href":"https:\/\/www.museum.de\/blog\/wp-json\/wp\/v2\/types\/post"}],"author":[{"embeddable":true,"href":"https:\/\/www.museum.de\/blog\/wp-json\/wp\/v2\/users\/1"}],"replies":[{"embeddable":true,"href":"https:\/\/www.museum.de\/blog\/wp-json\/wp\/v2\/comments?post=894"}],"version-history":[{"count":3,"href":"https:\/\/www.museum.de\/blog\/wp-json\/wp\/v2\/posts\/894\/revisions"}],"predecessor-version":[{"id":1005,"href":"https:\/\/www.museum.de\/blog\/wp-json\/wp\/v2\/posts\/894\/revisions\/1005"}],"wp:featuredmedia":[{"embeddable":true,"href":"https:\/\/www.museum.de\/blog\/wp-json\/wp\/v2\/media\/896"}],"wp:attachment":[{"href":"https:\/\/www.museum.de\/blog\/wp-json\/wp\/v2\/media?parent=894"}],"wp:term":[{"taxonomy":"category","embeddable":true,"href":"https:\/\/www.museum.de\/blog\/wp-json\/wp\/v2\/categories?post=894"},{"taxonomy":"post_tag","embeddable":true,"href":"https:\/\/www.museum.de\/blog\/wp-json\/wp\/v2\/tags?post=894"}],"curies":[{"name":"wp","href":"https:\/\/api.w.org\/{rel}","templated":true}]}}